{"id":1891,"date":"2020-05-24T09:33:49","date_gmt":"2020-05-24T07:33:49","guid":{"rendered":"http:\/\/covincennes.net\/?p=1891"},"modified":"2020-09-19T22:12:14","modified_gmt":"2020-09-19T20:12:14","slug":"plus-de-250-enfants-aux-stages-dete-du-cov","status":"publish","type":"post","link":"https:\/\/covincennes.com\/index.php\/2020\/05\/24\/plus-de-250-enfants-aux-stages-dete-du-cov\/","title":{"rendered":"Plus de 250 enfants aux stages d&rsquo;\u00e9t\u00e9 du COV !"},"content":{"rendered":"<p>Fin avril, nous vous avions annonc\u00e9 notre intention d\u2019organiser des\u00a0stages pendant l\u2019\u00e9t\u00e9. L\u2019id\u00e9e \u00e9tait de les\u00a0r\u00e9server \u00e0 nos petits de l\u2019\u00c9cole de Foot et de les proposer\u00a0gratuitement en compensation des semaines sans football au\u00a0deuxi\u00e8me trimestre 2020.<\/p>\n<p>Cette initiative a \u00e9t\u00e9 tr\u00e8s bien accueillie, puisque, de fin juin \u00e0 mi-juillet et pendant la derni\u00e8re quinzaine d&rsquo;ao\u00fbt, nous aurons accueilli plus de 250 stagiaires ! Et comme nous le permettions, certains enfants seront venus deux semaines, certains davantage encore.<\/p>\n<p>Le sourire de ces petits footballeurs, tellement heureux de retrouver les terrains, ont fait et font encore plaisir \u00e0 voir. M\u00eame si les contraintes sanitaires ne permettent pas aux parents de les regarder, le bonheur de leurs enfants ne fait aucun doute.<\/p>\n<p>Merci \u00e0 nos \u00e9ducateurs et \u00e0 nos dirigeantes, charg\u00e9es de veiller pr\u00e9cis\u00e9ment \u00e0 la s\u00e9curit\u00e9 sanitaire, d&rsquo;avoir sacrifi\u00e9 leurs vacances pour permettre que ces stages soient organis\u00e9s.<\/p>\n","protected":false},"excerpt":{"rendered":"<p>Fin avril, nous vous avions annonc\u00e9 notre intention d\u2019organiser des\u00a0stages pendant l\u2019\u00e9t\u00e9. L\u2019id\u00e9e \u00e9tait de les\u00a0r\u00e9server \u00e0 nos petits de l\u2019\u00c9cole de Foot et de les proposer\u00a0gratuitement en compensation des semaines sans football au\u00a0deuxi\u00e8me trimestre 2020. Cette initiative a \u00e9t\u00e9 tr\u00e8s bien accueillie, puisque, de fin juin \u00e0 mi-juillet et pendant la derni\u00e8re quinzaine d&rsquo;ao\u00fbt, [&hellip;]<\/p>\n","protected":false},"author":1,"featured_media":2346,"comment_status":"open","ping_status":"open","sticky":false,"template":"","format":"standard","meta":{"_monsterinsights_skip_tracking":false,"_monsterinsights_sitenote_active":false,"_monsterinsights_sitenote_note":"","_monsterinsights_sitenote_category":0,"footnotes":""},"categories":[1],"tags":[],"class_list":["post-1891","post","type-post","status-publish","format-standard","has-post-thumbnail","hentry","category-non-classe","entry","has-media"],"yoast_head":"<!-- This site is optimized with the Yoast SEO plugin v19.6.1 - https:\/\/yoast.com\/wordpress\/plugins\/seo\/ -->\n<title>Plus de 250 enfants aux stages d&#039;\u00e9t\u00e9 du COV ! - CO Vincennes<\/title>\n<meta name=\"description\" content=\"Les stages gratuits d&#039;\u00e9t\u00e9, organis\u00e9s pour compenser les semaines d&#039;inactivit\u00e9 au deuxi\u00e8me trimestre, ont \u00e9t\u00e9 un vrai triomphe !\" \/>\n<meta name=\"robots\" content=\"index, follow, max-snippet:-1, max-image-preview:large, max-video-preview:-1\" \/>\n<link rel=\"canonical\" href=\"https:\/\/covincennes.com\/index.php\/2020\/05\/24\/plus-de-250-enfants-aux-stages-dete-du-cov\/\" \/>\n<meta property=\"og:locale\" content=\"fr_FR\" \/>\n<meta property=\"og:type\" content=\"article\" \/>\n<meta property=\"og:title\" content=\"Plus de 250 enfants aux stages d&#039;\u00e9t\u00e9 du COV ! - CO Vincennes\" \/>\n<meta property=\"og:description\" content=\"Les stages gratuits d&#039;\u00e9t\u00e9, organis\u00e9s pour compenser les semaines d&#039;inactivit\u00e9 au deuxi\u00e8me trimestre, ont \u00e9t\u00e9 un vrai triomphe !\" \/>\n<meta property=\"og:url\" content=\"https:\/\/covincennes.com\/index.php\/2020\/05\/24\/plus-de-250-enfants-aux-stages-dete-du-cov\/\" \/>\n<meta property=\"og:site_name\" content=\"CO Vincennes\" \/>\n<meta property=\"article:publisher\" content=\"https:\/\/www.facebook.com\/CO-VINCENNES-la-page-officielle-136021893155921\/\" \/>\n<meta property=\"article:published_time\" content=\"2020-05-24T07:33:49+00:00\" \/>\n<meta property=\"article:modified_time\" content=\"2020-09-19T20:12:14+00:00\" \/>\n<meta property=\"og:image\" content=\"https:\/\/covincennes.com\/wp-content\/uploads\/2020\/05\/imagecov.jpg\" \/>\n\t<meta property=\"og:image:width\" content=\"740\" \/>\n\t<meta property=\"og:image:height\" content=\"410\" \/>\n\t<meta property=\"og:image:type\" content=\"image\/jpeg\" \/>\n<meta name=\"author\" content=\"Maxime Lenormand\" \/>\n<meta name=\"twitter:card\" content=\"summary_large_image\" \/>\n<meta name=\"twitter:creator\" content=\"@covincennes\" \/>\n<meta name=\"twitter:site\" content=\"@covincennes\" \/>\n<meta name=\"twitter:label1\" content=\"\u00c9crit par\" \/>\n\t<meta name=\"twitter:data1\" content=\"Maxime Lenormand\" \/>\n\t<meta name=\"twitter:label2\" content=\"Dur\u00e9e de lecture estim\u00e9e\" \/>\n\t<meta name=\"twitter:data2\" content=\"1 minute\" \/>\n<script type=\"application\/ld+json\" class=\"yoast-schema-graph\">{\"@context\":\"https:\/\/schema.org\",\"@graph\":[{\"@type\":\"Article\",\"@id\":\"https:\/\/covincennes.com\/index.php\/2020\/05\/24\/plus-de-250-enfants-aux-stages-dete-du-cov\/#article\",\"isPartOf\":{\"@id\":\"https:\/\/covincennes.com\/index.php\/2020\/05\/24\/plus-de-250-enfants-aux-stages-dete-du-cov\/\"},\"author\":{\"name\":\"Maxime Lenormand\",\"@id\":\"https:\/\/covincennes.com\/#\/schema\/person\/064e0491e333da86cac23ce61cddf8e1\"},\"headline\":\"Plus de 250 enfants aux stages d&rsquo;\u00e9t\u00e9 du COV !\",\"datePublished\":\"2020-05-24T07:33:49+00:00\",\"dateModified\":\"2020-09-19T20:12:14+00:00\",\"mainEntityOfPage\":{\"@id\":\"https:\/\/covincennes.com\/index.php\/2020\/05\/24\/plus-de-250-enfants-aux-stages-dete-du-cov\/\"},\"wordCount\":166,\"commentCount\":0,\"publisher\":{\"@id\":\"https:\/\/covincennes.com\/#organization\"},\"inLanguage\":\"fr-FR\",\"potentialAction\":[{\"@type\":\"CommentAction\",\"name\":\"Comment\",\"target\":[\"https:\/\/covincennes.com\/index.php\/2020\/05\/24\/plus-de-250-enfants-aux-stages-dete-du-cov\/#respond\"]}]},{\"@type\":\"WebPage\",\"@id\":\"https:\/\/covincennes.com\/index.php\/2020\/05\/24\/plus-de-250-enfants-aux-stages-dete-du-cov\/\",\"url\":\"https:\/\/covincennes.com\/index.php\/2020\/05\/24\/plus-de-250-enfants-aux-stages-dete-du-cov\/\",\"name\":\"Plus de 250 enfants aux stages d'\u00e9t\u00e9 du COV ! - CO Vincennes\",\"isPartOf\":{\"@id\":\"https:\/\/covincennes.com\/#website\"},\"datePublished\":\"2020-05-24T07:33:49+00:00\",\"dateModified\":\"2020-09-19T20:12:14+00:00\",\"description\":\"Les stages gratuits d'\u00e9t\u00e9, organis\u00e9s pour compenser les semaines d'inactivit\u00e9 au deuxi\u00e8me trimestre, ont \u00e9t\u00e9 un vrai triomphe !\",\"breadcrumb\":{\"@id\":\"https:\/\/covincennes.com\/index.php\/2020\/05\/24\/plus-de-250-enfants-aux-stages-dete-du-cov\/#breadcrumb\"},\"inLanguage\":\"fr-FR\",\"potentialAction\":[{\"@type\":\"ReadAction\",\"target\":[\"https:\/\/covincennes.com\/index.php\/2020\/05\/24\/plus-de-250-enfants-aux-stages-dete-du-cov\/\"]}]},{\"@type\":\"BreadcrumbList\",\"@id\":\"https:\/\/covincennes.com\/index.php\/2020\/05\/24\/plus-de-250-enfants-aux-stages-dete-du-cov\/#breadcrumb\",\"itemListElement\":[{\"@type\":\"ListItem\",\"position\":1,\"name\":\"Accueil\",\"item\":\"https:\/\/covincennes.com\/\"},{\"@type\":\"ListItem\",\"position\":2,\"name\":\"Plus de 250 enfants aux stages d&rsquo;\u00e9t\u00e9 du COV !\"}]},{\"@type\":\"WebSite\",\"@id\":\"https:\/\/covincennes.com\/#website\",\"url\":\"https:\/\/covincennes.com\/\",\"name\":\"CO Vincennes\",\"description\":\"Un site utilisant WordPress\",\"publisher\":{\"@id\":\"https:\/\/covincennes.com\/#organization\"},\"potentialAction\":[{\"@type\":\"SearchAction\",\"target\":{\"@type\":\"EntryPoint\",\"urlTemplate\":\"https:\/\/covincennes.com\/?s={search_term_string}\"},\"query-input\":\"required name=search_term_string\"}],\"inLanguage\":\"fr-FR\"},{\"@type\":\"Organization\",\"@id\":\"https:\/\/covincennes.com\/#organization\",\"name\":\"CO Vincennes\",\"url\":\"https:\/\/covincennes.com\/\",\"sameAs\":[\"https:\/\/www.facebook.com\/CO-VINCENNES-la-page-officielle-136021893155921\/\",\"https:\/\/twitter.com\/covincennes\"],\"logo\":{\"@type\":\"ImageObject\",\"inLanguage\":\"fr-FR\",\"@id\":\"https:\/\/covincennes.com\/#\/schema\/logo\/image\/\",\"url\":\"https:\/\/covincennes.com\/wp-content\/uploads\/2019\/11\/logo-cov-png.png\",\"contentUrl\":\"https:\/\/covincennes.com\/wp-content\/uploads\/2019\/11\/logo-cov-png.png\",\"width\":495,\"height\":497,\"caption\":\"CO Vincennes\"},\"image\":{\"@id\":\"https:\/\/covincennes.com\/#\/schema\/logo\/image\/\"}},{\"@type\":\"Person\",\"@id\":\"https:\/\/covincennes.com\/#\/schema\/person\/064e0491e333da86cac23ce61cddf8e1\",\"name\":\"Maxime Lenormand\",\"image\":{\"@type\":\"ImageObject\",\"inLanguage\":\"fr-FR\",\"@id\":\"https:\/\/covincennes.com\/#\/schema\/person\/image\/\",\"url\":\"https:\/\/secure.gravatar.com\/avatar\/e1f3591b9d85064f8559a6354d9864a019fc31bb45bd77e84fe6d3fcaea4c2f5?s=96&d=mm&r=g\",\"contentUrl\":\"https:\/\/secure.gravatar.com\/avatar\/e1f3591b9d85064f8559a6354d9864a019fc31bb45bd77e84fe6d3fcaea4c2f5?s=96&d=mm&r=g\",\"caption\":\"Maxime Lenormand\"},\"url\":\"https:\/\/covincennes.com\/index.php\/author\/admin9842\/\"}]}<\/script>\n<!-- \/ Yoast SEO plugin. -->","yoast_head_json":{"title":"Plus de 250 enfants aux stages d'\u00e9t\u00e9 du COV ! - CO Vincennes","description":"Les stages gratuits d'\u00e9t\u00e9, organis\u00e9s pour compenser les semaines d'inactivit\u00e9 au deuxi\u00e8me trimestre, ont \u00e9t\u00e9 un vrai triomphe !","robots":{"index":"index","follow":"follow","max-snippet":"max-snippet:-1","max-image-preview":"max-image-preview:large","max-video-preview":"max-video-preview:-1"},"canonical":"https:\/\/covincennes.com\/index.php\/2020\/05\/24\/plus-de-250-enfants-aux-stages-dete-du-cov\/","og_locale":"fr_FR","og_type":"article","og_title":"Plus de 250 enfants aux stages d'\u00e9t\u00e9 du COV ! - CO Vincennes","og_description":"Les stages gratuits d'\u00e9t\u00e9, organis\u00e9s pour compenser les semaines d'inactivit\u00e9 au deuxi\u00e8me trimestre, ont \u00e9t\u00e9 un vrai triomphe !","og_url":"https:\/\/covincennes.com\/index.php\/2020\/05\/24\/plus-de-250-enfants-aux-stages-dete-du-cov\/","og_site_name":"CO Vincennes","article_publisher":"https:\/\/www.facebook.com\/CO-VINCENNES-la-page-officielle-136021893155921\/","article_published_time":"2020-05-24T07:33:49+00:00","article_modified_time":"2020-09-19T20:12:14+00:00","og_image":[{"width":740,"height":410,"url":"https:\/\/covincennes.com\/wp-content\/uploads\/2020\/05\/imagecov.jpg","type":"image\/jpeg"}],"author":"Maxime Lenormand","twitter_card":"summary_large_image","twitter_creator":"@covincennes","twitter_site":"@covincennes","twitter_misc":{"\u00c9crit par":"Maxime Lenormand","Dur\u00e9e de lecture estim\u00e9e":"1 minute"},"schema":{"@context":"https:\/\/schema.org","@graph":[{"@type":"Article","@id":"https:\/\/covincennes.com\/index.php\/2020\/05\/24\/plus-de-250-enfants-aux-stages-dete-du-cov\/#article","isPartOf":{"@id":"https:\/\/covincennes.com\/index.php\/2020\/05\/24\/plus-de-250-enfants-aux-stages-dete-du-cov\/"},"author":{"name":"Maxime Lenormand","@id":"https:\/\/covincennes.com\/#\/schema\/person\/064e0491e333da86cac23ce61cddf8e1"},"headline":"Plus de 250 enfants aux stages d&rsquo;\u00e9t\u00e9 du COV !","datePublished":"2020-05-24T07:33:49+00:00","dateModified":"2020-09-19T20:12:14+00:00","mainEntityOfPage":{"@id":"https:\/\/covincennes.com\/index.php\/2020\/05\/24\/plus-de-250-enfants-aux-stages-dete-du-cov\/"},"wordCount":166,"commentCount":0,"publisher":{"@id":"https:\/\/covincennes.com\/#organization"},"inLanguage":"fr-FR","potentialAction":[{"@type":"CommentAction","name":"Comment","target":["https:\/\/covincennes.com\/index.php\/2020\/05\/24\/plus-de-250-enfants-aux-stages-dete-du-cov\/#respond"]}]},{"@type":"WebPage","@id":"https:\/\/covincennes.com\/index.php\/2020\/05\/24\/plus-de-250-enfants-aux-stages-dete-du-cov\/","url":"https:\/\/covincennes.com\/index.php\/2020\/05\/24\/plus-de-250-enfants-aux-stages-dete-du-cov\/","name":"Plus de 250 enfants aux stages d'\u00e9t\u00e9 du COV ! - CO Vincennes","isPartOf":{"@id":"https:\/\/covincennes.com\/#website"},"datePublished":"2020-05-24T07:33:49+00:00","dateModified":"2020-09-19T20:12:14+00:00","description":"Les stages gratuits d'\u00e9t\u00e9, organis\u00e9s pour compenser les semaines d'inactivit\u00e9 au deuxi\u00e8me trimestre, ont \u00e9t\u00e9 un vrai triomphe !","breadcrumb":{"@id":"https:\/\/covincennes.com\/index.php\/2020\/05\/24\/plus-de-250-enfants-aux-stages-dete-du-cov\/#breadcrumb"},"inLanguage":"fr-FR","potentialAction":[{"@type":"ReadAction","target":["https:\/\/covincennes.com\/index.php\/2020\/05\/24\/plus-de-250-enfants-aux-stages-dete-du-cov\/"]}]},{"@type":"BreadcrumbList","@id":"https:\/\/covincennes.com\/index.php\/2020\/05\/24\/plus-de-250-enfants-aux-stages-dete-du-cov\/#breadcrumb","itemListElement":[{"@type":"ListItem","position":1,"name":"Accueil","item":"https:\/\/covincennes.com\/"},{"@type":"ListItem","position":2,"name":"Plus de 250 enfants aux stages d&rsquo;\u00e9t\u00e9 du COV !"}]},{"@type":"WebSite","@id":"https:\/\/covincennes.com\/#website","url":"https:\/\/covincennes.com\/","name":"CO Vincennes","description":"Un site utilisant WordPress","publisher":{"@id":"https:\/\/covincennes.com\/#organization"},"potentialAction":[{"@type":"SearchAction","target":{"@type":"EntryPoint","urlTemplate":"https:\/\/covincennes.com\/?s={search_term_string}"},"query-input":"required name=search_term_string"}],"inLanguage":"fr-FR"},{"@type":"Organization","@id":"https:\/\/covincennes.com\/#organization","name":"CO Vincennes","url":"https:\/\/covincennes.com\/","sameAs":["https:\/\/www.facebook.com\/CO-VINCENNES-la-page-officielle-136021893155921\/","https:\/\/twitter.com\/covincennes"],"logo":{"@type":"ImageObject","inLanguage":"fr-FR","@id":"https:\/\/covincennes.com\/#\/schema\/logo\/image\/","url":"https:\/\/covincennes.com\/wp-content\/uploads\/2019\/11\/logo-cov-png.png","contentUrl":"https:\/\/covincennes.com\/wp-content\/uploads\/2019\/11\/logo-cov-png.png","width":495,"height":497,"caption":"CO Vincennes"},"image":{"@id":"https:\/\/covincennes.com\/#\/schema\/logo\/image\/"}},{"@type":"Person","@id":"https:\/\/covincennes.com\/#\/schema\/person\/064e0491e333da86cac23ce61cddf8e1","name":"Maxime Lenormand","image":{"@type":"ImageObject","inLanguage":"fr-FR","@id":"https:\/\/covincennes.com\/#\/schema\/person\/image\/","url":"https:\/\/secure.gravatar.com\/avatar\/e1f3591b9d85064f8559a6354d9864a019fc31bb45bd77e84fe6d3fcaea4c2f5?s=96&d=mm&r=g","contentUrl":"https:\/\/secure.gravatar.com\/avatar\/e1f3591b9d85064f8559a6354d9864a019fc31bb45bd77e84fe6d3fcaea4c2f5?s=96&d=mm&r=g","caption":"Maxime Lenormand"},"url":"https:\/\/covincennes.com\/index.php\/author\/admin9842\/"}]}},"_links":{"self":[{"href":"https:\/\/covincennes.com\/index.php\/wp-json\/wp\/v2\/posts\/1891","targetHints":{"allow":["GET"]}}],"collection":[{"href":"https:\/\/covincennes.com\/index.php\/wp-json\/wp\/v2\/posts"}],"about":[{"href":"https:\/\/covincennes.com\/index.php\/wp-json\/wp\/v2\/types\/post"}],"author":[{"embeddable":true,"href":"https:\/\/covincennes.com\/index.php\/wp-json\/wp\/v2\/users\/1"}],"replies":[{"embeddable":true,"href":"https:\/\/covincennes.com\/index.php\/wp-json\/wp\/v2\/comments?post=1891"}],"version-history":[{"count":9,"href":"https:\/\/covincennes.com\/index.php\/wp-json\/wp\/v2\/posts\/1891\/revisions"}],"predecessor-version":[{"id":2285,"href":"https:\/\/covincennes.com\/index.php\/wp-json\/wp\/v2\/posts\/1891\/revisions\/2285"}],"wp:featuredmedia":[{"embeddable":true,"href":"https:\/\/covincennes.com\/index.php\/wp-json\/wp\/v2\/media\/2346"}],"wp:attachment":[{"href":"https:\/\/covincennes.com\/index.php\/wp-json\/wp\/v2\/media?parent=1891"}],"wp:term":[{"taxonomy":"category","embeddable":true,"href":"https:\/\/covincennes.com\/index.php\/wp-json\/wp\/v2\/categories?post=1891"},{"taxonomy":"post_tag","embeddable":true,"href":"https:\/\/covincennes.com\/index.php\/wp-json\/wp\/v2\/tags?post=1891"}],"curies":[{"name":"wp","href":"https:\/\/api.w.org\/{rel}","templated":true}]}}