{"id":1902,"date":"2020-05-21T10:49:20","date_gmt":"2020-05-21T08:49:20","guid":{"rendered":"http:\/\/covincennes.net\/?p=1902"},"modified":"2020-06-21T00:00:04","modified_gmt":"2020-06-20T22:00:04","slug":"le-bout-du-tunnel","status":"publish","type":"post","link":"https:\/\/covincennes.com\/index.php\/2020\/05\/21\/le-bout-du-tunnel\/","title":{"rendered":"Le bout du tunnel"},"content":{"rendered":"<p>Ch\u00e8res licenci\u00e9es, Chers licenci\u00e9s, Chers Parents, Chers Amis du COV,<\/p>\n<p>J\u2019esp\u00e8re que ce nouveau message vous trouvera en pleine sant\u00e9, vous et vos proches. Je sais\u00a0maintenant que, malheureusement, la grande famille du COV n\u2019a pas \u00e9t\u00e9 \u00e9pargn\u00e9e par la\u00a0Covid-19 et je renouvelle ici aux familles \u00e9prouv\u00e9es mes salutations solidaires et\u00a0chaleureuses.<\/p>\n<p>Cela fait bient\u00f4t onze semaines que la pand\u00e9mie nous s\u00e9pare. Le d\u00e9confinement progressif,\u00a0entam\u00e9 le 11 mai, ne concerne pas encore le football de comp\u00e9tition, m\u00eame si nombre\u00a0d\u2019inconscients, ici et l\u00e0, ont brav\u00e9 les interdictions et escalad\u00e9 les grilles des stades pour\u00a0organiser des matches et m\u00eame des tournois clandestins.\u00a0Le mod\u00e8le professionnel n\u2019est certes pas applicable au monde amateur, mais l\u2019annonce du\u00a0d\u00e9marrage des saisons de L1 et de L2, fin d\u2019ao\u00fbt, donne un peu d\u2019esp\u00e9rance de voir nos\u00a0championnats leur embo\u00eeter le\u00a0pas en septembre.<\/p>\n<p>Si rien n\u2019est s\u00fbr, nous avons toutefois quelques raisons de penser que la route de notre\u00a0stade va bient\u00f4t rouvrir. Le Minist\u00e8re des Sports a post\u00e9 lundi sur son site, en catimini \u2013\u00a0bonne chance pour les trouver \u2013 des fiches indiquant dans quelles conditions on peut jouer\u00a0au ballon\u00a0; n\u2019appelons pas encore \u00e7a du football. Il y est pr\u00e9cis\u00e9 que les autorit\u00e9s locales\u00a0d\u00e9tiennent le pouvoir final de donner ou pas le feu vert. Cette pratique dans des conditions\u00a0extr\u00eamement contraignantes n\u00e9cessitent une organisation pointue avec une fin de validit\u00e9\u00a0dimanche\u00a0! La mettre en place pour quelques jours n\u2019aurait aucun sens. Le Gouvernement\u00a0communiquera en effet lundi les nouvelles mesures sanitaires \u00e0 appliquer dans tous les\u00a0domaines, dont le sport et dont le football.<\/p>\n<p>Ni nous ni la Ville de Vincennes ne connaissons ces futures r\u00e8gles, nous ignorons si elles\u00a0marqueront une nouvelle avanc\u00e9e ou un recul. Nous \u00e9changerons de nouveau lundi avec la\u00a0Direction des Sports et les \u00e9lus, et, si c\u2019est possible, esp\u00e9rons mettre en place des\u00a0entra\u00eenements formule d\u00e9confinement d\u00e8s le lendemain.\u00a0N\u2019\u00e9coutez pas les rumeurs, en particulier sur une date de reprise des comp\u00e9titions \u00e9manant\u00a0de personnes soi-disant bien inform\u00e9es, qui connaissent \u00ab\u00a0la cousine de la voisine de\u00a0quelqu\u2019un qui travaille avec le mari d\u2019une femme qui bosse \u00e0 la Ligue\u00a0\u00bb, nous vous\u00a0promettons de vous donner les vraies infos d\u00e8s que nous les aurons.<\/p>\n<p>Gardez espoir et optimisme, le bout du tunnel n\u2019est plus tr\u00e8s loin\u00a0!<\/p>\n<p>Fr\u00e9d\u00e9ric CHEVIT<br \/>\nPr\u00e9sident du CO Vincennes<\/p>\n","protected":false},"excerpt":{"rendered":"<p>Ch\u00e8res licenci\u00e9es, Chers licenci\u00e9s, Chers Parents, Chers Amis du COV, J\u2019esp\u00e8re que ce nouveau message vous trouvera en pleine sant\u00e9, vous et vos proches. Je sais\u00a0maintenant que, malheureusement, la grande famille du COV n\u2019a pas \u00e9t\u00e9 \u00e9pargn\u00e9e par la\u00a0Covid-19 et je renouvelle ici aux familles \u00e9prouv\u00e9es mes salutations solidaires et\u00a0chaleureuses. Cela fait bient\u00f4t onze semaines [&hellip;]<\/p>\n","protected":false},"author":2,"featured_media":1905,"comment_status":"open","ping_status":"open","sticky":false,"template":"","format":"standard","meta":{"_monsterinsights_skip_tracking":false,"_monsterinsights_sitenote_active":false,"_monsterinsights_sitenote_note":"","_monsterinsights_sitenote_category":0,"footnotes":""},"categories":[1],"tags":[],"class_list":["post-1902","post","type-post","status-publish","format-standard","has-post-thumbnail","hentry","category-non-classe","entry","has-media"],"yoast_head":"<!-- This site is optimized with the Yoast SEO plugin v19.6.1 - https:\/\/yoast.com\/wordpress\/plugins\/seo\/ -->\n<title>Le bout du tunnel - CO Vincennes<\/title>\n<meta name=\"robots\" content=\"index, follow, max-snippet:-1, max-image-preview:large, max-video-preview:-1\" \/>\n<link rel=\"canonical\" href=\"https:\/\/covincennes.com\/index.php\/2020\/05\/21\/le-bout-du-tunnel\/\" \/>\n<meta property=\"og:locale\" content=\"fr_FR\" \/>\n<meta property=\"og:type\" content=\"article\" \/>\n<meta property=\"og:title\" content=\"Le bout du tunnel - CO Vincennes\" \/>\n<meta property=\"og:description\" content=\"Ch\u00e8res licenci\u00e9es, Chers licenci\u00e9s, Chers Parents, Chers Amis du COV, J\u2019esp\u00e8re que ce nouveau message vous trouvera en pleine sant\u00e9, vous et vos proches. Je sais\u00a0maintenant que, malheureusement, la grande famille du COV n\u2019a pas \u00e9t\u00e9 \u00e9pargn\u00e9e par la\u00a0Covid-19 et je renouvelle ici aux familles \u00e9prouv\u00e9es mes salutations solidaires et\u00a0chaleureuses. Cela fait bient\u00f4t onze semaines [&hellip;]\" \/>\n<meta property=\"og:url\" content=\"https:\/\/covincennes.com\/index.php\/2020\/05\/21\/le-bout-du-tunnel\/\" \/>\n<meta property=\"og:site_name\" content=\"CO Vincennes\" \/>\n<meta property=\"article:publisher\" content=\"https:\/\/www.facebook.com\/CO-VINCENNES-la-page-officielle-136021893155921\/\" \/>\n<meta property=\"article:published_time\" content=\"2020-05-21T08:49:20+00:00\" \/>\n<meta property=\"article:modified_time\" content=\"2020-06-20T22:00:04+00:00\" \/>\n<meta property=\"og:image\" content=\"https:\/\/covincennes.com\/wp-content\/uploads\/2020\/05\/stade.jpg\" \/>\n\t<meta property=\"og:image:width\" content=\"750\" \/>\n\t<meta property=\"og:image:height\" content=\"410\" \/>\n\t<meta property=\"og:image:type\" content=\"image\/jpeg\" \/>\n<meta name=\"author\" content=\"Cole Hibry\" \/>\n<meta name=\"twitter:card\" content=\"summary_large_image\" \/>\n<meta name=\"twitter:creator\" content=\"@covincennes\" \/>\n<meta name=\"twitter:site\" content=\"@covincennes\" \/>\n<meta name=\"twitter:label1\" content=\"\u00c9crit par\" \/>\n\t<meta name=\"twitter:data1\" content=\"Cole Hibry\" \/>\n\t<meta name=\"twitter:label2\" content=\"Dur\u00e9e de lecture estim\u00e9e\" \/>\n\t<meta name=\"twitter:data2\" content=\"2 minutes\" \/>\n<script type=\"application\/ld+json\" class=\"yoast-schema-graph\">{\"@context\":\"https:\/\/schema.org\",\"@graph\":[{\"@type\":\"Article\",\"@id\":\"https:\/\/covincennes.com\/index.php\/2020\/05\/21\/le-bout-du-tunnel\/#article\",\"isPartOf\":{\"@id\":\"https:\/\/covincennes.com\/index.php\/2020\/05\/21\/le-bout-du-tunnel\/\"},\"author\":{\"name\":\"Cole Hibry\",\"@id\":\"https:\/\/covincennes.com\/#\/schema\/person\/eb881824360af01aa016999e439303fe\"},\"headline\":\"Le bout du tunnel\",\"datePublished\":\"2020-05-21T08:49:20+00:00\",\"dateModified\":\"2020-06-20T22:00:04+00:00\",\"mainEntityOfPage\":{\"@id\":\"https:\/\/covincennes.com\/index.php\/2020\/05\/21\/le-bout-du-tunnel\/\"},\"wordCount\":442,\"commentCount\":0,\"publisher\":{\"@id\":\"https:\/\/covincennes.com\/#organization\"},\"inLanguage\":\"fr-FR\",\"potentialAction\":[{\"@type\":\"CommentAction\",\"name\":\"Comment\",\"target\":[\"https:\/\/covincennes.com\/index.php\/2020\/05\/21\/le-bout-du-tunnel\/#respond\"]}]},{\"@type\":\"WebPage\",\"@id\":\"https:\/\/covincennes.com\/index.php\/2020\/05\/21\/le-bout-du-tunnel\/\",\"url\":\"https:\/\/covincennes.com\/index.php\/2020\/05\/21\/le-bout-du-tunnel\/\",\"name\":\"Le bout du tunnel - CO Vincennes\",\"isPartOf\":{\"@id\":\"https:\/\/covincennes.com\/#website\"},\"datePublished\":\"2020-05-21T08:49:20+00:00\",\"dateModified\":\"2020-06-20T22:00:04+00:00\",\"breadcrumb\":{\"@id\":\"https:\/\/covincennes.com\/index.php\/2020\/05\/21\/le-bout-du-tunnel\/#breadcrumb\"},\"inLanguage\":\"fr-FR\",\"potentialAction\":[{\"@type\":\"ReadAction\",\"target\":[\"https:\/\/covincennes.com\/index.php\/2020\/05\/21\/le-bout-du-tunnel\/\"]}]},{\"@type\":\"BreadcrumbList\",\"@id\":\"https:\/\/covincennes.com\/index.php\/2020\/05\/21\/le-bout-du-tunnel\/#breadcrumb\",\"itemListElement\":[{\"@type\":\"ListItem\",\"position\":1,\"name\":\"Accueil\",\"item\":\"https:\/\/covincennes.com\/\"},{\"@type\":\"ListItem\",\"position\":2,\"name\":\"Le bout du tunnel\"}]},{\"@type\":\"WebSite\",\"@id\":\"https:\/\/covincennes.com\/#website\",\"url\":\"https:\/\/covincennes.com\/\",\"name\":\"CO Vincennes\",\"description\":\"Un site utilisant WordPress\",\"publisher\":{\"@id\":\"https:\/\/covincennes.com\/#organization\"},\"potentialAction\":[{\"@type\":\"SearchAction\",\"target\":{\"@type\":\"EntryPoint\",\"urlTemplate\":\"https:\/\/covincennes.com\/?s={search_term_string}\"},\"query-input\":\"required name=search_term_string\"}],\"inLanguage\":\"fr-FR\"},{\"@type\":\"Organization\",\"@id\":\"https:\/\/covincennes.com\/#organization\",\"name\":\"CO Vincennes\",\"url\":\"https:\/\/covincennes.com\/\",\"sameAs\":[\"https:\/\/www.facebook.com\/CO-VINCENNES-la-page-officielle-136021893155921\/\",\"https:\/\/twitter.com\/covincennes\"],\"logo\":{\"@type\":\"ImageObject\",\"inLanguage\":\"fr-FR\",\"@id\":\"https:\/\/covincennes.com\/#\/schema\/logo\/image\/\",\"url\":\"https:\/\/covincennes.com\/wp-content\/uploads\/2019\/11\/logo-cov-png.png\",\"contentUrl\":\"https:\/\/covincennes.com\/wp-content\/uploads\/2019\/11\/logo-cov-png.png\",\"width\":495,\"height\":497,\"caption\":\"CO Vincennes\"},\"image\":{\"@id\":\"https:\/\/covincennes.com\/#\/schema\/logo\/image\/\"}},{\"@type\":\"Person\",\"@id\":\"https:\/\/covincennes.com\/#\/schema\/person\/eb881824360af01aa016999e439303fe\",\"name\":\"Cole Hibry\",\"image\":{\"@type\":\"ImageObject\",\"inLanguage\":\"fr-FR\",\"@id\":\"https:\/\/covincennes.com\/#\/schema\/person\/image\/\",\"url\":\"https:\/\/secure.gravatar.com\/avatar\/fdd68f914853e79675161dab52794fbe213aaa71837a3f83ab5d0669e81bb866?s=96&d=mm&r=g\",\"contentUrl\":\"https:\/\/secure.gravatar.com\/avatar\/fdd68f914853e79675161dab52794fbe213aaa71837a3f83ab5d0669e81bb866?s=96&d=mm&r=g\",\"caption\":\"Cole Hibry\"},\"url\":\"https:\/\/covincennes.com\/index.php\/author\/chevit-frederic\/\"}]}<\/script>\n<!-- \/ Yoast SEO plugin. -->","yoast_head_json":{"title":"Le bout du tunnel - CO Vincennes","robots":{"index":"index","follow":"follow","max-snippet":"max-snippet:-1","max-image-preview":"max-image-preview:large","max-video-preview":"max-video-preview:-1"},"canonical":"https:\/\/covincennes.com\/index.php\/2020\/05\/21\/le-bout-du-tunnel\/","og_locale":"fr_FR","og_type":"article","og_title":"Le bout du tunnel - CO Vincennes","og_description":"Ch\u00e8res licenci\u00e9es, Chers licenci\u00e9s, Chers Parents, Chers Amis du COV, J\u2019esp\u00e8re que ce nouveau message vous trouvera en pleine sant\u00e9, vous et vos proches. Je sais\u00a0maintenant que, malheureusement, la grande famille du COV n\u2019a pas \u00e9t\u00e9 \u00e9pargn\u00e9e par la\u00a0Covid-19 et je renouvelle ici aux familles \u00e9prouv\u00e9es mes salutations solidaires et\u00a0chaleureuses. Cela fait bient\u00f4t onze semaines [&hellip;]","og_url":"https:\/\/covincennes.com\/index.php\/2020\/05\/21\/le-bout-du-tunnel\/","og_site_name":"CO Vincennes","article_publisher":"https:\/\/www.facebook.com\/CO-VINCENNES-la-page-officielle-136021893155921\/","article_published_time":"2020-05-21T08:49:20+00:00","article_modified_time":"2020-06-20T22:00:04+00:00","og_image":[{"width":750,"height":410,"url":"https:\/\/covincennes.com\/wp-content\/uploads\/2020\/05\/stade.jpg","type":"image\/jpeg"}],"author":"Cole Hibry","twitter_card":"summary_large_image","twitter_creator":"@covincennes","twitter_site":"@covincennes","twitter_misc":{"\u00c9crit par":"Cole Hibry","Dur\u00e9e de lecture estim\u00e9e":"2 minutes"},"schema":{"@context":"https:\/\/schema.org","@graph":[{"@type":"Article","@id":"https:\/\/covincennes.com\/index.php\/2020\/05\/21\/le-bout-du-tunnel\/#article","isPartOf":{"@id":"https:\/\/covincennes.com\/index.php\/2020\/05\/21\/le-bout-du-tunnel\/"},"author":{"name":"Cole Hibry","@id":"https:\/\/covincennes.com\/#\/schema\/person\/eb881824360af01aa016999e439303fe"},"headline":"Le bout du tunnel","datePublished":"2020-05-21T08:49:20+00:00","dateModified":"2020-06-20T22:00:04+00:00","mainEntityOfPage":{"@id":"https:\/\/covincennes.com\/index.php\/2020\/05\/21\/le-bout-du-tunnel\/"},"wordCount":442,"commentCount":0,"publisher":{"@id":"https:\/\/covincennes.com\/#organization"},"inLanguage":"fr-FR","potentialAction":[{"@type":"CommentAction","name":"Comment","target":["https:\/\/covincennes.com\/index.php\/2020\/05\/21\/le-bout-du-tunnel\/#respond"]}]},{"@type":"WebPage","@id":"https:\/\/covincennes.com\/index.php\/2020\/05\/21\/le-bout-du-tunnel\/","url":"https:\/\/covincennes.com\/index.php\/2020\/05\/21\/le-bout-du-tunnel\/","name":"Le bout du tunnel - CO Vincennes","isPartOf":{"@id":"https:\/\/covincennes.com\/#website"},"datePublished":"2020-05-21T08:49:20+00:00","dateModified":"2020-06-20T22:00:04+00:00","breadcrumb":{"@id":"https:\/\/covincennes.com\/index.php\/2020\/05\/21\/le-bout-du-tunnel\/#breadcrumb"},"inLanguage":"fr-FR","potentialAction":[{"@type":"ReadAction","target":["https:\/\/covincennes.com\/index.php\/2020\/05\/21\/le-bout-du-tunnel\/"]}]},{"@type":"BreadcrumbList","@id":"https:\/\/covincennes.com\/index.php\/2020\/05\/21\/le-bout-du-tunnel\/#breadcrumb","itemListElement":[{"@type":"ListItem","position":1,"name":"Accueil","item":"https:\/\/covincennes.com\/"},{"@type":"ListItem","position":2,"name":"Le bout du tunnel"}]},{"@type":"WebSite","@id":"https:\/\/covincennes.com\/#website","url":"https:\/\/covincennes.com\/","name":"CO Vincennes","description":"Un site utilisant WordPress","publisher":{"@id":"https:\/\/covincennes.com\/#organization"},"potentialAction":[{"@type":"SearchAction","target":{"@type":"EntryPoint","urlTemplate":"https:\/\/covincennes.com\/?s={search_term_string}"},"query-input":"required name=search_term_string"}],"inLanguage":"fr-FR"},{"@type":"Organization","@id":"https:\/\/covincennes.com\/#organization","name":"CO Vincennes","url":"https:\/\/covincennes.com\/","sameAs":["https:\/\/www.facebook.com\/CO-VINCENNES-la-page-officielle-136021893155921\/","https:\/\/twitter.com\/covincennes"],"logo":{"@type":"ImageObject","inLanguage":"fr-FR","@id":"https:\/\/covincennes.com\/#\/schema\/logo\/image\/","url":"https:\/\/covincennes.com\/wp-content\/uploads\/2019\/11\/logo-cov-png.png","contentUrl":"https:\/\/covincennes.com\/wp-content\/uploads\/2019\/11\/logo-cov-png.png","width":495,"height":497,"caption":"CO Vincennes"},"image":{"@id":"https:\/\/covincennes.com\/#\/schema\/logo\/image\/"}},{"@type":"Person","@id":"https:\/\/covincennes.com\/#\/schema\/person\/eb881824360af01aa016999e439303fe","name":"Cole Hibry","image":{"@type":"ImageObject","inLanguage":"fr-FR","@id":"https:\/\/covincennes.com\/#\/schema\/person\/image\/","url":"https:\/\/secure.gravatar.com\/avatar\/fdd68f914853e79675161dab52794fbe213aaa71837a3f83ab5d0669e81bb866?s=96&d=mm&r=g","contentUrl":"https:\/\/secure.gravatar.com\/avatar\/fdd68f914853e79675161dab52794fbe213aaa71837a3f83ab5d0669e81bb866?s=96&d=mm&r=g","caption":"Cole Hibry"},"url":"https:\/\/covincennes.com\/index.php\/author\/chevit-frederic\/"}]}},"_links":{"self":[{"href":"https:\/\/covincennes.com\/index.php\/wp-json\/wp\/v2\/posts\/1902","targetHints":{"allow":["GET"]}}],"collection":[{"href":"https:\/\/covincennes.com\/index.php\/wp-json\/wp\/v2\/posts"}],"about":[{"href":"https:\/\/covincennes.com\/index.php\/wp-json\/wp\/v2\/types\/post"}],"author":[{"embeddable":true,"href":"https:\/\/covincennes.com\/index.php\/wp-json\/wp\/v2\/users\/2"}],"replies":[{"embeddable":true,"href":"https:\/\/covincennes.com\/index.php\/wp-json\/wp\/v2\/comments?post=1902"}],"version-history":[{"count":7,"href":"https:\/\/covincennes.com\/index.php\/wp-json\/wp\/v2\/posts\/1902\/revisions"}],"predecessor-version":[{"id":2143,"href":"https:\/\/covincennes.com\/index.php\/wp-json\/wp\/v2\/posts\/1902\/revisions\/2143"}],"wp:featuredmedia":[{"embeddable":true,"href":"https:\/\/covincennes.com\/index.php\/wp-json\/wp\/v2\/media\/1905"}],"wp:attachment":[{"href":"https:\/\/covincennes.com\/index.php\/wp-json\/wp\/v2\/media?parent=1902"}],"wp:term":[{"taxonomy":"category","embeddable":true,"href":"https:\/\/covincennes.com\/index.php\/wp-json\/wp\/v2\/categories?post=1902"},{"taxonomy":"post_tag","embeddable":true,"href":"https:\/\/covincennes.com\/index.php\/wp-json\/wp\/v2\/tags?post=1902"}],"curies":[{"name":"wp","href":"https:\/\/api.w.org\/{rel}","templated":true}]}}