{"id":1907,"date":"2020-05-23T11:02:46","date_gmt":"2020-05-23T09:02:46","guid":{"rendered":"http:\/\/covincennes.net\/?p=1907"},"modified":"2020-06-11T23:28:17","modified_gmt":"2020-06-11T21:28:17","slug":"william-mhadjou-nouveau-coach-des-seniors-a","status":"publish","type":"post","link":"https:\/\/covincennes.com\/index.php\/2020\/05\/23\/william-mhadjou-nouveau-coach-des-seniors-a\/","title":{"rendered":"William Mhadjou nouveau coach des S\u00e9niors A"},"content":{"rendered":"<p><strong>Apr\u00e8s le d\u00e9part de Mamadou Niamb\u00e9l\u00e9, parti du COV d\u2019un commun<\/strong>\u00a0<strong>accord avec sa Direction, le club a arr\u00eat\u00e9 la nouvelle composition de<\/strong>\u00a0<strong>son staff s\u00e9niors masculin.<\/strong><\/p>\n<p>Le coach de l\u2019\u00e9quipe A, qui a termin\u00e9 le championnat 19-20 \u00e0 la 5 \u00e8me\u00a0place en R1, sera William Mhadjou, d\u00e9j\u00e0 Directeur Technique du club,\u00a0fonction qu\u2019il conserve.<\/p>\n<p>Nouveau coach \u00e9galement pour l\u2019\u00e9quipe B, qui s\u2019est maintenue en R3\u00a0pour la premi\u00e8re saison de son histoire en Ligue. Il s\u2019agit de Salah\u00a0Zidane, jusqu\u2019alors coach des s\u00e9niors f\u00e9minines, qu\u2019il a conduites \u00e0\u00a0l\u2019accession en R3, puis au maintien \u00e0 ce niveau.<\/p>\n<p>Les deux coaches seront assist\u00e9s de trois adjoints\u00a0: Amara Djikine,\u00a0dont ce sera la douzi\u00e8me saison au COV, Ouende Soukouna et David\u00a0Mhadjou, lequel sera en charge de l\u2019entra\u00eenement des gardiens.<\/p>\n<p>Les dirigeants des s\u00e9niors resteront le fid\u00e8le Charlie Vitrich en A et les\u00a0fr\u00e8res de bancs Franck Fauchard et Fred Prudent en B.<\/p>\n","protected":false},"excerpt":{"rendered":"<p>Apr\u00e8s le d\u00e9part de Mamadou Niamb\u00e9l\u00e9, parti du COV d\u2019un commun\u00a0accord avec sa Direction, le club a arr\u00eat\u00e9 la nouvelle composition de\u00a0son staff s\u00e9niors masculin. Le coach de l\u2019\u00e9quipe A, qui a termin\u00e9 le championnat 19-20 \u00e0 la 5 \u00e8me\u00a0place en R1, sera William Mhadjou, d\u00e9j\u00e0 Directeur Technique du club,\u00a0fonction qu\u2019il conserve. Nouveau coach \u00e9galement [&hellip;]<\/p>\n","protected":false},"author":1,"featured_media":1908,"comment_status":"open","ping_status":"open","sticky":false,"template":"","format":"standard","meta":{"_monsterinsights_skip_tracking":false,"_monsterinsights_sitenote_active":false,"_monsterinsights_sitenote_note":"","_monsterinsights_sitenote_category":0,"footnotes":""},"categories":[1],"tags":[],"class_list":["post-1907","post","type-post","status-publish","format-standard","has-post-thumbnail","hentry","category-non-classe","entry","has-media"],"yoast_head":"<!-- This site is optimized with the Yoast SEO plugin v19.6.1 - https:\/\/yoast.com\/wordpress\/plugins\/seo\/ -->\n<title>William Mhadjou nouveau coach des S\u00e9niors A - CO Vincennes<\/title>\n<meta name=\"robots\" content=\"index, follow, max-snippet:-1, max-image-preview:large, max-video-preview:-1\" \/>\n<link rel=\"canonical\" href=\"https:\/\/covincennes.com\/index.php\/2020\/05\/23\/william-mhadjou-nouveau-coach-des-seniors-a\/\" \/>\n<meta property=\"og:locale\" content=\"fr_FR\" \/>\n<meta property=\"og:type\" content=\"article\" \/>\n<meta property=\"og:title\" content=\"William Mhadjou nouveau coach des S\u00e9niors A - CO Vincennes\" \/>\n<meta property=\"og:description\" content=\"Apr\u00e8s le d\u00e9part de Mamadou Niamb\u00e9l\u00e9, parti du COV d\u2019un commun\u00a0accord avec sa Direction, le club a arr\u00eat\u00e9 la nouvelle composition de\u00a0son staff s\u00e9niors masculin. Le coach de l\u2019\u00e9quipe A, qui a termin\u00e9 le championnat 19-20 \u00e0 la 5 \u00e8me\u00a0place en R1, sera William Mhadjou, d\u00e9j\u00e0 Directeur Technique du club,\u00a0fonction qu\u2019il conserve. Nouveau coach \u00e9galement [&hellip;]\" \/>\n<meta property=\"og:url\" content=\"https:\/\/covincennes.com\/index.php\/2020\/05\/23\/william-mhadjou-nouveau-coach-des-seniors-a\/\" \/>\n<meta property=\"og:site_name\" content=\"CO Vincennes\" \/>\n<meta property=\"article:publisher\" content=\"https:\/\/www.facebook.com\/CO-VINCENNES-la-page-officielle-136021893155921\/\" \/>\n<meta property=\"article:published_time\" content=\"2020-05-23T09:02:46+00:00\" \/>\n<meta property=\"article:modified_time\" content=\"2020-06-11T21:28:17+00:00\" \/>\n<meta property=\"og:image\" content=\"https:\/\/covincennes.com\/wp-content\/uploads\/2020\/05\/william.jpg\" \/>\n\t<meta property=\"og:image:width\" content=\"750\" \/>\n\t<meta property=\"og:image:height\" content=\"410\" \/>\n\t<meta property=\"og:image:type\" content=\"image\/jpeg\" \/>\n<meta name=\"author\" content=\"Maxime Lenormand\" \/>\n<meta name=\"twitter:card\" content=\"summary_large_image\" \/>\n<meta name=\"twitter:creator\" content=\"@covincennes\" \/>\n<meta name=\"twitter:site\" content=\"@covincennes\" \/>\n<meta name=\"twitter:label1\" content=\"\u00c9crit par\" \/>\n\t<meta name=\"twitter:data1\" content=\"Maxime Lenormand\" \/>\n\t<meta name=\"twitter:label2\" content=\"Dur\u00e9e de lecture estim\u00e9e\" \/>\n\t<meta name=\"twitter:data2\" content=\"1 minute\" \/>\n<script type=\"application\/ld+json\" class=\"yoast-schema-graph\">{\"@context\":\"https:\/\/schema.org\",\"@graph\":[{\"@type\":\"Article\",\"@id\":\"https:\/\/covincennes.com\/index.php\/2020\/05\/23\/william-mhadjou-nouveau-coach-des-seniors-a\/#article\",\"isPartOf\":{\"@id\":\"https:\/\/covincennes.com\/index.php\/2020\/05\/23\/william-mhadjou-nouveau-coach-des-seniors-a\/\"},\"author\":{\"name\":\"Maxime Lenormand\",\"@id\":\"https:\/\/covincennes.com\/#\/schema\/person\/064e0491e333da86cac23ce61cddf8e1\"},\"headline\":\"William Mhadjou nouveau coach des S\u00e9niors A\",\"datePublished\":\"2020-05-23T09:02:46+00:00\",\"dateModified\":\"2020-06-11T21:28:17+00:00\",\"mainEntityOfPage\":{\"@id\":\"https:\/\/covincennes.com\/index.php\/2020\/05\/23\/william-mhadjou-nouveau-coach-des-seniors-a\/\"},\"wordCount\":182,\"commentCount\":0,\"publisher\":{\"@id\":\"https:\/\/covincennes.com\/#organization\"},\"inLanguage\":\"fr-FR\",\"potentialAction\":[{\"@type\":\"CommentAction\",\"name\":\"Comment\",\"target\":[\"https:\/\/covincennes.com\/index.php\/2020\/05\/23\/william-mhadjou-nouveau-coach-des-seniors-a\/#respond\"]}]},{\"@type\":\"WebPage\",\"@id\":\"https:\/\/covincennes.com\/index.php\/2020\/05\/23\/william-mhadjou-nouveau-coach-des-seniors-a\/\",\"url\":\"https:\/\/covincennes.com\/index.php\/2020\/05\/23\/william-mhadjou-nouveau-coach-des-seniors-a\/\",\"name\":\"William Mhadjou nouveau coach des S\u00e9niors A - CO Vincennes\",\"isPartOf\":{\"@id\":\"https:\/\/covincennes.com\/#website\"},\"datePublished\":\"2020-05-23T09:02:46+00:00\",\"dateModified\":\"2020-06-11T21:28:17+00:00\",\"breadcrumb\":{\"@id\":\"https:\/\/covincennes.com\/index.php\/2020\/05\/23\/william-mhadjou-nouveau-coach-des-seniors-a\/#breadcrumb\"},\"inLanguage\":\"fr-FR\",\"potentialAction\":[{\"@type\":\"ReadAction\",\"target\":[\"https:\/\/covincennes.com\/index.php\/2020\/05\/23\/william-mhadjou-nouveau-coach-des-seniors-a\/\"]}]},{\"@type\":\"BreadcrumbList\",\"@id\":\"https:\/\/covincennes.com\/index.php\/2020\/05\/23\/william-mhadjou-nouveau-coach-des-seniors-a\/#breadcrumb\",\"itemListElement\":[{\"@type\":\"ListItem\",\"position\":1,\"name\":\"Accueil\",\"item\":\"https:\/\/covincennes.com\/\"},{\"@type\":\"ListItem\",\"position\":2,\"name\":\"William Mhadjou nouveau coach des S\u00e9niors A\"}]},{\"@type\":\"WebSite\",\"@id\":\"https:\/\/covincennes.com\/#website\",\"url\":\"https:\/\/covincennes.com\/\",\"name\":\"CO Vincennes\",\"description\":\"Un site utilisant WordPress\",\"publisher\":{\"@id\":\"https:\/\/covincennes.com\/#organization\"},\"potentialAction\":[{\"@type\":\"SearchAction\",\"target\":{\"@type\":\"EntryPoint\",\"urlTemplate\":\"https:\/\/covincennes.com\/?s={search_term_string}\"},\"query-input\":\"required name=search_term_string\"}],\"inLanguage\":\"fr-FR\"},{\"@type\":\"Organization\",\"@id\":\"https:\/\/covincennes.com\/#organization\",\"name\":\"CO Vincennes\",\"url\":\"https:\/\/covincennes.com\/\",\"sameAs\":[\"https:\/\/www.facebook.com\/CO-VINCENNES-la-page-officielle-136021893155921\/\",\"https:\/\/twitter.com\/covincennes\"],\"logo\":{\"@type\":\"ImageObject\",\"inLanguage\":\"fr-FR\",\"@id\":\"https:\/\/covincennes.com\/#\/schema\/logo\/image\/\",\"url\":\"https:\/\/covincennes.com\/wp-content\/uploads\/2019\/11\/logo-cov-png.png\",\"contentUrl\":\"https:\/\/covincennes.com\/wp-content\/uploads\/2019\/11\/logo-cov-png.png\",\"width\":495,\"height\":497,\"caption\":\"CO Vincennes\"},\"image\":{\"@id\":\"https:\/\/covincennes.com\/#\/schema\/logo\/image\/\"}},{\"@type\":\"Person\",\"@id\":\"https:\/\/covincennes.com\/#\/schema\/person\/064e0491e333da86cac23ce61cddf8e1\",\"name\":\"Maxime Lenormand\",\"image\":{\"@type\":\"ImageObject\",\"inLanguage\":\"fr-FR\",\"@id\":\"https:\/\/covincennes.com\/#\/schema\/person\/image\/\",\"url\":\"https:\/\/secure.gravatar.com\/avatar\/e1f3591b9d85064f8559a6354d9864a019fc31bb45bd77e84fe6d3fcaea4c2f5?s=96&d=mm&r=g\",\"contentUrl\":\"https:\/\/secure.gravatar.com\/avatar\/e1f3591b9d85064f8559a6354d9864a019fc31bb45bd77e84fe6d3fcaea4c2f5?s=96&d=mm&r=g\",\"caption\":\"Maxime Lenormand\"},\"url\":\"https:\/\/covincennes.com\/index.php\/author\/admin9842\/\"}]}<\/script>\n<!-- \/ Yoast SEO plugin. -->","yoast_head_json":{"title":"William Mhadjou nouveau coach des S\u00e9niors A - CO Vincennes","robots":{"index":"index","follow":"follow","max-snippet":"max-snippet:-1","max-image-preview":"max-image-preview:large","max-video-preview":"max-video-preview:-1"},"canonical":"https:\/\/covincennes.com\/index.php\/2020\/05\/23\/william-mhadjou-nouveau-coach-des-seniors-a\/","og_locale":"fr_FR","og_type":"article","og_title":"William Mhadjou nouveau coach des S\u00e9niors A - CO Vincennes","og_description":"Apr\u00e8s le d\u00e9part de Mamadou Niamb\u00e9l\u00e9, parti du COV d\u2019un commun\u00a0accord avec sa Direction, le club a arr\u00eat\u00e9 la nouvelle composition de\u00a0son staff s\u00e9niors masculin. Le coach de l\u2019\u00e9quipe A, qui a termin\u00e9 le championnat 19-20 \u00e0 la 5 \u00e8me\u00a0place en R1, sera William Mhadjou, d\u00e9j\u00e0 Directeur Technique du club,\u00a0fonction qu\u2019il conserve. Nouveau coach \u00e9galement [&hellip;]","og_url":"https:\/\/covincennes.com\/index.php\/2020\/05\/23\/william-mhadjou-nouveau-coach-des-seniors-a\/","og_site_name":"CO Vincennes","article_publisher":"https:\/\/www.facebook.com\/CO-VINCENNES-la-page-officielle-136021893155921\/","article_published_time":"2020-05-23T09:02:46+00:00","article_modified_time":"2020-06-11T21:28:17+00:00","og_image":[{"width":750,"height":410,"url":"https:\/\/covincennes.com\/wp-content\/uploads\/2020\/05\/william.jpg","type":"image\/jpeg"}],"author":"Maxime Lenormand","twitter_card":"summary_large_image","twitter_creator":"@covincennes","twitter_site":"@covincennes","twitter_misc":{"\u00c9crit par":"Maxime Lenormand","Dur\u00e9e de lecture estim\u00e9e":"1 minute"},"schema":{"@context":"https:\/\/schema.org","@graph":[{"@type":"Article","@id":"https:\/\/covincennes.com\/index.php\/2020\/05\/23\/william-mhadjou-nouveau-coach-des-seniors-a\/#article","isPartOf":{"@id":"https:\/\/covincennes.com\/index.php\/2020\/05\/23\/william-mhadjou-nouveau-coach-des-seniors-a\/"},"author":{"name":"Maxime Lenormand","@id":"https:\/\/covincennes.com\/#\/schema\/person\/064e0491e333da86cac23ce61cddf8e1"},"headline":"William Mhadjou nouveau coach des S\u00e9niors A","datePublished":"2020-05-23T09:02:46+00:00","dateModified":"2020-06-11T21:28:17+00:00","mainEntityOfPage":{"@id":"https:\/\/covincennes.com\/index.php\/2020\/05\/23\/william-mhadjou-nouveau-coach-des-seniors-a\/"},"wordCount":182,"commentCount":0,"publisher":{"@id":"https:\/\/covincennes.com\/#organization"},"inLanguage":"fr-FR","potentialAction":[{"@type":"CommentAction","name":"Comment","target":["https:\/\/covincennes.com\/index.php\/2020\/05\/23\/william-mhadjou-nouveau-coach-des-seniors-a\/#respond"]}]},{"@type":"WebPage","@id":"https:\/\/covincennes.com\/index.php\/2020\/05\/23\/william-mhadjou-nouveau-coach-des-seniors-a\/","url":"https:\/\/covincennes.com\/index.php\/2020\/05\/23\/william-mhadjou-nouveau-coach-des-seniors-a\/","name":"William Mhadjou nouveau coach des S\u00e9niors A - CO Vincennes","isPartOf":{"@id":"https:\/\/covincennes.com\/#website"},"datePublished":"2020-05-23T09:02:46+00:00","dateModified":"2020-06-11T21:28:17+00:00","breadcrumb":{"@id":"https:\/\/covincennes.com\/index.php\/2020\/05\/23\/william-mhadjou-nouveau-coach-des-seniors-a\/#breadcrumb"},"inLanguage":"fr-FR","potentialAction":[{"@type":"ReadAction","target":["https:\/\/covincennes.com\/index.php\/2020\/05\/23\/william-mhadjou-nouveau-coach-des-seniors-a\/"]}]},{"@type":"BreadcrumbList","@id":"https:\/\/covincennes.com\/index.php\/2020\/05\/23\/william-mhadjou-nouveau-coach-des-seniors-a\/#breadcrumb","itemListElement":[{"@type":"ListItem","position":1,"name":"Accueil","item":"https:\/\/covincennes.com\/"},{"@type":"ListItem","position":2,"name":"William Mhadjou nouveau coach des S\u00e9niors A"}]},{"@type":"WebSite","@id":"https:\/\/covincennes.com\/#website","url":"https:\/\/covincennes.com\/","name":"CO Vincennes","description":"Un site utilisant WordPress","publisher":{"@id":"https:\/\/covincennes.com\/#organization"},"potentialAction":[{"@type":"SearchAction","target":{"@type":"EntryPoint","urlTemplate":"https:\/\/covincennes.com\/?s={search_term_string}"},"query-input":"required name=search_term_string"}],"inLanguage":"fr-FR"},{"@type":"Organization","@id":"https:\/\/covincennes.com\/#organization","name":"CO Vincennes","url":"https:\/\/covincennes.com\/","sameAs":["https:\/\/www.facebook.com\/CO-VINCENNES-la-page-officielle-136021893155921\/","https:\/\/twitter.com\/covincennes"],"logo":{"@type":"ImageObject","inLanguage":"fr-FR","@id":"https:\/\/covincennes.com\/#\/schema\/logo\/image\/","url":"https:\/\/covincennes.com\/wp-content\/uploads\/2019\/11\/logo-cov-png.png","contentUrl":"https:\/\/covincennes.com\/wp-content\/uploads\/2019\/11\/logo-cov-png.png","width":495,"height":497,"caption":"CO Vincennes"},"image":{"@id":"https:\/\/covincennes.com\/#\/schema\/logo\/image\/"}},{"@type":"Person","@id":"https:\/\/covincennes.com\/#\/schema\/person\/064e0491e333da86cac23ce61cddf8e1","name":"Maxime Lenormand","image":{"@type":"ImageObject","inLanguage":"fr-FR","@id":"https:\/\/covincennes.com\/#\/schema\/person\/image\/","url":"https:\/\/secure.gravatar.com\/avatar\/e1f3591b9d85064f8559a6354d9864a019fc31bb45bd77e84fe6d3fcaea4c2f5?s=96&d=mm&r=g","contentUrl":"https:\/\/secure.gravatar.com\/avatar\/e1f3591b9d85064f8559a6354d9864a019fc31bb45bd77e84fe6d3fcaea4c2f5?s=96&d=mm&r=g","caption":"Maxime Lenormand"},"url":"https:\/\/covincennes.com\/index.php\/author\/admin9842\/"}]}},"_links":{"self":[{"href":"https:\/\/covincennes.com\/index.php\/wp-json\/wp\/v2\/posts\/1907","targetHints":{"allow":["GET"]}}],"collection":[{"href":"https:\/\/covincennes.com\/index.php\/wp-json\/wp\/v2\/posts"}],"about":[{"href":"https:\/\/covincennes.com\/index.php\/wp-json\/wp\/v2\/types\/post"}],"author":[{"embeddable":true,"href":"https:\/\/covincennes.com\/index.php\/wp-json\/wp\/v2\/users\/1"}],"replies":[{"embeddable":true,"href":"https:\/\/covincennes.com\/index.php\/wp-json\/wp\/v2\/comments?post=1907"}],"version-history":[{"count":1,"href":"https:\/\/covincennes.com\/index.php\/wp-json\/wp\/v2\/posts\/1907\/revisions"}],"predecessor-version":[{"id":1909,"href":"https:\/\/covincennes.com\/index.php\/wp-json\/wp\/v2\/posts\/1907\/revisions\/1909"}],"wp:featuredmedia":[{"embeddable":true,"href":"https:\/\/covincennes.com\/index.php\/wp-json\/wp\/v2\/media\/1908"}],"wp:attachment":[{"href":"https:\/\/covincennes.com\/index.php\/wp-json\/wp\/v2\/media?parent=1907"}],"wp:term":[{"taxonomy":"category","embeddable":true,"href":"https:\/\/covincennes.com\/index.php\/wp-json\/wp\/v2\/categories?post=1907"},{"taxonomy":"post_tag","embeddable":true,"href":"https:\/\/covincennes.com\/index.php\/wp-json\/wp\/v2\/tags?post=1907"}],"curies":[{"name":"wp","href":"https:\/\/api.w.org\/{rel}","templated":true}]}}