{"id":1910,"date":"2020-08-23T11:05:40","date_gmt":"2020-08-23T09:05:40","guid":{"rendered":"http:\/\/covincennes.net\/?p=1910"},"modified":"2021-01-02T15:06:42","modified_gmt":"2021-01-02T14:06:42","slug":"ol-cov-un-partenariat-exceptionnel","status":"publish","type":"post","link":"https:\/\/covincennes.com\/index.php\/2020\/08\/23\/ol-cov-un-partenariat-exceptionnel\/","title":{"rendered":"OL &#8211; COV : un partenariat exceptionnel !"},"content":{"rendered":"<p><strong>C\u2019est un \u00e9v\u00e9nement historique pour le CO Vincennes.\u00a0Depuis dix ans et la fin de l\u2019aventure avec le FC Nantes, nous \u00e9tions \u00e0<\/strong>\u00a0<strong>la recherche d\u2019un nouveau partenariat avec un club professionnel.<\/strong><\/p>\n<p>L\u2019id\u00e9e, \u00e0 la base, \u00e9tait de donner \u00e0 nos meilleurs jeunes la possibilit\u00e9\u00a0d\u2019\u00eatre vus et \u00e9ventuellement recrut\u00e9s par un club de haut niveau.\u00a0D\u2019avoir une vraie perspective \u00e0 proposer en contrepoint des\u00a0promesses souvent infond\u00e9es de recruteurs franciliens. Infond\u00e9es,\u00a0mais auxquelles croyaient trop souvent certains de nos jeunes, qui l\u00e2chaient la proie pour l\u2019ombre.<\/p>\n<p>En concluant un partenariat avec l\u2019Olympique Lyonnais, nous aurons\u00a0beaucoup plus\u00a0: un club qui nous permettra de progresser dans tous\u00a0les domaines, qui accompagnera nos \u00e9ducateurs vers davantage de\u00a0comp\u00e9tences et qui, bien s\u00fbr, accueillera nos jeunes qui le m\u00e9ritent.\u00a0On ne pouvait r\u00eaver meilleur partenaire que le club du Pr\u00e9sident\u00a0Jean-Michel AULAS. Un club exemplaire dans bien des domaines, qui\u00a0s\u2019est \u00e9lev\u00e9 au niveau des plus grands sans p\u00e9tro ou gazodollars\u00a0: sept\u00a0titres nationaux cons\u00e9cutifs dans les ann\u00e9es 2000, participation \u00e0 une\u00a0Coupe d\u2019Europe sans discontinuer pendant trois d\u00e9cennies, six\u00a0Champions League f\u00e9minine, propri\u00e9taire de son stade, l\u2019OL est aussi,\u00a0et c\u2019est peut-\u00eatre le plus important pour nous, sur le podium\u00a0europ\u00e9en en mati\u00e8re de formation.<\/p>\n<p>Nous tenons \u00e0 remercier G\u00e9rard Houllier, Conseiller du Pr\u00e9sident\u00a0Aulas, Julien Sokol, Coordinateur Administratif et Sportif de l\u2019OL\u00a0Academy, ainsi que son \u00e9quipe, de la confiance qu\u2019ils t\u00e9moignent\u00a0ainsi au CO Vincennes. Aux c\u00f4t\u00e9s des vingt-neuf autres clubs\u00a0partenaires, dont l\u2019UF Clichy-sous-Bois et le FC Rueil-Malmaison en\u00a0Ile-de-France, nous ferons tout pour nous en montrer dignes.<\/p>\n","protected":false},"excerpt":{"rendered":"<p>C\u2019est un \u00e9v\u00e9nement historique pour le CO Vincennes.\u00a0Depuis dix ans et la fin de l\u2019aventure avec le FC Nantes, nous \u00e9tions \u00e0\u00a0la recherche d\u2019un nouveau partenariat avec un club professionnel. L\u2019id\u00e9e, \u00e0 la base, \u00e9tait de donner \u00e0 nos meilleurs jeunes la possibilit\u00e9\u00a0d\u2019\u00eatre vus et \u00e9ventuellement recrut\u00e9s par un club de haut niveau.\u00a0D\u2019avoir une vraie [&hellip;]<\/p>\n","protected":false},"author":2,"featured_media":1911,"comment_status":"open","ping_status":"open","sticky":false,"template":"","format":"standard","meta":{"_monsterinsights_skip_tracking":false,"_monsterinsights_sitenote_active":false,"_monsterinsights_sitenote_note":"","_monsterinsights_sitenote_category":0,"footnotes":""},"categories":[1],"tags":[],"class_list":["post-1910","post","type-post","status-publish","format-standard","has-post-thumbnail","hentry","category-non-classe","entry","has-media"],"yoast_head":"<!-- This site is optimized with the Yoast SEO plugin v19.6.1 - https:\/\/yoast.com\/wordpress\/plugins\/seo\/ -->\n<title>OL - COV : un partenariat exceptionnel ! - CO Vincennes<\/title>\n<meta name=\"robots\" content=\"index, follow, max-snippet:-1, max-image-preview:large, max-video-preview:-1\" \/>\n<link rel=\"canonical\" href=\"https:\/\/covincennes.com\/index.php\/2020\/08\/23\/ol-cov-un-partenariat-exceptionnel\/\" \/>\n<meta property=\"og:locale\" content=\"fr_FR\" \/>\n<meta property=\"og:type\" content=\"article\" \/>\n<meta property=\"og:title\" content=\"OL - COV : un partenariat exceptionnel ! - CO Vincennes\" \/>\n<meta property=\"og:description\" content=\"C\u2019est un \u00e9v\u00e9nement historique pour le CO Vincennes.\u00a0Depuis dix ans et la fin de l\u2019aventure avec le FC Nantes, nous \u00e9tions \u00e0\u00a0la recherche d\u2019un nouveau partenariat avec un club professionnel. L\u2019id\u00e9e, \u00e0 la base, \u00e9tait de donner \u00e0 nos meilleurs jeunes la possibilit\u00e9\u00a0d\u2019\u00eatre vus et \u00e9ventuellement recrut\u00e9s par un club de haut niveau.\u00a0D\u2019avoir une vraie [&hellip;]\" \/>\n<meta property=\"og:url\" content=\"https:\/\/covincennes.com\/index.php\/2020\/08\/23\/ol-cov-un-partenariat-exceptionnel\/\" \/>\n<meta property=\"og:site_name\" content=\"CO Vincennes\" \/>\n<meta property=\"article:publisher\" content=\"https:\/\/www.facebook.com\/CO-VINCENNES-la-page-officielle-136021893155921\/\" \/>\n<meta property=\"article:published_time\" content=\"2020-08-23T09:05:40+00:00\" \/>\n<meta property=\"article:modified_time\" content=\"2021-01-02T14:06:42+00:00\" \/>\n<meta property=\"og:image\" content=\"https:\/\/covincennes.com\/wp-content\/uploads\/2020\/05\/reseausport.jpg\" \/>\n\t<meta property=\"og:image:width\" content=\"750\" \/>\n\t<meta property=\"og:image:height\" content=\"410\" \/>\n\t<meta property=\"og:image:type\" content=\"image\/jpeg\" \/>\n<meta name=\"author\" content=\"Cole Hibry\" \/>\n<meta name=\"twitter:card\" content=\"summary_large_image\" \/>\n<meta name=\"twitter:creator\" content=\"@covincennes\" \/>\n<meta name=\"twitter:site\" content=\"@covincennes\" \/>\n<meta name=\"twitter:label1\" content=\"\u00c9crit par\" \/>\n\t<meta name=\"twitter:data1\" content=\"Cole Hibry\" \/>\n\t<meta name=\"twitter:label2\" content=\"Dur\u00e9e de lecture estim\u00e9e\" \/>\n\t<meta name=\"twitter:data2\" content=\"1 minute\" \/>\n<script type=\"application\/ld+json\" class=\"yoast-schema-graph\">{\"@context\":\"https:\/\/schema.org\",\"@graph\":[{\"@type\":\"Article\",\"@id\":\"https:\/\/covincennes.com\/index.php\/2020\/08\/23\/ol-cov-un-partenariat-exceptionnel\/#article\",\"isPartOf\":{\"@id\":\"https:\/\/covincennes.com\/index.php\/2020\/08\/23\/ol-cov-un-partenariat-exceptionnel\/\"},\"author\":{\"name\":\"Cole Hibry\",\"@id\":\"https:\/\/covincennes.com\/#\/schema\/person\/eb881824360af01aa016999e439303fe\"},\"headline\":\"OL &#8211; COV : un partenariat exceptionnel !\",\"datePublished\":\"2020-08-23T09:05:40+00:00\",\"dateModified\":\"2021-01-02T14:06:42+00:00\",\"mainEntityOfPage\":{\"@id\":\"https:\/\/covincennes.com\/index.php\/2020\/08\/23\/ol-cov-un-partenariat-exceptionnel\/\"},\"wordCount\":299,\"commentCount\":0,\"publisher\":{\"@id\":\"https:\/\/covincennes.com\/#organization\"},\"inLanguage\":\"fr-FR\",\"potentialAction\":[{\"@type\":\"CommentAction\",\"name\":\"Comment\",\"target\":[\"https:\/\/covincennes.com\/index.php\/2020\/08\/23\/ol-cov-un-partenariat-exceptionnel\/#respond\"]}]},{\"@type\":\"WebPage\",\"@id\":\"https:\/\/covincennes.com\/index.php\/2020\/08\/23\/ol-cov-un-partenariat-exceptionnel\/\",\"url\":\"https:\/\/covincennes.com\/index.php\/2020\/08\/23\/ol-cov-un-partenariat-exceptionnel\/\",\"name\":\"OL - COV : un partenariat exceptionnel ! - CO Vincennes\",\"isPartOf\":{\"@id\":\"https:\/\/covincennes.com\/#website\"},\"datePublished\":\"2020-08-23T09:05:40+00:00\",\"dateModified\":\"2021-01-02T14:06:42+00:00\",\"breadcrumb\":{\"@id\":\"https:\/\/covincennes.com\/index.php\/2020\/08\/23\/ol-cov-un-partenariat-exceptionnel\/#breadcrumb\"},\"inLanguage\":\"fr-FR\",\"potentialAction\":[{\"@type\":\"ReadAction\",\"target\":[\"https:\/\/covincennes.com\/index.php\/2020\/08\/23\/ol-cov-un-partenariat-exceptionnel\/\"]}]},{\"@type\":\"BreadcrumbList\",\"@id\":\"https:\/\/covincennes.com\/index.php\/2020\/08\/23\/ol-cov-un-partenariat-exceptionnel\/#breadcrumb\",\"itemListElement\":[{\"@type\":\"ListItem\",\"position\":1,\"name\":\"Accueil\",\"item\":\"https:\/\/covincennes.com\/\"},{\"@type\":\"ListItem\",\"position\":2,\"name\":\"OL &#8211; COV : un partenariat exceptionnel !\"}]},{\"@type\":\"WebSite\",\"@id\":\"https:\/\/covincennes.com\/#website\",\"url\":\"https:\/\/covincennes.com\/\",\"name\":\"CO Vincennes\",\"description\":\"Un site utilisant WordPress\",\"publisher\":{\"@id\":\"https:\/\/covincennes.com\/#organization\"},\"potentialAction\":[{\"@type\":\"SearchAction\",\"target\":{\"@type\":\"EntryPoint\",\"urlTemplate\":\"https:\/\/covincennes.com\/?s={search_term_string}\"},\"query-input\":\"required name=search_term_string\"}],\"inLanguage\":\"fr-FR\"},{\"@type\":\"Organization\",\"@id\":\"https:\/\/covincennes.com\/#organization\",\"name\":\"CO Vincennes\",\"url\":\"https:\/\/covincennes.com\/\",\"sameAs\":[\"https:\/\/www.facebook.com\/CO-VINCENNES-la-page-officielle-136021893155921\/\",\"https:\/\/twitter.com\/covincennes\"],\"logo\":{\"@type\":\"ImageObject\",\"inLanguage\":\"fr-FR\",\"@id\":\"https:\/\/covincennes.com\/#\/schema\/logo\/image\/\",\"url\":\"https:\/\/covincennes.com\/wp-content\/uploads\/2019\/11\/logo-cov-png.png\",\"contentUrl\":\"https:\/\/covincennes.com\/wp-content\/uploads\/2019\/11\/logo-cov-png.png\",\"width\":495,\"height\":497,\"caption\":\"CO Vincennes\"},\"image\":{\"@id\":\"https:\/\/covincennes.com\/#\/schema\/logo\/image\/\"}},{\"@type\":\"Person\",\"@id\":\"https:\/\/covincennes.com\/#\/schema\/person\/eb881824360af01aa016999e439303fe\",\"name\":\"Cole Hibry\",\"image\":{\"@type\":\"ImageObject\",\"inLanguage\":\"fr-FR\",\"@id\":\"https:\/\/covincennes.com\/#\/schema\/person\/image\/\",\"url\":\"https:\/\/secure.gravatar.com\/avatar\/fdd68f914853e79675161dab52794fbe213aaa71837a3f83ab5d0669e81bb866?s=96&d=mm&r=g\",\"contentUrl\":\"https:\/\/secure.gravatar.com\/avatar\/fdd68f914853e79675161dab52794fbe213aaa71837a3f83ab5d0669e81bb866?s=96&d=mm&r=g\",\"caption\":\"Cole Hibry\"},\"url\":\"https:\/\/covincennes.com\/index.php\/author\/chevit-frederic\/\"}]}<\/script>\n<!-- \/ Yoast SEO plugin. -->","yoast_head_json":{"title":"OL - COV : un partenariat exceptionnel ! - CO Vincennes","robots":{"index":"index","follow":"follow","max-snippet":"max-snippet:-1","max-image-preview":"max-image-preview:large","max-video-preview":"max-video-preview:-1"},"canonical":"https:\/\/covincennes.com\/index.php\/2020\/08\/23\/ol-cov-un-partenariat-exceptionnel\/","og_locale":"fr_FR","og_type":"article","og_title":"OL - COV : un partenariat exceptionnel ! - CO Vincennes","og_description":"C\u2019est un \u00e9v\u00e9nement historique pour le CO Vincennes.\u00a0Depuis dix ans et la fin de l\u2019aventure avec le FC Nantes, nous \u00e9tions \u00e0\u00a0la recherche d\u2019un nouveau partenariat avec un club professionnel. L\u2019id\u00e9e, \u00e0 la base, \u00e9tait de donner \u00e0 nos meilleurs jeunes la possibilit\u00e9\u00a0d\u2019\u00eatre vus et \u00e9ventuellement recrut\u00e9s par un club de haut niveau.\u00a0D\u2019avoir une vraie [&hellip;]","og_url":"https:\/\/covincennes.com\/index.php\/2020\/08\/23\/ol-cov-un-partenariat-exceptionnel\/","og_site_name":"CO Vincennes","article_publisher":"https:\/\/www.facebook.com\/CO-VINCENNES-la-page-officielle-136021893155921\/","article_published_time":"2020-08-23T09:05:40+00:00","article_modified_time":"2021-01-02T14:06:42+00:00","og_image":[{"width":750,"height":410,"url":"https:\/\/covincennes.com\/wp-content\/uploads\/2020\/05\/reseausport.jpg","type":"image\/jpeg"}],"author":"Cole Hibry","twitter_card":"summary_large_image","twitter_creator":"@covincennes","twitter_site":"@covincennes","twitter_misc":{"\u00c9crit par":"Cole Hibry","Dur\u00e9e de lecture estim\u00e9e":"1 minute"},"schema":{"@context":"https:\/\/schema.org","@graph":[{"@type":"Article","@id":"https:\/\/covincennes.com\/index.php\/2020\/08\/23\/ol-cov-un-partenariat-exceptionnel\/#article","isPartOf":{"@id":"https:\/\/covincennes.com\/index.php\/2020\/08\/23\/ol-cov-un-partenariat-exceptionnel\/"},"author":{"name":"Cole Hibry","@id":"https:\/\/covincennes.com\/#\/schema\/person\/eb881824360af01aa016999e439303fe"},"headline":"OL &#8211; COV : un partenariat exceptionnel !","datePublished":"2020-08-23T09:05:40+00:00","dateModified":"2021-01-02T14:06:42+00:00","mainEntityOfPage":{"@id":"https:\/\/covincennes.com\/index.php\/2020\/08\/23\/ol-cov-un-partenariat-exceptionnel\/"},"wordCount":299,"commentCount":0,"publisher":{"@id":"https:\/\/covincennes.com\/#organization"},"inLanguage":"fr-FR","potentialAction":[{"@type":"CommentAction","name":"Comment","target":["https:\/\/covincennes.com\/index.php\/2020\/08\/23\/ol-cov-un-partenariat-exceptionnel\/#respond"]}]},{"@type":"WebPage","@id":"https:\/\/covincennes.com\/index.php\/2020\/08\/23\/ol-cov-un-partenariat-exceptionnel\/","url":"https:\/\/covincennes.com\/index.php\/2020\/08\/23\/ol-cov-un-partenariat-exceptionnel\/","name":"OL - COV : un partenariat exceptionnel ! - CO Vincennes","isPartOf":{"@id":"https:\/\/covincennes.com\/#website"},"datePublished":"2020-08-23T09:05:40+00:00","dateModified":"2021-01-02T14:06:42+00:00","breadcrumb":{"@id":"https:\/\/covincennes.com\/index.php\/2020\/08\/23\/ol-cov-un-partenariat-exceptionnel\/#breadcrumb"},"inLanguage":"fr-FR","potentialAction":[{"@type":"ReadAction","target":["https:\/\/covincennes.com\/index.php\/2020\/08\/23\/ol-cov-un-partenariat-exceptionnel\/"]}]},{"@type":"BreadcrumbList","@id":"https:\/\/covincennes.com\/index.php\/2020\/08\/23\/ol-cov-un-partenariat-exceptionnel\/#breadcrumb","itemListElement":[{"@type":"ListItem","position":1,"name":"Accueil","item":"https:\/\/covincennes.com\/"},{"@type":"ListItem","position":2,"name":"OL &#8211; COV : un partenariat exceptionnel !"}]},{"@type":"WebSite","@id":"https:\/\/covincennes.com\/#website","url":"https:\/\/covincennes.com\/","name":"CO Vincennes","description":"Un site utilisant WordPress","publisher":{"@id":"https:\/\/covincennes.com\/#organization"},"potentialAction":[{"@type":"SearchAction","target":{"@type":"EntryPoint","urlTemplate":"https:\/\/covincennes.com\/?s={search_term_string}"},"query-input":"required name=search_term_string"}],"inLanguage":"fr-FR"},{"@type":"Organization","@id":"https:\/\/covincennes.com\/#organization","name":"CO Vincennes","url":"https:\/\/covincennes.com\/","sameAs":["https:\/\/www.facebook.com\/CO-VINCENNES-la-page-officielle-136021893155921\/","https:\/\/twitter.com\/covincennes"],"logo":{"@type":"ImageObject","inLanguage":"fr-FR","@id":"https:\/\/covincennes.com\/#\/schema\/logo\/image\/","url":"https:\/\/covincennes.com\/wp-content\/uploads\/2019\/11\/logo-cov-png.png","contentUrl":"https:\/\/covincennes.com\/wp-content\/uploads\/2019\/11\/logo-cov-png.png","width":495,"height":497,"caption":"CO Vincennes"},"image":{"@id":"https:\/\/covincennes.com\/#\/schema\/logo\/image\/"}},{"@type":"Person","@id":"https:\/\/covincennes.com\/#\/schema\/person\/eb881824360af01aa016999e439303fe","name":"Cole Hibry","image":{"@type":"ImageObject","inLanguage":"fr-FR","@id":"https:\/\/covincennes.com\/#\/schema\/person\/image\/","url":"https:\/\/secure.gravatar.com\/avatar\/fdd68f914853e79675161dab52794fbe213aaa71837a3f83ab5d0669e81bb866?s=96&d=mm&r=g","contentUrl":"https:\/\/secure.gravatar.com\/avatar\/fdd68f914853e79675161dab52794fbe213aaa71837a3f83ab5d0669e81bb866?s=96&d=mm&r=g","caption":"Cole Hibry"},"url":"https:\/\/covincennes.com\/index.php\/author\/chevit-frederic\/"}]}},"_links":{"self":[{"href":"https:\/\/covincennes.com\/index.php\/wp-json\/wp\/v2\/posts\/1910","targetHints":{"allow":["GET"]}}],"collection":[{"href":"https:\/\/covincennes.com\/index.php\/wp-json\/wp\/v2\/posts"}],"about":[{"href":"https:\/\/covincennes.com\/index.php\/wp-json\/wp\/v2\/types\/post"}],"author":[{"embeddable":true,"href":"https:\/\/covincennes.com\/index.php\/wp-json\/wp\/v2\/users\/2"}],"replies":[{"embeddable":true,"href":"https:\/\/covincennes.com\/index.php\/wp-json\/wp\/v2\/comments?post=1910"}],"version-history":[{"count":2,"href":"https:\/\/covincennes.com\/index.php\/wp-json\/wp\/v2\/posts\/1910\/revisions"}],"predecessor-version":[{"id":1913,"href":"https:\/\/covincennes.com\/index.php\/wp-json\/wp\/v2\/posts\/1910\/revisions\/1913"}],"wp:featuredmedia":[{"embeddable":true,"href":"https:\/\/covincennes.com\/index.php\/wp-json\/wp\/v2\/media\/1911"}],"wp:attachment":[{"href":"https:\/\/covincennes.com\/index.php\/wp-json\/wp\/v2\/media?parent=1910"}],"wp:term":[{"taxonomy":"category","embeddable":true,"href":"https:\/\/covincennes.com\/index.php\/wp-json\/wp\/v2\/categories?post=1910"},{"taxonomy":"post_tag","embeddable":true,"href":"https:\/\/covincennes.com\/index.php\/wp-json\/wp\/v2\/tags?post=1910"}],"curies":[{"name":"wp","href":"https:\/\/api.w.org\/{rel}","templated":true}]}}