{"id":2255,"date":"2020-06-11T22:56:04","date_gmt":"2020-06-11T20:56:04","guid":{"rendered":"https:\/\/covincennes.com\/?p=2255"},"modified":"2020-08-20T02:12:25","modified_gmt":"2020-08-20T00:12:25","slug":"nos-u18-de-retour-en-ligue","status":"publish","type":"post","link":"https:\/\/covincennes.com\/index.php\/2020\/06\/11\/nos-u18-de-retour-en-ligue\/","title":{"rendered":"Les U18 du CO Vincennes de retour en Ligue"},"content":{"rendered":"<p>Cette saison tronqu\u00e9e, si elle a \u00e9t\u00e9 marqu\u00e9e par la terrible pand\u00e9mie dont nous ne sommes encore totalement sortis, aura \u00e9t\u00e9 bonne pour nos \u00e9quipes de jeunes. Nos U16 se sont maintenus en R3, nos U14 ont accompli un parcours plus qu&rsquo;honorable en R2 et nos U18 ont gagn\u00e9 leur ticket pour la R3, ce qui \u00e9tait leur objectif.<\/p>\n<p>Toutes nos \u00e9quipes A de jeunes sont donc d\u00e9sormais en Ligue, tout comme nos deux \u00e9quipes s\u00e9niors, qui accueillent d&rsquo;ailleurs dans leurs rangs une dizaine de nos promus U18. Preuve que le COV fait la part belle \u00e0 la formation et que les jeunes qui viennent de notre Ecole de Foot tout comme ceux qui nous rejoignent ont toutes les chances d&rsquo;acc\u00e9der au plus haut niveau du club.<\/p>\n","protected":false},"excerpt":{"rendered":"<p>Cette saison tronqu\u00e9e, si elle a \u00e9t\u00e9 marqu\u00e9e par la terrible pand\u00e9mie dont nous ne sommes encore totalement sortis, aura \u00e9t\u00e9 bonne pour nos \u00e9quipes de jeunes. Nos U16 se sont maintenus en R3, nos U14 ont accompli un parcours plus qu&rsquo;honorable en R2 et nos U18 ont gagn\u00e9 leur ticket pour la R3, ce [&hellip;]<\/p>\n","protected":false},"author":2,"featured_media":2265,"comment_status":"open","ping_status":"open","sticky":false,"template":"","format":"standard","meta":{"_monsterinsights_skip_tracking":false,"_monsterinsights_sitenote_active":false,"_monsterinsights_sitenote_note":"","_monsterinsights_sitenote_category":0,"footnotes":""},"categories":[1],"tags":[],"class_list":["post-2255","post","type-post","status-publish","format-standard","has-post-thumbnail","hentry","category-non-classe","entry","has-media"],"yoast_head":"<!-- This site is optimized with the Yoast SEO plugin v19.6.1 - https:\/\/yoast.com\/wordpress\/plugins\/seo\/ -->\n<title>Les U18 du CO Vincennes de retour en Ligue - CO Vincennes<\/title>\n<meta name=\"robots\" content=\"index, follow, max-snippet:-1, max-image-preview:large, max-video-preview:-1\" \/>\n<link rel=\"canonical\" href=\"https:\/\/covincennes.com\/index.php\/2020\/06\/11\/nos-u18-de-retour-en-ligue\/\" \/>\n<meta property=\"og:locale\" content=\"fr_FR\" \/>\n<meta property=\"og:type\" content=\"article\" \/>\n<meta property=\"og:title\" content=\"Les U18 du CO Vincennes de retour en Ligue - CO Vincennes\" \/>\n<meta property=\"og:description\" content=\"Cette saison tronqu\u00e9e, si elle a \u00e9t\u00e9 marqu\u00e9e par la terrible pand\u00e9mie dont nous ne sommes encore totalement sortis, aura \u00e9t\u00e9 bonne pour nos \u00e9quipes de jeunes. Nos U16 se sont maintenus en R3, nos U14 ont accompli un parcours plus qu&rsquo;honorable en R2 et nos U18 ont gagn\u00e9 leur ticket pour la R3, ce [&hellip;]\" \/>\n<meta property=\"og:url\" content=\"https:\/\/covincennes.com\/index.php\/2020\/06\/11\/nos-u18-de-retour-en-ligue\/\" \/>\n<meta property=\"og:site_name\" content=\"CO Vincennes\" \/>\n<meta property=\"article:publisher\" content=\"https:\/\/www.facebook.com\/CO-VINCENNES-la-page-officielle-136021893155921\/\" \/>\n<meta property=\"article:published_time\" content=\"2020-06-11T20:56:04+00:00\" \/>\n<meta property=\"article:modified_time\" content=\"2020-08-20T00:12:25+00:00\" \/>\n<meta property=\"og:image\" content=\"https:\/\/covincennes.com\/wp-content\/uploads\/2020\/06\/U18-19-20-5.png\" \/>\n\t<meta property=\"og:image:width\" content=\"750\" \/>\n\t<meta property=\"og:image:height\" content=\"410\" \/>\n\t<meta property=\"og:image:type\" content=\"image\/png\" \/>\n<meta name=\"author\" content=\"Cole Hibry\" \/>\n<meta name=\"twitter:card\" content=\"summary_large_image\" \/>\n<meta name=\"twitter:creator\" content=\"@covincennes\" \/>\n<meta name=\"twitter:site\" content=\"@covincennes\" \/>\n<meta name=\"twitter:label1\" content=\"\u00c9crit par\" \/>\n\t<meta name=\"twitter:data1\" content=\"Cole Hibry\" \/>\n\t<meta name=\"twitter:label2\" content=\"Dur\u00e9e de lecture estim\u00e9e\" \/>\n\t<meta name=\"twitter:data2\" content=\"1 minute\" \/>\n<script type=\"application\/ld+json\" class=\"yoast-schema-graph\">{\"@context\":\"https:\/\/schema.org\",\"@graph\":[{\"@type\":\"Article\",\"@id\":\"https:\/\/covincennes.com\/index.php\/2020\/06\/11\/nos-u18-de-retour-en-ligue\/#article\",\"isPartOf\":{\"@id\":\"https:\/\/covincennes.com\/index.php\/2020\/06\/11\/nos-u18-de-retour-en-ligue\/\"},\"author\":{\"name\":\"Cole Hibry\",\"@id\":\"https:\/\/covincennes.com\/#\/schema\/person\/eb881824360af01aa016999e439303fe\"},\"headline\":\"Les U18 du CO Vincennes de retour en Ligue\",\"datePublished\":\"2020-06-11T20:56:04+00:00\",\"dateModified\":\"2020-08-20T00:12:25+00:00\",\"mainEntityOfPage\":{\"@id\":\"https:\/\/covincennes.com\/index.php\/2020\/06\/11\/nos-u18-de-retour-en-ligue\/\"},\"wordCount\":141,\"commentCount\":0,\"publisher\":{\"@id\":\"https:\/\/covincennes.com\/#organization\"},\"inLanguage\":\"fr-FR\",\"potentialAction\":[{\"@type\":\"CommentAction\",\"name\":\"Comment\",\"target\":[\"https:\/\/covincennes.com\/index.php\/2020\/06\/11\/nos-u18-de-retour-en-ligue\/#respond\"]}]},{\"@type\":\"WebPage\",\"@id\":\"https:\/\/covincennes.com\/index.php\/2020\/06\/11\/nos-u18-de-retour-en-ligue\/\",\"url\":\"https:\/\/covincennes.com\/index.php\/2020\/06\/11\/nos-u18-de-retour-en-ligue\/\",\"name\":\"Les U18 du CO Vincennes de retour en Ligue - CO Vincennes\",\"isPartOf\":{\"@id\":\"https:\/\/covincennes.com\/#website\"},\"datePublished\":\"2020-06-11T20:56:04+00:00\",\"dateModified\":\"2020-08-20T00:12:25+00:00\",\"breadcrumb\":{\"@id\":\"https:\/\/covincennes.com\/index.php\/2020\/06\/11\/nos-u18-de-retour-en-ligue\/#breadcrumb\"},\"inLanguage\":\"fr-FR\",\"potentialAction\":[{\"@type\":\"ReadAction\",\"target\":[\"https:\/\/covincennes.com\/index.php\/2020\/06\/11\/nos-u18-de-retour-en-ligue\/\"]}]},{\"@type\":\"BreadcrumbList\",\"@id\":\"https:\/\/covincennes.com\/index.php\/2020\/06\/11\/nos-u18-de-retour-en-ligue\/#breadcrumb\",\"itemListElement\":[{\"@type\":\"ListItem\",\"position\":1,\"name\":\"Accueil\",\"item\":\"https:\/\/covincennes.com\/\"},{\"@type\":\"ListItem\",\"position\":2,\"name\":\"Les U18 du CO Vincennes de retour en Ligue\"}]},{\"@type\":\"WebSite\",\"@id\":\"https:\/\/covincennes.com\/#website\",\"url\":\"https:\/\/covincennes.com\/\",\"name\":\"CO Vincennes\",\"description\":\"Un site utilisant WordPress\",\"publisher\":{\"@id\":\"https:\/\/covincennes.com\/#organization\"},\"potentialAction\":[{\"@type\":\"SearchAction\",\"target\":{\"@type\":\"EntryPoint\",\"urlTemplate\":\"https:\/\/covincennes.com\/?s={search_term_string}\"},\"query-input\":\"required name=search_term_string\"}],\"inLanguage\":\"fr-FR\"},{\"@type\":\"Organization\",\"@id\":\"https:\/\/covincennes.com\/#organization\",\"name\":\"CO Vincennes\",\"url\":\"https:\/\/covincennes.com\/\",\"sameAs\":[\"https:\/\/www.facebook.com\/CO-VINCENNES-la-page-officielle-136021893155921\/\",\"https:\/\/twitter.com\/covincennes\"],\"logo\":{\"@type\":\"ImageObject\",\"inLanguage\":\"fr-FR\",\"@id\":\"https:\/\/covincennes.com\/#\/schema\/logo\/image\/\",\"url\":\"https:\/\/covincennes.com\/wp-content\/uploads\/2019\/11\/logo-cov-png.png\",\"contentUrl\":\"https:\/\/covincennes.com\/wp-content\/uploads\/2019\/11\/logo-cov-png.png\",\"width\":495,\"height\":497,\"caption\":\"CO Vincennes\"},\"image\":{\"@id\":\"https:\/\/covincennes.com\/#\/schema\/logo\/image\/\"}},{\"@type\":\"Person\",\"@id\":\"https:\/\/covincennes.com\/#\/schema\/person\/eb881824360af01aa016999e439303fe\",\"name\":\"Cole Hibry\",\"image\":{\"@type\":\"ImageObject\",\"inLanguage\":\"fr-FR\",\"@id\":\"https:\/\/covincennes.com\/#\/schema\/person\/image\/\",\"url\":\"https:\/\/secure.gravatar.com\/avatar\/fdd68f914853e79675161dab52794fbe213aaa71837a3f83ab5d0669e81bb866?s=96&d=mm&r=g\",\"contentUrl\":\"https:\/\/secure.gravatar.com\/avatar\/fdd68f914853e79675161dab52794fbe213aaa71837a3f83ab5d0669e81bb866?s=96&d=mm&r=g\",\"caption\":\"Cole Hibry\"},\"url\":\"https:\/\/covincennes.com\/index.php\/author\/chevit-frederic\/\"}]}<\/script>\n<!-- \/ Yoast SEO plugin. -->","yoast_head_json":{"title":"Les U18 du CO Vincennes de retour en Ligue - CO Vincennes","robots":{"index":"index","follow":"follow","max-snippet":"max-snippet:-1","max-image-preview":"max-image-preview:large","max-video-preview":"max-video-preview:-1"},"canonical":"https:\/\/covincennes.com\/index.php\/2020\/06\/11\/nos-u18-de-retour-en-ligue\/","og_locale":"fr_FR","og_type":"article","og_title":"Les U18 du CO Vincennes de retour en Ligue - CO Vincennes","og_description":"Cette saison tronqu\u00e9e, si elle a \u00e9t\u00e9 marqu\u00e9e par la terrible pand\u00e9mie dont nous ne sommes encore totalement sortis, aura \u00e9t\u00e9 bonne pour nos \u00e9quipes de jeunes. Nos U16 se sont maintenus en R3, nos U14 ont accompli un parcours plus qu&rsquo;honorable en R2 et nos U18 ont gagn\u00e9 leur ticket pour la R3, ce [&hellip;]","og_url":"https:\/\/covincennes.com\/index.php\/2020\/06\/11\/nos-u18-de-retour-en-ligue\/","og_site_name":"CO Vincennes","article_publisher":"https:\/\/www.facebook.com\/CO-VINCENNES-la-page-officielle-136021893155921\/","article_published_time":"2020-06-11T20:56:04+00:00","article_modified_time":"2020-08-20T00:12:25+00:00","og_image":[{"width":750,"height":410,"url":"https:\/\/covincennes.com\/wp-content\/uploads\/2020\/06\/U18-19-20-5.png","type":"image\/png"}],"author":"Cole Hibry","twitter_card":"summary_large_image","twitter_creator":"@covincennes","twitter_site":"@covincennes","twitter_misc":{"\u00c9crit par":"Cole Hibry","Dur\u00e9e de lecture estim\u00e9e":"1 minute"},"schema":{"@context":"https:\/\/schema.org","@graph":[{"@type":"Article","@id":"https:\/\/covincennes.com\/index.php\/2020\/06\/11\/nos-u18-de-retour-en-ligue\/#article","isPartOf":{"@id":"https:\/\/covincennes.com\/index.php\/2020\/06\/11\/nos-u18-de-retour-en-ligue\/"},"author":{"name":"Cole Hibry","@id":"https:\/\/covincennes.com\/#\/schema\/person\/eb881824360af01aa016999e439303fe"},"headline":"Les U18 du CO Vincennes de retour en Ligue","datePublished":"2020-06-11T20:56:04+00:00","dateModified":"2020-08-20T00:12:25+00:00","mainEntityOfPage":{"@id":"https:\/\/covincennes.com\/index.php\/2020\/06\/11\/nos-u18-de-retour-en-ligue\/"},"wordCount":141,"commentCount":0,"publisher":{"@id":"https:\/\/covincennes.com\/#organization"},"inLanguage":"fr-FR","potentialAction":[{"@type":"CommentAction","name":"Comment","target":["https:\/\/covincennes.com\/index.php\/2020\/06\/11\/nos-u18-de-retour-en-ligue\/#respond"]}]},{"@type":"WebPage","@id":"https:\/\/covincennes.com\/index.php\/2020\/06\/11\/nos-u18-de-retour-en-ligue\/","url":"https:\/\/covincennes.com\/index.php\/2020\/06\/11\/nos-u18-de-retour-en-ligue\/","name":"Les U18 du CO Vincennes de retour en Ligue - CO Vincennes","isPartOf":{"@id":"https:\/\/covincennes.com\/#website"},"datePublished":"2020-06-11T20:56:04+00:00","dateModified":"2020-08-20T00:12:25+00:00","breadcrumb":{"@id":"https:\/\/covincennes.com\/index.php\/2020\/06\/11\/nos-u18-de-retour-en-ligue\/#breadcrumb"},"inLanguage":"fr-FR","potentialAction":[{"@type":"ReadAction","target":["https:\/\/covincennes.com\/index.php\/2020\/06\/11\/nos-u18-de-retour-en-ligue\/"]}]},{"@type":"BreadcrumbList","@id":"https:\/\/covincennes.com\/index.php\/2020\/06\/11\/nos-u18-de-retour-en-ligue\/#breadcrumb","itemListElement":[{"@type":"ListItem","position":1,"name":"Accueil","item":"https:\/\/covincennes.com\/"},{"@type":"ListItem","position":2,"name":"Les U18 du CO Vincennes de retour en Ligue"}]},{"@type":"WebSite","@id":"https:\/\/covincennes.com\/#website","url":"https:\/\/covincennes.com\/","name":"CO Vincennes","description":"Un site utilisant WordPress","publisher":{"@id":"https:\/\/covincennes.com\/#organization"},"potentialAction":[{"@type":"SearchAction","target":{"@type":"EntryPoint","urlTemplate":"https:\/\/covincennes.com\/?s={search_term_string}"},"query-input":"required name=search_term_string"}],"inLanguage":"fr-FR"},{"@type":"Organization","@id":"https:\/\/covincennes.com\/#organization","name":"CO Vincennes","url":"https:\/\/covincennes.com\/","sameAs":["https:\/\/www.facebook.com\/CO-VINCENNES-la-page-officielle-136021893155921\/","https:\/\/twitter.com\/covincennes"],"logo":{"@type":"ImageObject","inLanguage":"fr-FR","@id":"https:\/\/covincennes.com\/#\/schema\/logo\/image\/","url":"https:\/\/covincennes.com\/wp-content\/uploads\/2019\/11\/logo-cov-png.png","contentUrl":"https:\/\/covincennes.com\/wp-content\/uploads\/2019\/11\/logo-cov-png.png","width":495,"height":497,"caption":"CO Vincennes"},"image":{"@id":"https:\/\/covincennes.com\/#\/schema\/logo\/image\/"}},{"@type":"Person","@id":"https:\/\/covincennes.com\/#\/schema\/person\/eb881824360af01aa016999e439303fe","name":"Cole Hibry","image":{"@type":"ImageObject","inLanguage":"fr-FR","@id":"https:\/\/covincennes.com\/#\/schema\/person\/image\/","url":"https:\/\/secure.gravatar.com\/avatar\/fdd68f914853e79675161dab52794fbe213aaa71837a3f83ab5d0669e81bb866?s=96&d=mm&r=g","contentUrl":"https:\/\/secure.gravatar.com\/avatar\/fdd68f914853e79675161dab52794fbe213aaa71837a3f83ab5d0669e81bb866?s=96&d=mm&r=g","caption":"Cole Hibry"},"url":"https:\/\/covincennes.com\/index.php\/author\/chevit-frederic\/"}]}},"_links":{"self":[{"href":"https:\/\/covincennes.com\/index.php\/wp-json\/wp\/v2\/posts\/2255","targetHints":{"allow":["GET"]}}],"collection":[{"href":"https:\/\/covincennes.com\/index.php\/wp-json\/wp\/v2\/posts"}],"about":[{"href":"https:\/\/covincennes.com\/index.php\/wp-json\/wp\/v2\/types\/post"}],"author":[{"embeddable":true,"href":"https:\/\/covincennes.com\/index.php\/wp-json\/wp\/v2\/users\/2"}],"replies":[{"embeddable":true,"href":"https:\/\/covincennes.com\/index.php\/wp-json\/wp\/v2\/comments?post=2255"}],"version-history":[{"count":3,"href":"https:\/\/covincennes.com\/index.php\/wp-json\/wp\/v2\/posts\/2255\/revisions"}],"predecessor-version":[{"id":2264,"href":"https:\/\/covincennes.com\/index.php\/wp-json\/wp\/v2\/posts\/2255\/revisions\/2264"}],"wp:featuredmedia":[{"embeddable":true,"href":"https:\/\/covincennes.com\/index.php\/wp-json\/wp\/v2\/media\/2265"}],"wp:attachment":[{"href":"https:\/\/covincennes.com\/index.php\/wp-json\/wp\/v2\/media?parent=2255"}],"wp:term":[{"taxonomy":"category","embeddable":true,"href":"https:\/\/covincennes.com\/index.php\/wp-json\/wp\/v2\/categories?post=2255"},{"taxonomy":"post_tag","embeddable":true,"href":"https:\/\/covincennes.com\/index.php\/wp-json\/wp\/v2\/tags?post=2255"}],"curies":[{"name":"wp","href":"https:\/\/api.w.org\/{rel}","templated":true}]}}