{"id":2347,"date":"2020-08-21T17:47:07","date_gmt":"2020-08-21T15:47:07","guid":{"rendered":"https:\/\/covincennes.com\/?p=2347"},"modified":"2020-09-19T22:11:39","modified_gmt":"2020-09-19T20:11:39","slug":"tout-sur-la-rentree-de-lecole-de-foot","status":"publish","type":"post","link":"https:\/\/covincennes.com\/index.php\/2020\/08\/21\/tout-sur-la-rentree-de-lecole-de-foot\/","title":{"rendered":"Ecole de Foot : une rentr\u00e9e r\u00e9ussie"},"content":{"rendered":"<p>Malgr\u00e9 un contexte difficile, l&rsquo;Ecole de Foot a r\u00e9ussi sa rentr\u00e9e et les sourires \u00e9taient au rendez-vous. Le Foot d&rsquo;Eveil et le Crit\u00e9rium puis le Foot Evolution, tous ont retrouv\u00e9 les terrains avec un bonheur visible.<\/p>\n<p>Contexte difficile, car en raison de la situation sanitaire, la Ville de Vincennes a pris la d\u00e9cision, douloureuse mais sage, de ne pas autoriser les parents \u00e0 entrer dans le stade. Ce qui n&rsquo;est pas facile quand on y am\u00e8ne son bout de chou pour la premi\u00e8re fois.<\/p>\n<p>Un grand merci aux parents pour leur compr\u00e9hension et la confiance qu&rsquo;ils nous t\u00e9moignent en nous laissant leurs enfants. Qu&rsquo;ils ne soient pas inquiets : les petits sont en de bonnes mains et les consignes sanitaires (port du masque, d\u00e9sinfection r\u00e9guli\u00e8re du mat\u00e9riel) sont strictement observ\u00e9es.<\/p>\n","protected":false},"excerpt":{"rendered":"<p>Malgr\u00e9 un contexte difficile, l&rsquo;Ecole de Foot a r\u00e9ussi sa rentr\u00e9e et les sourires \u00e9taient au rendez-vous. Le Foot d&rsquo;Eveil et le Crit\u00e9rium puis le Foot Evolution, tous ont retrouv\u00e9 les terrains avec un bonheur visible. Contexte difficile, car en raison de la situation sanitaire, la Ville de Vincennes a pris la d\u00e9cision, douloureuse mais [&hellip;]<\/p>\n","protected":false},"author":2,"featured_media":2350,"comment_status":"open","ping_status":"open","sticky":false,"template":"","format":"standard","meta":{"_monsterinsights_skip_tracking":false,"_monsterinsights_sitenote_active":false,"_monsterinsights_sitenote_note":"","_monsterinsights_sitenote_category":0,"footnotes":""},"categories":[1],"tags":[],"class_list":["post-2347","post","type-post","status-publish","format-standard","has-post-thumbnail","hentry","category-non-classe","entry","has-media"],"yoast_head":"<!-- This site is optimized with the Yoast SEO plugin v19.6.1 - https:\/\/yoast.com\/wordpress\/plugins\/seo\/ -->\n<title>Ecole de Foot : une rentr\u00e9e r\u00e9ussie - CO Vincennes<\/title>\n<meta name=\"description\" content=\"Merci aux parents de leur compr\u00e9hension en nous confiant leurs enfants malgr\u00e9 l&#039;impossibilit\u00e9 de les accompagner dans le stade\" \/>\n<meta name=\"robots\" content=\"index, follow, max-snippet:-1, max-image-preview:large, max-video-preview:-1\" \/>\n<link rel=\"canonical\" href=\"https:\/\/covincennes.com\/index.php\/2020\/08\/21\/tout-sur-la-rentree-de-lecole-de-foot\/\" \/>\n<meta property=\"og:locale\" content=\"fr_FR\" \/>\n<meta property=\"og:type\" content=\"article\" \/>\n<meta property=\"og:title\" content=\"Ecole de Foot : une rentr\u00e9e r\u00e9ussie - CO Vincennes\" \/>\n<meta property=\"og:description\" content=\"Merci aux parents de leur compr\u00e9hension en nous confiant leurs enfants malgr\u00e9 l&#039;impossibilit\u00e9 de les accompagner dans le stade\" \/>\n<meta property=\"og:url\" content=\"https:\/\/covincennes.com\/index.php\/2020\/08\/21\/tout-sur-la-rentree-de-lecole-de-foot\/\" \/>\n<meta property=\"og:site_name\" content=\"CO Vincennes\" \/>\n<meta property=\"article:publisher\" content=\"https:\/\/www.facebook.com\/CO-VINCENNES-la-page-officielle-136021893155921\/\" \/>\n<meta property=\"article:published_time\" content=\"2020-08-21T15:47:07+00:00\" \/>\n<meta property=\"article:modified_time\" content=\"2020-09-19T20:11:39+00:00\" \/>\n<meta property=\"og:image\" content=\"https:\/\/covincennes.com\/wp-content\/uploads\/2020\/08\/Loisir-U15-1er-octobre-2017-2-e1611957348867.jpg\" \/>\n\t<meta property=\"og:image:width\" content=\"740\" \/>\n\t<meta property=\"og:image:height\" content=\"410\" \/>\n\t<meta property=\"og:image:type\" content=\"image\/jpeg\" \/>\n<meta name=\"author\" content=\"Cole Hibry\" \/>\n<meta name=\"twitter:card\" content=\"summary_large_image\" \/>\n<meta name=\"twitter:creator\" content=\"@covincennes\" \/>\n<meta name=\"twitter:site\" content=\"@covincennes\" \/>\n<meta name=\"twitter:label1\" content=\"\u00c9crit par\" \/>\n\t<meta name=\"twitter:data1\" content=\"Cole Hibry\" \/>\n\t<meta name=\"twitter:label2\" content=\"Dur\u00e9e de lecture estim\u00e9e\" \/>\n\t<meta name=\"twitter:data2\" content=\"1 minute\" \/>\n<script type=\"application\/ld+json\" class=\"yoast-schema-graph\">{\"@context\":\"https:\/\/schema.org\",\"@graph\":[{\"@type\":\"Article\",\"@id\":\"https:\/\/covincennes.com\/index.php\/2020\/08\/21\/tout-sur-la-rentree-de-lecole-de-foot\/#article\",\"isPartOf\":{\"@id\":\"https:\/\/covincennes.com\/index.php\/2020\/08\/21\/tout-sur-la-rentree-de-lecole-de-foot\/\"},\"author\":{\"name\":\"Cole Hibry\",\"@id\":\"https:\/\/covincennes.com\/#\/schema\/person\/eb881824360af01aa016999e439303fe\"},\"headline\":\"Ecole de Foot : une rentr\u00e9e r\u00e9ussie\",\"datePublished\":\"2020-08-21T15:47:07+00:00\",\"dateModified\":\"2020-09-19T20:11:39+00:00\",\"mainEntityOfPage\":{\"@id\":\"https:\/\/covincennes.com\/index.php\/2020\/08\/21\/tout-sur-la-rentree-de-lecole-de-foot\/\"},\"wordCount\":149,\"commentCount\":0,\"publisher\":{\"@id\":\"https:\/\/covincennes.com\/#organization\"},\"inLanguage\":\"fr-FR\",\"potentialAction\":[{\"@type\":\"CommentAction\",\"name\":\"Comment\",\"target\":[\"https:\/\/covincennes.com\/index.php\/2020\/08\/21\/tout-sur-la-rentree-de-lecole-de-foot\/#respond\"]}]},{\"@type\":\"WebPage\",\"@id\":\"https:\/\/covincennes.com\/index.php\/2020\/08\/21\/tout-sur-la-rentree-de-lecole-de-foot\/\",\"url\":\"https:\/\/covincennes.com\/index.php\/2020\/08\/21\/tout-sur-la-rentree-de-lecole-de-foot\/\",\"name\":\"Ecole de Foot : une rentr\u00e9e r\u00e9ussie - CO Vincennes\",\"isPartOf\":{\"@id\":\"https:\/\/covincennes.com\/#website\"},\"datePublished\":\"2020-08-21T15:47:07+00:00\",\"dateModified\":\"2020-09-19T20:11:39+00:00\",\"description\":\"Merci aux parents de leur compr\u00e9hension en nous confiant leurs enfants malgr\u00e9 l'impossibilit\u00e9 de les accompagner dans le stade\",\"breadcrumb\":{\"@id\":\"https:\/\/covincennes.com\/index.php\/2020\/08\/21\/tout-sur-la-rentree-de-lecole-de-foot\/#breadcrumb\"},\"inLanguage\":\"fr-FR\",\"potentialAction\":[{\"@type\":\"ReadAction\",\"target\":[\"https:\/\/covincennes.com\/index.php\/2020\/08\/21\/tout-sur-la-rentree-de-lecole-de-foot\/\"]}]},{\"@type\":\"BreadcrumbList\",\"@id\":\"https:\/\/covincennes.com\/index.php\/2020\/08\/21\/tout-sur-la-rentree-de-lecole-de-foot\/#breadcrumb\",\"itemListElement\":[{\"@type\":\"ListItem\",\"position\":1,\"name\":\"Accueil\",\"item\":\"https:\/\/covincennes.com\/\"},{\"@type\":\"ListItem\",\"position\":2,\"name\":\"Ecole de Foot : une rentr\u00e9e r\u00e9ussie\"}]},{\"@type\":\"WebSite\",\"@id\":\"https:\/\/covincennes.com\/#website\",\"url\":\"https:\/\/covincennes.com\/\",\"name\":\"CO Vincennes\",\"description\":\"Un site utilisant WordPress\",\"publisher\":{\"@id\":\"https:\/\/covincennes.com\/#organization\"},\"potentialAction\":[{\"@type\":\"SearchAction\",\"target\":{\"@type\":\"EntryPoint\",\"urlTemplate\":\"https:\/\/covincennes.com\/?s={search_term_string}\"},\"query-input\":\"required name=search_term_string\"}],\"inLanguage\":\"fr-FR\"},{\"@type\":\"Organization\",\"@id\":\"https:\/\/covincennes.com\/#organization\",\"name\":\"CO Vincennes\",\"url\":\"https:\/\/covincennes.com\/\",\"sameAs\":[\"https:\/\/www.facebook.com\/CO-VINCENNES-la-page-officielle-136021893155921\/\",\"https:\/\/twitter.com\/covincennes\"],\"logo\":{\"@type\":\"ImageObject\",\"inLanguage\":\"fr-FR\",\"@id\":\"https:\/\/covincennes.com\/#\/schema\/logo\/image\/\",\"url\":\"https:\/\/covincennes.com\/wp-content\/uploads\/2019\/11\/logo-cov-png.png\",\"contentUrl\":\"https:\/\/covincennes.com\/wp-content\/uploads\/2019\/11\/logo-cov-png.png\",\"width\":495,\"height\":497,\"caption\":\"CO Vincennes\"},\"image\":{\"@id\":\"https:\/\/covincennes.com\/#\/schema\/logo\/image\/\"}},{\"@type\":\"Person\",\"@id\":\"https:\/\/covincennes.com\/#\/schema\/person\/eb881824360af01aa016999e439303fe\",\"name\":\"Cole Hibry\",\"image\":{\"@type\":\"ImageObject\",\"inLanguage\":\"fr-FR\",\"@id\":\"https:\/\/covincennes.com\/#\/schema\/person\/image\/\",\"url\":\"https:\/\/secure.gravatar.com\/avatar\/fdd68f914853e79675161dab52794fbe213aaa71837a3f83ab5d0669e81bb866?s=96&d=mm&r=g\",\"contentUrl\":\"https:\/\/secure.gravatar.com\/avatar\/fdd68f914853e79675161dab52794fbe213aaa71837a3f83ab5d0669e81bb866?s=96&d=mm&r=g\",\"caption\":\"Cole Hibry\"},\"url\":\"https:\/\/covincennes.com\/index.php\/author\/chevit-frederic\/\"}]}<\/script>\n<!-- \/ Yoast SEO plugin. -->","yoast_head_json":{"title":"Ecole de Foot : une rentr\u00e9e r\u00e9ussie - CO Vincennes","description":"Merci aux parents de leur compr\u00e9hension en nous confiant leurs enfants malgr\u00e9 l'impossibilit\u00e9 de les accompagner dans le stade","robots":{"index":"index","follow":"follow","max-snippet":"max-snippet:-1","max-image-preview":"max-image-preview:large","max-video-preview":"max-video-preview:-1"},"canonical":"https:\/\/covincennes.com\/index.php\/2020\/08\/21\/tout-sur-la-rentree-de-lecole-de-foot\/","og_locale":"fr_FR","og_type":"article","og_title":"Ecole de Foot : une rentr\u00e9e r\u00e9ussie - CO Vincennes","og_description":"Merci aux parents de leur compr\u00e9hension en nous confiant leurs enfants malgr\u00e9 l'impossibilit\u00e9 de les accompagner dans le stade","og_url":"https:\/\/covincennes.com\/index.php\/2020\/08\/21\/tout-sur-la-rentree-de-lecole-de-foot\/","og_site_name":"CO Vincennes","article_publisher":"https:\/\/www.facebook.com\/CO-VINCENNES-la-page-officielle-136021893155921\/","article_published_time":"2020-08-21T15:47:07+00:00","article_modified_time":"2020-09-19T20:11:39+00:00","og_image":[{"width":740,"height":410,"url":"https:\/\/covincennes.com\/wp-content\/uploads\/2020\/08\/Loisir-U15-1er-octobre-2017-2-e1611957348867.jpg","type":"image\/jpeg"}],"author":"Cole Hibry","twitter_card":"summary_large_image","twitter_creator":"@covincennes","twitter_site":"@covincennes","twitter_misc":{"\u00c9crit par":"Cole Hibry","Dur\u00e9e de lecture estim\u00e9e":"1 minute"},"schema":{"@context":"https:\/\/schema.org","@graph":[{"@type":"Article","@id":"https:\/\/covincennes.com\/index.php\/2020\/08\/21\/tout-sur-la-rentree-de-lecole-de-foot\/#article","isPartOf":{"@id":"https:\/\/covincennes.com\/index.php\/2020\/08\/21\/tout-sur-la-rentree-de-lecole-de-foot\/"},"author":{"name":"Cole Hibry","@id":"https:\/\/covincennes.com\/#\/schema\/person\/eb881824360af01aa016999e439303fe"},"headline":"Ecole de Foot : une rentr\u00e9e r\u00e9ussie","datePublished":"2020-08-21T15:47:07+00:00","dateModified":"2020-09-19T20:11:39+00:00","mainEntityOfPage":{"@id":"https:\/\/covincennes.com\/index.php\/2020\/08\/21\/tout-sur-la-rentree-de-lecole-de-foot\/"},"wordCount":149,"commentCount":0,"publisher":{"@id":"https:\/\/covincennes.com\/#organization"},"inLanguage":"fr-FR","potentialAction":[{"@type":"CommentAction","name":"Comment","target":["https:\/\/covincennes.com\/index.php\/2020\/08\/21\/tout-sur-la-rentree-de-lecole-de-foot\/#respond"]}]},{"@type":"WebPage","@id":"https:\/\/covincennes.com\/index.php\/2020\/08\/21\/tout-sur-la-rentree-de-lecole-de-foot\/","url":"https:\/\/covincennes.com\/index.php\/2020\/08\/21\/tout-sur-la-rentree-de-lecole-de-foot\/","name":"Ecole de Foot : une rentr\u00e9e r\u00e9ussie - CO Vincennes","isPartOf":{"@id":"https:\/\/covincennes.com\/#website"},"datePublished":"2020-08-21T15:47:07+00:00","dateModified":"2020-09-19T20:11:39+00:00","description":"Merci aux parents de leur compr\u00e9hension en nous confiant leurs enfants malgr\u00e9 l'impossibilit\u00e9 de les accompagner dans le stade","breadcrumb":{"@id":"https:\/\/covincennes.com\/index.php\/2020\/08\/21\/tout-sur-la-rentree-de-lecole-de-foot\/#breadcrumb"},"inLanguage":"fr-FR","potentialAction":[{"@type":"ReadAction","target":["https:\/\/covincennes.com\/index.php\/2020\/08\/21\/tout-sur-la-rentree-de-lecole-de-foot\/"]}]},{"@type":"BreadcrumbList","@id":"https:\/\/covincennes.com\/index.php\/2020\/08\/21\/tout-sur-la-rentree-de-lecole-de-foot\/#breadcrumb","itemListElement":[{"@type":"ListItem","position":1,"name":"Accueil","item":"https:\/\/covincennes.com\/"},{"@type":"ListItem","position":2,"name":"Ecole de Foot : une rentr\u00e9e r\u00e9ussie"}]},{"@type":"WebSite","@id":"https:\/\/covincennes.com\/#website","url":"https:\/\/covincennes.com\/","name":"CO Vincennes","description":"Un site utilisant WordPress","publisher":{"@id":"https:\/\/covincennes.com\/#organization"},"potentialAction":[{"@type":"SearchAction","target":{"@type":"EntryPoint","urlTemplate":"https:\/\/covincennes.com\/?s={search_term_string}"},"query-input":"required name=search_term_string"}],"inLanguage":"fr-FR"},{"@type":"Organization","@id":"https:\/\/covincennes.com\/#organization","name":"CO Vincennes","url":"https:\/\/covincennes.com\/","sameAs":["https:\/\/www.facebook.com\/CO-VINCENNES-la-page-officielle-136021893155921\/","https:\/\/twitter.com\/covincennes"],"logo":{"@type":"ImageObject","inLanguage":"fr-FR","@id":"https:\/\/covincennes.com\/#\/schema\/logo\/image\/","url":"https:\/\/covincennes.com\/wp-content\/uploads\/2019\/11\/logo-cov-png.png","contentUrl":"https:\/\/covincennes.com\/wp-content\/uploads\/2019\/11\/logo-cov-png.png","width":495,"height":497,"caption":"CO Vincennes"},"image":{"@id":"https:\/\/covincennes.com\/#\/schema\/logo\/image\/"}},{"@type":"Person","@id":"https:\/\/covincennes.com\/#\/schema\/person\/eb881824360af01aa016999e439303fe","name":"Cole Hibry","image":{"@type":"ImageObject","inLanguage":"fr-FR","@id":"https:\/\/covincennes.com\/#\/schema\/person\/image\/","url":"https:\/\/secure.gravatar.com\/avatar\/fdd68f914853e79675161dab52794fbe213aaa71837a3f83ab5d0669e81bb866?s=96&d=mm&r=g","contentUrl":"https:\/\/secure.gravatar.com\/avatar\/fdd68f914853e79675161dab52794fbe213aaa71837a3f83ab5d0669e81bb866?s=96&d=mm&r=g","caption":"Cole Hibry"},"url":"https:\/\/covincennes.com\/index.php\/author\/chevit-frederic\/"}]}},"_links":{"self":[{"href":"https:\/\/covincennes.com\/index.php\/wp-json\/wp\/v2\/posts\/2347","targetHints":{"allow":["GET"]}}],"collection":[{"href":"https:\/\/covincennes.com\/index.php\/wp-json\/wp\/v2\/posts"}],"about":[{"href":"https:\/\/covincennes.com\/index.php\/wp-json\/wp\/v2\/types\/post"}],"author":[{"embeddable":true,"href":"https:\/\/covincennes.com\/index.php\/wp-json\/wp\/v2\/users\/2"}],"replies":[{"embeddable":true,"href":"https:\/\/covincennes.com\/index.php\/wp-json\/wp\/v2\/comments?post=2347"}],"version-history":[{"count":3,"href":"https:\/\/covincennes.com\/index.php\/wp-json\/wp\/v2\/posts\/2347\/revisions"}],"predecessor-version":[{"id":2464,"href":"https:\/\/covincennes.com\/index.php\/wp-json\/wp\/v2\/posts\/2347\/revisions\/2464"}],"wp:featuredmedia":[{"embeddable":true,"href":"https:\/\/covincennes.com\/index.php\/wp-json\/wp\/v2\/media\/2350"}],"wp:attachment":[{"href":"https:\/\/covincennes.com\/index.php\/wp-json\/wp\/v2\/media?parent=2347"}],"wp:term":[{"taxonomy":"category","embeddable":true,"href":"https:\/\/covincennes.com\/index.php\/wp-json\/wp\/v2\/categories?post=2347"},{"taxonomy":"post_tag","embeddable":true,"href":"https:\/\/covincennes.com\/index.php\/wp-json\/wp\/v2\/tags?post=2347"}],"curies":[{"name":"wp","href":"https:\/\/api.w.org\/{rel}","templated":true}]}}