{"id":2671,"date":"2020-10-06T01:53:37","date_gmt":"2020-10-05T23:53:37","guid":{"rendered":"https:\/\/covincennes.com\/?p=2671"},"modified":"2020-10-21T00:45:18","modified_gmt":"2020-10-20T22:45:18","slug":"lexploit-du-cov-en-coupe-de-france","status":"publish","type":"post","link":"https:\/\/covincennes.com\/index.php\/2020\/10\/06\/lexploit-du-cov-en-coupe-de-france\/","title":{"rendered":"Exploit du COV en Coupe de France !"},"content":{"rendered":"<p>Ne nous y trompons pas : c&rsquo;est un v\u00e9ritable exploit que le COV a r\u00e9alis\u00e9 en Coupe de France.<\/p>\n<p>Les Vincennois ne partaient pas favoris face au leader de National 3, Aubervilliers. Un leader qui justifiait pleinement sa position en menant 3-1 apr\u00e8s une demi-heure de jeu. On ne donnait pas cher, alors, des chances du COV, m\u00eame si Alassane avait r\u00e9ussi \u00e0 \u00e9galiser un peu avant le quart d&rsquo;heure de jeu, sur un service habile de Hakim. On voyait plut\u00f4t Aubervilliers se diriger tranquillement vers la qualification.<\/p>\n<p>Mais avant la pause, Alassane transformait impeccablement un penalty qu&rsquo;il avait lui-m\u00eame obtenu, ce qui autorisait les Vincennois, men\u00e9s seulement 3-2 \u00e0 la mi-temps, de continuer \u00e0 y croire.<\/p>\n<p>Et en effet, ils se montraient plus incisifs en seconde p\u00e9riode, plus dangereux que leurs adversaires, alors qu&rsquo;ils s&rsquo;\u00e9taient pourtant retrouv\u00e9s \u00e0 dix apr\u00e8s un carton rouge inflig\u00e9 s\u00e9v\u00e8rement \u00e0 Aymeric suite \u00e0 une faute pourtant pas plus marqu\u00e9e que d&rsquo;autres. Notamment une identique sur Dipa, juste avant, qui n&rsquo;avait m\u00eame pas valu un jaune \u00e0 son auteur&#8230;<\/p>\n<p>Mais la domination vincennoise, en cette seconde p\u00e9riode, ne se concr\u00e9tisait pas au tableau d&rsquo;affichage et on se dirigeait vers une d\u00e9faite plut\u00f4t cruelle quand, apr\u00e8s plus d&rsquo;une minute dans le temps additionnel, Hakim d\u00e9livrait un amour de centre pour Pierre, dont la reprise de vol\u00e9e d\u00e9tourn\u00e9e faisait mouche.<\/p>\n<p>3-3 \u00e0 la fin du temps additionnel et donc \u00e0 la fin du match, puisqu&rsquo;il n&rsquo;y a plus de prolongation en Coupe de France, sauf en finale. Il fallait donc s&rsquo;en remettre aux tirs au but.<\/p>\n<p>Modibo, entr\u00e9 en jeu peu avant, marquait le premier, Aubervilliers \u00e9galisait. Brice redonnait l&rsquo;avantage au COV, tandis que le deuxi\u00e8me tireur adverse tirait sur la barre. Hakim transformait ensuite son tir au but : 3-1, puis 3-2. Au tour du jeune Tom. Cet \u00ab\u00a0ancien\u00a0\u00bb du PSG s&rsquo;inspirait de Neymar pour marquer avec un sang-froid impressionnant : 4-2, puis 4-3.<\/p>\n<p>Balle de match pour Alassane, qui cette fois tirait en hauteur pour offrir la qualification au COV (<em>notre photo<\/em>) !<\/p>\n<p>Superbe performance des Vincennois, qui ont fait preuve d&rsquo;un mental admirable pour revenir de 1-3 \u00e0 3-3 sans jamais l\u00e2cher, faisant ainsi honneur \u00e0 leurs couleurs, pour le plus grand bonheur de leurs supporters, limit\u00e9s \u00e0 70 par le protocole COVID, mais qui ont fait du bruit comme 7000 pour soutenir leurs h\u00e9ros !<\/p>\n","protected":false},"excerpt":{"rendered":"<p>Ne nous y trompons pas : c&rsquo;est un v\u00e9ritable exploit que le COV a r\u00e9alis\u00e9 en Coupe de France. Les Vincennois ne partaient pas favoris face au leader de National 3, Aubervilliers. Un leader qui justifiait pleinement sa position en menant 3-1 apr\u00e8s une demi-heure de jeu. On ne donnait pas cher, alors, des chances [&hellip;]<\/p>\n","protected":false},"author":2,"featured_media":2675,"comment_status":"open","ping_status":"open","sticky":false,"template":"","format":"standard","meta":{"_monsterinsights_skip_tracking":false,"_monsterinsights_sitenote_active":false,"_monsterinsights_sitenote_note":"","_monsterinsights_sitenote_category":0,"footnotes":""},"categories":[1],"tags":[],"class_list":["post-2671","post","type-post","status-publish","format-standard","has-post-thumbnail","hentry","category-non-classe","entry","has-media"],"yoast_head":"<!-- This site is optimized with the Yoast SEO plugin v19.6.1 - https:\/\/yoast.com\/wordpress\/plugins\/seo\/ -->\n<title>Exploit du COV en Coupe de France ! - CO Vincennes<\/title>\n<meta name=\"robots\" content=\"index, follow, max-snippet:-1, max-image-preview:large, max-video-preview:-1\" \/>\n<link rel=\"canonical\" href=\"https:\/\/covincennes.com\/index.php\/2020\/10\/06\/lexploit-du-cov-en-coupe-de-france\/\" \/>\n<meta property=\"og:locale\" content=\"fr_FR\" \/>\n<meta property=\"og:type\" content=\"article\" \/>\n<meta property=\"og:title\" content=\"Exploit du COV en Coupe de France ! - CO Vincennes\" \/>\n<meta property=\"og:description\" content=\"Ne nous y trompons pas : c&rsquo;est un v\u00e9ritable exploit que le COV a r\u00e9alis\u00e9 en Coupe de France. Les Vincennois ne partaient pas favoris face au leader de National 3, Aubervilliers. Un leader qui justifiait pleinement sa position en menant 3-1 apr\u00e8s une demi-heure de jeu. On ne donnait pas cher, alors, des chances [&hellip;]\" \/>\n<meta property=\"og:url\" content=\"https:\/\/covincennes.com\/index.php\/2020\/10\/06\/lexploit-du-cov-en-coupe-de-france\/\" \/>\n<meta property=\"og:site_name\" content=\"CO Vincennes\" \/>\n<meta property=\"article:publisher\" content=\"https:\/\/www.facebook.com\/CO-VINCENNES-la-page-officielle-136021893155921\/\" \/>\n<meta property=\"article:published_time\" content=\"2020-10-05T23:53:37+00:00\" \/>\n<meta property=\"article:modified_time\" content=\"2020-10-20T22:45:18+00:00\" \/>\n<meta property=\"og:image\" content=\"https:\/\/covincennes.com\/wp-content\/uploads\/2020\/10\/Tir-au-but-dAlassane-1.jpg\" \/>\n\t<meta property=\"og:image:width\" content=\"740\" \/>\n\t<meta property=\"og:image:height\" content=\"410\" \/>\n\t<meta property=\"og:image:type\" content=\"image\/jpeg\" \/>\n<meta name=\"author\" content=\"Cole Hibry\" \/>\n<meta name=\"twitter:card\" content=\"summary_large_image\" \/>\n<meta name=\"twitter:creator\" content=\"@covincennes\" \/>\n<meta name=\"twitter:site\" content=\"@covincennes\" \/>\n<meta name=\"twitter:label1\" content=\"\u00c9crit par\" \/>\n\t<meta name=\"twitter:data1\" content=\"Cole Hibry\" \/>\n\t<meta name=\"twitter:label2\" content=\"Dur\u00e9e de lecture estim\u00e9e\" \/>\n\t<meta name=\"twitter:data2\" content=\"2 minutes\" \/>\n<script type=\"application\/ld+json\" class=\"yoast-schema-graph\">{\"@context\":\"https:\/\/schema.org\",\"@graph\":[{\"@type\":\"Article\",\"@id\":\"https:\/\/covincennes.com\/index.php\/2020\/10\/06\/lexploit-du-cov-en-coupe-de-france\/#article\",\"isPartOf\":{\"@id\":\"https:\/\/covincennes.com\/index.php\/2020\/10\/06\/lexploit-du-cov-en-coupe-de-france\/\"},\"author\":{\"name\":\"Cole Hibry\",\"@id\":\"https:\/\/covincennes.com\/#\/schema\/person\/eb881824360af01aa016999e439303fe\"},\"headline\":\"Exploit du COV en Coupe de France !\",\"datePublished\":\"2020-10-05T23:53:37+00:00\",\"dateModified\":\"2020-10-20T22:45:18+00:00\",\"mainEntityOfPage\":{\"@id\":\"https:\/\/covincennes.com\/index.php\/2020\/10\/06\/lexploit-du-cov-en-coupe-de-france\/\"},\"wordCount\":409,\"commentCount\":0,\"publisher\":{\"@id\":\"https:\/\/covincennes.com\/#organization\"},\"inLanguage\":\"fr-FR\",\"potentialAction\":[{\"@type\":\"CommentAction\",\"name\":\"Comment\",\"target\":[\"https:\/\/covincennes.com\/index.php\/2020\/10\/06\/lexploit-du-cov-en-coupe-de-france\/#respond\"]}]},{\"@type\":\"WebPage\",\"@id\":\"https:\/\/covincennes.com\/index.php\/2020\/10\/06\/lexploit-du-cov-en-coupe-de-france\/\",\"url\":\"https:\/\/covincennes.com\/index.php\/2020\/10\/06\/lexploit-du-cov-en-coupe-de-france\/\",\"name\":\"Exploit du COV en Coupe de France ! - CO Vincennes\",\"isPartOf\":{\"@id\":\"https:\/\/covincennes.com\/#website\"},\"datePublished\":\"2020-10-05T23:53:37+00:00\",\"dateModified\":\"2020-10-20T22:45:18+00:00\",\"breadcrumb\":{\"@id\":\"https:\/\/covincennes.com\/index.php\/2020\/10\/06\/lexploit-du-cov-en-coupe-de-france\/#breadcrumb\"},\"inLanguage\":\"fr-FR\",\"potentialAction\":[{\"@type\":\"ReadAction\",\"target\":[\"https:\/\/covincennes.com\/index.php\/2020\/10\/06\/lexploit-du-cov-en-coupe-de-france\/\"]}]},{\"@type\":\"BreadcrumbList\",\"@id\":\"https:\/\/covincennes.com\/index.php\/2020\/10\/06\/lexploit-du-cov-en-coupe-de-france\/#breadcrumb\",\"itemListElement\":[{\"@type\":\"ListItem\",\"position\":1,\"name\":\"Accueil\",\"item\":\"https:\/\/covincennes.com\/\"},{\"@type\":\"ListItem\",\"position\":2,\"name\":\"Exploit du COV en Coupe de France !\"}]},{\"@type\":\"WebSite\",\"@id\":\"https:\/\/covincennes.com\/#website\",\"url\":\"https:\/\/covincennes.com\/\",\"name\":\"CO Vincennes\",\"description\":\"Un site utilisant WordPress\",\"publisher\":{\"@id\":\"https:\/\/covincennes.com\/#organization\"},\"potentialAction\":[{\"@type\":\"SearchAction\",\"target\":{\"@type\":\"EntryPoint\",\"urlTemplate\":\"https:\/\/covincennes.com\/?s={search_term_string}\"},\"query-input\":\"required name=search_term_string\"}],\"inLanguage\":\"fr-FR\"},{\"@type\":\"Organization\",\"@id\":\"https:\/\/covincennes.com\/#organization\",\"name\":\"CO Vincennes\",\"url\":\"https:\/\/covincennes.com\/\",\"sameAs\":[\"https:\/\/www.facebook.com\/CO-VINCENNES-la-page-officielle-136021893155921\/\",\"https:\/\/twitter.com\/covincennes\"],\"logo\":{\"@type\":\"ImageObject\",\"inLanguage\":\"fr-FR\",\"@id\":\"https:\/\/covincennes.com\/#\/schema\/logo\/image\/\",\"url\":\"https:\/\/covincennes.com\/wp-content\/uploads\/2019\/11\/logo-cov-png.png\",\"contentUrl\":\"https:\/\/covincennes.com\/wp-content\/uploads\/2019\/11\/logo-cov-png.png\",\"width\":495,\"height\":497,\"caption\":\"CO Vincennes\"},\"image\":{\"@id\":\"https:\/\/covincennes.com\/#\/schema\/logo\/image\/\"}},{\"@type\":\"Person\",\"@id\":\"https:\/\/covincennes.com\/#\/schema\/person\/eb881824360af01aa016999e439303fe\",\"name\":\"Cole Hibry\",\"image\":{\"@type\":\"ImageObject\",\"inLanguage\":\"fr-FR\",\"@id\":\"https:\/\/covincennes.com\/#\/schema\/person\/image\/\",\"url\":\"https:\/\/secure.gravatar.com\/avatar\/fdd68f914853e79675161dab52794fbe213aaa71837a3f83ab5d0669e81bb866?s=96&d=mm&r=g\",\"contentUrl\":\"https:\/\/secure.gravatar.com\/avatar\/fdd68f914853e79675161dab52794fbe213aaa71837a3f83ab5d0669e81bb866?s=96&d=mm&r=g\",\"caption\":\"Cole Hibry\"},\"url\":\"https:\/\/covincennes.com\/index.php\/author\/chevit-frederic\/\"}]}<\/script>\n<!-- \/ Yoast SEO plugin. -->","yoast_head_json":{"title":"Exploit du COV en Coupe de France ! - CO Vincennes","robots":{"index":"index","follow":"follow","max-snippet":"max-snippet:-1","max-image-preview":"max-image-preview:large","max-video-preview":"max-video-preview:-1"},"canonical":"https:\/\/covincennes.com\/index.php\/2020\/10\/06\/lexploit-du-cov-en-coupe-de-france\/","og_locale":"fr_FR","og_type":"article","og_title":"Exploit du COV en Coupe de France ! - CO Vincennes","og_description":"Ne nous y trompons pas : c&rsquo;est un v\u00e9ritable exploit que le COV a r\u00e9alis\u00e9 en Coupe de France. Les Vincennois ne partaient pas favoris face au leader de National 3, Aubervilliers. Un leader qui justifiait pleinement sa position en menant 3-1 apr\u00e8s une demi-heure de jeu. On ne donnait pas cher, alors, des chances [&hellip;]","og_url":"https:\/\/covincennes.com\/index.php\/2020\/10\/06\/lexploit-du-cov-en-coupe-de-france\/","og_site_name":"CO Vincennes","article_publisher":"https:\/\/www.facebook.com\/CO-VINCENNES-la-page-officielle-136021893155921\/","article_published_time":"2020-10-05T23:53:37+00:00","article_modified_time":"2020-10-20T22:45:18+00:00","og_image":[{"width":740,"height":410,"url":"https:\/\/covincennes.com\/wp-content\/uploads\/2020\/10\/Tir-au-but-dAlassane-1.jpg","type":"image\/jpeg"}],"author":"Cole Hibry","twitter_card":"summary_large_image","twitter_creator":"@covincennes","twitter_site":"@covincennes","twitter_misc":{"\u00c9crit par":"Cole Hibry","Dur\u00e9e de lecture estim\u00e9e":"2 minutes"},"schema":{"@context":"https:\/\/schema.org","@graph":[{"@type":"Article","@id":"https:\/\/covincennes.com\/index.php\/2020\/10\/06\/lexploit-du-cov-en-coupe-de-france\/#article","isPartOf":{"@id":"https:\/\/covincennes.com\/index.php\/2020\/10\/06\/lexploit-du-cov-en-coupe-de-france\/"},"author":{"name":"Cole Hibry","@id":"https:\/\/covincennes.com\/#\/schema\/person\/eb881824360af01aa016999e439303fe"},"headline":"Exploit du COV en Coupe de France !","datePublished":"2020-10-05T23:53:37+00:00","dateModified":"2020-10-20T22:45:18+00:00","mainEntityOfPage":{"@id":"https:\/\/covincennes.com\/index.php\/2020\/10\/06\/lexploit-du-cov-en-coupe-de-france\/"},"wordCount":409,"commentCount":0,"publisher":{"@id":"https:\/\/covincennes.com\/#organization"},"inLanguage":"fr-FR","potentialAction":[{"@type":"CommentAction","name":"Comment","target":["https:\/\/covincennes.com\/index.php\/2020\/10\/06\/lexploit-du-cov-en-coupe-de-france\/#respond"]}]},{"@type":"WebPage","@id":"https:\/\/covincennes.com\/index.php\/2020\/10\/06\/lexploit-du-cov-en-coupe-de-france\/","url":"https:\/\/covincennes.com\/index.php\/2020\/10\/06\/lexploit-du-cov-en-coupe-de-france\/","name":"Exploit du COV en Coupe de France ! - CO Vincennes","isPartOf":{"@id":"https:\/\/covincennes.com\/#website"},"datePublished":"2020-10-05T23:53:37+00:00","dateModified":"2020-10-20T22:45:18+00:00","breadcrumb":{"@id":"https:\/\/covincennes.com\/index.php\/2020\/10\/06\/lexploit-du-cov-en-coupe-de-france\/#breadcrumb"},"inLanguage":"fr-FR","potentialAction":[{"@type":"ReadAction","target":["https:\/\/covincennes.com\/index.php\/2020\/10\/06\/lexploit-du-cov-en-coupe-de-france\/"]}]},{"@type":"BreadcrumbList","@id":"https:\/\/covincennes.com\/index.php\/2020\/10\/06\/lexploit-du-cov-en-coupe-de-france\/#breadcrumb","itemListElement":[{"@type":"ListItem","position":1,"name":"Accueil","item":"https:\/\/covincennes.com\/"},{"@type":"ListItem","position":2,"name":"Exploit du COV en Coupe de France !"}]},{"@type":"WebSite","@id":"https:\/\/covincennes.com\/#website","url":"https:\/\/covincennes.com\/","name":"CO Vincennes","description":"Un site utilisant WordPress","publisher":{"@id":"https:\/\/covincennes.com\/#organization"},"potentialAction":[{"@type":"SearchAction","target":{"@type":"EntryPoint","urlTemplate":"https:\/\/covincennes.com\/?s={search_term_string}"},"query-input":"required name=search_term_string"}],"inLanguage":"fr-FR"},{"@type":"Organization","@id":"https:\/\/covincennes.com\/#organization","name":"CO Vincennes","url":"https:\/\/covincennes.com\/","sameAs":["https:\/\/www.facebook.com\/CO-VINCENNES-la-page-officielle-136021893155921\/","https:\/\/twitter.com\/covincennes"],"logo":{"@type":"ImageObject","inLanguage":"fr-FR","@id":"https:\/\/covincennes.com\/#\/schema\/logo\/image\/","url":"https:\/\/covincennes.com\/wp-content\/uploads\/2019\/11\/logo-cov-png.png","contentUrl":"https:\/\/covincennes.com\/wp-content\/uploads\/2019\/11\/logo-cov-png.png","width":495,"height":497,"caption":"CO Vincennes"},"image":{"@id":"https:\/\/covincennes.com\/#\/schema\/logo\/image\/"}},{"@type":"Person","@id":"https:\/\/covincennes.com\/#\/schema\/person\/eb881824360af01aa016999e439303fe","name":"Cole Hibry","image":{"@type":"ImageObject","inLanguage":"fr-FR","@id":"https:\/\/covincennes.com\/#\/schema\/person\/image\/","url":"https:\/\/secure.gravatar.com\/avatar\/fdd68f914853e79675161dab52794fbe213aaa71837a3f83ab5d0669e81bb866?s=96&d=mm&r=g","contentUrl":"https:\/\/secure.gravatar.com\/avatar\/fdd68f914853e79675161dab52794fbe213aaa71837a3f83ab5d0669e81bb866?s=96&d=mm&r=g","caption":"Cole Hibry"},"url":"https:\/\/covincennes.com\/index.php\/author\/chevit-frederic\/"}]}},"_links":{"self":[{"href":"https:\/\/covincennes.com\/index.php\/wp-json\/wp\/v2\/posts\/2671","targetHints":{"allow":["GET"]}}],"collection":[{"href":"https:\/\/covincennes.com\/index.php\/wp-json\/wp\/v2\/posts"}],"about":[{"href":"https:\/\/covincennes.com\/index.php\/wp-json\/wp\/v2\/types\/post"}],"author":[{"embeddable":true,"href":"https:\/\/covincennes.com\/index.php\/wp-json\/wp\/v2\/users\/2"}],"replies":[{"embeddable":true,"href":"https:\/\/covincennes.com\/index.php\/wp-json\/wp\/v2\/comments?post=2671"}],"version-history":[{"count":3,"href":"https:\/\/covincennes.com\/index.php\/wp-json\/wp\/v2\/posts\/2671\/revisions"}],"predecessor-version":[{"id":2677,"href":"https:\/\/covincennes.com\/index.php\/wp-json\/wp\/v2\/posts\/2671\/revisions\/2677"}],"wp:featuredmedia":[{"embeddable":true,"href":"https:\/\/covincennes.com\/index.php\/wp-json\/wp\/v2\/media\/2675"}],"wp:attachment":[{"href":"https:\/\/covincennes.com\/index.php\/wp-json\/wp\/v2\/media?parent=2671"}],"wp:term":[{"taxonomy":"category","embeddable":true,"href":"https:\/\/covincennes.com\/index.php\/wp-json\/wp\/v2\/categories?post=2671"},{"taxonomy":"post_tag","embeddable":true,"href":"https:\/\/covincennes.com\/index.php\/wp-json\/wp\/v2\/tags?post=2671"}],"curies":[{"name":"wp","href":"https:\/\/api.w.org\/{rel}","templated":true}]}}