{"id":2807,"date":"2020-11-14T00:30:47","date_gmt":"2020-11-13T23:30:47","guid":{"rendered":"https:\/\/covincennes.com\/?p=2807"},"modified":"2021-01-02T15:05:58","modified_gmt":"2021-01-02T14:05:58","slug":"le-president-du-co-vincennes-vous-ecrit","status":"publish","type":"post","link":"https:\/\/covincennes.com\/index.php\/2020\/11\/14\/le-president-du-co-vincennes-vous-ecrit\/","title":{"rendered":"Le Pr\u00e9sident du CO Vincennes vous \u00e9crit"},"content":{"rendered":"<p>Alors que le stade a, de nouveau, d\u00fb fermer ses portes depuis maintenant deux semaines, le Pr\u00e9sident du CO de Vincennes a tenu \u00e0 \u00e9crire \u00e0 tous les membres du club et \u00e0 leurs parents. Cette lettre leur a \u00e9t\u00e9 adress\u00e9 par mail, mais certains ne l&rsquo;auront peut-\u00eatre pas re\u00e7ue. Soit parce que leur adresse a \u00e9t\u00e9 mal enregistr\u00e9e, soit parce qu&rsquo;ils en ont chang\u00e9 sans nous le faire savoir, soit parce que leur bo\u00eete mail est satur\u00e9e, soit parce qu&rsquo;ils n&rsquo;ont pas d&rsquo;adresse mail. Ou peut-\u00eatre est-elle partie en \u00ab\u00a0ind\u00e9sirable\u00a0\u00bb.<\/p>\n<p>Quelle que soit la raison, afin que chacun puisse en prendre connaissance, nous la reproduisons ci-dessous. Il suffit pour la lire de cliquer sur le lien en dessous de cet article en pla\u00e7ant votre curseur sur la ligne \u00ab\u00a0Lettre aux licenci\u00e9s et \u00e0 leurs parents\u00a0\u00bb puis, si vous \u00eates concern\u00e9s, sur la ligne \u00ab\u00a0Listes des produits propos\u00e9s\u00a0\u00bb.<\/p>\n<p>En cette p\u00e9riode difficile, plus que jamais, il est primordial de garder le lien qui unit notre communaut\u00e9.<\/p>\n<p><em>Le Comit\u00e9 Directeur<\/em><\/p>\n<p><strong><span style=\"color: #0000ff;\"><a style=\"color: #0000ff;\" href=\"https:\/\/covincennes.com\/wp-content\/uploads\/2020\/11\/Lettre-aux-licencie\u0301s-et-a\u0300-leurs-parents.pdf\">Lettre aux licencie\u0301s et a\u0300 leurs parents<\/a><\/span><\/strong><\/p>\n<p><strong><span style=\"color: #0000ff;\"><a style=\"color: #0000ff;\" href=\"https:\/\/covincennes.com\/wp-content\/uploads\/2020\/11\/Listes-produits-propose\u0301s-V2.pdf\">Listes produits propose\u0301s &#8211; V2<\/a><\/span><\/strong><\/p>\n<p>&nbsp;<\/p>\n<p>&nbsp;<\/p>\n","protected":false},"excerpt":{"rendered":"<p>Alors que le stade a, de nouveau, d\u00fb fermer ses portes depuis maintenant deux semaines, le Pr\u00e9sident du CO de Vincennes a tenu \u00e0 \u00e9crire \u00e0 tous les membres du club et \u00e0 leurs parents. Cette lettre leur a \u00e9t\u00e9 adress\u00e9 par mail, mais certains ne l&rsquo;auront peut-\u00eatre pas re\u00e7ue. Soit parce que leur adresse [&hellip;]<\/p>\n","protected":false},"author":2,"featured_media":2809,"comment_status":"open","ping_status":"open","sticky":false,"template":"","format":"standard","meta":{"_monsterinsights_skip_tracking":false,"_monsterinsights_sitenote_active":false,"_monsterinsights_sitenote_note":"","_monsterinsights_sitenote_category":0,"footnotes":""},"categories":[1],"tags":[],"class_list":["post-2807","post","type-post","status-publish","format-standard","has-post-thumbnail","hentry","category-non-classe","entry","has-media"],"yoast_head":"<!-- This site is optimized with the Yoast SEO plugin v19.6.1 - https:\/\/yoast.com\/wordpress\/plugins\/seo\/ -->\n<title>Le Pr\u00e9sident du CO Vincennes vous \u00e9crit - CO Vincennes<\/title>\n<meta name=\"robots\" content=\"index, follow, max-snippet:-1, max-image-preview:large, max-video-preview:-1\" \/>\n<link rel=\"canonical\" href=\"https:\/\/covincennes.com\/index.php\/2020\/11\/14\/le-president-du-co-vincennes-vous-ecrit\/\" \/>\n<meta property=\"og:locale\" content=\"fr_FR\" \/>\n<meta property=\"og:type\" content=\"article\" \/>\n<meta property=\"og:title\" content=\"Le Pr\u00e9sident du CO Vincennes vous \u00e9crit - CO Vincennes\" \/>\n<meta property=\"og:description\" content=\"Alors que le stade a, de nouveau, d\u00fb fermer ses portes depuis maintenant deux semaines, le Pr\u00e9sident du CO de Vincennes a tenu \u00e0 \u00e9crire \u00e0 tous les membres du club et \u00e0 leurs parents. Cette lettre leur a \u00e9t\u00e9 adress\u00e9 par mail, mais certains ne l&rsquo;auront peut-\u00eatre pas re\u00e7ue. Soit parce que leur adresse [&hellip;]\" \/>\n<meta property=\"og:url\" content=\"https:\/\/covincennes.com\/index.php\/2020\/11\/14\/le-president-du-co-vincennes-vous-ecrit\/\" \/>\n<meta property=\"og:site_name\" content=\"CO Vincennes\" \/>\n<meta property=\"article:publisher\" content=\"https:\/\/www.facebook.com\/CO-VINCENNES-la-page-officielle-136021893155921\/\" \/>\n<meta property=\"article:published_time\" content=\"2020-11-13T23:30:47+00:00\" \/>\n<meta property=\"article:modified_time\" content=\"2021-01-02T14:05:58+00:00\" \/>\n<meta property=\"og:image\" content=\"https:\/\/covincennes.com\/wp-content\/uploads\/2020\/11\/Lettres-aux-licencie\u0301s.jpg\" \/>\n\t<meta property=\"og:image:width\" content=\"740\" \/>\n\t<meta property=\"og:image:height\" content=\"410\" \/>\n\t<meta property=\"og:image:type\" content=\"image\/jpeg\" \/>\n<meta name=\"author\" content=\"Cole Hibry\" \/>\n<meta name=\"twitter:card\" content=\"summary_large_image\" \/>\n<meta name=\"twitter:creator\" content=\"@covincennes\" \/>\n<meta name=\"twitter:site\" content=\"@covincennes\" \/>\n<meta name=\"twitter:label1\" content=\"\u00c9crit par\" \/>\n\t<meta name=\"twitter:data1\" content=\"Cole Hibry\" \/>\n\t<meta name=\"twitter:label2\" content=\"Dur\u00e9e de lecture estim\u00e9e\" \/>\n\t<meta name=\"twitter:data2\" content=\"1 minute\" \/>\n<script type=\"application\/ld+json\" class=\"yoast-schema-graph\">{\"@context\":\"https:\/\/schema.org\",\"@graph\":[{\"@type\":\"Article\",\"@id\":\"https:\/\/covincennes.com\/index.php\/2020\/11\/14\/le-president-du-co-vincennes-vous-ecrit\/#article\",\"isPartOf\":{\"@id\":\"https:\/\/covincennes.com\/index.php\/2020\/11\/14\/le-president-du-co-vincennes-vous-ecrit\/\"},\"author\":{\"name\":\"Cole Hibry\",\"@id\":\"https:\/\/covincennes.com\/#\/schema\/person\/eb881824360af01aa016999e439303fe\"},\"headline\":\"Le Pr\u00e9sident du CO Vincennes vous \u00e9crit\",\"datePublished\":\"2020-11-13T23:30:47+00:00\",\"dateModified\":\"2021-01-02T14:05:58+00:00\",\"mainEntityOfPage\":{\"@id\":\"https:\/\/covincennes.com\/index.php\/2020\/11\/14\/le-president-du-co-vincennes-vous-ecrit\/\"},\"wordCount\":202,\"commentCount\":0,\"publisher\":{\"@id\":\"https:\/\/covincennes.com\/#organization\"},\"inLanguage\":\"fr-FR\",\"potentialAction\":[{\"@type\":\"CommentAction\",\"name\":\"Comment\",\"target\":[\"https:\/\/covincennes.com\/index.php\/2020\/11\/14\/le-president-du-co-vincennes-vous-ecrit\/#respond\"]}]},{\"@type\":\"WebPage\",\"@id\":\"https:\/\/covincennes.com\/index.php\/2020\/11\/14\/le-president-du-co-vincennes-vous-ecrit\/\",\"url\":\"https:\/\/covincennes.com\/index.php\/2020\/11\/14\/le-president-du-co-vincennes-vous-ecrit\/\",\"name\":\"Le Pr\u00e9sident du CO Vincennes vous \u00e9crit - CO Vincennes\",\"isPartOf\":{\"@id\":\"https:\/\/covincennes.com\/#website\"},\"datePublished\":\"2020-11-13T23:30:47+00:00\",\"dateModified\":\"2021-01-02T14:05:58+00:00\",\"breadcrumb\":{\"@id\":\"https:\/\/covincennes.com\/index.php\/2020\/11\/14\/le-president-du-co-vincennes-vous-ecrit\/#breadcrumb\"},\"inLanguage\":\"fr-FR\",\"potentialAction\":[{\"@type\":\"ReadAction\",\"target\":[\"https:\/\/covincennes.com\/index.php\/2020\/11\/14\/le-president-du-co-vincennes-vous-ecrit\/\"]}]},{\"@type\":\"BreadcrumbList\",\"@id\":\"https:\/\/covincennes.com\/index.php\/2020\/11\/14\/le-president-du-co-vincennes-vous-ecrit\/#breadcrumb\",\"itemListElement\":[{\"@type\":\"ListItem\",\"position\":1,\"name\":\"Accueil\",\"item\":\"https:\/\/covincennes.com\/\"},{\"@type\":\"ListItem\",\"position\":2,\"name\":\"Le Pr\u00e9sident du CO Vincennes vous \u00e9crit\"}]},{\"@type\":\"WebSite\",\"@id\":\"https:\/\/covincennes.com\/#website\",\"url\":\"https:\/\/covincennes.com\/\",\"name\":\"CO Vincennes\",\"description\":\"Un site utilisant WordPress\",\"publisher\":{\"@id\":\"https:\/\/covincennes.com\/#organization\"},\"potentialAction\":[{\"@type\":\"SearchAction\",\"target\":{\"@type\":\"EntryPoint\",\"urlTemplate\":\"https:\/\/covincennes.com\/?s={search_term_string}\"},\"query-input\":\"required name=search_term_string\"}],\"inLanguage\":\"fr-FR\"},{\"@type\":\"Organization\",\"@id\":\"https:\/\/covincennes.com\/#organization\",\"name\":\"CO Vincennes\",\"url\":\"https:\/\/covincennes.com\/\",\"sameAs\":[\"https:\/\/www.facebook.com\/CO-VINCENNES-la-page-officielle-136021893155921\/\",\"https:\/\/twitter.com\/covincennes\"],\"logo\":{\"@type\":\"ImageObject\",\"inLanguage\":\"fr-FR\",\"@id\":\"https:\/\/covincennes.com\/#\/schema\/logo\/image\/\",\"url\":\"https:\/\/covincennes.com\/wp-content\/uploads\/2019\/11\/logo-cov-png.png\",\"contentUrl\":\"https:\/\/covincennes.com\/wp-content\/uploads\/2019\/11\/logo-cov-png.png\",\"width\":495,\"height\":497,\"caption\":\"CO Vincennes\"},\"image\":{\"@id\":\"https:\/\/covincennes.com\/#\/schema\/logo\/image\/\"}},{\"@type\":\"Person\",\"@id\":\"https:\/\/covincennes.com\/#\/schema\/person\/eb881824360af01aa016999e439303fe\",\"name\":\"Cole Hibry\",\"image\":{\"@type\":\"ImageObject\",\"inLanguage\":\"fr-FR\",\"@id\":\"https:\/\/covincennes.com\/#\/schema\/person\/image\/\",\"url\":\"https:\/\/secure.gravatar.com\/avatar\/fdd68f914853e79675161dab52794fbe213aaa71837a3f83ab5d0669e81bb866?s=96&d=mm&r=g\",\"contentUrl\":\"https:\/\/secure.gravatar.com\/avatar\/fdd68f914853e79675161dab52794fbe213aaa71837a3f83ab5d0669e81bb866?s=96&d=mm&r=g\",\"caption\":\"Cole Hibry\"},\"url\":\"https:\/\/covincennes.com\/index.php\/author\/chevit-frederic\/\"}]}<\/script>\n<!-- \/ Yoast SEO plugin. -->","yoast_head_json":{"title":"Le Pr\u00e9sident du CO Vincennes vous \u00e9crit - CO Vincennes","robots":{"index":"index","follow":"follow","max-snippet":"max-snippet:-1","max-image-preview":"max-image-preview:large","max-video-preview":"max-video-preview:-1"},"canonical":"https:\/\/covincennes.com\/index.php\/2020\/11\/14\/le-president-du-co-vincennes-vous-ecrit\/","og_locale":"fr_FR","og_type":"article","og_title":"Le Pr\u00e9sident du CO Vincennes vous \u00e9crit - CO Vincennes","og_description":"Alors que le stade a, de nouveau, d\u00fb fermer ses portes depuis maintenant deux semaines, le Pr\u00e9sident du CO de Vincennes a tenu \u00e0 \u00e9crire \u00e0 tous les membres du club et \u00e0 leurs parents. Cette lettre leur a \u00e9t\u00e9 adress\u00e9 par mail, mais certains ne l&rsquo;auront peut-\u00eatre pas re\u00e7ue. Soit parce que leur adresse [&hellip;]","og_url":"https:\/\/covincennes.com\/index.php\/2020\/11\/14\/le-president-du-co-vincennes-vous-ecrit\/","og_site_name":"CO Vincennes","article_publisher":"https:\/\/www.facebook.com\/CO-VINCENNES-la-page-officielle-136021893155921\/","article_published_time":"2020-11-13T23:30:47+00:00","article_modified_time":"2021-01-02T14:05:58+00:00","og_image":[{"width":740,"height":410,"url":"https:\/\/covincennes.com\/wp-content\/uploads\/2020\/11\/Lettres-aux-licencie\u0301s.jpg","type":"image\/jpeg"}],"author":"Cole Hibry","twitter_card":"summary_large_image","twitter_creator":"@covincennes","twitter_site":"@covincennes","twitter_misc":{"\u00c9crit par":"Cole Hibry","Dur\u00e9e de lecture estim\u00e9e":"1 minute"},"schema":{"@context":"https:\/\/schema.org","@graph":[{"@type":"Article","@id":"https:\/\/covincennes.com\/index.php\/2020\/11\/14\/le-president-du-co-vincennes-vous-ecrit\/#article","isPartOf":{"@id":"https:\/\/covincennes.com\/index.php\/2020\/11\/14\/le-president-du-co-vincennes-vous-ecrit\/"},"author":{"name":"Cole Hibry","@id":"https:\/\/covincennes.com\/#\/schema\/person\/eb881824360af01aa016999e439303fe"},"headline":"Le Pr\u00e9sident du CO Vincennes vous \u00e9crit","datePublished":"2020-11-13T23:30:47+00:00","dateModified":"2021-01-02T14:05:58+00:00","mainEntityOfPage":{"@id":"https:\/\/covincennes.com\/index.php\/2020\/11\/14\/le-president-du-co-vincennes-vous-ecrit\/"},"wordCount":202,"commentCount":0,"publisher":{"@id":"https:\/\/covincennes.com\/#organization"},"inLanguage":"fr-FR","potentialAction":[{"@type":"CommentAction","name":"Comment","target":["https:\/\/covincennes.com\/index.php\/2020\/11\/14\/le-president-du-co-vincennes-vous-ecrit\/#respond"]}]},{"@type":"WebPage","@id":"https:\/\/covincennes.com\/index.php\/2020\/11\/14\/le-president-du-co-vincennes-vous-ecrit\/","url":"https:\/\/covincennes.com\/index.php\/2020\/11\/14\/le-president-du-co-vincennes-vous-ecrit\/","name":"Le Pr\u00e9sident du CO Vincennes vous \u00e9crit - CO Vincennes","isPartOf":{"@id":"https:\/\/covincennes.com\/#website"},"datePublished":"2020-11-13T23:30:47+00:00","dateModified":"2021-01-02T14:05:58+00:00","breadcrumb":{"@id":"https:\/\/covincennes.com\/index.php\/2020\/11\/14\/le-president-du-co-vincennes-vous-ecrit\/#breadcrumb"},"inLanguage":"fr-FR","potentialAction":[{"@type":"ReadAction","target":["https:\/\/covincennes.com\/index.php\/2020\/11\/14\/le-president-du-co-vincennes-vous-ecrit\/"]}]},{"@type":"BreadcrumbList","@id":"https:\/\/covincennes.com\/index.php\/2020\/11\/14\/le-president-du-co-vincennes-vous-ecrit\/#breadcrumb","itemListElement":[{"@type":"ListItem","position":1,"name":"Accueil","item":"https:\/\/covincennes.com\/"},{"@type":"ListItem","position":2,"name":"Le Pr\u00e9sident du CO Vincennes vous \u00e9crit"}]},{"@type":"WebSite","@id":"https:\/\/covincennes.com\/#website","url":"https:\/\/covincennes.com\/","name":"CO Vincennes","description":"Un site utilisant WordPress","publisher":{"@id":"https:\/\/covincennes.com\/#organization"},"potentialAction":[{"@type":"SearchAction","target":{"@type":"EntryPoint","urlTemplate":"https:\/\/covincennes.com\/?s={search_term_string}"},"query-input":"required name=search_term_string"}],"inLanguage":"fr-FR"},{"@type":"Organization","@id":"https:\/\/covincennes.com\/#organization","name":"CO Vincennes","url":"https:\/\/covincennes.com\/","sameAs":["https:\/\/www.facebook.com\/CO-VINCENNES-la-page-officielle-136021893155921\/","https:\/\/twitter.com\/covincennes"],"logo":{"@type":"ImageObject","inLanguage":"fr-FR","@id":"https:\/\/covincennes.com\/#\/schema\/logo\/image\/","url":"https:\/\/covincennes.com\/wp-content\/uploads\/2019\/11\/logo-cov-png.png","contentUrl":"https:\/\/covincennes.com\/wp-content\/uploads\/2019\/11\/logo-cov-png.png","width":495,"height":497,"caption":"CO Vincennes"},"image":{"@id":"https:\/\/covincennes.com\/#\/schema\/logo\/image\/"}},{"@type":"Person","@id":"https:\/\/covincennes.com\/#\/schema\/person\/eb881824360af01aa016999e439303fe","name":"Cole Hibry","image":{"@type":"ImageObject","inLanguage":"fr-FR","@id":"https:\/\/covincennes.com\/#\/schema\/person\/image\/","url":"https:\/\/secure.gravatar.com\/avatar\/fdd68f914853e79675161dab52794fbe213aaa71837a3f83ab5d0669e81bb866?s=96&d=mm&r=g","contentUrl":"https:\/\/secure.gravatar.com\/avatar\/fdd68f914853e79675161dab52794fbe213aaa71837a3f83ab5d0669e81bb866?s=96&d=mm&r=g","caption":"Cole Hibry"},"url":"https:\/\/covincennes.com\/index.php\/author\/chevit-frederic\/"}]}},"_links":{"self":[{"href":"https:\/\/covincennes.com\/index.php\/wp-json\/wp\/v2\/posts\/2807","targetHints":{"allow":["GET"]}}],"collection":[{"href":"https:\/\/covincennes.com\/index.php\/wp-json\/wp\/v2\/posts"}],"about":[{"href":"https:\/\/covincennes.com\/index.php\/wp-json\/wp\/v2\/types\/post"}],"author":[{"embeddable":true,"href":"https:\/\/covincennes.com\/index.php\/wp-json\/wp\/v2\/users\/2"}],"replies":[{"embeddable":true,"href":"https:\/\/covincennes.com\/index.php\/wp-json\/wp\/v2\/comments?post=2807"}],"version-history":[{"count":4,"href":"https:\/\/covincennes.com\/index.php\/wp-json\/wp\/v2\/posts\/2807\/revisions"}],"predecessor-version":[{"id":2829,"href":"https:\/\/covincennes.com\/index.php\/wp-json\/wp\/v2\/posts\/2807\/revisions\/2829"}],"wp:featuredmedia":[{"embeddable":true,"href":"https:\/\/covincennes.com\/index.php\/wp-json\/wp\/v2\/media\/2809"}],"wp:attachment":[{"href":"https:\/\/covincennes.com\/index.php\/wp-json\/wp\/v2\/media?parent=2807"}],"wp:term":[{"taxonomy":"category","embeddable":true,"href":"https:\/\/covincennes.com\/index.php\/wp-json\/wp\/v2\/categories?post=2807"},{"taxonomy":"post_tag","embeddable":true,"href":"https:\/\/covincennes.com\/index.php\/wp-json\/wp\/v2\/tags?post=2807"}],"curies":[{"name":"wp","href":"https:\/\/api.w.org\/{rel}","templated":true}]}}