{"id":2816,"date":"2020-11-14T00:48:22","date_gmt":"2020-11-13T23:48:22","guid":{"rendered":"https:\/\/covincennes.com\/?p=2816"},"modified":"2021-01-16T12:29:43","modified_gmt":"2021-01-16T11:29:43","slug":"le-cov-distingue-par-le-district-du-val-de-marne","status":"publish","type":"post","link":"https:\/\/covincennes.com\/index.php\/2020\/11\/14\/le-cov-distingue-par-le-district-du-val-de-marne\/","title":{"rendered":"Le COV distingu\u00e9 par le District du Val-de-Marne"},"content":{"rendered":"<p>C&rsquo;est \u00e0 l&rsquo;occasion de l&rsquo;Assembl\u00e9e G\u00e9n\u00e9rale du District du Val-de-Marne que les clubs les plus m\u00e9ritants du d\u00e9partement sont distingu\u00e9s. Cette ann\u00e9e, nous avons eu la bonne surprise et le grand honneur de recevoir le \u00ab\u00a0Challenge du Club Dynamique\u00a0\u00bb, r\u00e9compense prestigieuse qui nous procure joie et fiert\u00e9.<\/p>\n<p>Merci \u00e0 Thierry Mercier, Pr\u00e9sident du District depuis seize ans et qui n&rsquo;a pas sollicit\u00e9 un nouveau mandat, ainsi qu&rsquo;\u00e0 son Comit\u00e9 Directeur, d&rsquo;avoir ainsi soulign\u00e9 la qualit\u00e9 du travail effectu\u00e9 au COV. Nous en profitons pour saluer son successeur, Denis Turck, lequel prend avec son \u00e9quipe la t\u00eate du District dans une p\u00e9riode particuli\u00e8rement difficile. Ils peuvent compter sur nous pour les soutenir dans leur t\u00e2che et pour continuer \u00e0 oeuvrer \u00e0 leurs c\u00f4t\u00e9s pour le rayonnement du football val-de-marnais.<\/p>\n","protected":false},"excerpt":{"rendered":"<p>C&rsquo;est \u00e0 l&rsquo;occasion de l&rsquo;Assembl\u00e9e G\u00e9n\u00e9rale du District du Val-de-Marne que les clubs les plus m\u00e9ritants du d\u00e9partement sont distingu\u00e9s. Cette ann\u00e9e, nous avons eu la bonne surprise et le grand honneur de recevoir le \u00ab\u00a0Challenge du Club Dynamique\u00a0\u00bb, r\u00e9compense prestigieuse qui nous procure joie et fiert\u00e9. Merci \u00e0 Thierry Mercier, Pr\u00e9sident du District depuis [&hellip;]<\/p>\n","protected":false},"author":2,"featured_media":2817,"comment_status":"open","ping_status":"open","sticky":false,"template":"","format":"standard","meta":{"_monsterinsights_skip_tracking":false,"_monsterinsights_sitenote_active":false,"_monsterinsights_sitenote_note":"","_monsterinsights_sitenote_category":0,"footnotes":""},"categories":[1],"tags":[],"class_list":["post-2816","post","type-post","status-publish","format-standard","has-post-thumbnail","hentry","category-non-classe","entry","has-media"],"yoast_head":"<!-- This site is optimized with the Yoast SEO plugin v19.6.1 - https:\/\/yoast.com\/wordpress\/plugins\/seo\/ -->\n<title>Le COV distingu\u00e9 par le District du Val-de-Marne - CO Vincennes<\/title>\n<meta name=\"robots\" content=\"index, follow, max-snippet:-1, max-image-preview:large, max-video-preview:-1\" \/>\n<link rel=\"canonical\" href=\"https:\/\/covincennes.com\/index.php\/2020\/11\/14\/le-cov-distingue-par-le-district-du-val-de-marne\/\" \/>\n<meta property=\"og:locale\" content=\"fr_FR\" \/>\n<meta property=\"og:type\" content=\"article\" \/>\n<meta property=\"og:title\" content=\"Le COV distingu\u00e9 par le District du Val-de-Marne - CO Vincennes\" \/>\n<meta property=\"og:description\" content=\"C&rsquo;est \u00e0 l&rsquo;occasion de l&rsquo;Assembl\u00e9e G\u00e9n\u00e9rale du District du Val-de-Marne que les clubs les plus m\u00e9ritants du d\u00e9partement sont distingu\u00e9s. Cette ann\u00e9e, nous avons eu la bonne surprise et le grand honneur de recevoir le \u00ab\u00a0Challenge du Club Dynamique\u00a0\u00bb, r\u00e9compense prestigieuse qui nous procure joie et fiert\u00e9. Merci \u00e0 Thierry Mercier, Pr\u00e9sident du District depuis [&hellip;]\" \/>\n<meta property=\"og:url\" content=\"https:\/\/covincennes.com\/index.php\/2020\/11\/14\/le-cov-distingue-par-le-district-du-val-de-marne\/\" \/>\n<meta property=\"og:site_name\" content=\"CO Vincennes\" \/>\n<meta property=\"article:publisher\" content=\"https:\/\/www.facebook.com\/CO-VINCENNES-la-page-officielle-136021893155921\/\" \/>\n<meta property=\"article:published_time\" content=\"2020-11-13T23:48:22+00:00\" \/>\n<meta property=\"article:modified_time\" content=\"2021-01-16T11:29:43+00:00\" \/>\n<meta property=\"og:image\" content=\"https:\/\/covincennes.com\/wp-content\/uploads\/2020\/11\/Challenge-Club-Dynamique.jpg\" \/>\n\t<meta property=\"og:image:width\" content=\"740\" \/>\n\t<meta property=\"og:image:height\" content=\"410\" \/>\n\t<meta property=\"og:image:type\" content=\"image\/jpeg\" \/>\n<meta name=\"author\" content=\"Cole Hibry\" \/>\n<meta name=\"twitter:card\" content=\"summary_large_image\" \/>\n<meta name=\"twitter:creator\" content=\"@covincennes\" \/>\n<meta name=\"twitter:site\" content=\"@covincennes\" \/>\n<meta name=\"twitter:label1\" content=\"\u00c9crit par\" \/>\n\t<meta name=\"twitter:data1\" content=\"Cole Hibry\" \/>\n\t<meta name=\"twitter:label2\" content=\"Dur\u00e9e de lecture estim\u00e9e\" \/>\n\t<meta name=\"twitter:data2\" content=\"1 minute\" \/>\n<script type=\"application\/ld+json\" class=\"yoast-schema-graph\">{\"@context\":\"https:\/\/schema.org\",\"@graph\":[{\"@type\":\"Article\",\"@id\":\"https:\/\/covincennes.com\/index.php\/2020\/11\/14\/le-cov-distingue-par-le-district-du-val-de-marne\/#article\",\"isPartOf\":{\"@id\":\"https:\/\/covincennes.com\/index.php\/2020\/11\/14\/le-cov-distingue-par-le-district-du-val-de-marne\/\"},\"author\":{\"name\":\"Cole Hibry\",\"@id\":\"https:\/\/covincennes.com\/#\/schema\/person\/eb881824360af01aa016999e439303fe\"},\"headline\":\"Le COV distingu\u00e9 par le District du Val-de-Marne\",\"datePublished\":\"2020-11-13T23:48:22+00:00\",\"dateModified\":\"2021-01-16T11:29:43+00:00\",\"mainEntityOfPage\":{\"@id\":\"https:\/\/covincennes.com\/index.php\/2020\/11\/14\/le-cov-distingue-par-le-district-du-val-de-marne\/\"},\"wordCount\":147,\"commentCount\":0,\"publisher\":{\"@id\":\"https:\/\/covincennes.com\/#organization\"},\"inLanguage\":\"fr-FR\",\"potentialAction\":[{\"@type\":\"CommentAction\",\"name\":\"Comment\",\"target\":[\"https:\/\/covincennes.com\/index.php\/2020\/11\/14\/le-cov-distingue-par-le-district-du-val-de-marne\/#respond\"]}]},{\"@type\":\"WebPage\",\"@id\":\"https:\/\/covincennes.com\/index.php\/2020\/11\/14\/le-cov-distingue-par-le-district-du-val-de-marne\/\",\"url\":\"https:\/\/covincennes.com\/index.php\/2020\/11\/14\/le-cov-distingue-par-le-district-du-val-de-marne\/\",\"name\":\"Le COV distingu\u00e9 par le District du Val-de-Marne - CO Vincennes\",\"isPartOf\":{\"@id\":\"https:\/\/covincennes.com\/#website\"},\"datePublished\":\"2020-11-13T23:48:22+00:00\",\"dateModified\":\"2021-01-16T11:29:43+00:00\",\"breadcrumb\":{\"@id\":\"https:\/\/covincennes.com\/index.php\/2020\/11\/14\/le-cov-distingue-par-le-district-du-val-de-marne\/#breadcrumb\"},\"inLanguage\":\"fr-FR\",\"potentialAction\":[{\"@type\":\"ReadAction\",\"target\":[\"https:\/\/covincennes.com\/index.php\/2020\/11\/14\/le-cov-distingue-par-le-district-du-val-de-marne\/\"]}]},{\"@type\":\"BreadcrumbList\",\"@id\":\"https:\/\/covincennes.com\/index.php\/2020\/11\/14\/le-cov-distingue-par-le-district-du-val-de-marne\/#breadcrumb\",\"itemListElement\":[{\"@type\":\"ListItem\",\"position\":1,\"name\":\"Accueil\",\"item\":\"https:\/\/covincennes.com\/\"},{\"@type\":\"ListItem\",\"position\":2,\"name\":\"Le COV distingu\u00e9 par le District du Val-de-Marne\"}]},{\"@type\":\"WebSite\",\"@id\":\"https:\/\/covincennes.com\/#website\",\"url\":\"https:\/\/covincennes.com\/\",\"name\":\"CO Vincennes\",\"description\":\"Un site utilisant WordPress\",\"publisher\":{\"@id\":\"https:\/\/covincennes.com\/#organization\"},\"potentialAction\":[{\"@type\":\"SearchAction\",\"target\":{\"@type\":\"EntryPoint\",\"urlTemplate\":\"https:\/\/covincennes.com\/?s={search_term_string}\"},\"query-input\":\"required name=search_term_string\"}],\"inLanguage\":\"fr-FR\"},{\"@type\":\"Organization\",\"@id\":\"https:\/\/covincennes.com\/#organization\",\"name\":\"CO Vincennes\",\"url\":\"https:\/\/covincennes.com\/\",\"sameAs\":[\"https:\/\/www.facebook.com\/CO-VINCENNES-la-page-officielle-136021893155921\/\",\"https:\/\/twitter.com\/covincennes\"],\"logo\":{\"@type\":\"ImageObject\",\"inLanguage\":\"fr-FR\",\"@id\":\"https:\/\/covincennes.com\/#\/schema\/logo\/image\/\",\"url\":\"https:\/\/covincennes.com\/wp-content\/uploads\/2019\/11\/logo-cov-png.png\",\"contentUrl\":\"https:\/\/covincennes.com\/wp-content\/uploads\/2019\/11\/logo-cov-png.png\",\"width\":495,\"height\":497,\"caption\":\"CO Vincennes\"},\"image\":{\"@id\":\"https:\/\/covincennes.com\/#\/schema\/logo\/image\/\"}},{\"@type\":\"Person\",\"@id\":\"https:\/\/covincennes.com\/#\/schema\/person\/eb881824360af01aa016999e439303fe\",\"name\":\"Cole Hibry\",\"image\":{\"@type\":\"ImageObject\",\"inLanguage\":\"fr-FR\",\"@id\":\"https:\/\/covincennes.com\/#\/schema\/person\/image\/\",\"url\":\"https:\/\/secure.gravatar.com\/avatar\/fdd68f914853e79675161dab52794fbe213aaa71837a3f83ab5d0669e81bb866?s=96&d=mm&r=g\",\"contentUrl\":\"https:\/\/secure.gravatar.com\/avatar\/fdd68f914853e79675161dab52794fbe213aaa71837a3f83ab5d0669e81bb866?s=96&d=mm&r=g\",\"caption\":\"Cole Hibry\"},\"url\":\"https:\/\/covincennes.com\/index.php\/author\/chevit-frederic\/\"}]}<\/script>\n<!-- \/ Yoast SEO plugin. -->","yoast_head_json":{"title":"Le COV distingu\u00e9 par le District du Val-de-Marne - CO Vincennes","robots":{"index":"index","follow":"follow","max-snippet":"max-snippet:-1","max-image-preview":"max-image-preview:large","max-video-preview":"max-video-preview:-1"},"canonical":"https:\/\/covincennes.com\/index.php\/2020\/11\/14\/le-cov-distingue-par-le-district-du-val-de-marne\/","og_locale":"fr_FR","og_type":"article","og_title":"Le COV distingu\u00e9 par le District du Val-de-Marne - CO Vincennes","og_description":"C&rsquo;est \u00e0 l&rsquo;occasion de l&rsquo;Assembl\u00e9e G\u00e9n\u00e9rale du District du Val-de-Marne que les clubs les plus m\u00e9ritants du d\u00e9partement sont distingu\u00e9s. Cette ann\u00e9e, nous avons eu la bonne surprise et le grand honneur de recevoir le \u00ab\u00a0Challenge du Club Dynamique\u00a0\u00bb, r\u00e9compense prestigieuse qui nous procure joie et fiert\u00e9. Merci \u00e0 Thierry Mercier, Pr\u00e9sident du District depuis [&hellip;]","og_url":"https:\/\/covincennes.com\/index.php\/2020\/11\/14\/le-cov-distingue-par-le-district-du-val-de-marne\/","og_site_name":"CO Vincennes","article_publisher":"https:\/\/www.facebook.com\/CO-VINCENNES-la-page-officielle-136021893155921\/","article_published_time":"2020-11-13T23:48:22+00:00","article_modified_time":"2021-01-16T11:29:43+00:00","og_image":[{"width":740,"height":410,"url":"https:\/\/covincennes.com\/wp-content\/uploads\/2020\/11\/Challenge-Club-Dynamique.jpg","type":"image\/jpeg"}],"author":"Cole Hibry","twitter_card":"summary_large_image","twitter_creator":"@covincennes","twitter_site":"@covincennes","twitter_misc":{"\u00c9crit par":"Cole Hibry","Dur\u00e9e de lecture estim\u00e9e":"1 minute"},"schema":{"@context":"https:\/\/schema.org","@graph":[{"@type":"Article","@id":"https:\/\/covincennes.com\/index.php\/2020\/11\/14\/le-cov-distingue-par-le-district-du-val-de-marne\/#article","isPartOf":{"@id":"https:\/\/covincennes.com\/index.php\/2020\/11\/14\/le-cov-distingue-par-le-district-du-val-de-marne\/"},"author":{"name":"Cole Hibry","@id":"https:\/\/covincennes.com\/#\/schema\/person\/eb881824360af01aa016999e439303fe"},"headline":"Le COV distingu\u00e9 par le District du Val-de-Marne","datePublished":"2020-11-13T23:48:22+00:00","dateModified":"2021-01-16T11:29:43+00:00","mainEntityOfPage":{"@id":"https:\/\/covincennes.com\/index.php\/2020\/11\/14\/le-cov-distingue-par-le-district-du-val-de-marne\/"},"wordCount":147,"commentCount":0,"publisher":{"@id":"https:\/\/covincennes.com\/#organization"},"inLanguage":"fr-FR","potentialAction":[{"@type":"CommentAction","name":"Comment","target":["https:\/\/covincennes.com\/index.php\/2020\/11\/14\/le-cov-distingue-par-le-district-du-val-de-marne\/#respond"]}]},{"@type":"WebPage","@id":"https:\/\/covincennes.com\/index.php\/2020\/11\/14\/le-cov-distingue-par-le-district-du-val-de-marne\/","url":"https:\/\/covincennes.com\/index.php\/2020\/11\/14\/le-cov-distingue-par-le-district-du-val-de-marne\/","name":"Le COV distingu\u00e9 par le District du Val-de-Marne - CO Vincennes","isPartOf":{"@id":"https:\/\/covincennes.com\/#website"},"datePublished":"2020-11-13T23:48:22+00:00","dateModified":"2021-01-16T11:29:43+00:00","breadcrumb":{"@id":"https:\/\/covincennes.com\/index.php\/2020\/11\/14\/le-cov-distingue-par-le-district-du-val-de-marne\/#breadcrumb"},"inLanguage":"fr-FR","potentialAction":[{"@type":"ReadAction","target":["https:\/\/covincennes.com\/index.php\/2020\/11\/14\/le-cov-distingue-par-le-district-du-val-de-marne\/"]}]},{"@type":"BreadcrumbList","@id":"https:\/\/covincennes.com\/index.php\/2020\/11\/14\/le-cov-distingue-par-le-district-du-val-de-marne\/#breadcrumb","itemListElement":[{"@type":"ListItem","position":1,"name":"Accueil","item":"https:\/\/covincennes.com\/"},{"@type":"ListItem","position":2,"name":"Le COV distingu\u00e9 par le District du Val-de-Marne"}]},{"@type":"WebSite","@id":"https:\/\/covincennes.com\/#website","url":"https:\/\/covincennes.com\/","name":"CO Vincennes","description":"Un site utilisant WordPress","publisher":{"@id":"https:\/\/covincennes.com\/#organization"},"potentialAction":[{"@type":"SearchAction","target":{"@type":"EntryPoint","urlTemplate":"https:\/\/covincennes.com\/?s={search_term_string}"},"query-input":"required name=search_term_string"}],"inLanguage":"fr-FR"},{"@type":"Organization","@id":"https:\/\/covincennes.com\/#organization","name":"CO Vincennes","url":"https:\/\/covincennes.com\/","sameAs":["https:\/\/www.facebook.com\/CO-VINCENNES-la-page-officielle-136021893155921\/","https:\/\/twitter.com\/covincennes"],"logo":{"@type":"ImageObject","inLanguage":"fr-FR","@id":"https:\/\/covincennes.com\/#\/schema\/logo\/image\/","url":"https:\/\/covincennes.com\/wp-content\/uploads\/2019\/11\/logo-cov-png.png","contentUrl":"https:\/\/covincennes.com\/wp-content\/uploads\/2019\/11\/logo-cov-png.png","width":495,"height":497,"caption":"CO Vincennes"},"image":{"@id":"https:\/\/covincennes.com\/#\/schema\/logo\/image\/"}},{"@type":"Person","@id":"https:\/\/covincennes.com\/#\/schema\/person\/eb881824360af01aa016999e439303fe","name":"Cole Hibry","image":{"@type":"ImageObject","inLanguage":"fr-FR","@id":"https:\/\/covincennes.com\/#\/schema\/person\/image\/","url":"https:\/\/secure.gravatar.com\/avatar\/fdd68f914853e79675161dab52794fbe213aaa71837a3f83ab5d0669e81bb866?s=96&d=mm&r=g","contentUrl":"https:\/\/secure.gravatar.com\/avatar\/fdd68f914853e79675161dab52794fbe213aaa71837a3f83ab5d0669e81bb866?s=96&d=mm&r=g","caption":"Cole Hibry"},"url":"https:\/\/covincennes.com\/index.php\/author\/chevit-frederic\/"}]}},"_links":{"self":[{"href":"https:\/\/covincennes.com\/index.php\/wp-json\/wp\/v2\/posts\/2816","targetHints":{"allow":["GET"]}}],"collection":[{"href":"https:\/\/covincennes.com\/index.php\/wp-json\/wp\/v2\/posts"}],"about":[{"href":"https:\/\/covincennes.com\/index.php\/wp-json\/wp\/v2\/types\/post"}],"author":[{"embeddable":true,"href":"https:\/\/covincennes.com\/index.php\/wp-json\/wp\/v2\/users\/2"}],"replies":[{"embeddable":true,"href":"https:\/\/covincennes.com\/index.php\/wp-json\/wp\/v2\/comments?post=2816"}],"version-history":[{"count":1,"href":"https:\/\/covincennes.com\/index.php\/wp-json\/wp\/v2\/posts\/2816\/revisions"}],"predecessor-version":[{"id":2818,"href":"https:\/\/covincennes.com\/index.php\/wp-json\/wp\/v2\/posts\/2816\/revisions\/2818"}],"wp:featuredmedia":[{"embeddable":true,"href":"https:\/\/covincennes.com\/index.php\/wp-json\/wp\/v2\/media\/2817"}],"wp:attachment":[{"href":"https:\/\/covincennes.com\/index.php\/wp-json\/wp\/v2\/media?parent=2816"}],"wp:term":[{"taxonomy":"category","embeddable":true,"href":"https:\/\/covincennes.com\/index.php\/wp-json\/wp\/v2\/categories?post=2816"},{"taxonomy":"post_tag","embeddable":true,"href":"https:\/\/covincennes.com\/index.php\/wp-json\/wp\/v2\/tags?post=2816"}],"curies":[{"name":"wp","href":"https:\/\/api.w.org\/{rel}","templated":true}]}}