{"id":2823,"date":"2020-11-22T18:59:01","date_gmt":"2020-11-22T17:59:01","guid":{"rendered":"https:\/\/covincennes.com\/?p=2823"},"modified":"2020-12-14T14:47:33","modified_gmt":"2020-12-14T13:47:33","slug":"bientot-la-reouverture-du-stade","status":"publish","type":"post","link":"https:\/\/covincennes.com\/index.php\/2020\/11\/22\/bientot-la-reouverture-du-stade\/","title":{"rendered":"Reprise ce week-end : c&rsquo;est oui ! (ils nous rendent fous&#8230;)"},"content":{"rendered":"<p>Ils vont nous rendre fous !<\/p>\n<p>Mardi, le Pr\u00e9sident de la R\u00e9publique annonce que les activit\u00e9s extra-scolaires en plein air pourront reprendre le samedi 28 novembre pour les mineurs jusqu&rsquo;\u00e0 16 ans. Nous comprenons que le foot en fait partie. Jeudi, le Premier Ministre entre dans les d\u00e9tails, tableaux \u00e0 l&rsquo;appui, et c&rsquo;est la d\u00e9ception : pour les sports collectifs en plein air, ce sera seulement le 15 d\u00e9cembre. Mais ce vendredi, nouveau rebondissement : le Minist\u00e8re des Sports publie sur son site deux informations contradictoires. Il reprend le tableau restrictif de Jean Castex, mais avec un tweet \u00e9quivoque qui laisse croire \u00e0 un feu vert.<\/p>\n<p>Heureusement, la FFF a obtenu une r\u00e9ponse claire : oui, les mineurs peuvent reprendre ce week-end en plein air, mais sans opposition. Le planning d&rsquo;entra\u00eenements que nous avions pr\u00e9par\u00e9 a \u00e9t\u00e9 aussit\u00f4t valid\u00e9 par la Ville de Vincennes, laquelle a rappel\u00e9 le protocole sanitaire : port du masque dans le stade \u00e0 partir de 11 ans, stade dans lequel les adultes ne seront pas autoris\u00e9s \u00e0 entrer. Ce planning est consultable sur le site, dans la rubrique \u00ab\u00a0Qui joue quand ?\u00a0\u00bb<\/p>\n<p>Pendant la semaine, les entra\u00eenements auront lieu aux jours et heures habituels, sauf pour les adultes et les U18, gar\u00e7ons comme filles, qui devront patienter jusqu&rsquo;au 20 janvier minimum. Sauf nouveau changement&#8230;<\/p>\n<p>Pour le prochain week-end, le planning sera \u00e9tabli en milieu de semaine : restez connect\u00e9s !<\/p>\n","protected":false},"excerpt":{"rendered":"<p>Ils vont nous rendre fous ! Mardi, le Pr\u00e9sident de la R\u00e9publique annonce que les activit\u00e9s extra-scolaires en plein air pourront reprendre le samedi 28 novembre pour les mineurs jusqu&rsquo;\u00e0 16 ans. Nous comprenons que le foot en fait partie. Jeudi, le Premier Ministre entre dans les d\u00e9tails, tableaux \u00e0 l&rsquo;appui, et c&rsquo;est la d\u00e9ception [&hellip;]<\/p>\n","protected":false},"author":2,"featured_media":2840,"comment_status":"open","ping_status":"open","sticky":false,"template":"","format":"standard","meta":{"_monsterinsights_skip_tracking":false,"_monsterinsights_sitenote_active":false,"_monsterinsights_sitenote_note":"","_monsterinsights_sitenote_category":0,"footnotes":""},"categories":[1],"tags":[],"class_list":["post-2823","post","type-post","status-publish","format-standard","has-post-thumbnail","hentry","category-non-classe","entry","has-media"],"yoast_head":"<!-- This site is optimized with the Yoast SEO plugin v19.6.1 - https:\/\/yoast.com\/wordpress\/plugins\/seo\/ -->\n<title>Reprise ce week-end : c&#039;est oui ! (ils nous rendent fous...) - CO Vincennes<\/title>\n<meta name=\"robots\" content=\"index, follow, max-snippet:-1, max-image-preview:large, max-video-preview:-1\" \/>\n<link rel=\"canonical\" href=\"https:\/\/covincennes.com\/index.php\/2020\/11\/22\/bientot-la-reouverture-du-stade\/\" \/>\n<meta property=\"og:locale\" content=\"fr_FR\" \/>\n<meta property=\"og:type\" content=\"article\" \/>\n<meta property=\"og:title\" content=\"Reprise ce week-end : c&#039;est oui ! (ils nous rendent fous...) - CO Vincennes\" \/>\n<meta property=\"og:description\" content=\"Ils vont nous rendre fous ! Mardi, le Pr\u00e9sident de la R\u00e9publique annonce que les activit\u00e9s extra-scolaires en plein air pourront reprendre le samedi 28 novembre pour les mineurs jusqu&rsquo;\u00e0 16 ans. Nous comprenons que le foot en fait partie. Jeudi, le Premier Ministre entre dans les d\u00e9tails, tableaux \u00e0 l&rsquo;appui, et c&rsquo;est la d\u00e9ception [&hellip;]\" \/>\n<meta property=\"og:url\" content=\"https:\/\/covincennes.com\/index.php\/2020\/11\/22\/bientot-la-reouverture-du-stade\/\" \/>\n<meta property=\"og:site_name\" content=\"CO Vincennes\" \/>\n<meta property=\"article:publisher\" content=\"https:\/\/www.facebook.com\/CO-VINCENNES-la-page-officielle-136021893155921\/\" \/>\n<meta property=\"article:published_time\" content=\"2020-11-22T17:59:01+00:00\" \/>\n<meta property=\"article:modified_time\" content=\"2020-12-14T13:47:33+00:00\" \/>\n<meta property=\"og:image\" content=\"https:\/\/covincennes.com\/wp-content\/uploads\/2020\/11\/14848134-de-devenir-fou-a\u0300-cause-de-l-amour.jpg\" \/>\n\t<meta property=\"og:image:width\" content=\"740\" \/>\n\t<meta property=\"og:image:height\" content=\"410\" \/>\n\t<meta property=\"og:image:type\" content=\"image\/jpeg\" \/>\n<meta name=\"author\" content=\"Cole Hibry\" \/>\n<meta name=\"twitter:card\" content=\"summary_large_image\" \/>\n<meta name=\"twitter:creator\" content=\"@covincennes\" \/>\n<meta name=\"twitter:site\" content=\"@covincennes\" \/>\n<meta name=\"twitter:label1\" content=\"\u00c9crit par\" \/>\n\t<meta name=\"twitter:data1\" content=\"Cole Hibry\" \/>\n\t<meta name=\"twitter:label2\" content=\"Dur\u00e9e de lecture estim\u00e9e\" \/>\n\t<meta name=\"twitter:data2\" content=\"1 minute\" \/>\n<script type=\"application\/ld+json\" class=\"yoast-schema-graph\">{\"@context\":\"https:\/\/schema.org\",\"@graph\":[{\"@type\":\"Article\",\"@id\":\"https:\/\/covincennes.com\/index.php\/2020\/11\/22\/bientot-la-reouverture-du-stade\/#article\",\"isPartOf\":{\"@id\":\"https:\/\/covincennes.com\/index.php\/2020\/11\/22\/bientot-la-reouverture-du-stade\/\"},\"author\":{\"name\":\"Cole Hibry\",\"@id\":\"https:\/\/covincennes.com\/#\/schema\/person\/eb881824360af01aa016999e439303fe\"},\"headline\":\"Reprise ce week-end : c&rsquo;est oui ! (ils nous rendent fous&#8230;)\",\"datePublished\":\"2020-11-22T17:59:01+00:00\",\"dateModified\":\"2020-12-14T13:47:33+00:00\",\"mainEntityOfPage\":{\"@id\":\"https:\/\/covincennes.com\/index.php\/2020\/11\/22\/bientot-la-reouverture-du-stade\/\"},\"wordCount\":242,\"commentCount\":0,\"publisher\":{\"@id\":\"https:\/\/covincennes.com\/#organization\"},\"inLanguage\":\"fr-FR\",\"potentialAction\":[{\"@type\":\"CommentAction\",\"name\":\"Comment\",\"target\":[\"https:\/\/covincennes.com\/index.php\/2020\/11\/22\/bientot-la-reouverture-du-stade\/#respond\"]}]},{\"@type\":\"WebPage\",\"@id\":\"https:\/\/covincennes.com\/index.php\/2020\/11\/22\/bientot-la-reouverture-du-stade\/\",\"url\":\"https:\/\/covincennes.com\/index.php\/2020\/11\/22\/bientot-la-reouverture-du-stade\/\",\"name\":\"Reprise ce week-end : c'est oui ! (ils nous rendent fous...) - CO Vincennes\",\"isPartOf\":{\"@id\":\"https:\/\/covincennes.com\/#website\"},\"datePublished\":\"2020-11-22T17:59:01+00:00\",\"dateModified\":\"2020-12-14T13:47:33+00:00\",\"breadcrumb\":{\"@id\":\"https:\/\/covincennes.com\/index.php\/2020\/11\/22\/bientot-la-reouverture-du-stade\/#breadcrumb\"},\"inLanguage\":\"fr-FR\",\"potentialAction\":[{\"@type\":\"ReadAction\",\"target\":[\"https:\/\/covincennes.com\/index.php\/2020\/11\/22\/bientot-la-reouverture-du-stade\/\"]}]},{\"@type\":\"BreadcrumbList\",\"@id\":\"https:\/\/covincennes.com\/index.php\/2020\/11\/22\/bientot-la-reouverture-du-stade\/#breadcrumb\",\"itemListElement\":[{\"@type\":\"ListItem\",\"position\":1,\"name\":\"Accueil\",\"item\":\"https:\/\/covincennes.com\/\"},{\"@type\":\"ListItem\",\"position\":2,\"name\":\"Reprise ce week-end : c&rsquo;est oui ! (ils nous rendent fous&#8230;)\"}]},{\"@type\":\"WebSite\",\"@id\":\"https:\/\/covincennes.com\/#website\",\"url\":\"https:\/\/covincennes.com\/\",\"name\":\"CO Vincennes\",\"description\":\"Un site utilisant WordPress\",\"publisher\":{\"@id\":\"https:\/\/covincennes.com\/#organization\"},\"potentialAction\":[{\"@type\":\"SearchAction\",\"target\":{\"@type\":\"EntryPoint\",\"urlTemplate\":\"https:\/\/covincennes.com\/?s={search_term_string}\"},\"query-input\":\"required name=search_term_string\"}],\"inLanguage\":\"fr-FR\"},{\"@type\":\"Organization\",\"@id\":\"https:\/\/covincennes.com\/#organization\",\"name\":\"CO Vincennes\",\"url\":\"https:\/\/covincennes.com\/\",\"sameAs\":[\"https:\/\/www.facebook.com\/CO-VINCENNES-la-page-officielle-136021893155921\/\",\"https:\/\/twitter.com\/covincennes\"],\"logo\":{\"@type\":\"ImageObject\",\"inLanguage\":\"fr-FR\",\"@id\":\"https:\/\/covincennes.com\/#\/schema\/logo\/image\/\",\"url\":\"https:\/\/covincennes.com\/wp-content\/uploads\/2019\/11\/logo-cov-png.png\",\"contentUrl\":\"https:\/\/covincennes.com\/wp-content\/uploads\/2019\/11\/logo-cov-png.png\",\"width\":495,\"height\":497,\"caption\":\"CO Vincennes\"},\"image\":{\"@id\":\"https:\/\/covincennes.com\/#\/schema\/logo\/image\/\"}},{\"@type\":\"Person\",\"@id\":\"https:\/\/covincennes.com\/#\/schema\/person\/eb881824360af01aa016999e439303fe\",\"name\":\"Cole Hibry\",\"image\":{\"@type\":\"ImageObject\",\"inLanguage\":\"fr-FR\",\"@id\":\"https:\/\/covincennes.com\/#\/schema\/person\/image\/\",\"url\":\"https:\/\/secure.gravatar.com\/avatar\/fdd68f914853e79675161dab52794fbe213aaa71837a3f83ab5d0669e81bb866?s=96&d=mm&r=g\",\"contentUrl\":\"https:\/\/secure.gravatar.com\/avatar\/fdd68f914853e79675161dab52794fbe213aaa71837a3f83ab5d0669e81bb866?s=96&d=mm&r=g\",\"caption\":\"Cole Hibry\"},\"url\":\"https:\/\/covincennes.com\/index.php\/author\/chevit-frederic\/\"}]}<\/script>\n<!-- \/ Yoast SEO plugin. -->","yoast_head_json":{"title":"Reprise ce week-end : c'est oui ! (ils nous rendent fous...) - CO Vincennes","robots":{"index":"index","follow":"follow","max-snippet":"max-snippet:-1","max-image-preview":"max-image-preview:large","max-video-preview":"max-video-preview:-1"},"canonical":"https:\/\/covincennes.com\/index.php\/2020\/11\/22\/bientot-la-reouverture-du-stade\/","og_locale":"fr_FR","og_type":"article","og_title":"Reprise ce week-end : c'est oui ! (ils nous rendent fous...) - CO Vincennes","og_description":"Ils vont nous rendre fous ! Mardi, le Pr\u00e9sident de la R\u00e9publique annonce que les activit\u00e9s extra-scolaires en plein air pourront reprendre le samedi 28 novembre pour les mineurs jusqu&rsquo;\u00e0 16 ans. Nous comprenons que le foot en fait partie. Jeudi, le Premier Ministre entre dans les d\u00e9tails, tableaux \u00e0 l&rsquo;appui, et c&rsquo;est la d\u00e9ception [&hellip;]","og_url":"https:\/\/covincennes.com\/index.php\/2020\/11\/22\/bientot-la-reouverture-du-stade\/","og_site_name":"CO Vincennes","article_publisher":"https:\/\/www.facebook.com\/CO-VINCENNES-la-page-officielle-136021893155921\/","article_published_time":"2020-11-22T17:59:01+00:00","article_modified_time":"2020-12-14T13:47:33+00:00","og_image":[{"width":740,"height":410,"url":"https:\/\/covincennes.com\/wp-content\/uploads\/2020\/11\/14848134-de-devenir-fou-a\u0300-cause-de-l-amour.jpg","type":"image\/jpeg"}],"author":"Cole Hibry","twitter_card":"summary_large_image","twitter_creator":"@covincennes","twitter_site":"@covincennes","twitter_misc":{"\u00c9crit par":"Cole Hibry","Dur\u00e9e de lecture estim\u00e9e":"1 minute"},"schema":{"@context":"https:\/\/schema.org","@graph":[{"@type":"Article","@id":"https:\/\/covincennes.com\/index.php\/2020\/11\/22\/bientot-la-reouverture-du-stade\/#article","isPartOf":{"@id":"https:\/\/covincennes.com\/index.php\/2020\/11\/22\/bientot-la-reouverture-du-stade\/"},"author":{"name":"Cole Hibry","@id":"https:\/\/covincennes.com\/#\/schema\/person\/eb881824360af01aa016999e439303fe"},"headline":"Reprise ce week-end : c&rsquo;est oui ! (ils nous rendent fous&#8230;)","datePublished":"2020-11-22T17:59:01+00:00","dateModified":"2020-12-14T13:47:33+00:00","mainEntityOfPage":{"@id":"https:\/\/covincennes.com\/index.php\/2020\/11\/22\/bientot-la-reouverture-du-stade\/"},"wordCount":242,"commentCount":0,"publisher":{"@id":"https:\/\/covincennes.com\/#organization"},"inLanguage":"fr-FR","potentialAction":[{"@type":"CommentAction","name":"Comment","target":["https:\/\/covincennes.com\/index.php\/2020\/11\/22\/bientot-la-reouverture-du-stade\/#respond"]}]},{"@type":"WebPage","@id":"https:\/\/covincennes.com\/index.php\/2020\/11\/22\/bientot-la-reouverture-du-stade\/","url":"https:\/\/covincennes.com\/index.php\/2020\/11\/22\/bientot-la-reouverture-du-stade\/","name":"Reprise ce week-end : c'est oui ! (ils nous rendent fous...) - CO Vincennes","isPartOf":{"@id":"https:\/\/covincennes.com\/#website"},"datePublished":"2020-11-22T17:59:01+00:00","dateModified":"2020-12-14T13:47:33+00:00","breadcrumb":{"@id":"https:\/\/covincennes.com\/index.php\/2020\/11\/22\/bientot-la-reouverture-du-stade\/#breadcrumb"},"inLanguage":"fr-FR","potentialAction":[{"@type":"ReadAction","target":["https:\/\/covincennes.com\/index.php\/2020\/11\/22\/bientot-la-reouverture-du-stade\/"]}]},{"@type":"BreadcrumbList","@id":"https:\/\/covincennes.com\/index.php\/2020\/11\/22\/bientot-la-reouverture-du-stade\/#breadcrumb","itemListElement":[{"@type":"ListItem","position":1,"name":"Accueil","item":"https:\/\/covincennes.com\/"},{"@type":"ListItem","position":2,"name":"Reprise ce week-end : c&rsquo;est oui ! (ils nous rendent fous&#8230;)"}]},{"@type":"WebSite","@id":"https:\/\/covincennes.com\/#website","url":"https:\/\/covincennes.com\/","name":"CO Vincennes","description":"Un site utilisant WordPress","publisher":{"@id":"https:\/\/covincennes.com\/#organization"},"potentialAction":[{"@type":"SearchAction","target":{"@type":"EntryPoint","urlTemplate":"https:\/\/covincennes.com\/?s={search_term_string}"},"query-input":"required name=search_term_string"}],"inLanguage":"fr-FR"},{"@type":"Organization","@id":"https:\/\/covincennes.com\/#organization","name":"CO Vincennes","url":"https:\/\/covincennes.com\/","sameAs":["https:\/\/www.facebook.com\/CO-VINCENNES-la-page-officielle-136021893155921\/","https:\/\/twitter.com\/covincennes"],"logo":{"@type":"ImageObject","inLanguage":"fr-FR","@id":"https:\/\/covincennes.com\/#\/schema\/logo\/image\/","url":"https:\/\/covincennes.com\/wp-content\/uploads\/2019\/11\/logo-cov-png.png","contentUrl":"https:\/\/covincennes.com\/wp-content\/uploads\/2019\/11\/logo-cov-png.png","width":495,"height":497,"caption":"CO Vincennes"},"image":{"@id":"https:\/\/covincennes.com\/#\/schema\/logo\/image\/"}},{"@type":"Person","@id":"https:\/\/covincennes.com\/#\/schema\/person\/eb881824360af01aa016999e439303fe","name":"Cole Hibry","image":{"@type":"ImageObject","inLanguage":"fr-FR","@id":"https:\/\/covincennes.com\/#\/schema\/person\/image\/","url":"https:\/\/secure.gravatar.com\/avatar\/fdd68f914853e79675161dab52794fbe213aaa71837a3f83ab5d0669e81bb866?s=96&d=mm&r=g","contentUrl":"https:\/\/secure.gravatar.com\/avatar\/fdd68f914853e79675161dab52794fbe213aaa71837a3f83ab5d0669e81bb866?s=96&d=mm&r=g","caption":"Cole Hibry"},"url":"https:\/\/covincennes.com\/index.php\/author\/chevit-frederic\/"}]}},"_links":{"self":[{"href":"https:\/\/covincennes.com\/index.php\/wp-json\/wp\/v2\/posts\/2823","targetHints":{"allow":["GET"]}}],"collection":[{"href":"https:\/\/covincennes.com\/index.php\/wp-json\/wp\/v2\/posts"}],"about":[{"href":"https:\/\/covincennes.com\/index.php\/wp-json\/wp\/v2\/types\/post"}],"author":[{"embeddable":true,"href":"https:\/\/covincennes.com\/index.php\/wp-json\/wp\/v2\/users\/2"}],"replies":[{"embeddable":true,"href":"https:\/\/covincennes.com\/index.php\/wp-json\/wp\/v2\/comments?post=2823"}],"version-history":[{"count":7,"href":"https:\/\/covincennes.com\/index.php\/wp-json\/wp\/v2\/posts\/2823\/revisions"}],"predecessor-version":[{"id":2861,"href":"https:\/\/covincennes.com\/index.php\/wp-json\/wp\/v2\/posts\/2823\/revisions\/2861"}],"wp:featuredmedia":[{"embeddable":true,"href":"https:\/\/covincennes.com\/index.php\/wp-json\/wp\/v2\/media\/2840"}],"wp:attachment":[{"href":"https:\/\/covincennes.com\/index.php\/wp-json\/wp\/v2\/media?parent=2823"}],"wp:term":[{"taxonomy":"category","embeddable":true,"href":"https:\/\/covincennes.com\/index.php\/wp-json\/wp\/v2\/categories?post=2823"},{"taxonomy":"post_tag","embeddable":true,"href":"https:\/\/covincennes.com\/index.php\/wp-json\/wp\/v2\/tags?post=2823"}],"curies":[{"name":"wp","href":"https:\/\/api.w.org\/{rel}","templated":true}]}}