{"id":2862,"date":"2020-11-30T15:41:11","date_gmt":"2020-11-30T14:41:11","guid":{"rendered":"https:\/\/covincennes.com\/?p=2862"},"modified":"2021-01-02T15:02:51","modified_gmt":"2021-01-02T14:02:51","slug":"les-entrainements-pendant-les-vacances-de-noel-ca-continue","status":"publish","type":"post","link":"https:\/\/covincennes.com\/index.php\/2020\/11\/30\/les-entrainements-pendant-les-vacances-de-noel-ca-continue\/","title":{"rendered":"Les entra\u00eenements pendant les vacances de No\u00ebl ? \u00e7a continue !"},"content":{"rendered":"<p>Exceptionnellement, il y aura des entra\u00eenements pendant les vacances de No\u00ebl \u00e0 des horaires bien particuliers. Vous pourrez retrouver toutes les informations ci-dessous. <span style=\"color: #ff0000;\"><strong>Attention pas de s\u00e9ances le week-end du 26 et 27 d\u00e9cembre !<\/strong><\/span><\/p>\n<p><em><span style=\"color: #3366ff;\">Pour les F\u00e9minines U11F et U13F<\/span><\/em> : le 21, 22, 23, 28, 29 et 30 d\u00e9cembre de 14H00 \u00e0 15H30.<\/p>\n<p><em><span style=\"color: #3366ff;\">Pour les F\u00e9minines U15F et U18F<\/span><\/em> : le 22, 23, 29 et 30 d\u00e9cembre de 10H30 \u00e0 12H00.<\/p>\n<p><em><span style=\"color: #008000;\">Pour les U6\/U6F\/U7\/U7F\/U8 et U9<\/span><\/em> : le 21, 22, 23, 28, 29 et 30 d\u00e9cembre de 14H00 \u00e0 15H00.<\/p>\n<p><em><span style=\"color: #ff9900;\">Pour les U10<\/span> <\/em>: le 22 d\u00e9cembre de 17H30 \u00e0 19H00 puis le 23,29,30 d\u00e9cembre de 15H30 \u00e0 17H00.<\/p>\n<p><em><span style=\"color: #ff9900;\">Pour les U11<\/span><\/em> : le 22, 23, 29 et 30 d\u00e9cembre de 13H00 \u00e0 14H30.<\/p>\n<p><em><span style=\"color: #ff9900;\">Pour les U12<\/span><\/em> : le 21 d\u00e9cembre de 17H30 \u00e0 19H00 et le 23 d\u00e9cembre de 17H00 \u00e0 18H30.<\/p>\n<p><em><span style=\"color: #ff0000;\">Pour le Foot \u00e9volution U10<\/span><\/em> : le 21 et 28 d\u00e9cembre de 13H00 \u00e0 14H30.<\/p>\n<p><em><span style=\"color: #ff0000;\">Pour le Foot \u00e9volution U11<\/span><\/em> : le 22 et 29 d\u00e9cembre de 13H00 \u00e0 14H30.<\/p>\n<p><em><span style=\"color: #ff0000;\">Pour le Foot \u00e9volution U12<\/span><\/em> : le 23 et 30 d\u00e9cembre de 15H00 \u00e0 16H30.<\/p>\n<p><em><span style=\"color: #666699;\">Pour les U13<\/span><\/em> : le 21,22,23, 28,29 et 30 d\u00e9cembre de 11H00 \u00e0 13H00.<\/p>\n<p><em><span style=\"color: #666699;\">Pour les U14<\/span><\/em> : le 21 et 23 d\u00e9cembre de 16H00 \u00e0 17H30 et le 28,29,30 d\u00e9cembre de 15H30 \u00e0 17H00.<\/p>\n<p><em><span style=\"color: #666699;\">Pour les U16<\/span><\/em> : le 21 d\u00e9cembre de 16H00 \u00e0 17H30, le 22 et 23 d\u00e9cembre de 17H30 \u00e0 19H00 et le 28,29,30 d\u00e9cembre de 15H30 \u00e0 17H00.<\/p>\n<p><em><span style=\"color: #666699;\">Pour les U18<\/span> <\/em>: le 21,22,23 d\u00e9cembre de 16H00 \u00e0 17H30 et le 28,29,30 d\u00e9cembre de 15H30 \u00e0 17H00.<\/p>\n<p><em><span style=\"color: #008080;\">Pour les loisirs U14 et loisirs U16<\/span> <\/em>: le 22 et 29 d\u00e9cembre de 09H30 \u00e0 11H00.<\/p>\n","protected":false},"excerpt":{"rendered":"<p>Exceptionnellement, il y aura des entra\u00eenements pendant les vacances de No\u00ebl \u00e0 des horaires bien particuliers. Vous pourrez retrouver toutes les informations ci-dessous. Attention pas de s\u00e9ances le week-end du 26 et 27 d\u00e9cembre ! Pour les F\u00e9minines U11F et U13F : le 21, 22, 23, 28, 29 et 30 d\u00e9cembre de 14H00 \u00e0 15H30. [&hellip;]<\/p>\n","protected":false},"author":2,"featured_media":2895,"comment_status":"open","ping_status":"open","sticky":false,"template":"","format":"standard","meta":{"_monsterinsights_skip_tracking":false,"_monsterinsights_sitenote_active":false,"_monsterinsights_sitenote_note":"","_monsterinsights_sitenote_category":0,"footnotes":""},"categories":[1],"tags":[],"class_list":["post-2862","post","type-post","status-publish","format-standard","has-post-thumbnail","hentry","category-non-classe","entry","has-media"],"yoast_head":"<!-- This site is optimized with the Yoast SEO plugin v19.6.1 - https:\/\/yoast.com\/wordpress\/plugins\/seo\/ -->\n<title>Les entra\u00eenements pendant les vacances de No\u00ebl ? \u00e7a continue ! - CO Vincennes<\/title>\n<meta name=\"robots\" content=\"index, follow, max-snippet:-1, max-image-preview:large, max-video-preview:-1\" \/>\n<link rel=\"canonical\" href=\"https:\/\/covincennes.com\/index.php\/2020\/11\/30\/les-entrainements-pendant-les-vacances-de-noel-ca-continue\/\" \/>\n<meta property=\"og:locale\" content=\"fr_FR\" \/>\n<meta property=\"og:type\" content=\"article\" \/>\n<meta property=\"og:title\" content=\"Les entra\u00eenements pendant les vacances de No\u00ebl ? \u00e7a continue ! - CO Vincennes\" \/>\n<meta property=\"og:description\" content=\"Exceptionnellement, il y aura des entra\u00eenements pendant les vacances de No\u00ebl \u00e0 des horaires bien particuliers. Vous pourrez retrouver toutes les informations ci-dessous. Attention pas de s\u00e9ances le week-end du 26 et 27 d\u00e9cembre ! Pour les F\u00e9minines U11F et U13F : le 21, 22, 23, 28, 29 et 30 d\u00e9cembre de 14H00 \u00e0 15H30. [&hellip;]\" \/>\n<meta property=\"og:url\" content=\"https:\/\/covincennes.com\/index.php\/2020\/11\/30\/les-entrainements-pendant-les-vacances-de-noel-ca-continue\/\" \/>\n<meta property=\"og:site_name\" content=\"CO Vincennes\" \/>\n<meta property=\"article:publisher\" content=\"https:\/\/www.facebook.com\/CO-VINCENNES-la-page-officielle-136021893155921\/\" \/>\n<meta property=\"article:published_time\" content=\"2020-11-30T14:41:11+00:00\" \/>\n<meta property=\"article:modified_time\" content=\"2021-01-02T14:02:51+00:00\" \/>\n<meta property=\"og:image\" content=\"https:\/\/covincennes.com\/wp-content\/uploads\/2020\/11\/U12-Re\u0301gionaux-1.jpg\" \/>\n\t<meta property=\"og:image:width\" content=\"740\" \/>\n\t<meta property=\"og:image:height\" content=\"410\" \/>\n\t<meta property=\"og:image:type\" content=\"image\/jpeg\" \/>\n<meta name=\"author\" content=\"Cole Hibry\" \/>\n<meta name=\"twitter:card\" content=\"summary_large_image\" \/>\n<meta name=\"twitter:creator\" content=\"@covincennes\" \/>\n<meta name=\"twitter:site\" content=\"@covincennes\" \/>\n<meta name=\"twitter:label1\" content=\"\u00c9crit par\" \/>\n\t<meta name=\"twitter:data1\" content=\"Cole Hibry\" \/>\n\t<meta name=\"twitter:label2\" content=\"Dur\u00e9e de lecture estim\u00e9e\" \/>\n\t<meta name=\"twitter:data2\" content=\"1 minute\" \/>\n<script type=\"application\/ld+json\" class=\"yoast-schema-graph\">{\"@context\":\"https:\/\/schema.org\",\"@graph\":[{\"@type\":\"Article\",\"@id\":\"https:\/\/covincennes.com\/index.php\/2020\/11\/30\/les-entrainements-pendant-les-vacances-de-noel-ca-continue\/#article\",\"isPartOf\":{\"@id\":\"https:\/\/covincennes.com\/index.php\/2020\/11\/30\/les-entrainements-pendant-les-vacances-de-noel-ca-continue\/\"},\"author\":{\"name\":\"Cole Hibry\",\"@id\":\"https:\/\/covincennes.com\/#\/schema\/person\/eb881824360af01aa016999e439303fe\"},\"headline\":\"Les entra\u00eenements pendant les vacances de No\u00ebl ? \u00e7a continue !\",\"datePublished\":\"2020-11-30T14:41:11+00:00\",\"dateModified\":\"2021-01-02T14:02:51+00:00\",\"mainEntityOfPage\":{\"@id\":\"https:\/\/covincennes.com\/index.php\/2020\/11\/30\/les-entrainements-pendant-les-vacances-de-noel-ca-continue\/\"},\"wordCount\":254,\"commentCount\":0,\"publisher\":{\"@id\":\"https:\/\/covincennes.com\/#organization\"},\"inLanguage\":\"fr-FR\",\"potentialAction\":[{\"@type\":\"CommentAction\",\"name\":\"Comment\",\"target\":[\"https:\/\/covincennes.com\/index.php\/2020\/11\/30\/les-entrainements-pendant-les-vacances-de-noel-ca-continue\/#respond\"]}]},{\"@type\":\"WebPage\",\"@id\":\"https:\/\/covincennes.com\/index.php\/2020\/11\/30\/les-entrainements-pendant-les-vacances-de-noel-ca-continue\/\",\"url\":\"https:\/\/covincennes.com\/index.php\/2020\/11\/30\/les-entrainements-pendant-les-vacances-de-noel-ca-continue\/\",\"name\":\"Les entra\u00eenements pendant les vacances de No\u00ebl ? \u00e7a continue ! - CO Vincennes\",\"isPartOf\":{\"@id\":\"https:\/\/covincennes.com\/#website\"},\"datePublished\":\"2020-11-30T14:41:11+00:00\",\"dateModified\":\"2021-01-02T14:02:51+00:00\",\"breadcrumb\":{\"@id\":\"https:\/\/covincennes.com\/index.php\/2020\/11\/30\/les-entrainements-pendant-les-vacances-de-noel-ca-continue\/#breadcrumb\"},\"inLanguage\":\"fr-FR\",\"potentialAction\":[{\"@type\":\"ReadAction\",\"target\":[\"https:\/\/covincennes.com\/index.php\/2020\/11\/30\/les-entrainements-pendant-les-vacances-de-noel-ca-continue\/\"]}]},{\"@type\":\"BreadcrumbList\",\"@id\":\"https:\/\/covincennes.com\/index.php\/2020\/11\/30\/les-entrainements-pendant-les-vacances-de-noel-ca-continue\/#breadcrumb\",\"itemListElement\":[{\"@type\":\"ListItem\",\"position\":1,\"name\":\"Accueil\",\"item\":\"https:\/\/covincennes.com\/\"},{\"@type\":\"ListItem\",\"position\":2,\"name\":\"Les entra\u00eenements pendant les vacances de No\u00ebl ? \u00e7a continue !\"}]},{\"@type\":\"WebSite\",\"@id\":\"https:\/\/covincennes.com\/#website\",\"url\":\"https:\/\/covincennes.com\/\",\"name\":\"CO Vincennes\",\"description\":\"Un site utilisant WordPress\",\"publisher\":{\"@id\":\"https:\/\/covincennes.com\/#organization\"},\"potentialAction\":[{\"@type\":\"SearchAction\",\"target\":{\"@type\":\"EntryPoint\",\"urlTemplate\":\"https:\/\/covincennes.com\/?s={search_term_string}\"},\"query-input\":\"required name=search_term_string\"}],\"inLanguage\":\"fr-FR\"},{\"@type\":\"Organization\",\"@id\":\"https:\/\/covincennes.com\/#organization\",\"name\":\"CO Vincennes\",\"url\":\"https:\/\/covincennes.com\/\",\"sameAs\":[\"https:\/\/www.facebook.com\/CO-VINCENNES-la-page-officielle-136021893155921\/\",\"https:\/\/twitter.com\/covincennes\"],\"logo\":{\"@type\":\"ImageObject\",\"inLanguage\":\"fr-FR\",\"@id\":\"https:\/\/covincennes.com\/#\/schema\/logo\/image\/\",\"url\":\"https:\/\/covincennes.com\/wp-content\/uploads\/2019\/11\/logo-cov-png.png\",\"contentUrl\":\"https:\/\/covincennes.com\/wp-content\/uploads\/2019\/11\/logo-cov-png.png\",\"width\":495,\"height\":497,\"caption\":\"CO Vincennes\"},\"image\":{\"@id\":\"https:\/\/covincennes.com\/#\/schema\/logo\/image\/\"}},{\"@type\":\"Person\",\"@id\":\"https:\/\/covincennes.com\/#\/schema\/person\/eb881824360af01aa016999e439303fe\",\"name\":\"Cole Hibry\",\"image\":{\"@type\":\"ImageObject\",\"inLanguage\":\"fr-FR\",\"@id\":\"https:\/\/covincennes.com\/#\/schema\/person\/image\/\",\"url\":\"https:\/\/secure.gravatar.com\/avatar\/fdd68f914853e79675161dab52794fbe213aaa71837a3f83ab5d0669e81bb866?s=96&d=mm&r=g\",\"contentUrl\":\"https:\/\/secure.gravatar.com\/avatar\/fdd68f914853e79675161dab52794fbe213aaa71837a3f83ab5d0669e81bb866?s=96&d=mm&r=g\",\"caption\":\"Cole Hibry\"},\"url\":\"https:\/\/covincennes.com\/index.php\/author\/chevit-frederic\/\"}]}<\/script>\n<!-- \/ Yoast SEO plugin. -->","yoast_head_json":{"title":"Les entra\u00eenements pendant les vacances de No\u00ebl ? \u00e7a continue ! - CO Vincennes","robots":{"index":"index","follow":"follow","max-snippet":"max-snippet:-1","max-image-preview":"max-image-preview:large","max-video-preview":"max-video-preview:-1"},"canonical":"https:\/\/covincennes.com\/index.php\/2020\/11\/30\/les-entrainements-pendant-les-vacances-de-noel-ca-continue\/","og_locale":"fr_FR","og_type":"article","og_title":"Les entra\u00eenements pendant les vacances de No\u00ebl ? \u00e7a continue ! - CO Vincennes","og_description":"Exceptionnellement, il y aura des entra\u00eenements pendant les vacances de No\u00ebl \u00e0 des horaires bien particuliers. Vous pourrez retrouver toutes les informations ci-dessous. Attention pas de s\u00e9ances le week-end du 26 et 27 d\u00e9cembre ! Pour les F\u00e9minines U11F et U13F : le 21, 22, 23, 28, 29 et 30 d\u00e9cembre de 14H00 \u00e0 15H30. [&hellip;]","og_url":"https:\/\/covincennes.com\/index.php\/2020\/11\/30\/les-entrainements-pendant-les-vacances-de-noel-ca-continue\/","og_site_name":"CO Vincennes","article_publisher":"https:\/\/www.facebook.com\/CO-VINCENNES-la-page-officielle-136021893155921\/","article_published_time":"2020-11-30T14:41:11+00:00","article_modified_time":"2021-01-02T14:02:51+00:00","og_image":[{"width":740,"height":410,"url":"https:\/\/covincennes.com\/wp-content\/uploads\/2020\/11\/U12-Re\u0301gionaux-1.jpg","type":"image\/jpeg"}],"author":"Cole Hibry","twitter_card":"summary_large_image","twitter_creator":"@covincennes","twitter_site":"@covincennes","twitter_misc":{"\u00c9crit par":"Cole Hibry","Dur\u00e9e de lecture estim\u00e9e":"1 minute"},"schema":{"@context":"https:\/\/schema.org","@graph":[{"@type":"Article","@id":"https:\/\/covincennes.com\/index.php\/2020\/11\/30\/les-entrainements-pendant-les-vacances-de-noel-ca-continue\/#article","isPartOf":{"@id":"https:\/\/covincennes.com\/index.php\/2020\/11\/30\/les-entrainements-pendant-les-vacances-de-noel-ca-continue\/"},"author":{"name":"Cole Hibry","@id":"https:\/\/covincennes.com\/#\/schema\/person\/eb881824360af01aa016999e439303fe"},"headline":"Les entra\u00eenements pendant les vacances de No\u00ebl ? \u00e7a continue !","datePublished":"2020-11-30T14:41:11+00:00","dateModified":"2021-01-02T14:02:51+00:00","mainEntityOfPage":{"@id":"https:\/\/covincennes.com\/index.php\/2020\/11\/30\/les-entrainements-pendant-les-vacances-de-noel-ca-continue\/"},"wordCount":254,"commentCount":0,"publisher":{"@id":"https:\/\/covincennes.com\/#organization"},"inLanguage":"fr-FR","potentialAction":[{"@type":"CommentAction","name":"Comment","target":["https:\/\/covincennes.com\/index.php\/2020\/11\/30\/les-entrainements-pendant-les-vacances-de-noel-ca-continue\/#respond"]}]},{"@type":"WebPage","@id":"https:\/\/covincennes.com\/index.php\/2020\/11\/30\/les-entrainements-pendant-les-vacances-de-noel-ca-continue\/","url":"https:\/\/covincennes.com\/index.php\/2020\/11\/30\/les-entrainements-pendant-les-vacances-de-noel-ca-continue\/","name":"Les entra\u00eenements pendant les vacances de No\u00ebl ? \u00e7a continue ! - CO Vincennes","isPartOf":{"@id":"https:\/\/covincennes.com\/#website"},"datePublished":"2020-11-30T14:41:11+00:00","dateModified":"2021-01-02T14:02:51+00:00","breadcrumb":{"@id":"https:\/\/covincennes.com\/index.php\/2020\/11\/30\/les-entrainements-pendant-les-vacances-de-noel-ca-continue\/#breadcrumb"},"inLanguage":"fr-FR","potentialAction":[{"@type":"ReadAction","target":["https:\/\/covincennes.com\/index.php\/2020\/11\/30\/les-entrainements-pendant-les-vacances-de-noel-ca-continue\/"]}]},{"@type":"BreadcrumbList","@id":"https:\/\/covincennes.com\/index.php\/2020\/11\/30\/les-entrainements-pendant-les-vacances-de-noel-ca-continue\/#breadcrumb","itemListElement":[{"@type":"ListItem","position":1,"name":"Accueil","item":"https:\/\/covincennes.com\/"},{"@type":"ListItem","position":2,"name":"Les entra\u00eenements pendant les vacances de No\u00ebl ? \u00e7a continue !"}]},{"@type":"WebSite","@id":"https:\/\/covincennes.com\/#website","url":"https:\/\/covincennes.com\/","name":"CO Vincennes","description":"Un site utilisant WordPress","publisher":{"@id":"https:\/\/covincennes.com\/#organization"},"potentialAction":[{"@type":"SearchAction","target":{"@type":"EntryPoint","urlTemplate":"https:\/\/covincennes.com\/?s={search_term_string}"},"query-input":"required name=search_term_string"}],"inLanguage":"fr-FR"},{"@type":"Organization","@id":"https:\/\/covincennes.com\/#organization","name":"CO Vincennes","url":"https:\/\/covincennes.com\/","sameAs":["https:\/\/www.facebook.com\/CO-VINCENNES-la-page-officielle-136021893155921\/","https:\/\/twitter.com\/covincennes"],"logo":{"@type":"ImageObject","inLanguage":"fr-FR","@id":"https:\/\/covincennes.com\/#\/schema\/logo\/image\/","url":"https:\/\/covincennes.com\/wp-content\/uploads\/2019\/11\/logo-cov-png.png","contentUrl":"https:\/\/covincennes.com\/wp-content\/uploads\/2019\/11\/logo-cov-png.png","width":495,"height":497,"caption":"CO Vincennes"},"image":{"@id":"https:\/\/covincennes.com\/#\/schema\/logo\/image\/"}},{"@type":"Person","@id":"https:\/\/covincennes.com\/#\/schema\/person\/eb881824360af01aa016999e439303fe","name":"Cole Hibry","image":{"@type":"ImageObject","inLanguage":"fr-FR","@id":"https:\/\/covincennes.com\/#\/schema\/person\/image\/","url":"https:\/\/secure.gravatar.com\/avatar\/fdd68f914853e79675161dab52794fbe213aaa71837a3f83ab5d0669e81bb866?s=96&d=mm&r=g","contentUrl":"https:\/\/secure.gravatar.com\/avatar\/fdd68f914853e79675161dab52794fbe213aaa71837a3f83ab5d0669e81bb866?s=96&d=mm&r=g","caption":"Cole Hibry"},"url":"https:\/\/covincennes.com\/index.php\/author\/chevit-frederic\/"}]}},"_links":{"self":[{"href":"https:\/\/covincennes.com\/index.php\/wp-json\/wp\/v2\/posts\/2862","targetHints":{"allow":["GET"]}}],"collection":[{"href":"https:\/\/covincennes.com\/index.php\/wp-json\/wp\/v2\/posts"}],"about":[{"href":"https:\/\/covincennes.com\/index.php\/wp-json\/wp\/v2\/types\/post"}],"author":[{"embeddable":true,"href":"https:\/\/covincennes.com\/index.php\/wp-json\/wp\/v2\/users\/2"}],"replies":[{"embeddable":true,"href":"https:\/\/covincennes.com\/index.php\/wp-json\/wp\/v2\/comments?post=2862"}],"version-history":[{"count":13,"href":"https:\/\/covincennes.com\/index.php\/wp-json\/wp\/v2\/posts\/2862\/revisions"}],"predecessor-version":[{"id":2966,"href":"https:\/\/covincennes.com\/index.php\/wp-json\/wp\/v2\/posts\/2862\/revisions\/2966"}],"wp:featuredmedia":[{"embeddable":true,"href":"https:\/\/covincennes.com\/index.php\/wp-json\/wp\/v2\/media\/2895"}],"wp:attachment":[{"href":"https:\/\/covincennes.com\/index.php\/wp-json\/wp\/v2\/media?parent=2862"}],"wp:term":[{"taxonomy":"category","embeddable":true,"href":"https:\/\/covincennes.com\/index.php\/wp-json\/wp\/v2\/categories?post=2862"},{"taxonomy":"post_tag","embeddable":true,"href":"https:\/\/covincennes.com\/index.php\/wp-json\/wp\/v2\/tags?post=2862"}],"curies":[{"name":"wp","href":"https:\/\/api.w.org\/{rel}","templated":true}]}}