{"id":3026,"date":"2021-01-16T12:08:07","date_gmt":"2021-01-16T11:08:07","guid":{"rendered":"https:\/\/covincennes.com\/?p=3026"},"modified":"2021-06-23T15:28:03","modified_gmt":"2021-06-23T13:28:03","slug":"couvre-feu-a-18-h-00-voici-les-nouveaux-creneaux-dentrainements","status":"publish","type":"post","link":"https:\/\/covincennes.com\/index.php\/2021\/01\/16\/couvre-feu-a-18-h-00-voici-les-nouveaux-creneaux-dentrainements\/","title":{"rendered":"Le planning des entra\u00eenements pendant les vacances d&rsquo;hiver"},"content":{"rendered":"<p>Vacances d&rsquo;hiver, oui, mais pas pour le CO Vincennes. Au contraire : profitant de la disponibilit\u00e9 des enfants en journ\u00e9e pendant cette p\u00e9riode, nous avons organis\u00e9 un planning qui leur permettra de rattraper (un peu) le temps perdu \u00e0 cause du confinement puis du couvre-feu.<\/p>\n<p>Le moment de se faire plaisir, mais sans oublier les gestes-barri\u00e8res : masque dans le stade d\u00e8s les U11, gel hydroalcoolique, d\u00e9sinfection du mat\u00e9riel, oppositions sans contact.<\/p>\n<p>En\u00a0 cliquant sur les liens ci-dessous, vous d\u00e9couvrirez le planning des deux semaines :<\/p>\n<p><a href=\"https:\/\/covincennes.com\/wp-content\/uploads\/2021\/02\/Planning-des-entrainements-semaine-du-15-au-19-fevrier.pdf\"><span style=\"color: #0000ff;\"><strong>Planning des entrai\u0302nements semaine du 15 au 19 fe\u0301vrier<\/strong><\/span><\/a><\/p>\n<p><a href=\"https:\/\/covincennes.com\/wp-content\/uploads\/2021\/02\/Planning-des-entrainements-semaine-du-22-au-26-fevrier.pdf\"><strong><span style=\"color: #0000ff;\">Planning des entrai\u0302nements semaine du 22 au 26 fe\u0301vrier<\/span><\/strong><\/a><\/p>\n","protected":false},"excerpt":{"rendered":"<p>Vacances d&rsquo;hiver, oui, mais pas pour le CO Vincennes. Au contraire : profitant de la disponibilit\u00e9 des enfants en journ\u00e9e pendant cette p\u00e9riode, nous avons organis\u00e9 un planning qui leur permettra de rattraper (un peu) le temps perdu \u00e0 cause du confinement puis du couvre-feu. Le moment de se faire plaisir, mais sans oublier les [&hellip;]<\/p>\n","protected":false},"author":3,"featured_media":3141,"comment_status":"open","ping_status":"open","sticky":false,"template":"","format":"standard","meta":{"_monsterinsights_skip_tracking":false,"_monsterinsights_sitenote_active":false,"_monsterinsights_sitenote_note":"","_monsterinsights_sitenote_category":0,"footnotes":""},"categories":[1],"tags":[],"class_list":["post-3026","post","type-post","status-publish","format-standard","has-post-thumbnail","hentry","category-non-classe","entry","has-media"],"yoast_head":"<!-- This site is optimized with the Yoast SEO plugin v19.6.1 - https:\/\/yoast.com\/wordpress\/plugins\/seo\/ -->\n<title>Le planning des entra\u00eenements pendant les vacances d&#039;hiver - CO Vincennes<\/title>\n<meta name=\"robots\" content=\"index, follow, max-snippet:-1, max-image-preview:large, max-video-preview:-1\" \/>\n<link rel=\"canonical\" href=\"https:\/\/covincennes.com\/index.php\/2021\/01\/16\/couvre-feu-a-18-h-00-voici-les-nouveaux-creneaux-dentrainements\/\" \/>\n<meta property=\"og:locale\" content=\"fr_FR\" \/>\n<meta property=\"og:type\" content=\"article\" \/>\n<meta property=\"og:title\" content=\"Le planning des entra\u00eenements pendant les vacances d&#039;hiver - CO Vincennes\" \/>\n<meta property=\"og:description\" content=\"Vacances d&rsquo;hiver, oui, mais pas pour le CO Vincennes. Au contraire : profitant de la disponibilit\u00e9 des enfants en journ\u00e9e pendant cette p\u00e9riode, nous avons organis\u00e9 un planning qui leur permettra de rattraper (un peu) le temps perdu \u00e0 cause du confinement puis du couvre-feu. Le moment de se faire plaisir, mais sans oublier les [&hellip;]\" \/>\n<meta property=\"og:url\" content=\"https:\/\/covincennes.com\/index.php\/2021\/01\/16\/couvre-feu-a-18-h-00-voici-les-nouveaux-creneaux-dentrainements\/\" \/>\n<meta property=\"og:site_name\" content=\"CO Vincennes\" \/>\n<meta property=\"article:publisher\" content=\"https:\/\/www.facebook.com\/CO-VINCENNES-la-page-officielle-136021893155921\/\" \/>\n<meta property=\"article:published_time\" content=\"2021-01-16T11:08:07+00:00\" \/>\n<meta property=\"article:modified_time\" content=\"2021-06-23T13:28:03+00:00\" \/>\n<meta property=\"og:image\" content=\"https:\/\/covincennes.com\/wp-content\/uploads\/2021\/01\/Foot-dEveil.jpg\" \/>\n\t<meta property=\"og:image:width\" content=\"740\" \/>\n\t<meta property=\"og:image:height\" content=\"480\" \/>\n\t<meta property=\"og:image:type\" content=\"image\/jpeg\" \/>\n<meta name=\"author\" content=\"Michael Sampaio\" \/>\n<meta name=\"twitter:card\" content=\"summary_large_image\" \/>\n<meta name=\"twitter:creator\" content=\"@covincennes\" \/>\n<meta name=\"twitter:site\" content=\"@covincennes\" \/>\n<meta name=\"twitter:label1\" content=\"\u00c9crit par\" \/>\n\t<meta name=\"twitter:data1\" content=\"Michael Sampaio\" \/>\n\t<meta name=\"twitter:label2\" content=\"Dur\u00e9e de lecture estim\u00e9e\" \/>\n\t<meta name=\"twitter:data2\" content=\"1 minute\" \/>\n<script type=\"application\/ld+json\" class=\"yoast-schema-graph\">{\"@context\":\"https:\/\/schema.org\",\"@graph\":[{\"@type\":\"Article\",\"@id\":\"https:\/\/covincennes.com\/index.php\/2021\/01\/16\/couvre-feu-a-18-h-00-voici-les-nouveaux-creneaux-dentrainements\/#article\",\"isPartOf\":{\"@id\":\"https:\/\/covincennes.com\/index.php\/2021\/01\/16\/couvre-feu-a-18-h-00-voici-les-nouveaux-creneaux-dentrainements\/\"},\"author\":{\"name\":\"Michael Sampaio\",\"@id\":\"https:\/\/covincennes.com\/#\/schema\/person\/98a50ec4058712b1f87785cceda8522a\"},\"headline\":\"Le planning des entra\u00eenements pendant les vacances d&rsquo;hiver\",\"datePublished\":\"2021-01-16T11:08:07+00:00\",\"dateModified\":\"2021-06-23T13:28:03+00:00\",\"mainEntityOfPage\":{\"@id\":\"https:\/\/covincennes.com\/index.php\/2021\/01\/16\/couvre-feu-a-18-h-00-voici-les-nouveaux-creneaux-dentrainements\/\"},\"wordCount\":116,\"commentCount\":0,\"publisher\":{\"@id\":\"https:\/\/covincennes.com\/#organization\"},\"inLanguage\":\"fr-FR\",\"potentialAction\":[{\"@type\":\"CommentAction\",\"name\":\"Comment\",\"target\":[\"https:\/\/covincennes.com\/index.php\/2021\/01\/16\/couvre-feu-a-18-h-00-voici-les-nouveaux-creneaux-dentrainements\/#respond\"]}]},{\"@type\":\"WebPage\",\"@id\":\"https:\/\/covincennes.com\/index.php\/2021\/01\/16\/couvre-feu-a-18-h-00-voici-les-nouveaux-creneaux-dentrainements\/\",\"url\":\"https:\/\/covincennes.com\/index.php\/2021\/01\/16\/couvre-feu-a-18-h-00-voici-les-nouveaux-creneaux-dentrainements\/\",\"name\":\"Le planning des entra\u00eenements pendant les vacances d'hiver - CO Vincennes\",\"isPartOf\":{\"@id\":\"https:\/\/covincennes.com\/#website\"},\"datePublished\":\"2021-01-16T11:08:07+00:00\",\"dateModified\":\"2021-06-23T13:28:03+00:00\",\"breadcrumb\":{\"@id\":\"https:\/\/covincennes.com\/index.php\/2021\/01\/16\/couvre-feu-a-18-h-00-voici-les-nouveaux-creneaux-dentrainements\/#breadcrumb\"},\"inLanguage\":\"fr-FR\",\"potentialAction\":[{\"@type\":\"ReadAction\",\"target\":[\"https:\/\/covincennes.com\/index.php\/2021\/01\/16\/couvre-feu-a-18-h-00-voici-les-nouveaux-creneaux-dentrainements\/\"]}]},{\"@type\":\"BreadcrumbList\",\"@id\":\"https:\/\/covincennes.com\/index.php\/2021\/01\/16\/couvre-feu-a-18-h-00-voici-les-nouveaux-creneaux-dentrainements\/#breadcrumb\",\"itemListElement\":[{\"@type\":\"ListItem\",\"position\":1,\"name\":\"Accueil\",\"item\":\"https:\/\/covincennes.com\/\"},{\"@type\":\"ListItem\",\"position\":2,\"name\":\"Le planning des entra\u00eenements pendant les vacances d&rsquo;hiver\"}]},{\"@type\":\"WebSite\",\"@id\":\"https:\/\/covincennes.com\/#website\",\"url\":\"https:\/\/covincennes.com\/\",\"name\":\"CO Vincennes\",\"description\":\"Un site utilisant WordPress\",\"publisher\":{\"@id\":\"https:\/\/covincennes.com\/#organization\"},\"potentialAction\":[{\"@type\":\"SearchAction\",\"target\":{\"@type\":\"EntryPoint\",\"urlTemplate\":\"https:\/\/covincennes.com\/?s={search_term_string}\"},\"query-input\":\"required name=search_term_string\"}],\"inLanguage\":\"fr-FR\"},{\"@type\":\"Organization\",\"@id\":\"https:\/\/covincennes.com\/#organization\",\"name\":\"CO Vincennes\",\"url\":\"https:\/\/covincennes.com\/\",\"sameAs\":[\"https:\/\/www.facebook.com\/CO-VINCENNES-la-page-officielle-136021893155921\/\",\"https:\/\/twitter.com\/covincennes\"],\"logo\":{\"@type\":\"ImageObject\",\"inLanguage\":\"fr-FR\",\"@id\":\"https:\/\/covincennes.com\/#\/schema\/logo\/image\/\",\"url\":\"https:\/\/covincennes.com\/wp-content\/uploads\/2019\/11\/logo-cov-png.png\",\"contentUrl\":\"https:\/\/covincennes.com\/wp-content\/uploads\/2019\/11\/logo-cov-png.png\",\"width\":495,\"height\":497,\"caption\":\"CO Vincennes\"},\"image\":{\"@id\":\"https:\/\/covincennes.com\/#\/schema\/logo\/image\/\"}},{\"@type\":\"Person\",\"@id\":\"https:\/\/covincennes.com\/#\/schema\/person\/98a50ec4058712b1f87785cceda8522a\",\"name\":\"Michael Sampaio\",\"image\":{\"@type\":\"ImageObject\",\"inLanguage\":\"fr-FR\",\"@id\":\"https:\/\/covincennes.com\/#\/schema\/person\/image\/\",\"url\":\"https:\/\/secure.gravatar.com\/avatar\/01b9a86131116bd0fd0e140505dee69ed58fa76a96d075b61115d1c80887852f?s=96&d=mm&r=g\",\"contentUrl\":\"https:\/\/secure.gravatar.com\/avatar\/01b9a86131116bd0fd0e140505dee69ed58fa76a96d075b61115d1c80887852f?s=96&d=mm&r=g\",\"caption\":\"Michael Sampaio\"},\"url\":\"https:\/\/covincennes.com\/index.php\/author\/sampaio-michael\/\"}]}<\/script>\n<!-- \/ Yoast SEO plugin. -->","yoast_head_json":{"title":"Le planning des entra\u00eenements pendant les vacances d'hiver - CO Vincennes","robots":{"index":"index","follow":"follow","max-snippet":"max-snippet:-1","max-image-preview":"max-image-preview:large","max-video-preview":"max-video-preview:-1"},"canonical":"https:\/\/covincennes.com\/index.php\/2021\/01\/16\/couvre-feu-a-18-h-00-voici-les-nouveaux-creneaux-dentrainements\/","og_locale":"fr_FR","og_type":"article","og_title":"Le planning des entra\u00eenements pendant les vacances d'hiver - CO Vincennes","og_description":"Vacances d&rsquo;hiver, oui, mais pas pour le CO Vincennes. Au contraire : profitant de la disponibilit\u00e9 des enfants en journ\u00e9e pendant cette p\u00e9riode, nous avons organis\u00e9 un planning qui leur permettra de rattraper (un peu) le temps perdu \u00e0 cause du confinement puis du couvre-feu. Le moment de se faire plaisir, mais sans oublier les [&hellip;]","og_url":"https:\/\/covincennes.com\/index.php\/2021\/01\/16\/couvre-feu-a-18-h-00-voici-les-nouveaux-creneaux-dentrainements\/","og_site_name":"CO Vincennes","article_publisher":"https:\/\/www.facebook.com\/CO-VINCENNES-la-page-officielle-136021893155921\/","article_published_time":"2021-01-16T11:08:07+00:00","article_modified_time":"2021-06-23T13:28:03+00:00","og_image":[{"width":740,"height":480,"url":"https:\/\/covincennes.com\/wp-content\/uploads\/2021\/01\/Foot-dEveil.jpg","type":"image\/jpeg"}],"author":"Michael Sampaio","twitter_card":"summary_large_image","twitter_creator":"@covincennes","twitter_site":"@covincennes","twitter_misc":{"\u00c9crit par":"Michael Sampaio","Dur\u00e9e de lecture estim\u00e9e":"1 minute"},"schema":{"@context":"https:\/\/schema.org","@graph":[{"@type":"Article","@id":"https:\/\/covincennes.com\/index.php\/2021\/01\/16\/couvre-feu-a-18-h-00-voici-les-nouveaux-creneaux-dentrainements\/#article","isPartOf":{"@id":"https:\/\/covincennes.com\/index.php\/2021\/01\/16\/couvre-feu-a-18-h-00-voici-les-nouveaux-creneaux-dentrainements\/"},"author":{"name":"Michael Sampaio","@id":"https:\/\/covincennes.com\/#\/schema\/person\/98a50ec4058712b1f87785cceda8522a"},"headline":"Le planning des entra\u00eenements pendant les vacances d&rsquo;hiver","datePublished":"2021-01-16T11:08:07+00:00","dateModified":"2021-06-23T13:28:03+00:00","mainEntityOfPage":{"@id":"https:\/\/covincennes.com\/index.php\/2021\/01\/16\/couvre-feu-a-18-h-00-voici-les-nouveaux-creneaux-dentrainements\/"},"wordCount":116,"commentCount":0,"publisher":{"@id":"https:\/\/covincennes.com\/#organization"},"inLanguage":"fr-FR","potentialAction":[{"@type":"CommentAction","name":"Comment","target":["https:\/\/covincennes.com\/index.php\/2021\/01\/16\/couvre-feu-a-18-h-00-voici-les-nouveaux-creneaux-dentrainements\/#respond"]}]},{"@type":"WebPage","@id":"https:\/\/covincennes.com\/index.php\/2021\/01\/16\/couvre-feu-a-18-h-00-voici-les-nouveaux-creneaux-dentrainements\/","url":"https:\/\/covincennes.com\/index.php\/2021\/01\/16\/couvre-feu-a-18-h-00-voici-les-nouveaux-creneaux-dentrainements\/","name":"Le planning des entra\u00eenements pendant les vacances d'hiver - CO Vincennes","isPartOf":{"@id":"https:\/\/covincennes.com\/#website"},"datePublished":"2021-01-16T11:08:07+00:00","dateModified":"2021-06-23T13:28:03+00:00","breadcrumb":{"@id":"https:\/\/covincennes.com\/index.php\/2021\/01\/16\/couvre-feu-a-18-h-00-voici-les-nouveaux-creneaux-dentrainements\/#breadcrumb"},"inLanguage":"fr-FR","potentialAction":[{"@type":"ReadAction","target":["https:\/\/covincennes.com\/index.php\/2021\/01\/16\/couvre-feu-a-18-h-00-voici-les-nouveaux-creneaux-dentrainements\/"]}]},{"@type":"BreadcrumbList","@id":"https:\/\/covincennes.com\/index.php\/2021\/01\/16\/couvre-feu-a-18-h-00-voici-les-nouveaux-creneaux-dentrainements\/#breadcrumb","itemListElement":[{"@type":"ListItem","position":1,"name":"Accueil","item":"https:\/\/covincennes.com\/"},{"@type":"ListItem","position":2,"name":"Le planning des entra\u00eenements pendant les vacances d&rsquo;hiver"}]},{"@type":"WebSite","@id":"https:\/\/covincennes.com\/#website","url":"https:\/\/covincennes.com\/","name":"CO Vincennes","description":"Un site utilisant WordPress","publisher":{"@id":"https:\/\/covincennes.com\/#organization"},"potentialAction":[{"@type":"SearchAction","target":{"@type":"EntryPoint","urlTemplate":"https:\/\/covincennes.com\/?s={search_term_string}"},"query-input":"required name=search_term_string"}],"inLanguage":"fr-FR"},{"@type":"Organization","@id":"https:\/\/covincennes.com\/#organization","name":"CO Vincennes","url":"https:\/\/covincennes.com\/","sameAs":["https:\/\/www.facebook.com\/CO-VINCENNES-la-page-officielle-136021893155921\/","https:\/\/twitter.com\/covincennes"],"logo":{"@type":"ImageObject","inLanguage":"fr-FR","@id":"https:\/\/covincennes.com\/#\/schema\/logo\/image\/","url":"https:\/\/covincennes.com\/wp-content\/uploads\/2019\/11\/logo-cov-png.png","contentUrl":"https:\/\/covincennes.com\/wp-content\/uploads\/2019\/11\/logo-cov-png.png","width":495,"height":497,"caption":"CO Vincennes"},"image":{"@id":"https:\/\/covincennes.com\/#\/schema\/logo\/image\/"}},{"@type":"Person","@id":"https:\/\/covincennes.com\/#\/schema\/person\/98a50ec4058712b1f87785cceda8522a","name":"Michael Sampaio","image":{"@type":"ImageObject","inLanguage":"fr-FR","@id":"https:\/\/covincennes.com\/#\/schema\/person\/image\/","url":"https:\/\/secure.gravatar.com\/avatar\/01b9a86131116bd0fd0e140505dee69ed58fa76a96d075b61115d1c80887852f?s=96&d=mm&r=g","contentUrl":"https:\/\/secure.gravatar.com\/avatar\/01b9a86131116bd0fd0e140505dee69ed58fa76a96d075b61115d1c80887852f?s=96&d=mm&r=g","caption":"Michael Sampaio"},"url":"https:\/\/covincennes.com\/index.php\/author\/sampaio-michael\/"}]}},"_links":{"self":[{"href":"https:\/\/covincennes.com\/index.php\/wp-json\/wp\/v2\/posts\/3026","targetHints":{"allow":["GET"]}}],"collection":[{"href":"https:\/\/covincennes.com\/index.php\/wp-json\/wp\/v2\/posts"}],"about":[{"href":"https:\/\/covincennes.com\/index.php\/wp-json\/wp\/v2\/types\/post"}],"author":[{"embeddable":true,"href":"https:\/\/covincennes.com\/index.php\/wp-json\/wp\/v2\/users\/3"}],"replies":[{"embeddable":true,"href":"https:\/\/covincennes.com\/index.php\/wp-json\/wp\/v2\/comments?post=3026"}],"version-history":[{"count":30,"href":"https:\/\/covincennes.com\/index.php\/wp-json\/wp\/v2\/posts\/3026\/revisions"}],"predecessor-version":[{"id":3260,"href":"https:\/\/covincennes.com\/index.php\/wp-json\/wp\/v2\/posts\/3026\/revisions\/3260"}],"wp:featuredmedia":[{"embeddable":true,"href":"https:\/\/covincennes.com\/index.php\/wp-json\/wp\/v2\/media\/3141"}],"wp:attachment":[{"href":"https:\/\/covincennes.com\/index.php\/wp-json\/wp\/v2\/media?parent=3026"}],"wp:term":[{"taxonomy":"category","embeddable":true,"href":"https:\/\/covincennes.com\/index.php\/wp-json\/wp\/v2\/categories?post=3026"},{"taxonomy":"post_tag","embeddable":true,"href":"https:\/\/covincennes.com\/index.php\/wp-json\/wp\/v2\/tags?post=3026"}],"curies":[{"name":"wp","href":"https:\/\/api.w.org\/{rel}","templated":true}]}}