{"id":3043,"date":"2021-01-16T20:49:11","date_gmt":"2021-01-16T19:49:11","guid":{"rendered":"https:\/\/covincennes.com\/?p=3043"},"modified":"2021-02-10T11:53:28","modified_gmt":"2021-02-10T10:53:28","slug":"un-ancien-du-cov-signe-au-milan-ac","status":"publish","type":"post","link":"https:\/\/covincennes.com\/index.php\/2021\/01\/16\/un-ancien-du-cov-signe-au-milan-ac\/","title":{"rendered":"Un ancien du COV signe au Milan AC !"},"content":{"rendered":"<p>C&rsquo;est un grand voyageur, pass\u00e9 par le CO Vincennes en \u00e9quipe de jeune, qui vient de signer dans un des plus grands clubs du monde. Soualiho Meit\u00e9, pass\u00e9 par Auxerre, Lille, Zulte Waregem (Belgique), Monaco, Bordeaux et le Torino (Italie), va, \u00e0 seulement 26 ans, conna\u00eetre son 7\u00e8me club pro en signant au Milan AC. Il a \u00e9t\u00e9 pr\u00eat\u00e9 jusqu&rsquo;\u00e0 la fin de la saison par le Torino pour 1 million d&rsquo;Euros avec une option d&rsquo;achat de 8 millions.<\/p>\n<p>Une fiert\u00e9 pour le CO Vincennes et son \u00e9ducateur de l&rsquo;\u00e9poque, Hugo Sanda, de voir une nouvelle fois sa formation mise en valeur.<\/p>\n<p>Dans le m\u00eame temps, un autre ancien du COV vient de changer de club professionnel : Nicolas Taravel a quitt\u00e9 les Etats-Unis et Oklahoma City pour la Bulgarie et Arda Kardzhali. A 26 ans lui aussi, il connait ainsi son sixi\u00e8me club pro, puisqu&rsquo;il a aussi port\u00e9 les couleurs de Dijon, du Dinamo Zagreb en Croatie (aux c\u00f4t\u00e9s de son fr\u00e8re J\u00e9r\u00e9my, \u00e9galement un ancien Vincennois), de Pafos (Chypre) et de Grenoble avant d&rsquo;aller aux States.<\/p>\n<p>Le COV leur souhaite \u00e0 tous les deux beaucoup de r\u00e9ussite dans leur nouveau club.<\/p>\n","protected":false},"excerpt":{"rendered":"<p>C&rsquo;est un grand voyageur, pass\u00e9 par le CO Vincennes en \u00e9quipe de jeune, qui vient de signer dans un des plus grands clubs du monde. Soualiho Meit\u00e9, pass\u00e9 par Auxerre, Lille, Zulte Waregem (Belgique), Monaco, Bordeaux et le Torino (Italie), va, \u00e0 seulement 26 ans, conna\u00eetre son 7\u00e8me club pro en signant au Milan AC. [&hellip;]<\/p>\n","protected":false},"author":2,"featured_media":3045,"comment_status":"open","ping_status":"open","sticky":false,"template":"","format":"standard","meta":{"_monsterinsights_skip_tracking":false,"_monsterinsights_sitenote_active":false,"_monsterinsights_sitenote_note":"","_monsterinsights_sitenote_category":0,"footnotes":""},"categories":[1],"tags":[],"class_list":["post-3043","post","type-post","status-publish","format-standard","has-post-thumbnail","hentry","category-non-classe","entry","has-media"],"yoast_head":"<!-- This site is optimized with the Yoast SEO plugin v19.6.1 - https:\/\/yoast.com\/wordpress\/plugins\/seo\/ -->\n<title>Un ancien du COV signe au Milan AC ! - CO Vincennes<\/title>\n<meta name=\"robots\" content=\"index, follow, max-snippet:-1, max-image-preview:large, max-video-preview:-1\" \/>\n<link rel=\"canonical\" href=\"https:\/\/covincennes.com\/index.php\/2021\/01\/16\/un-ancien-du-cov-signe-au-milan-ac\/\" \/>\n<meta property=\"og:locale\" content=\"fr_FR\" \/>\n<meta property=\"og:type\" content=\"article\" \/>\n<meta property=\"og:title\" content=\"Un ancien du COV signe au Milan AC ! - CO Vincennes\" \/>\n<meta property=\"og:description\" content=\"C&rsquo;est un grand voyageur, pass\u00e9 par le CO Vincennes en \u00e9quipe de jeune, qui vient de signer dans un des plus grands clubs du monde. Soualiho Meit\u00e9, pass\u00e9 par Auxerre, Lille, Zulte Waregem (Belgique), Monaco, Bordeaux et le Torino (Italie), va, \u00e0 seulement 26 ans, conna\u00eetre son 7\u00e8me club pro en signant au Milan AC. [&hellip;]\" \/>\n<meta property=\"og:url\" content=\"https:\/\/covincennes.com\/index.php\/2021\/01\/16\/un-ancien-du-cov-signe-au-milan-ac\/\" \/>\n<meta property=\"og:site_name\" content=\"CO Vincennes\" \/>\n<meta property=\"article:publisher\" content=\"https:\/\/www.facebook.com\/CO-VINCENNES-la-page-officielle-136021893155921\/\" \/>\n<meta property=\"article:published_time\" content=\"2021-01-16T19:49:11+00:00\" \/>\n<meta property=\"article:modified_time\" content=\"2021-02-10T10:53:28+00:00\" \/>\n<meta property=\"og:image\" content=\"https:\/\/covincennes.com\/wp-content\/uploads\/2021\/01\/Meite\u0301.jpg\" \/>\n\t<meta property=\"og:image:width\" content=\"710\" \/>\n\t<meta property=\"og:image:height\" content=\"480\" \/>\n\t<meta property=\"og:image:type\" content=\"image\/jpeg\" \/>\n<meta name=\"author\" content=\"Cole Hibry\" \/>\n<meta name=\"twitter:card\" content=\"summary_large_image\" \/>\n<meta name=\"twitter:creator\" content=\"@covincennes\" \/>\n<meta name=\"twitter:site\" content=\"@covincennes\" \/>\n<meta name=\"twitter:label1\" content=\"\u00c9crit par\" \/>\n\t<meta name=\"twitter:data1\" content=\"Cole Hibry\" \/>\n\t<meta name=\"twitter:label2\" content=\"Dur\u00e9e de lecture estim\u00e9e\" \/>\n\t<meta name=\"twitter:data2\" content=\"1 minute\" \/>\n<script type=\"application\/ld+json\" class=\"yoast-schema-graph\">{\"@context\":\"https:\/\/schema.org\",\"@graph\":[{\"@type\":\"Article\",\"@id\":\"https:\/\/covincennes.com\/index.php\/2021\/01\/16\/un-ancien-du-cov-signe-au-milan-ac\/#article\",\"isPartOf\":{\"@id\":\"https:\/\/covincennes.com\/index.php\/2021\/01\/16\/un-ancien-du-cov-signe-au-milan-ac\/\"},\"author\":{\"name\":\"Cole Hibry\",\"@id\":\"https:\/\/covincennes.com\/#\/schema\/person\/eb881824360af01aa016999e439303fe\"},\"headline\":\"Un ancien du COV signe au Milan AC !\",\"datePublished\":\"2021-01-16T19:49:11+00:00\",\"dateModified\":\"2021-02-10T10:53:28+00:00\",\"mainEntityOfPage\":{\"@id\":\"https:\/\/covincennes.com\/index.php\/2021\/01\/16\/un-ancien-du-cov-signe-au-milan-ac\/\"},\"wordCount\":205,\"commentCount\":0,\"publisher\":{\"@id\":\"https:\/\/covincennes.com\/#organization\"},\"inLanguage\":\"fr-FR\",\"potentialAction\":[{\"@type\":\"CommentAction\",\"name\":\"Comment\",\"target\":[\"https:\/\/covincennes.com\/index.php\/2021\/01\/16\/un-ancien-du-cov-signe-au-milan-ac\/#respond\"]}]},{\"@type\":\"WebPage\",\"@id\":\"https:\/\/covincennes.com\/index.php\/2021\/01\/16\/un-ancien-du-cov-signe-au-milan-ac\/\",\"url\":\"https:\/\/covincennes.com\/index.php\/2021\/01\/16\/un-ancien-du-cov-signe-au-milan-ac\/\",\"name\":\"Un ancien du COV signe au Milan AC ! - CO Vincennes\",\"isPartOf\":{\"@id\":\"https:\/\/covincennes.com\/#website\"},\"datePublished\":\"2021-01-16T19:49:11+00:00\",\"dateModified\":\"2021-02-10T10:53:28+00:00\",\"breadcrumb\":{\"@id\":\"https:\/\/covincennes.com\/index.php\/2021\/01\/16\/un-ancien-du-cov-signe-au-milan-ac\/#breadcrumb\"},\"inLanguage\":\"fr-FR\",\"potentialAction\":[{\"@type\":\"ReadAction\",\"target\":[\"https:\/\/covincennes.com\/index.php\/2021\/01\/16\/un-ancien-du-cov-signe-au-milan-ac\/\"]}]},{\"@type\":\"BreadcrumbList\",\"@id\":\"https:\/\/covincennes.com\/index.php\/2021\/01\/16\/un-ancien-du-cov-signe-au-milan-ac\/#breadcrumb\",\"itemListElement\":[{\"@type\":\"ListItem\",\"position\":1,\"name\":\"Accueil\",\"item\":\"https:\/\/covincennes.com\/\"},{\"@type\":\"ListItem\",\"position\":2,\"name\":\"Un ancien du COV signe au Milan AC !\"}]},{\"@type\":\"WebSite\",\"@id\":\"https:\/\/covincennes.com\/#website\",\"url\":\"https:\/\/covincennes.com\/\",\"name\":\"CO Vincennes\",\"description\":\"Un site utilisant WordPress\",\"publisher\":{\"@id\":\"https:\/\/covincennes.com\/#organization\"},\"potentialAction\":[{\"@type\":\"SearchAction\",\"target\":{\"@type\":\"EntryPoint\",\"urlTemplate\":\"https:\/\/covincennes.com\/?s={search_term_string}\"},\"query-input\":\"required name=search_term_string\"}],\"inLanguage\":\"fr-FR\"},{\"@type\":\"Organization\",\"@id\":\"https:\/\/covincennes.com\/#organization\",\"name\":\"CO Vincennes\",\"url\":\"https:\/\/covincennes.com\/\",\"sameAs\":[\"https:\/\/www.facebook.com\/CO-VINCENNES-la-page-officielle-136021893155921\/\",\"https:\/\/twitter.com\/covincennes\"],\"logo\":{\"@type\":\"ImageObject\",\"inLanguage\":\"fr-FR\",\"@id\":\"https:\/\/covincennes.com\/#\/schema\/logo\/image\/\",\"url\":\"https:\/\/covincennes.com\/wp-content\/uploads\/2019\/11\/logo-cov-png.png\",\"contentUrl\":\"https:\/\/covincennes.com\/wp-content\/uploads\/2019\/11\/logo-cov-png.png\",\"width\":495,\"height\":497,\"caption\":\"CO Vincennes\"},\"image\":{\"@id\":\"https:\/\/covincennes.com\/#\/schema\/logo\/image\/\"}},{\"@type\":\"Person\",\"@id\":\"https:\/\/covincennes.com\/#\/schema\/person\/eb881824360af01aa016999e439303fe\",\"name\":\"Cole Hibry\",\"image\":{\"@type\":\"ImageObject\",\"inLanguage\":\"fr-FR\",\"@id\":\"https:\/\/covincennes.com\/#\/schema\/person\/image\/\",\"url\":\"https:\/\/secure.gravatar.com\/avatar\/fdd68f914853e79675161dab52794fbe213aaa71837a3f83ab5d0669e81bb866?s=96&d=mm&r=g\",\"contentUrl\":\"https:\/\/secure.gravatar.com\/avatar\/fdd68f914853e79675161dab52794fbe213aaa71837a3f83ab5d0669e81bb866?s=96&d=mm&r=g\",\"caption\":\"Cole Hibry\"},\"url\":\"https:\/\/covincennes.com\/index.php\/author\/chevit-frederic\/\"}]}<\/script>\n<!-- \/ Yoast SEO plugin. -->","yoast_head_json":{"title":"Un ancien du COV signe au Milan AC ! - CO Vincennes","robots":{"index":"index","follow":"follow","max-snippet":"max-snippet:-1","max-image-preview":"max-image-preview:large","max-video-preview":"max-video-preview:-1"},"canonical":"https:\/\/covincennes.com\/index.php\/2021\/01\/16\/un-ancien-du-cov-signe-au-milan-ac\/","og_locale":"fr_FR","og_type":"article","og_title":"Un ancien du COV signe au Milan AC ! - CO Vincennes","og_description":"C&rsquo;est un grand voyageur, pass\u00e9 par le CO Vincennes en \u00e9quipe de jeune, qui vient de signer dans un des plus grands clubs du monde. Soualiho Meit\u00e9, pass\u00e9 par Auxerre, Lille, Zulte Waregem (Belgique), Monaco, Bordeaux et le Torino (Italie), va, \u00e0 seulement 26 ans, conna\u00eetre son 7\u00e8me club pro en signant au Milan AC. [&hellip;]","og_url":"https:\/\/covincennes.com\/index.php\/2021\/01\/16\/un-ancien-du-cov-signe-au-milan-ac\/","og_site_name":"CO Vincennes","article_publisher":"https:\/\/www.facebook.com\/CO-VINCENNES-la-page-officielle-136021893155921\/","article_published_time":"2021-01-16T19:49:11+00:00","article_modified_time":"2021-02-10T10:53:28+00:00","og_image":[{"width":710,"height":480,"url":"https:\/\/covincennes.com\/wp-content\/uploads\/2021\/01\/Meite\u0301.jpg","type":"image\/jpeg"}],"author":"Cole Hibry","twitter_card":"summary_large_image","twitter_creator":"@covincennes","twitter_site":"@covincennes","twitter_misc":{"\u00c9crit par":"Cole Hibry","Dur\u00e9e de lecture estim\u00e9e":"1 minute"},"schema":{"@context":"https:\/\/schema.org","@graph":[{"@type":"Article","@id":"https:\/\/covincennes.com\/index.php\/2021\/01\/16\/un-ancien-du-cov-signe-au-milan-ac\/#article","isPartOf":{"@id":"https:\/\/covincennes.com\/index.php\/2021\/01\/16\/un-ancien-du-cov-signe-au-milan-ac\/"},"author":{"name":"Cole Hibry","@id":"https:\/\/covincennes.com\/#\/schema\/person\/eb881824360af01aa016999e439303fe"},"headline":"Un ancien du COV signe au Milan AC !","datePublished":"2021-01-16T19:49:11+00:00","dateModified":"2021-02-10T10:53:28+00:00","mainEntityOfPage":{"@id":"https:\/\/covincennes.com\/index.php\/2021\/01\/16\/un-ancien-du-cov-signe-au-milan-ac\/"},"wordCount":205,"commentCount":0,"publisher":{"@id":"https:\/\/covincennes.com\/#organization"},"inLanguage":"fr-FR","potentialAction":[{"@type":"CommentAction","name":"Comment","target":["https:\/\/covincennes.com\/index.php\/2021\/01\/16\/un-ancien-du-cov-signe-au-milan-ac\/#respond"]}]},{"@type":"WebPage","@id":"https:\/\/covincennes.com\/index.php\/2021\/01\/16\/un-ancien-du-cov-signe-au-milan-ac\/","url":"https:\/\/covincennes.com\/index.php\/2021\/01\/16\/un-ancien-du-cov-signe-au-milan-ac\/","name":"Un ancien du COV signe au Milan AC ! - CO Vincennes","isPartOf":{"@id":"https:\/\/covincennes.com\/#website"},"datePublished":"2021-01-16T19:49:11+00:00","dateModified":"2021-02-10T10:53:28+00:00","breadcrumb":{"@id":"https:\/\/covincennes.com\/index.php\/2021\/01\/16\/un-ancien-du-cov-signe-au-milan-ac\/#breadcrumb"},"inLanguage":"fr-FR","potentialAction":[{"@type":"ReadAction","target":["https:\/\/covincennes.com\/index.php\/2021\/01\/16\/un-ancien-du-cov-signe-au-milan-ac\/"]}]},{"@type":"BreadcrumbList","@id":"https:\/\/covincennes.com\/index.php\/2021\/01\/16\/un-ancien-du-cov-signe-au-milan-ac\/#breadcrumb","itemListElement":[{"@type":"ListItem","position":1,"name":"Accueil","item":"https:\/\/covincennes.com\/"},{"@type":"ListItem","position":2,"name":"Un ancien du COV signe au Milan AC !"}]},{"@type":"WebSite","@id":"https:\/\/covincennes.com\/#website","url":"https:\/\/covincennes.com\/","name":"CO Vincennes","description":"Un site utilisant WordPress","publisher":{"@id":"https:\/\/covincennes.com\/#organization"},"potentialAction":[{"@type":"SearchAction","target":{"@type":"EntryPoint","urlTemplate":"https:\/\/covincennes.com\/?s={search_term_string}"},"query-input":"required name=search_term_string"}],"inLanguage":"fr-FR"},{"@type":"Organization","@id":"https:\/\/covincennes.com\/#organization","name":"CO Vincennes","url":"https:\/\/covincennes.com\/","sameAs":["https:\/\/www.facebook.com\/CO-VINCENNES-la-page-officielle-136021893155921\/","https:\/\/twitter.com\/covincennes"],"logo":{"@type":"ImageObject","inLanguage":"fr-FR","@id":"https:\/\/covincennes.com\/#\/schema\/logo\/image\/","url":"https:\/\/covincennes.com\/wp-content\/uploads\/2019\/11\/logo-cov-png.png","contentUrl":"https:\/\/covincennes.com\/wp-content\/uploads\/2019\/11\/logo-cov-png.png","width":495,"height":497,"caption":"CO Vincennes"},"image":{"@id":"https:\/\/covincennes.com\/#\/schema\/logo\/image\/"}},{"@type":"Person","@id":"https:\/\/covincennes.com\/#\/schema\/person\/eb881824360af01aa016999e439303fe","name":"Cole Hibry","image":{"@type":"ImageObject","inLanguage":"fr-FR","@id":"https:\/\/covincennes.com\/#\/schema\/person\/image\/","url":"https:\/\/secure.gravatar.com\/avatar\/fdd68f914853e79675161dab52794fbe213aaa71837a3f83ab5d0669e81bb866?s=96&d=mm&r=g","contentUrl":"https:\/\/secure.gravatar.com\/avatar\/fdd68f914853e79675161dab52794fbe213aaa71837a3f83ab5d0669e81bb866?s=96&d=mm&r=g","caption":"Cole Hibry"},"url":"https:\/\/covincennes.com\/index.php\/author\/chevit-frederic\/"}]}},"_links":{"self":[{"href":"https:\/\/covincennes.com\/index.php\/wp-json\/wp\/v2\/posts\/3043","targetHints":{"allow":["GET"]}}],"collection":[{"href":"https:\/\/covincennes.com\/index.php\/wp-json\/wp\/v2\/posts"}],"about":[{"href":"https:\/\/covincennes.com\/index.php\/wp-json\/wp\/v2\/types\/post"}],"author":[{"embeddable":true,"href":"https:\/\/covincennes.com\/index.php\/wp-json\/wp\/v2\/users\/2"}],"replies":[{"embeddable":true,"href":"https:\/\/covincennes.com\/index.php\/wp-json\/wp\/v2\/comments?post=3043"}],"version-history":[{"count":2,"href":"https:\/\/covincennes.com\/index.php\/wp-json\/wp\/v2\/posts\/3043\/revisions"}],"predecessor-version":[{"id":3046,"href":"https:\/\/covincennes.com\/index.php\/wp-json\/wp\/v2\/posts\/3043\/revisions\/3046"}],"wp:featuredmedia":[{"embeddable":true,"href":"https:\/\/covincennes.com\/index.php\/wp-json\/wp\/v2\/media\/3045"}],"wp:attachment":[{"href":"https:\/\/covincennes.com\/index.php\/wp-json\/wp\/v2\/media?parent=3043"}],"wp:term":[{"taxonomy":"category","embeddable":true,"href":"https:\/\/covincennes.com\/index.php\/wp-json\/wp\/v2\/categories?post=3043"},{"taxonomy":"post_tag","embeddable":true,"href":"https:\/\/covincennes.com\/index.php\/wp-json\/wp\/v2\/tags?post=3043"}],"curies":[{"name":"wp","href":"https:\/\/api.w.org\/{rel}","templated":true}]}}