{"id":3202,"date":"2021-02-07T22:43:26","date_gmt":"2021-02-07T21:43:26","guid":{"rendered":"https:\/\/covincennes.com\/?p=3202"},"modified":"2021-02-12T17:37:15","modified_gmt":"2021-02-12T16:37:15","slug":"le-cov-un-club-sans-exclusive","status":"publish","type":"post","link":"https:\/\/covincennes.com\/index.php\/2021\/02\/07\/le-cov-un-club-sans-exclusive\/","title":{"rendered":"Le COV, un club sans exclusive"},"content":{"rendered":"<p><em>Par Alexandre Terrini *<\/em><\/p>\n<p><strong>Le COV s\u2019est donn\u00e9 \u00e0 voir, en cette rentr\u00e9e, lors de la r\u00e9union de pr\u00e9sentation de l\u2019\u00e9cole de foot. L\u2019occasion de redire combien il s\u2019adresse \u00e0 toutes et \u00e0 tous et d\u2019abord, aux plus petits, quel que soit leur niveau.<\/strong><\/p>\n<p><em>\u00ab\u00a0Nous sommes un club qui accueille chacun afin qu\u2019il trouve, chez nous, sa place et mati\u00e8re \u00e0 son \u00e9panouissement. C\u2019est l\u00e0 un mot clef avec celui d\u2019apprentissage\u00a0\u00bb<\/em>, a insist\u00e9, en pr\u00e9ambule, Fr\u00e9d\u00e9ric Chevit, Pr\u00e9sident du COV. Directeur technique du club, William Mhadjou lui a embo\u00eet\u00e9 le pas en expliquant combien l\u2019initiation aux plaisirs du ballon rond est cruciale et ne doit pas \u00eatre g\u00e2ch\u00e9e\u00a0: <em>\u00ab\u00a0Le foot d\u2019\u00e9veil, cela reste les plus belles ann\u00e9es avec cette insouciance, le plaisir du jeu, le bien-\u00eatre et l\u2019acquisition de la confiance en soi.\u00a0\u00bb<\/em><\/p>\n<p><strong>L\u2019estime de soi est essentielle<\/strong><\/p>\n<p>Dans cette optique, il est crucial que l\u2019enfant \u00e9volue dans un contexte qui soit propice \u00e0 son \u00e9closion. <em>\u00ab\u00a0Il doit \u00eatre mis dans de bonnes conditions pour ne pas \u00eatre inhib\u00e9<\/em>, a rappel\u00e9 William Mhadjou. <em>Il est imp\u00e9ratif d\u2019instaurer un climat favorable en expliquant que l\u2019erreur fait justement partie de l\u2019apprentissage. L\u2019estime de soi est essentielle et il faut accepter que chacun progresse \u00e0 son rythme. Dans cette optique, les parents et les \u00e9ducateurs ont, de concert, un r\u00f4le \u00e0 jouer.\u00a0\u00bb<\/em><\/p>\n<p>C\u2019est que la somme des acquis \u00e0 assimiler est extr\u00eamement vaste, qu\u2019il s\u2019agisse de ma\u00eetriser les r\u00e8gles du jeu, d\u2019appr\u00e9hender les dimensions du terrain, d\u2019appliquer les consignes etc. Avec, en toile de fond, une progression envisag\u00e9e sur trois plans\u00a0: technique, tactique et physique. Ce triptyque induit une m\u00e9thodologie qui consiste \u00e0 partir du jeu pour travailler divers th\u00e8mes.<\/p>\n<p><strong>Ne pas stigmatiser l\u2019enfant<\/strong><\/p>\n<p>A cette fin, le COV a mis les moyens et d\u2019abord humains. En effet, des U6 aux U9, on recense en moyenne un \u00e9ducateur pour douze \u00e9l\u00e8ves footballeurs avec, de surcro\u00eet, un r\u00e9f\u00e9rent par cat\u00e9gorie d\u2019\u00e2ge qui fait le lien avec <em>Aleksandar<\/em> Nicic, le responsable du Foot d\u2019Eveil. Pour ce qui est du programme p\u00e9dagogique proprement dit, il suit le canevas arr\u00eat\u00e9 par la F\u00e9d\u00e9ration fran\u00e7aise de football (FFF). La saison est divis\u00e9e en cinq p\u00e9riodes comportant elles-m\u00eames syst\u00e9matiquement deux cycles, l\u2019un consacr\u00e9 \u00e0 la technique, l\u2019autre \u00e0 la tactique.<\/p>\n<p>La constitution, \u00e0 partir de tests quantitatifs (vitesse, jongles, conduite de balle\u2026) et qualitatifs (comportement \u00e0 l\u2019entra\u00eenement, prestations en match\u2026) de trois groupes de niveau (d\u00e9brouill\u00e9, confirm\u00e9, avanc\u00e9) ne s\u2019applique qu\u2019aux U8 et aux U9 avec la possibilit\u00e9, en cours d\u2019ann\u00e9e, de monter dans la hi\u00e9rarchie au gr\u00e9 de la maturation du licenci\u00e9. <em>\u00ab\u00a0Le but n\u2019est absolument pas de stigmatiser l\u2019enfant\u00a0\u00bb<\/em>, a r\u00e9p\u00e9t\u00e9 <em>Aleksandar<\/em> Nicic. Et d\u2019inciter express\u00e9ment les parents \u00e0 se cantonner \u00e0 leur mission\u00a0: <em>\u00ab\u00a0Ils ont un r\u00f4le \u00e0 jouer. Ils ne doivent pas avoir de comportement n\u00e9gatif qui soit inhibant. Ce qui signifie que sur le terrain, les petits sont exclusivement avec les entra\u00eeneurs et sous leur autorit\u00e9.\u00a0\u00bb<\/em> Nul doute que le message est pass\u00e9\u2026<\/p>\n<p><em>*Alexandre Terrini est journaliste et papa d\u2019un jeune licenci\u00e9 du club. Il nous a propos\u00e9 cet article que nous avions malencontreusement oubli\u00e9 de publier. Toutes nos excuses et tous nos remerciements.<\/em><\/p>\n<p>&nbsp;<\/p>\n<p>&nbsp;<\/p>\n","protected":false},"excerpt":{"rendered":"<p>Par Alexandre Terrini * Le COV s\u2019est donn\u00e9 \u00e0 voir, en cette rentr\u00e9e, lors de la r\u00e9union de pr\u00e9sentation de l\u2019\u00e9cole de foot. L\u2019occasion de redire combien il s\u2019adresse \u00e0 toutes et \u00e0 tous et d\u2019abord, aux plus petits, quel que soit leur niveau. \u00ab\u00a0Nous sommes un club qui accueille chacun afin qu\u2019il trouve, chez [&hellip;]<\/p>\n","protected":false},"author":2,"featured_media":3203,"comment_status":"open","ping_status":"open","sticky":false,"template":"","format":"standard","meta":{"_monsterinsights_skip_tracking":false,"_monsterinsights_sitenote_active":false,"_monsterinsights_sitenote_note":"","_monsterinsights_sitenote_category":0,"footnotes":""},"categories":[1],"tags":[],"class_list":["post-3202","post","type-post","status-publish","format-standard","has-post-thumbnail","hentry","category-non-classe","entry","has-media"],"yoast_head":"<!-- This site is optimized with the Yoast SEO plugin v19.6.1 - https:\/\/yoast.com\/wordpress\/plugins\/seo\/ -->\n<title>Le COV, un club sans exclusive - CO Vincennes<\/title>\n<meta name=\"robots\" content=\"index, follow, max-snippet:-1, max-image-preview:large, max-video-preview:-1\" \/>\n<link rel=\"canonical\" href=\"https:\/\/covincennes.com\/index.php\/2021\/02\/07\/le-cov-un-club-sans-exclusive\/\" \/>\n<meta property=\"og:locale\" content=\"fr_FR\" \/>\n<meta property=\"og:type\" content=\"article\" \/>\n<meta property=\"og:title\" content=\"Le COV, un club sans exclusive - CO Vincennes\" \/>\n<meta property=\"og:description\" content=\"Par Alexandre Terrini * Le COV s\u2019est donn\u00e9 \u00e0 voir, en cette rentr\u00e9e, lors de la r\u00e9union de pr\u00e9sentation de l\u2019\u00e9cole de foot. L\u2019occasion de redire combien il s\u2019adresse \u00e0 toutes et \u00e0 tous et d\u2019abord, aux plus petits, quel que soit leur niveau. \u00ab\u00a0Nous sommes un club qui accueille chacun afin qu\u2019il trouve, chez [&hellip;]\" \/>\n<meta property=\"og:url\" content=\"https:\/\/covincennes.com\/index.php\/2021\/02\/07\/le-cov-un-club-sans-exclusive\/\" \/>\n<meta property=\"og:site_name\" content=\"CO Vincennes\" \/>\n<meta property=\"article:publisher\" content=\"https:\/\/www.facebook.com\/CO-VINCENNES-la-page-officielle-136021893155921\/\" \/>\n<meta property=\"article:published_time\" content=\"2021-02-07T21:43:26+00:00\" \/>\n<meta property=\"article:modified_time\" content=\"2021-02-12T16:37:15+00:00\" \/>\n<meta property=\"og:image\" content=\"https:\/\/covincennes.com\/wp-content\/uploads\/2021\/02\/PHOTO-2020-10-10-21-30-19.jpg\" \/>\n\t<meta property=\"og:image:width\" content=\"740\" \/>\n\t<meta property=\"og:image:height\" content=\"480\" \/>\n\t<meta property=\"og:image:type\" content=\"image\/jpeg\" \/>\n<meta name=\"author\" content=\"Cole Hibry\" \/>\n<meta name=\"twitter:card\" content=\"summary_large_image\" \/>\n<meta name=\"twitter:creator\" content=\"@covincennes\" \/>\n<meta name=\"twitter:site\" content=\"@covincennes\" \/>\n<meta name=\"twitter:label1\" content=\"\u00c9crit par\" \/>\n\t<meta name=\"twitter:data1\" content=\"Cole Hibry\" \/>\n\t<meta name=\"twitter:label2\" content=\"Dur\u00e9e de lecture estim\u00e9e\" \/>\n\t<meta name=\"twitter:data2\" content=\"3 minutes\" \/>\n<script type=\"application\/ld+json\" class=\"yoast-schema-graph\">{\"@context\":\"https:\/\/schema.org\",\"@graph\":[{\"@type\":\"Article\",\"@id\":\"https:\/\/covincennes.com\/index.php\/2021\/02\/07\/le-cov-un-club-sans-exclusive\/#article\",\"isPartOf\":{\"@id\":\"https:\/\/covincennes.com\/index.php\/2021\/02\/07\/le-cov-un-club-sans-exclusive\/\"},\"author\":{\"name\":\"Cole Hibry\",\"@id\":\"https:\/\/covincennes.com\/#\/schema\/person\/eb881824360af01aa016999e439303fe\"},\"headline\":\"Le COV, un club sans exclusive\",\"datePublished\":\"2021-02-07T21:43:26+00:00\",\"dateModified\":\"2021-02-12T16:37:15+00:00\",\"mainEntityOfPage\":{\"@id\":\"https:\/\/covincennes.com\/index.php\/2021\/02\/07\/le-cov-un-club-sans-exclusive\/\"},\"wordCount\":593,\"commentCount\":0,\"publisher\":{\"@id\":\"https:\/\/covincennes.com\/#organization\"},\"inLanguage\":\"fr-FR\",\"potentialAction\":[{\"@type\":\"CommentAction\",\"name\":\"Comment\",\"target\":[\"https:\/\/covincennes.com\/index.php\/2021\/02\/07\/le-cov-un-club-sans-exclusive\/#respond\"]}]},{\"@type\":\"WebPage\",\"@id\":\"https:\/\/covincennes.com\/index.php\/2021\/02\/07\/le-cov-un-club-sans-exclusive\/\",\"url\":\"https:\/\/covincennes.com\/index.php\/2021\/02\/07\/le-cov-un-club-sans-exclusive\/\",\"name\":\"Le COV, un club sans exclusive - CO Vincennes\",\"isPartOf\":{\"@id\":\"https:\/\/covincennes.com\/#website\"},\"datePublished\":\"2021-02-07T21:43:26+00:00\",\"dateModified\":\"2021-02-12T16:37:15+00:00\",\"breadcrumb\":{\"@id\":\"https:\/\/covincennes.com\/index.php\/2021\/02\/07\/le-cov-un-club-sans-exclusive\/#breadcrumb\"},\"inLanguage\":\"fr-FR\",\"potentialAction\":[{\"@type\":\"ReadAction\",\"target\":[\"https:\/\/covincennes.com\/index.php\/2021\/02\/07\/le-cov-un-club-sans-exclusive\/\"]}]},{\"@type\":\"BreadcrumbList\",\"@id\":\"https:\/\/covincennes.com\/index.php\/2021\/02\/07\/le-cov-un-club-sans-exclusive\/#breadcrumb\",\"itemListElement\":[{\"@type\":\"ListItem\",\"position\":1,\"name\":\"Accueil\",\"item\":\"https:\/\/covincennes.com\/\"},{\"@type\":\"ListItem\",\"position\":2,\"name\":\"Le COV, un club sans exclusive\"}]},{\"@type\":\"WebSite\",\"@id\":\"https:\/\/covincennes.com\/#website\",\"url\":\"https:\/\/covincennes.com\/\",\"name\":\"CO Vincennes\",\"description\":\"Un site utilisant WordPress\",\"publisher\":{\"@id\":\"https:\/\/covincennes.com\/#organization\"},\"potentialAction\":[{\"@type\":\"SearchAction\",\"target\":{\"@type\":\"EntryPoint\",\"urlTemplate\":\"https:\/\/covincennes.com\/?s={search_term_string}\"},\"query-input\":\"required name=search_term_string\"}],\"inLanguage\":\"fr-FR\"},{\"@type\":\"Organization\",\"@id\":\"https:\/\/covincennes.com\/#organization\",\"name\":\"CO Vincennes\",\"url\":\"https:\/\/covincennes.com\/\",\"sameAs\":[\"https:\/\/www.facebook.com\/CO-VINCENNES-la-page-officielle-136021893155921\/\",\"https:\/\/twitter.com\/covincennes\"],\"logo\":{\"@type\":\"ImageObject\",\"inLanguage\":\"fr-FR\",\"@id\":\"https:\/\/covincennes.com\/#\/schema\/logo\/image\/\",\"url\":\"https:\/\/covincennes.com\/wp-content\/uploads\/2019\/11\/logo-cov-png.png\",\"contentUrl\":\"https:\/\/covincennes.com\/wp-content\/uploads\/2019\/11\/logo-cov-png.png\",\"width\":495,\"height\":497,\"caption\":\"CO Vincennes\"},\"image\":{\"@id\":\"https:\/\/covincennes.com\/#\/schema\/logo\/image\/\"}},{\"@type\":\"Person\",\"@id\":\"https:\/\/covincennes.com\/#\/schema\/person\/eb881824360af01aa016999e439303fe\",\"name\":\"Cole Hibry\",\"image\":{\"@type\":\"ImageObject\",\"inLanguage\":\"fr-FR\",\"@id\":\"https:\/\/covincennes.com\/#\/schema\/person\/image\/\",\"url\":\"https:\/\/secure.gravatar.com\/avatar\/fdd68f914853e79675161dab52794fbe213aaa71837a3f83ab5d0669e81bb866?s=96&d=mm&r=g\",\"contentUrl\":\"https:\/\/secure.gravatar.com\/avatar\/fdd68f914853e79675161dab52794fbe213aaa71837a3f83ab5d0669e81bb866?s=96&d=mm&r=g\",\"caption\":\"Cole Hibry\"},\"url\":\"https:\/\/covincennes.com\/index.php\/author\/chevit-frederic\/\"}]}<\/script>\n<!-- \/ Yoast SEO plugin. -->","yoast_head_json":{"title":"Le COV, un club sans exclusive - CO Vincennes","robots":{"index":"index","follow":"follow","max-snippet":"max-snippet:-1","max-image-preview":"max-image-preview:large","max-video-preview":"max-video-preview:-1"},"canonical":"https:\/\/covincennes.com\/index.php\/2021\/02\/07\/le-cov-un-club-sans-exclusive\/","og_locale":"fr_FR","og_type":"article","og_title":"Le COV, un club sans exclusive - CO Vincennes","og_description":"Par Alexandre Terrini * Le COV s\u2019est donn\u00e9 \u00e0 voir, en cette rentr\u00e9e, lors de la r\u00e9union de pr\u00e9sentation de l\u2019\u00e9cole de foot. L\u2019occasion de redire combien il s\u2019adresse \u00e0 toutes et \u00e0 tous et d\u2019abord, aux plus petits, quel que soit leur niveau. \u00ab\u00a0Nous sommes un club qui accueille chacun afin qu\u2019il trouve, chez [&hellip;]","og_url":"https:\/\/covincennes.com\/index.php\/2021\/02\/07\/le-cov-un-club-sans-exclusive\/","og_site_name":"CO Vincennes","article_publisher":"https:\/\/www.facebook.com\/CO-VINCENNES-la-page-officielle-136021893155921\/","article_published_time":"2021-02-07T21:43:26+00:00","article_modified_time":"2021-02-12T16:37:15+00:00","og_image":[{"width":740,"height":480,"url":"https:\/\/covincennes.com\/wp-content\/uploads\/2021\/02\/PHOTO-2020-10-10-21-30-19.jpg","type":"image\/jpeg"}],"author":"Cole Hibry","twitter_card":"summary_large_image","twitter_creator":"@covincennes","twitter_site":"@covincennes","twitter_misc":{"\u00c9crit par":"Cole Hibry","Dur\u00e9e de lecture estim\u00e9e":"3 minutes"},"schema":{"@context":"https:\/\/schema.org","@graph":[{"@type":"Article","@id":"https:\/\/covincennes.com\/index.php\/2021\/02\/07\/le-cov-un-club-sans-exclusive\/#article","isPartOf":{"@id":"https:\/\/covincennes.com\/index.php\/2021\/02\/07\/le-cov-un-club-sans-exclusive\/"},"author":{"name":"Cole Hibry","@id":"https:\/\/covincennes.com\/#\/schema\/person\/eb881824360af01aa016999e439303fe"},"headline":"Le COV, un club sans exclusive","datePublished":"2021-02-07T21:43:26+00:00","dateModified":"2021-02-12T16:37:15+00:00","mainEntityOfPage":{"@id":"https:\/\/covincennes.com\/index.php\/2021\/02\/07\/le-cov-un-club-sans-exclusive\/"},"wordCount":593,"commentCount":0,"publisher":{"@id":"https:\/\/covincennes.com\/#organization"},"inLanguage":"fr-FR","potentialAction":[{"@type":"CommentAction","name":"Comment","target":["https:\/\/covincennes.com\/index.php\/2021\/02\/07\/le-cov-un-club-sans-exclusive\/#respond"]}]},{"@type":"WebPage","@id":"https:\/\/covincennes.com\/index.php\/2021\/02\/07\/le-cov-un-club-sans-exclusive\/","url":"https:\/\/covincennes.com\/index.php\/2021\/02\/07\/le-cov-un-club-sans-exclusive\/","name":"Le COV, un club sans exclusive - CO Vincennes","isPartOf":{"@id":"https:\/\/covincennes.com\/#website"},"datePublished":"2021-02-07T21:43:26+00:00","dateModified":"2021-02-12T16:37:15+00:00","breadcrumb":{"@id":"https:\/\/covincennes.com\/index.php\/2021\/02\/07\/le-cov-un-club-sans-exclusive\/#breadcrumb"},"inLanguage":"fr-FR","potentialAction":[{"@type":"ReadAction","target":["https:\/\/covincennes.com\/index.php\/2021\/02\/07\/le-cov-un-club-sans-exclusive\/"]}]},{"@type":"BreadcrumbList","@id":"https:\/\/covincennes.com\/index.php\/2021\/02\/07\/le-cov-un-club-sans-exclusive\/#breadcrumb","itemListElement":[{"@type":"ListItem","position":1,"name":"Accueil","item":"https:\/\/covincennes.com\/"},{"@type":"ListItem","position":2,"name":"Le COV, un club sans exclusive"}]},{"@type":"WebSite","@id":"https:\/\/covincennes.com\/#website","url":"https:\/\/covincennes.com\/","name":"CO Vincennes","description":"Un site utilisant WordPress","publisher":{"@id":"https:\/\/covincennes.com\/#organization"},"potentialAction":[{"@type":"SearchAction","target":{"@type":"EntryPoint","urlTemplate":"https:\/\/covincennes.com\/?s={search_term_string}"},"query-input":"required name=search_term_string"}],"inLanguage":"fr-FR"},{"@type":"Organization","@id":"https:\/\/covincennes.com\/#organization","name":"CO Vincennes","url":"https:\/\/covincennes.com\/","sameAs":["https:\/\/www.facebook.com\/CO-VINCENNES-la-page-officielle-136021893155921\/","https:\/\/twitter.com\/covincennes"],"logo":{"@type":"ImageObject","inLanguage":"fr-FR","@id":"https:\/\/covincennes.com\/#\/schema\/logo\/image\/","url":"https:\/\/covincennes.com\/wp-content\/uploads\/2019\/11\/logo-cov-png.png","contentUrl":"https:\/\/covincennes.com\/wp-content\/uploads\/2019\/11\/logo-cov-png.png","width":495,"height":497,"caption":"CO Vincennes"},"image":{"@id":"https:\/\/covincennes.com\/#\/schema\/logo\/image\/"}},{"@type":"Person","@id":"https:\/\/covincennes.com\/#\/schema\/person\/eb881824360af01aa016999e439303fe","name":"Cole Hibry","image":{"@type":"ImageObject","inLanguage":"fr-FR","@id":"https:\/\/covincennes.com\/#\/schema\/person\/image\/","url":"https:\/\/secure.gravatar.com\/avatar\/fdd68f914853e79675161dab52794fbe213aaa71837a3f83ab5d0669e81bb866?s=96&d=mm&r=g","contentUrl":"https:\/\/secure.gravatar.com\/avatar\/fdd68f914853e79675161dab52794fbe213aaa71837a3f83ab5d0669e81bb866?s=96&d=mm&r=g","caption":"Cole Hibry"},"url":"https:\/\/covincennes.com\/index.php\/author\/chevit-frederic\/"}]}},"_links":{"self":[{"href":"https:\/\/covincennes.com\/index.php\/wp-json\/wp\/v2\/posts\/3202","targetHints":{"allow":["GET"]}}],"collection":[{"href":"https:\/\/covincennes.com\/index.php\/wp-json\/wp\/v2\/posts"}],"about":[{"href":"https:\/\/covincennes.com\/index.php\/wp-json\/wp\/v2\/types\/post"}],"author":[{"embeddable":true,"href":"https:\/\/covincennes.com\/index.php\/wp-json\/wp\/v2\/users\/2"}],"replies":[{"embeddable":true,"href":"https:\/\/covincennes.com\/index.php\/wp-json\/wp\/v2\/comments?post=3202"}],"version-history":[{"count":1,"href":"https:\/\/covincennes.com\/index.php\/wp-json\/wp\/v2\/posts\/3202\/revisions"}],"predecessor-version":[{"id":3204,"href":"https:\/\/covincennes.com\/index.php\/wp-json\/wp\/v2\/posts\/3202\/revisions\/3204"}],"wp:featuredmedia":[{"embeddable":true,"href":"https:\/\/covincennes.com\/index.php\/wp-json\/wp\/v2\/media\/3203"}],"wp:attachment":[{"href":"https:\/\/covincennes.com\/index.php\/wp-json\/wp\/v2\/media?parent=3202"}],"wp:term":[{"taxonomy":"category","embeddable":true,"href":"https:\/\/covincennes.com\/index.php\/wp-json\/wp\/v2\/categories?post=3202"},{"taxonomy":"post_tag","embeddable":true,"href":"https:\/\/covincennes.com\/index.php\/wp-json\/wp\/v2\/tags?post=3202"}],"curies":[{"name":"wp","href":"https:\/\/api.w.org\/{rel}","templated":true}]}}