{"id":3354,"date":"2021-03-19T21:07:48","date_gmt":"2021-03-19T20:07:48","guid":{"rendered":"https:\/\/covincennes.com\/?p=3354"},"modified":"2021-06-23T15:28:41","modified_gmt":"2021-06-23T13:28:41","slug":"les-entrainements-du-week-end-20-et-21-mars-2021","status":"publish","type":"post","link":"https:\/\/covincennes.com\/index.php\/2021\/03\/19\/les-entrainements-du-week-end-20-et-21-mars-2021\/","title":{"rendered":"Arr\u00eat des comp\u00e9titions, mais les entra\u00eenements continuent"},"content":{"rendered":"<p>Chacun sait que la F\u00e9d\u00e9ration Fran\u00e7aise de Football a d\u00e9cid\u00e9 d&rsquo;arr\u00eater les comp\u00e9titions amateurs, montrant ainsi son peu de consid\u00e9ration pour le football de base. Pendant la pand\u00e9mie, seul le business continue&#8230;<\/p>\n<p>Nous ne pouvons que nous incliner devant cette brutale directive, intervenue &#8211; comme par hasard, bien s\u00fbr&#8230; &#8211; juste apr\u00e8s la r\u00e9\u00e9lection de No\u00ebl Le Gra\u00ebt et de sa liste \u00e0 la t\u00eate de la FFF. Mais nous n&rsquo;allons pas pour autant fermer le club et attendre les jambes crois\u00e9es le d\u00e9but de la prochaine saison, au mois d&rsquo;ao\u00fbt.<\/p>\n<p>Les entra\u00eenements se poursuivent et nous profiterons au maximum, tant que nous en aurons le droit, des horaires pendant lesquels il est permis d&rsquo;\u00eatre en ext\u00e9rieur. Le temps qui nous s\u00e9pare de la fin de saison doit nous permettre de nous perfectionner, de travailler sans pression, et d&rsquo;\u00eatre pr\u00eats \u00e0 attaquer l&rsquo;exercice 21-22 en ordre de marche, plus d\u00e9termin\u00e9s que jamais \u00e0 tenir toute notre place dans le football francilien. Tous ensemble,\u00a0 solidaires !<\/p>\n<p>Fr\u00e9d\u00e9ric Chevit, <em>Pr\u00e9sident du CO Vincennes<\/em><\/p>\n<p>&nbsp;<\/p>\n<h2 style=\"text-align: center;\"><a href=\"https:\/\/covincennes.com\/wp-content\/uploads\/2021\/03\/Planning-entrai\u0302nements-a\u0300-partir-du-26-Mars.pdf\"><span style=\"color: #ff0000;\">Planning d&rsquo;entrainements cliquez ici<\/span><\/a><\/h2>\n","protected":false},"excerpt":{"rendered":"<p>Chacun sait que la F\u00e9d\u00e9ration Fran\u00e7aise de Football a d\u00e9cid\u00e9 d&rsquo;arr\u00eater les comp\u00e9titions amateurs, montrant ainsi son peu de consid\u00e9ration pour le football de base. Pendant la pand\u00e9mie, seul le business continue&#8230; Nous ne pouvons que nous incliner devant cette brutale directive, intervenue &#8211; comme par hasard, bien s\u00fbr&#8230; &#8211; juste apr\u00e8s la r\u00e9\u00e9lection de [&hellip;]<\/p>\n","protected":false},"author":3,"featured_media":2666,"comment_status":"open","ping_status":"open","sticky":false,"template":"","format":"standard","meta":{"_monsterinsights_skip_tracking":false,"_monsterinsights_sitenote_active":false,"_monsterinsights_sitenote_note":"","_monsterinsights_sitenote_category":0,"footnotes":""},"categories":[1],"tags":[],"class_list":["post-3354","post","type-post","status-publish","format-standard","has-post-thumbnail","hentry","category-non-classe","entry","has-media"],"yoast_head":"<!-- This site is optimized with the Yoast SEO plugin v19.6.1 - https:\/\/yoast.com\/wordpress\/plugins\/seo\/ -->\n<title>Arr\u00eat des comp\u00e9titions, mais les entra\u00eenements continuent - CO Vincennes<\/title>\n<meta name=\"robots\" content=\"index, follow, max-snippet:-1, max-image-preview:large, max-video-preview:-1\" \/>\n<link rel=\"canonical\" href=\"https:\/\/covincennes.com\/index.php\/2021\/03\/19\/les-entrainements-du-week-end-20-et-21-mars-2021\/\" \/>\n<meta property=\"og:locale\" content=\"fr_FR\" \/>\n<meta property=\"og:type\" content=\"article\" \/>\n<meta property=\"og:title\" content=\"Arr\u00eat des comp\u00e9titions, mais les entra\u00eenements continuent - CO Vincennes\" \/>\n<meta property=\"og:description\" content=\"Chacun sait que la F\u00e9d\u00e9ration Fran\u00e7aise de Football a d\u00e9cid\u00e9 d&rsquo;arr\u00eater les comp\u00e9titions amateurs, montrant ainsi son peu de consid\u00e9ration pour le football de base. Pendant la pand\u00e9mie, seul le business continue&#8230; Nous ne pouvons que nous incliner devant cette brutale directive, intervenue &#8211; comme par hasard, bien s\u00fbr&#8230; &#8211; juste apr\u00e8s la r\u00e9\u00e9lection de [&hellip;]\" \/>\n<meta property=\"og:url\" content=\"https:\/\/covincennes.com\/index.php\/2021\/03\/19\/les-entrainements-du-week-end-20-et-21-mars-2021\/\" \/>\n<meta property=\"og:site_name\" content=\"CO Vincennes\" \/>\n<meta property=\"article:publisher\" content=\"https:\/\/www.facebook.com\/CO-VINCENNES-la-page-officielle-136021893155921\/\" \/>\n<meta property=\"article:published_time\" content=\"2021-03-19T20:07:48+00:00\" \/>\n<meta property=\"article:modified_time\" content=\"2021-06-23T13:28:41+00:00\" \/>\n<meta property=\"og:image\" content=\"https:\/\/covincennes.com\/wp-content\/uploads\/2020\/10\/Foot-dEveil.jpg\" \/>\n\t<meta property=\"og:image:width\" content=\"740\" \/>\n\t<meta property=\"og:image:height\" content=\"410\" \/>\n\t<meta property=\"og:image:type\" content=\"image\/jpeg\" \/>\n<meta name=\"author\" content=\"Michael Sampaio\" \/>\n<meta name=\"twitter:card\" content=\"summary_large_image\" \/>\n<meta name=\"twitter:creator\" content=\"@covincennes\" \/>\n<meta name=\"twitter:site\" content=\"@covincennes\" \/>\n<meta name=\"twitter:label1\" content=\"\u00c9crit par\" \/>\n\t<meta name=\"twitter:data1\" content=\"Michael Sampaio\" \/>\n\t<meta name=\"twitter:label2\" content=\"Dur\u00e9e de lecture estim\u00e9e\" \/>\n\t<meta name=\"twitter:data2\" content=\"1 minute\" \/>\n<script type=\"application\/ld+json\" class=\"yoast-schema-graph\">{\"@context\":\"https:\/\/schema.org\",\"@graph\":[{\"@type\":\"Article\",\"@id\":\"https:\/\/covincennes.com\/index.php\/2021\/03\/19\/les-entrainements-du-week-end-20-et-21-mars-2021\/#article\",\"isPartOf\":{\"@id\":\"https:\/\/covincennes.com\/index.php\/2021\/03\/19\/les-entrainements-du-week-end-20-et-21-mars-2021\/\"},\"author\":{\"name\":\"Michael Sampaio\",\"@id\":\"https:\/\/covincennes.com\/#\/schema\/person\/98a50ec4058712b1f87785cceda8522a\"},\"headline\":\"Arr\u00eat des comp\u00e9titions, mais les entra\u00eenements continuent\",\"datePublished\":\"2021-03-19T20:07:48+00:00\",\"dateModified\":\"2021-06-23T13:28:41+00:00\",\"mainEntityOfPage\":{\"@id\":\"https:\/\/covincennes.com\/index.php\/2021\/03\/19\/les-entrainements-du-week-end-20-et-21-mars-2021\/\"},\"wordCount\":210,\"commentCount\":0,\"publisher\":{\"@id\":\"https:\/\/covincennes.com\/#organization\"},\"inLanguage\":\"fr-FR\",\"potentialAction\":[{\"@type\":\"CommentAction\",\"name\":\"Comment\",\"target\":[\"https:\/\/covincennes.com\/index.php\/2021\/03\/19\/les-entrainements-du-week-end-20-et-21-mars-2021\/#respond\"]}]},{\"@type\":\"WebPage\",\"@id\":\"https:\/\/covincennes.com\/index.php\/2021\/03\/19\/les-entrainements-du-week-end-20-et-21-mars-2021\/\",\"url\":\"https:\/\/covincennes.com\/index.php\/2021\/03\/19\/les-entrainements-du-week-end-20-et-21-mars-2021\/\",\"name\":\"Arr\u00eat des comp\u00e9titions, mais les entra\u00eenements continuent - CO Vincennes\",\"isPartOf\":{\"@id\":\"https:\/\/covincennes.com\/#website\"},\"datePublished\":\"2021-03-19T20:07:48+00:00\",\"dateModified\":\"2021-06-23T13:28:41+00:00\",\"breadcrumb\":{\"@id\":\"https:\/\/covincennes.com\/index.php\/2021\/03\/19\/les-entrainements-du-week-end-20-et-21-mars-2021\/#breadcrumb\"},\"inLanguage\":\"fr-FR\",\"potentialAction\":[{\"@type\":\"ReadAction\",\"target\":[\"https:\/\/covincennes.com\/index.php\/2021\/03\/19\/les-entrainements-du-week-end-20-et-21-mars-2021\/\"]}]},{\"@type\":\"BreadcrumbList\",\"@id\":\"https:\/\/covincennes.com\/index.php\/2021\/03\/19\/les-entrainements-du-week-end-20-et-21-mars-2021\/#breadcrumb\",\"itemListElement\":[{\"@type\":\"ListItem\",\"position\":1,\"name\":\"Accueil\",\"item\":\"https:\/\/covincennes.com\/\"},{\"@type\":\"ListItem\",\"position\":2,\"name\":\"Arr\u00eat des comp\u00e9titions, mais les entra\u00eenements continuent\"}]},{\"@type\":\"WebSite\",\"@id\":\"https:\/\/covincennes.com\/#website\",\"url\":\"https:\/\/covincennes.com\/\",\"name\":\"CO Vincennes\",\"description\":\"Un site utilisant WordPress\",\"publisher\":{\"@id\":\"https:\/\/covincennes.com\/#organization\"},\"potentialAction\":[{\"@type\":\"SearchAction\",\"target\":{\"@type\":\"EntryPoint\",\"urlTemplate\":\"https:\/\/covincennes.com\/?s={search_term_string}\"},\"query-input\":\"required name=search_term_string\"}],\"inLanguage\":\"fr-FR\"},{\"@type\":\"Organization\",\"@id\":\"https:\/\/covincennes.com\/#organization\",\"name\":\"CO Vincennes\",\"url\":\"https:\/\/covincennes.com\/\",\"sameAs\":[\"https:\/\/www.facebook.com\/CO-VINCENNES-la-page-officielle-136021893155921\/\",\"https:\/\/twitter.com\/covincennes\"],\"logo\":{\"@type\":\"ImageObject\",\"inLanguage\":\"fr-FR\",\"@id\":\"https:\/\/covincennes.com\/#\/schema\/logo\/image\/\",\"url\":\"https:\/\/covincennes.com\/wp-content\/uploads\/2019\/11\/logo-cov-png.png\",\"contentUrl\":\"https:\/\/covincennes.com\/wp-content\/uploads\/2019\/11\/logo-cov-png.png\",\"width\":495,\"height\":497,\"caption\":\"CO Vincennes\"},\"image\":{\"@id\":\"https:\/\/covincennes.com\/#\/schema\/logo\/image\/\"}},{\"@type\":\"Person\",\"@id\":\"https:\/\/covincennes.com\/#\/schema\/person\/98a50ec4058712b1f87785cceda8522a\",\"name\":\"Michael Sampaio\",\"image\":{\"@type\":\"ImageObject\",\"inLanguage\":\"fr-FR\",\"@id\":\"https:\/\/covincennes.com\/#\/schema\/person\/image\/\",\"url\":\"https:\/\/secure.gravatar.com\/avatar\/01b9a86131116bd0fd0e140505dee69ed58fa76a96d075b61115d1c80887852f?s=96&d=mm&r=g\",\"contentUrl\":\"https:\/\/secure.gravatar.com\/avatar\/01b9a86131116bd0fd0e140505dee69ed58fa76a96d075b61115d1c80887852f?s=96&d=mm&r=g\",\"caption\":\"Michael Sampaio\"},\"url\":\"https:\/\/covincennes.com\/index.php\/author\/sampaio-michael\/\"}]}<\/script>\n<!-- \/ Yoast SEO plugin. -->","yoast_head_json":{"title":"Arr\u00eat des comp\u00e9titions, mais les entra\u00eenements continuent - CO Vincennes","robots":{"index":"index","follow":"follow","max-snippet":"max-snippet:-1","max-image-preview":"max-image-preview:large","max-video-preview":"max-video-preview:-1"},"canonical":"https:\/\/covincennes.com\/index.php\/2021\/03\/19\/les-entrainements-du-week-end-20-et-21-mars-2021\/","og_locale":"fr_FR","og_type":"article","og_title":"Arr\u00eat des comp\u00e9titions, mais les entra\u00eenements continuent - CO Vincennes","og_description":"Chacun sait que la F\u00e9d\u00e9ration Fran\u00e7aise de Football a d\u00e9cid\u00e9 d&rsquo;arr\u00eater les comp\u00e9titions amateurs, montrant ainsi son peu de consid\u00e9ration pour le football de base. Pendant la pand\u00e9mie, seul le business continue&#8230; Nous ne pouvons que nous incliner devant cette brutale directive, intervenue &#8211; comme par hasard, bien s\u00fbr&#8230; &#8211; juste apr\u00e8s la r\u00e9\u00e9lection de [&hellip;]","og_url":"https:\/\/covincennes.com\/index.php\/2021\/03\/19\/les-entrainements-du-week-end-20-et-21-mars-2021\/","og_site_name":"CO Vincennes","article_publisher":"https:\/\/www.facebook.com\/CO-VINCENNES-la-page-officielle-136021893155921\/","article_published_time":"2021-03-19T20:07:48+00:00","article_modified_time":"2021-06-23T13:28:41+00:00","og_image":[{"width":740,"height":410,"url":"https:\/\/covincennes.com\/wp-content\/uploads\/2020\/10\/Foot-dEveil.jpg","type":"image\/jpeg"}],"author":"Michael Sampaio","twitter_card":"summary_large_image","twitter_creator":"@covincennes","twitter_site":"@covincennes","twitter_misc":{"\u00c9crit par":"Michael Sampaio","Dur\u00e9e de lecture estim\u00e9e":"1 minute"},"schema":{"@context":"https:\/\/schema.org","@graph":[{"@type":"Article","@id":"https:\/\/covincennes.com\/index.php\/2021\/03\/19\/les-entrainements-du-week-end-20-et-21-mars-2021\/#article","isPartOf":{"@id":"https:\/\/covincennes.com\/index.php\/2021\/03\/19\/les-entrainements-du-week-end-20-et-21-mars-2021\/"},"author":{"name":"Michael Sampaio","@id":"https:\/\/covincennes.com\/#\/schema\/person\/98a50ec4058712b1f87785cceda8522a"},"headline":"Arr\u00eat des comp\u00e9titions, mais les entra\u00eenements continuent","datePublished":"2021-03-19T20:07:48+00:00","dateModified":"2021-06-23T13:28:41+00:00","mainEntityOfPage":{"@id":"https:\/\/covincennes.com\/index.php\/2021\/03\/19\/les-entrainements-du-week-end-20-et-21-mars-2021\/"},"wordCount":210,"commentCount":0,"publisher":{"@id":"https:\/\/covincennes.com\/#organization"},"inLanguage":"fr-FR","potentialAction":[{"@type":"CommentAction","name":"Comment","target":["https:\/\/covincennes.com\/index.php\/2021\/03\/19\/les-entrainements-du-week-end-20-et-21-mars-2021\/#respond"]}]},{"@type":"WebPage","@id":"https:\/\/covincennes.com\/index.php\/2021\/03\/19\/les-entrainements-du-week-end-20-et-21-mars-2021\/","url":"https:\/\/covincennes.com\/index.php\/2021\/03\/19\/les-entrainements-du-week-end-20-et-21-mars-2021\/","name":"Arr\u00eat des comp\u00e9titions, mais les entra\u00eenements continuent - CO Vincennes","isPartOf":{"@id":"https:\/\/covincennes.com\/#website"},"datePublished":"2021-03-19T20:07:48+00:00","dateModified":"2021-06-23T13:28:41+00:00","breadcrumb":{"@id":"https:\/\/covincennes.com\/index.php\/2021\/03\/19\/les-entrainements-du-week-end-20-et-21-mars-2021\/#breadcrumb"},"inLanguage":"fr-FR","potentialAction":[{"@type":"ReadAction","target":["https:\/\/covincennes.com\/index.php\/2021\/03\/19\/les-entrainements-du-week-end-20-et-21-mars-2021\/"]}]},{"@type":"BreadcrumbList","@id":"https:\/\/covincennes.com\/index.php\/2021\/03\/19\/les-entrainements-du-week-end-20-et-21-mars-2021\/#breadcrumb","itemListElement":[{"@type":"ListItem","position":1,"name":"Accueil","item":"https:\/\/covincennes.com\/"},{"@type":"ListItem","position":2,"name":"Arr\u00eat des comp\u00e9titions, mais les entra\u00eenements continuent"}]},{"@type":"WebSite","@id":"https:\/\/covincennes.com\/#website","url":"https:\/\/covincennes.com\/","name":"CO Vincennes","description":"Un site utilisant WordPress","publisher":{"@id":"https:\/\/covincennes.com\/#organization"},"potentialAction":[{"@type":"SearchAction","target":{"@type":"EntryPoint","urlTemplate":"https:\/\/covincennes.com\/?s={search_term_string}"},"query-input":"required name=search_term_string"}],"inLanguage":"fr-FR"},{"@type":"Organization","@id":"https:\/\/covincennes.com\/#organization","name":"CO Vincennes","url":"https:\/\/covincennes.com\/","sameAs":["https:\/\/www.facebook.com\/CO-VINCENNES-la-page-officielle-136021893155921\/","https:\/\/twitter.com\/covincennes"],"logo":{"@type":"ImageObject","inLanguage":"fr-FR","@id":"https:\/\/covincennes.com\/#\/schema\/logo\/image\/","url":"https:\/\/covincennes.com\/wp-content\/uploads\/2019\/11\/logo-cov-png.png","contentUrl":"https:\/\/covincennes.com\/wp-content\/uploads\/2019\/11\/logo-cov-png.png","width":495,"height":497,"caption":"CO Vincennes"},"image":{"@id":"https:\/\/covincennes.com\/#\/schema\/logo\/image\/"}},{"@type":"Person","@id":"https:\/\/covincennes.com\/#\/schema\/person\/98a50ec4058712b1f87785cceda8522a","name":"Michael Sampaio","image":{"@type":"ImageObject","inLanguage":"fr-FR","@id":"https:\/\/covincennes.com\/#\/schema\/person\/image\/","url":"https:\/\/secure.gravatar.com\/avatar\/01b9a86131116bd0fd0e140505dee69ed58fa76a96d075b61115d1c80887852f?s=96&d=mm&r=g","contentUrl":"https:\/\/secure.gravatar.com\/avatar\/01b9a86131116bd0fd0e140505dee69ed58fa76a96d075b61115d1c80887852f?s=96&d=mm&r=g","caption":"Michael Sampaio"},"url":"https:\/\/covincennes.com\/index.php\/author\/sampaio-michael\/"}]}},"_links":{"self":[{"href":"https:\/\/covincennes.com\/index.php\/wp-json\/wp\/v2\/posts\/3354","targetHints":{"allow":["GET"]}}],"collection":[{"href":"https:\/\/covincennes.com\/index.php\/wp-json\/wp\/v2\/posts"}],"about":[{"href":"https:\/\/covincennes.com\/index.php\/wp-json\/wp\/v2\/types\/post"}],"author":[{"embeddable":true,"href":"https:\/\/covincennes.com\/index.php\/wp-json\/wp\/v2\/users\/3"}],"replies":[{"embeddable":true,"href":"https:\/\/covincennes.com\/index.php\/wp-json\/wp\/v2\/comments?post=3354"}],"version-history":[{"count":7,"href":"https:\/\/covincennes.com\/index.php\/wp-json\/wp\/v2\/posts\/3354\/revisions"}],"predecessor-version":[{"id":3454,"href":"https:\/\/covincennes.com\/index.php\/wp-json\/wp\/v2\/posts\/3354\/revisions\/3454"}],"wp:featuredmedia":[{"embeddable":true,"href":"https:\/\/covincennes.com\/index.php\/wp-json\/wp\/v2\/media\/2666"}],"wp:attachment":[{"href":"https:\/\/covincennes.com\/index.php\/wp-json\/wp\/v2\/media?parent=3354"}],"wp:term":[{"taxonomy":"category","embeddable":true,"href":"https:\/\/covincennes.com\/index.php\/wp-json\/wp\/v2\/categories?post=3354"},{"taxonomy":"post_tag","embeddable":true,"href":"https:\/\/covincennes.com\/index.php\/wp-json\/wp\/v2\/tags?post=3354"}],"curies":[{"name":"wp","href":"https:\/\/api.w.org\/{rel}","templated":true}]}}