{"id":3503,"date":"2021-04-05T19:37:11","date_gmt":"2021-04-05T17:37:11","guid":{"rendered":"https:\/\/covincennes.com\/?p=3503"},"modified":"2021-06-23T15:27:29","modified_gmt":"2021-06-23T13:27:29","slug":"les-stages-pour-franchir-un-palier","status":"publish","type":"post","link":"https:\/\/covincennes.com\/index.php\/2021\/04\/05\/les-stages-pour-franchir-un-palier\/","title":{"rendered":"Les stages pour franchir un palier"},"content":{"rendered":"<p>C\u2019est devenu, au fil des saisons, l\u2019une des marques de fabrique du CO Vincennes\u00a0: l\u2019organisation de stages hebdomadaires lors des vacances scolaires. Ouverts d\u00e8s les U6 et jusqu\u2019aux U14, ils sont le prolongement naturel des entra\u00eenements tout au long de la saison. Avec, comme l\u2019explique Hugo Sanda, qui pr\u00e9side \u00e0 leur bon d\u00e9roulement, l\u2019opportunit\u00e9 de se bonifier dans la rigueur qui sied aux apprentis footballeurs.<\/p>\n<p><em>\u00ab\u00a0L\u2019objectif, c\u2019est le perfectionnement, autrement dit, d\u2019essayer d\u2019am\u00e9liorer tout ce qui, par la force des choses, ne peut \u00eatre d\u00e9cortiqu\u00e9 en profondeur lors d\u2019une s\u00e9ance classique, laquelle ne dure qu\u2019une heure et demie. En stage, nous avons du temps et nous le prenons\u00a0! Nous sommes parfois deux \u00e9ducateurs pour dix enfants, ce qui offre la possibilit\u00e9 de personnaliser les enseignements en fonction des besoins des uns et des autres. On insiste sur ce qu\u2019ils ont le plus de difficult\u00e9s \u00e0 r\u00e9aliser. L\u2019objectif est vraiment qu\u2019ils s\u2019approprient les bases afin d\u2019\u00eatre ensuite en capacit\u00e9 de r\u00e9ellement s\u2019\u00e9panouir et de s\u2019exprimer sur le terrain\u00a0\u00bb<\/em>, r\u00e9sume Hugo Sanda.<\/p>\n<p><strong>Un ma\u00eetre mot, l\u2019exigence tous azimuts<\/strong><\/p>\n<p>Dans ces conditions, les axes \u00e0 prioriser sont connus\u00a0: la ma\u00eetrise du ballon, la coordination\u2026 en somme, tous les fondamentaux au programme de l\u2019\u00e9cole de foot. Avec diverses d\u00e9clinaisons au fil des sessions afin de faire d\u00e9couvrir les diverses th\u00e9matiques sous des angles distincts et d\u2019\u00e9viter de tomber dans la routine. Si les exercices sont susceptibles de varier, le fil conducteur, lui, demeure immuable\u2026 \u00e0 l\u2019image des attendus technico-tactiques de la discipline\u00a0!<\/p>\n<p>Le d\u00e9roul\u00e9 de tout stage est l\u2019objet d\u2019une planification savamment \u00e9labor\u00e9e en amont par Hugo Sanda. Elle couvre l\u2019ensemble des points incontournables (les contr\u00f4les orient\u00e9s, les passes, les vol\u00e9es, le jeu de t\u00eate, le dribble etc.) et est identique quelle que soit la cat\u00e9gorie d\u2019\u00e2ge. Une bonne mani\u00e8re de s\u2019assurer que l\u2019ensemble des participants ait travaill\u00e9 les m\u00eames choses. Le d\u00e9coupage d\u2019une journ\u00e9e ob\u00e9it au m\u00eame principe\u00a0: le matin, on diss\u00e8que un \u00e9l\u00e9ment et l\u2019apr\u00e8s-midi, on le met en pratique lors de mises en situation ou d\u2019oppositions. Outre la gestuelle proprement dite, l\u2019accent est mis quotidiennement sur la motricit\u00e9 ainsi que sur les fameux jonglages que certains appr\u00e9hendent tant\u2026<\/p>\n<p><strong>\u00a0\u00ab\u00a0Ressortir du stage avec le sentiment d\u2019avoir progress\u00e9\u00a0\u00bb<\/strong><\/p>\n<p>Avec un ma\u00eetre mot, mart\u00e8le Hugo Sanda\u00a0: l\u2019exigence tous azimuts, tant sur le pr\u00e9 qu\u2019en dehors. L\u2019encadrement veille \u00e0 ce que ses ouailles adoptent des comportements ad\u00e9quats, aussi bien pour ce qui est du fair-play que du rapport \u00e0 l\u2019Autre dans le cadre de la vie de groupe. Avec, pour ceux qui enfreignent la r\u00e8gle, l\u2019obligation de r\u00e9diger de leur auguste plume une lettre d\u2019excuses adress\u00e9e au groupe afin de responsabiliser et non de culpabiliser ceux qui ont failli.<\/p>\n<p><em>\u00ab\u00a0Plus largement, l\u2019enfant doit ressortir du stage avec le sentiment d\u2019avoir progress\u00e9 et avec un bagage technico-tactique \u00e9toff\u00e9. M\u00eame si l\u2019on est dans le ludique, il faut qu\u2019il reste une trace de tout ce qui a \u00e9t\u00e9 revu\u00a0\u00bb<\/em>, explique Hugo Sanda. Cette maturation est en particulier quantifi\u00e9e sous la forme de tests qui ont lieu respectivement le lundi et le vendredi afin de mesurer le chemin accompli. Ils portent sur le jonglage (des deux pieds\u00a0!), la conduite de balle et la vitesse sur seize m\u00e8tres. <em>\u00ab\u00a0Il est essentiel que le jeune footballeur puisse de lui-m\u00eame identifier les points qu\u2019il doit plus particuli\u00e8rement optimiser, qu\u2019importe qu\u2019il aspire \u00e0 jouer en comp\u00e9tition ou simplement en loisir<\/em>, justifie Hugo Sanda. <em>Dans les deux cas, le stage constitue une plus-value car il est important d\u2019avoir les acquis minimaux pour jouer correctement au ballon et se faire plaisir.\u00a0\u00bb<\/em><\/p>\n<p><strong>Le respect permanent des gestes barri\u00e8res<\/strong><\/p>\n<p>Enfin, un corps sain requ\u00e9rant un esprit qui le soit tout autant, il est fr\u00e9quent que la semaine soit entrecoup\u00e9e de moments \u00e0 vis\u00e9e culturelle. Le tout sous diff\u00e9rentes formes, qu\u2019il s\u2019agisse de quizz linguistiques sur le vocabulaire footballistique en anglais et en espagnol, de r\u00e9viser l\u2019histoire et les r\u00e8gles du jeu ou, \u00e9ventuellement, d\u2019aller assister \u00e0 une pi\u00e8ce de th\u00e9\u00e2tre ax\u00e9e sur la confiance en soi. <em>\u00ab\u00a0Cela pla\u00eet \u00e9norm\u00e9ment aux enfants qui y voient l\u00e0 un interm\u00e8de r\u00e9cr\u00e9atif et non un prolongement r\u00e9barbatif de leur scolarit\u00e9\u00a0\u00bb<\/em>, sourit Hugo Sanda.<\/p>\n<p>Ultime pr\u00e9cision, loin d\u2019\u00eatre anodine en ces temps de crise sanitaire, la dimension logistique a \u00e9t\u00e9 privil\u00e9gi\u00e9e afin de respecter de mani\u00e8re permanente les gestes barri\u00e8res et d\u2019\u00e9liminer les sources de contamination \u00e0 la Covid-19. C\u2019est pourquoi, les ballons sont, par exemple, r\u00e9guli\u00e8rement d\u00e9sinfect\u00e9s tandis que l\u2019acc\u00e8s au vestiaire est limit\u00e9 et que les repas sont pris sous forme de pique-nique dans une salle a\u00e9r\u00e9e et par tabl\u00e9es de deux, dans un d\u00e9lais court pour ne pas s\u2019attarder en int\u00e9rieur. Enfin, le lavage r\u00e9gulier des mains et le port du masque sont obligatoires, sauf, bien s\u00fbr, lors des entra\u00eenements, lorsque seul le ballon et non plus ce satan\u00e9 virus r\u00e8gne en ma\u00eetre.<\/p>\n<p><strong>Alexandre Terrini<\/strong><\/p>\n<p><em>Merci \u00e0 Monsieur Terrini, papa de joueur, pour sa pr\u00e9cieuse contribution<\/em><\/p>\n","protected":false},"excerpt":{"rendered":"<p>C\u2019est devenu, au fil des saisons, l\u2019une des marques de fabrique du CO Vincennes\u00a0: l\u2019organisation de stages hebdomadaires lors des vacances scolaires. Ouverts d\u00e8s les U6 et jusqu\u2019aux U14, ils sont le prolongement naturel des entra\u00eenements tout au long de la saison. Avec, comme l\u2019explique Hugo Sanda, qui pr\u00e9side \u00e0 leur bon d\u00e9roulement, l\u2019opportunit\u00e9 de [&hellip;]<\/p>\n","protected":false},"author":2,"featured_media":3504,"comment_status":"open","ping_status":"open","sticky":false,"template":"","format":"standard","meta":{"_monsterinsights_skip_tracking":false,"_monsterinsights_sitenote_active":false,"_monsterinsights_sitenote_note":"","_monsterinsights_sitenote_category":0,"footnotes":""},"categories":[1],"tags":[],"class_list":["post-3503","post","type-post","status-publish","format-standard","has-post-thumbnail","hentry","category-non-classe","entry","has-media"],"yoast_head":"<!-- This site is optimized with the Yoast SEO plugin v19.6.1 - https:\/\/yoast.com\/wordpress\/plugins\/seo\/ -->\n<title>Les stages pour franchir un palier - CO Vincennes<\/title>\n<meta name=\"robots\" content=\"index, follow, max-snippet:-1, max-image-preview:large, max-video-preview:-1\" \/>\n<link rel=\"canonical\" href=\"https:\/\/covincennes.com\/index.php\/2021\/04\/05\/les-stages-pour-franchir-un-palier\/\" \/>\n<meta property=\"og:locale\" content=\"fr_FR\" \/>\n<meta property=\"og:type\" content=\"article\" \/>\n<meta property=\"og:title\" content=\"Les stages pour franchir un palier - CO Vincennes\" \/>\n<meta property=\"og:description\" content=\"C\u2019est devenu, au fil des saisons, l\u2019une des marques de fabrique du CO Vincennes\u00a0: l\u2019organisation de stages hebdomadaires lors des vacances scolaires. Ouverts d\u00e8s les U6 et jusqu\u2019aux U14, ils sont le prolongement naturel des entra\u00eenements tout au long de la saison. Avec, comme l\u2019explique Hugo Sanda, qui pr\u00e9side \u00e0 leur bon d\u00e9roulement, l\u2019opportunit\u00e9 de [&hellip;]\" \/>\n<meta property=\"og:url\" content=\"https:\/\/covincennes.com\/index.php\/2021\/04\/05\/les-stages-pour-franchir-un-palier\/\" \/>\n<meta property=\"og:site_name\" content=\"CO Vincennes\" \/>\n<meta property=\"article:publisher\" content=\"https:\/\/www.facebook.com\/CO-VINCENNES-la-page-officielle-136021893155921\/\" \/>\n<meta property=\"article:published_time\" content=\"2021-04-05T17:37:11+00:00\" \/>\n<meta property=\"article:modified_time\" content=\"2021-06-23T13:27:29+00:00\" \/>\n<meta property=\"og:image\" content=\"https:\/\/covincennes.com\/wp-content\/uploads\/2021\/04\/Ballons-au-premier-plan-1.jpg\" \/>\n\t<meta property=\"og:image:width\" content=\"740\" \/>\n\t<meta property=\"og:image:height\" content=\"410\" \/>\n\t<meta property=\"og:image:type\" content=\"image\/jpeg\" \/>\n<meta name=\"author\" content=\"Cole Hibry\" \/>\n<meta name=\"twitter:card\" content=\"summary_large_image\" \/>\n<meta name=\"twitter:creator\" content=\"@covincennes\" \/>\n<meta name=\"twitter:site\" content=\"@covincennes\" \/>\n<meta name=\"twitter:label1\" content=\"\u00c9crit par\" \/>\n\t<meta name=\"twitter:data1\" content=\"Cole Hibry\" \/>\n\t<meta name=\"twitter:label2\" content=\"Dur\u00e9e de lecture estim\u00e9e\" \/>\n\t<meta name=\"twitter:data2\" content=\"5 minutes\" \/>\n<script type=\"application\/ld+json\" class=\"yoast-schema-graph\">{\"@context\":\"https:\/\/schema.org\",\"@graph\":[{\"@type\":\"Article\",\"@id\":\"https:\/\/covincennes.com\/index.php\/2021\/04\/05\/les-stages-pour-franchir-un-palier\/#article\",\"isPartOf\":{\"@id\":\"https:\/\/covincennes.com\/index.php\/2021\/04\/05\/les-stages-pour-franchir-un-palier\/\"},\"author\":{\"name\":\"Cole Hibry\",\"@id\":\"https:\/\/covincennes.com\/#\/schema\/person\/eb881824360af01aa016999e439303fe\"},\"headline\":\"Les stages pour franchir un palier\",\"datePublished\":\"2021-04-05T17:37:11+00:00\",\"dateModified\":\"2021-06-23T13:27:29+00:00\",\"mainEntityOfPage\":{\"@id\":\"https:\/\/covincennes.com\/index.php\/2021\/04\/05\/les-stages-pour-franchir-un-palier\/\"},\"wordCount\":943,\"commentCount\":0,\"publisher\":{\"@id\":\"https:\/\/covincennes.com\/#organization\"},\"inLanguage\":\"fr-FR\",\"potentialAction\":[{\"@type\":\"CommentAction\",\"name\":\"Comment\",\"target\":[\"https:\/\/covincennes.com\/index.php\/2021\/04\/05\/les-stages-pour-franchir-un-palier\/#respond\"]}]},{\"@type\":\"WebPage\",\"@id\":\"https:\/\/covincennes.com\/index.php\/2021\/04\/05\/les-stages-pour-franchir-un-palier\/\",\"url\":\"https:\/\/covincennes.com\/index.php\/2021\/04\/05\/les-stages-pour-franchir-un-palier\/\",\"name\":\"Les stages pour franchir un palier - CO Vincennes\",\"isPartOf\":{\"@id\":\"https:\/\/covincennes.com\/#website\"},\"datePublished\":\"2021-04-05T17:37:11+00:00\",\"dateModified\":\"2021-06-23T13:27:29+00:00\",\"breadcrumb\":{\"@id\":\"https:\/\/covincennes.com\/index.php\/2021\/04\/05\/les-stages-pour-franchir-un-palier\/#breadcrumb\"},\"inLanguage\":\"fr-FR\",\"potentialAction\":[{\"@type\":\"ReadAction\",\"target\":[\"https:\/\/covincennes.com\/index.php\/2021\/04\/05\/les-stages-pour-franchir-un-palier\/\"]}]},{\"@type\":\"BreadcrumbList\",\"@id\":\"https:\/\/covincennes.com\/index.php\/2021\/04\/05\/les-stages-pour-franchir-un-palier\/#breadcrumb\",\"itemListElement\":[{\"@type\":\"ListItem\",\"position\":1,\"name\":\"Accueil\",\"item\":\"https:\/\/covincennes.com\/\"},{\"@type\":\"ListItem\",\"position\":2,\"name\":\"Les stages pour franchir un palier\"}]},{\"@type\":\"WebSite\",\"@id\":\"https:\/\/covincennes.com\/#website\",\"url\":\"https:\/\/covincennes.com\/\",\"name\":\"CO Vincennes\",\"description\":\"Un site utilisant WordPress\",\"publisher\":{\"@id\":\"https:\/\/covincennes.com\/#organization\"},\"potentialAction\":[{\"@type\":\"SearchAction\",\"target\":{\"@type\":\"EntryPoint\",\"urlTemplate\":\"https:\/\/covincennes.com\/?s={search_term_string}\"},\"query-input\":\"required name=search_term_string\"}],\"inLanguage\":\"fr-FR\"},{\"@type\":\"Organization\",\"@id\":\"https:\/\/covincennes.com\/#organization\",\"name\":\"CO Vincennes\",\"url\":\"https:\/\/covincennes.com\/\",\"sameAs\":[\"https:\/\/www.facebook.com\/CO-VINCENNES-la-page-officielle-136021893155921\/\",\"https:\/\/twitter.com\/covincennes\"],\"logo\":{\"@type\":\"ImageObject\",\"inLanguage\":\"fr-FR\",\"@id\":\"https:\/\/covincennes.com\/#\/schema\/logo\/image\/\",\"url\":\"https:\/\/covincennes.com\/wp-content\/uploads\/2019\/11\/logo-cov-png.png\",\"contentUrl\":\"https:\/\/covincennes.com\/wp-content\/uploads\/2019\/11\/logo-cov-png.png\",\"width\":495,\"height\":497,\"caption\":\"CO Vincennes\"},\"image\":{\"@id\":\"https:\/\/covincennes.com\/#\/schema\/logo\/image\/\"}},{\"@type\":\"Person\",\"@id\":\"https:\/\/covincennes.com\/#\/schema\/person\/eb881824360af01aa016999e439303fe\",\"name\":\"Cole Hibry\",\"image\":{\"@type\":\"ImageObject\",\"inLanguage\":\"fr-FR\",\"@id\":\"https:\/\/covincennes.com\/#\/schema\/person\/image\/\",\"url\":\"https:\/\/secure.gravatar.com\/avatar\/fdd68f914853e79675161dab52794fbe213aaa71837a3f83ab5d0669e81bb866?s=96&d=mm&r=g\",\"contentUrl\":\"https:\/\/secure.gravatar.com\/avatar\/fdd68f914853e79675161dab52794fbe213aaa71837a3f83ab5d0669e81bb866?s=96&d=mm&r=g\",\"caption\":\"Cole Hibry\"},\"url\":\"https:\/\/covincennes.com\/index.php\/author\/chevit-frederic\/\"}]}<\/script>\n<!-- \/ Yoast SEO plugin. -->","yoast_head_json":{"title":"Les stages pour franchir un palier - CO Vincennes","robots":{"index":"index","follow":"follow","max-snippet":"max-snippet:-1","max-image-preview":"max-image-preview:large","max-video-preview":"max-video-preview:-1"},"canonical":"https:\/\/covincennes.com\/index.php\/2021\/04\/05\/les-stages-pour-franchir-un-palier\/","og_locale":"fr_FR","og_type":"article","og_title":"Les stages pour franchir un palier - CO Vincennes","og_description":"C\u2019est devenu, au fil des saisons, l\u2019une des marques de fabrique du CO Vincennes\u00a0: l\u2019organisation de stages hebdomadaires lors des vacances scolaires. Ouverts d\u00e8s les U6 et jusqu\u2019aux U14, ils sont le prolongement naturel des entra\u00eenements tout au long de la saison. Avec, comme l\u2019explique Hugo Sanda, qui pr\u00e9side \u00e0 leur bon d\u00e9roulement, l\u2019opportunit\u00e9 de [&hellip;]","og_url":"https:\/\/covincennes.com\/index.php\/2021\/04\/05\/les-stages-pour-franchir-un-palier\/","og_site_name":"CO Vincennes","article_publisher":"https:\/\/www.facebook.com\/CO-VINCENNES-la-page-officielle-136021893155921\/","article_published_time":"2021-04-05T17:37:11+00:00","article_modified_time":"2021-06-23T13:27:29+00:00","og_image":[{"width":740,"height":410,"url":"https:\/\/covincennes.com\/wp-content\/uploads\/2021\/04\/Ballons-au-premier-plan-1.jpg","type":"image\/jpeg"}],"author":"Cole Hibry","twitter_card":"summary_large_image","twitter_creator":"@covincennes","twitter_site":"@covincennes","twitter_misc":{"\u00c9crit par":"Cole Hibry","Dur\u00e9e de lecture estim\u00e9e":"5 minutes"},"schema":{"@context":"https:\/\/schema.org","@graph":[{"@type":"Article","@id":"https:\/\/covincennes.com\/index.php\/2021\/04\/05\/les-stages-pour-franchir-un-palier\/#article","isPartOf":{"@id":"https:\/\/covincennes.com\/index.php\/2021\/04\/05\/les-stages-pour-franchir-un-palier\/"},"author":{"name":"Cole Hibry","@id":"https:\/\/covincennes.com\/#\/schema\/person\/eb881824360af01aa016999e439303fe"},"headline":"Les stages pour franchir un palier","datePublished":"2021-04-05T17:37:11+00:00","dateModified":"2021-06-23T13:27:29+00:00","mainEntityOfPage":{"@id":"https:\/\/covincennes.com\/index.php\/2021\/04\/05\/les-stages-pour-franchir-un-palier\/"},"wordCount":943,"commentCount":0,"publisher":{"@id":"https:\/\/covincennes.com\/#organization"},"inLanguage":"fr-FR","potentialAction":[{"@type":"CommentAction","name":"Comment","target":["https:\/\/covincennes.com\/index.php\/2021\/04\/05\/les-stages-pour-franchir-un-palier\/#respond"]}]},{"@type":"WebPage","@id":"https:\/\/covincennes.com\/index.php\/2021\/04\/05\/les-stages-pour-franchir-un-palier\/","url":"https:\/\/covincennes.com\/index.php\/2021\/04\/05\/les-stages-pour-franchir-un-palier\/","name":"Les stages pour franchir un palier - CO Vincennes","isPartOf":{"@id":"https:\/\/covincennes.com\/#website"},"datePublished":"2021-04-05T17:37:11+00:00","dateModified":"2021-06-23T13:27:29+00:00","breadcrumb":{"@id":"https:\/\/covincennes.com\/index.php\/2021\/04\/05\/les-stages-pour-franchir-un-palier\/#breadcrumb"},"inLanguage":"fr-FR","potentialAction":[{"@type":"ReadAction","target":["https:\/\/covincennes.com\/index.php\/2021\/04\/05\/les-stages-pour-franchir-un-palier\/"]}]},{"@type":"BreadcrumbList","@id":"https:\/\/covincennes.com\/index.php\/2021\/04\/05\/les-stages-pour-franchir-un-palier\/#breadcrumb","itemListElement":[{"@type":"ListItem","position":1,"name":"Accueil","item":"https:\/\/covincennes.com\/"},{"@type":"ListItem","position":2,"name":"Les stages pour franchir un palier"}]},{"@type":"WebSite","@id":"https:\/\/covincennes.com\/#website","url":"https:\/\/covincennes.com\/","name":"CO Vincennes","description":"Un site utilisant WordPress","publisher":{"@id":"https:\/\/covincennes.com\/#organization"},"potentialAction":[{"@type":"SearchAction","target":{"@type":"EntryPoint","urlTemplate":"https:\/\/covincennes.com\/?s={search_term_string}"},"query-input":"required name=search_term_string"}],"inLanguage":"fr-FR"},{"@type":"Organization","@id":"https:\/\/covincennes.com\/#organization","name":"CO Vincennes","url":"https:\/\/covincennes.com\/","sameAs":["https:\/\/www.facebook.com\/CO-VINCENNES-la-page-officielle-136021893155921\/","https:\/\/twitter.com\/covincennes"],"logo":{"@type":"ImageObject","inLanguage":"fr-FR","@id":"https:\/\/covincennes.com\/#\/schema\/logo\/image\/","url":"https:\/\/covincennes.com\/wp-content\/uploads\/2019\/11\/logo-cov-png.png","contentUrl":"https:\/\/covincennes.com\/wp-content\/uploads\/2019\/11\/logo-cov-png.png","width":495,"height":497,"caption":"CO Vincennes"},"image":{"@id":"https:\/\/covincennes.com\/#\/schema\/logo\/image\/"}},{"@type":"Person","@id":"https:\/\/covincennes.com\/#\/schema\/person\/eb881824360af01aa016999e439303fe","name":"Cole Hibry","image":{"@type":"ImageObject","inLanguage":"fr-FR","@id":"https:\/\/covincennes.com\/#\/schema\/person\/image\/","url":"https:\/\/secure.gravatar.com\/avatar\/fdd68f914853e79675161dab52794fbe213aaa71837a3f83ab5d0669e81bb866?s=96&d=mm&r=g","contentUrl":"https:\/\/secure.gravatar.com\/avatar\/fdd68f914853e79675161dab52794fbe213aaa71837a3f83ab5d0669e81bb866?s=96&d=mm&r=g","caption":"Cole Hibry"},"url":"https:\/\/covincennes.com\/index.php\/author\/chevit-frederic\/"}]}},"_links":{"self":[{"href":"https:\/\/covincennes.com\/index.php\/wp-json\/wp\/v2\/posts\/3503","targetHints":{"allow":["GET"]}}],"collection":[{"href":"https:\/\/covincennes.com\/index.php\/wp-json\/wp\/v2\/posts"}],"about":[{"href":"https:\/\/covincennes.com\/index.php\/wp-json\/wp\/v2\/types\/post"}],"author":[{"embeddable":true,"href":"https:\/\/covincennes.com\/index.php\/wp-json\/wp\/v2\/users\/2"}],"replies":[{"embeddable":true,"href":"https:\/\/covincennes.com\/index.php\/wp-json\/wp\/v2\/comments?post=3503"}],"version-history":[{"count":1,"href":"https:\/\/covincennes.com\/index.php\/wp-json\/wp\/v2\/posts\/3503\/revisions"}],"predecessor-version":[{"id":3505,"href":"https:\/\/covincennes.com\/index.php\/wp-json\/wp\/v2\/posts\/3503\/revisions\/3505"}],"wp:featuredmedia":[{"embeddable":true,"href":"https:\/\/covincennes.com\/index.php\/wp-json\/wp\/v2\/media\/3504"}],"wp:attachment":[{"href":"https:\/\/covincennes.com\/index.php\/wp-json\/wp\/v2\/media?parent=3503"}],"wp:term":[{"taxonomy":"category","embeddable":true,"href":"https:\/\/covincennes.com\/index.php\/wp-json\/wp\/v2\/categories?post=3503"},{"taxonomy":"post_tag","embeddable":true,"href":"https:\/\/covincennes.com\/index.php\/wp-json\/wp\/v2\/tags?post=3503"}],"curies":[{"name":"wp","href":"https:\/\/api.w.org\/{rel}","templated":true}]}}