{"id":3948,"date":"2021-05-10T00:02:41","date_gmt":"2021-05-09T22:02:41","guid":{"rendered":"https:\/\/covincennes.com\/?p=3948"},"modified":"2021-08-30T23:09:42","modified_gmt":"2021-08-30T21:09:42","slug":"ecole-de-foot-reunion-des-parents-le-jeudi-13-mai","status":"publish","type":"post","link":"https:\/\/covincennes.com\/index.php\/2021\/05\/10\/ecole-de-foot-reunion-des-parents-le-jeudi-13-mai\/","title":{"rendered":"Ecole de Foot : une r\u00e9union pour tout se dire"},"content":{"rendered":"<p>Le 13 mai, les parents de l\u2019\u00e9cole de foot \u00e9taient convi\u00e9s par la direction du club pour se voir d\u00e9livrer les informations relatives \u00e0 la saison prochaine. Mais aussi pour leur exposer la philosophie du CO Vincennes concernant les plus petites cat\u00e9gories d\u2019\u00e2ge.<\/p>\n<p>En pr\u00e9ambule, le Directeur technique du COV, William Mhadjou, a rappel\u00e9 ce qui est un leitmotiv du fonctionnement du COV, en l\u2019occurrence, <em>\u00ab\u00a0l\u2019importance de se parler\u00a0\u00bb<\/em> et le fait que <em>\u00ab\u00a0les parents sont des partenaires privil\u00e9gi\u00e9s du club pour ce qui est de l\u2019\u00e9volution de l\u2019enfant\u00a0\u00bb<\/em>. Afin que cette derni\u00e8re soit effective et non pas sacrifi\u00e9e sur l\u2019autel de la crise sanitaire, le COV a veill\u00e9 \u00e0 maintenir une offre de pratique tout au long de la saison, ce qui n\u2019avait rien d\u2019acquis au c\u0153ur des vagues \u00e9pid\u00e9miques successives. \u00ab<em>\u00a0Nous avons conserv\u00e9 le projet du Football d\u2019\u00c9veil. Chaque enfant a b\u00e9n\u00e9fici\u00e9 de la m\u00eame qualit\u00e9 d\u2019encadrement quel que soit son niveau de jeu\u00a0\u00bb<\/em>, s\u2019est f\u00e9licit\u00e9 Aleksandar Nicic, le responsable du Football d\u2019\u00c9veil au sein du CO Vincennes.<\/p>\n<p><strong><em>\u00ab\u00a0Le ma\u00eetre mot\u00a0: l\u2019\u00e9panouissement\u00a0\u00bb<\/em><\/strong><\/p>\n<p>L\u2019objectif premier a \u00e9t\u00e9, dixit William Mhadjou, <em>\u00ab\u00a0le d\u00e9veloppement technique afin que l\u2019enfant soit plus \u00e0 l\u2019aise balle au pied mais \u00e9galement la coordination pour l\u2019aider \u00e0 se mieux d\u00e9placer\u00a0\u00bb<\/em>. A la solde de ces deux ambitions p\u00e9dagogiques, des ateliers destin\u00e9s \u00e0 acqu\u00e9rir les bons gestes, des jeux d\u2019\u00e9veil et des matches au cours desquels il s\u2019est agi de <em>\u00ab\u00a0laisser les jeunes se tromper dans la mesure o\u00f9 c\u2019est \u00e9galement par l\u2019erreur que l\u2019on apprend\u00a0\u00bb<\/em>. Outre la performance en tant que telle, l\u2019autre versant de la maturation a trait \u00e0 l\u2019essor psychologique du jeune, ce qui impose de mettre en avant les notions essentielles d\u2019estime et de confiance en soi. <em>\u00ab\u00a0Le but est d\u2019aider \u00e0 les construire quel que soit le niveau de pratique<\/em>, a pr\u00e9cis\u00e9 William Mhadjou. <em>Chacun grandit \u00e0 une vitesse diff\u00e9rente et avance \u00e0 son rythme. Il n\u2019y a pas de bons ou de mauvais. Le ma\u00eetre mot est vraiment l\u2019\u00e9panouissement. C\u2019est aussi pourquoi, au COV, nous accueillons tout le monde.\u00a0\u00bb<\/em><\/p>\n<p><em><strong>\u00ab\u00a0Dire \u00e0 l\u2019enfant que tout n\u2019est pas jou\u00e9\u00a0\u00bb<\/strong><\/em><\/p>\n<p>C\u2019est pourquoi aussi, le Pr\u00e9sident du COV, Fr\u00e9d\u00e9ric Chevit, a tenu \u00e0 redire que l\u2019on n\u2019y pratique pas une s\u00e9lection mais une orientation \u00e0 l\u2019heure de r\u00e9partir les U9 en deux cat\u00e9gories, football comp\u00e9tition (le crit\u00e9rium) ou Football \u00c9volution, pour anticiper la saison en U10, laquelle marque le d\u00e9but de la phase dite de pr\u00e9formation. D\u2019autant que pareil choix n\u2019a rien de d\u00e9finitif et qu\u2019il est possible d\u2019\u00eatre promu en football comp\u00e9tition apr\u00e8s avoir suffisamment progress\u00e9 en Football \u00c9volution. <em>\u00ab\u00a0Rien n\u2019est fig\u00e9<\/em>, a insist\u00e9 Aleksandar Nicic. <em>Il faut d\u00e9sacraliser la chose et bien dire \u00e0 l\u2019enfant que tout n\u2019est pas jou\u00e9.\u00a0\u00bb <\/em>Sachant que les U10 disputent un championnat sans mont\u00e9e ni descente. En effet, si la qu\u00eate de r\u00e9sultat est r\u00e9elle, il convient avant tout d\u2019apprendre \u00e0 gagner et \u00e0 perdre. Car ce qui vaut pour les grands vaut aussi pour les petits\u00a0!<\/p>\n<p>Alexandre Terrini<\/p>\n","protected":false},"excerpt":{"rendered":"<p>Le 13 mai, les parents de l\u2019\u00e9cole de foot \u00e9taient convi\u00e9s par la direction du club pour se voir d\u00e9livrer les informations relatives \u00e0 la saison prochaine. Mais aussi pour leur exposer la philosophie du CO Vincennes concernant les plus petites cat\u00e9gories d\u2019\u00e2ge. En pr\u00e9ambule, le Directeur technique du COV, William Mhadjou, a rappel\u00e9 ce [&hellip;]<\/p>\n","protected":false},"author":2,"featured_media":3962,"comment_status":"open","ping_status":"open","sticky":false,"template":"","format":"standard","meta":{"_monsterinsights_skip_tracking":false,"_monsterinsights_sitenote_active":false,"_monsterinsights_sitenote_note":"","_monsterinsights_sitenote_category":0,"footnotes":""},"categories":[1],"tags":[],"class_list":["post-3948","post","type-post","status-publish","format-standard","has-post-thumbnail","hentry","category-non-classe","entry","has-media"],"yoast_head":"<!-- This site is optimized with the Yoast SEO plugin v19.6.1 - https:\/\/yoast.com\/wordpress\/plugins\/seo\/ -->\n<title>Ecole de Foot : une r\u00e9union pour tout se dire - CO Vincennes<\/title>\n<meta name=\"robots\" content=\"index, follow, max-snippet:-1, max-image-preview:large, max-video-preview:-1\" \/>\n<link rel=\"canonical\" href=\"https:\/\/covincennes.com\/index.php\/2021\/05\/10\/ecole-de-foot-reunion-des-parents-le-jeudi-13-mai\/\" \/>\n<meta property=\"og:locale\" content=\"fr_FR\" \/>\n<meta property=\"og:type\" content=\"article\" \/>\n<meta property=\"og:title\" content=\"Ecole de Foot : une r\u00e9union pour tout se dire - CO Vincennes\" \/>\n<meta property=\"og:description\" content=\"Le 13 mai, les parents de l\u2019\u00e9cole de foot \u00e9taient convi\u00e9s par la direction du club pour se voir d\u00e9livrer les informations relatives \u00e0 la saison prochaine. Mais aussi pour leur exposer la philosophie du CO Vincennes concernant les plus petites cat\u00e9gories d\u2019\u00e2ge. En pr\u00e9ambule, le Directeur technique du COV, William Mhadjou, a rappel\u00e9 ce [&hellip;]\" \/>\n<meta property=\"og:url\" content=\"https:\/\/covincennes.com\/index.php\/2021\/05\/10\/ecole-de-foot-reunion-des-parents-le-jeudi-13-mai\/\" \/>\n<meta property=\"og:site_name\" content=\"CO Vincennes\" \/>\n<meta property=\"article:publisher\" content=\"https:\/\/www.facebook.com\/CO-VINCENNES-la-page-officielle-136021893155921\/\" \/>\n<meta property=\"article:published_time\" content=\"2021-05-09T22:02:41+00:00\" \/>\n<meta property=\"article:modified_time\" content=\"2021-08-30T21:09:42+00:00\" \/>\n<meta property=\"og:image\" content=\"https:\/\/covincennes.com\/wp-content\/uploads\/2021\/05\/Re\u0301union-parents-du-13-mai.jpg\" \/>\n\t<meta property=\"og:image:width\" content=\"715\" \/>\n\t<meta property=\"og:image:height\" content=\"480\" \/>\n\t<meta property=\"og:image:type\" content=\"image\/jpeg\" \/>\n<meta name=\"author\" content=\"Cole Hibry\" \/>\n<meta name=\"twitter:card\" content=\"summary_large_image\" \/>\n<meta name=\"twitter:creator\" content=\"@covincennes\" \/>\n<meta name=\"twitter:site\" content=\"@covincennes\" \/>\n<meta name=\"twitter:label1\" content=\"\u00c9crit par\" \/>\n\t<meta name=\"twitter:data1\" content=\"Cole Hibry\" \/>\n\t<meta name=\"twitter:label2\" content=\"Dur\u00e9e de lecture estim\u00e9e\" \/>\n\t<meta name=\"twitter:data2\" content=\"3 minutes\" \/>\n<script type=\"application\/ld+json\" class=\"yoast-schema-graph\">{\"@context\":\"https:\/\/schema.org\",\"@graph\":[{\"@type\":\"Article\",\"@id\":\"https:\/\/covincennes.com\/index.php\/2021\/05\/10\/ecole-de-foot-reunion-des-parents-le-jeudi-13-mai\/#article\",\"isPartOf\":{\"@id\":\"https:\/\/covincennes.com\/index.php\/2021\/05\/10\/ecole-de-foot-reunion-des-parents-le-jeudi-13-mai\/\"},\"author\":{\"name\":\"Cole Hibry\",\"@id\":\"https:\/\/covincennes.com\/#\/schema\/person\/eb881824360af01aa016999e439303fe\"},\"headline\":\"Ecole de Foot : une r\u00e9union pour tout se dire\",\"datePublished\":\"2021-05-09T22:02:41+00:00\",\"dateModified\":\"2021-08-30T21:09:42+00:00\",\"mainEntityOfPage\":{\"@id\":\"https:\/\/covincennes.com\/index.php\/2021\/05\/10\/ecole-de-foot-reunion-des-parents-le-jeudi-13-mai\/\"},\"wordCount\":570,\"commentCount\":0,\"publisher\":{\"@id\":\"https:\/\/covincennes.com\/#organization\"},\"inLanguage\":\"fr-FR\",\"potentialAction\":[{\"@type\":\"CommentAction\",\"name\":\"Comment\",\"target\":[\"https:\/\/covincennes.com\/index.php\/2021\/05\/10\/ecole-de-foot-reunion-des-parents-le-jeudi-13-mai\/#respond\"]}]},{\"@type\":\"WebPage\",\"@id\":\"https:\/\/covincennes.com\/index.php\/2021\/05\/10\/ecole-de-foot-reunion-des-parents-le-jeudi-13-mai\/\",\"url\":\"https:\/\/covincennes.com\/index.php\/2021\/05\/10\/ecole-de-foot-reunion-des-parents-le-jeudi-13-mai\/\",\"name\":\"Ecole de Foot : une r\u00e9union pour tout se dire - CO Vincennes\",\"isPartOf\":{\"@id\":\"https:\/\/covincennes.com\/#website\"},\"datePublished\":\"2021-05-09T22:02:41+00:00\",\"dateModified\":\"2021-08-30T21:09:42+00:00\",\"breadcrumb\":{\"@id\":\"https:\/\/covincennes.com\/index.php\/2021\/05\/10\/ecole-de-foot-reunion-des-parents-le-jeudi-13-mai\/#breadcrumb\"},\"inLanguage\":\"fr-FR\",\"potentialAction\":[{\"@type\":\"ReadAction\",\"target\":[\"https:\/\/covincennes.com\/index.php\/2021\/05\/10\/ecole-de-foot-reunion-des-parents-le-jeudi-13-mai\/\"]}]},{\"@type\":\"BreadcrumbList\",\"@id\":\"https:\/\/covincennes.com\/index.php\/2021\/05\/10\/ecole-de-foot-reunion-des-parents-le-jeudi-13-mai\/#breadcrumb\",\"itemListElement\":[{\"@type\":\"ListItem\",\"position\":1,\"name\":\"Accueil\",\"item\":\"https:\/\/covincennes.com\/\"},{\"@type\":\"ListItem\",\"position\":2,\"name\":\"Ecole de Foot : une r\u00e9union pour tout se dire\"}]},{\"@type\":\"WebSite\",\"@id\":\"https:\/\/covincennes.com\/#website\",\"url\":\"https:\/\/covincennes.com\/\",\"name\":\"CO Vincennes\",\"description\":\"Un site utilisant WordPress\",\"publisher\":{\"@id\":\"https:\/\/covincennes.com\/#organization\"},\"potentialAction\":[{\"@type\":\"SearchAction\",\"target\":{\"@type\":\"EntryPoint\",\"urlTemplate\":\"https:\/\/covincennes.com\/?s={search_term_string}\"},\"query-input\":\"required name=search_term_string\"}],\"inLanguage\":\"fr-FR\"},{\"@type\":\"Organization\",\"@id\":\"https:\/\/covincennes.com\/#organization\",\"name\":\"CO Vincennes\",\"url\":\"https:\/\/covincennes.com\/\",\"sameAs\":[\"https:\/\/www.facebook.com\/CO-VINCENNES-la-page-officielle-136021893155921\/\",\"https:\/\/twitter.com\/covincennes\"],\"logo\":{\"@type\":\"ImageObject\",\"inLanguage\":\"fr-FR\",\"@id\":\"https:\/\/covincennes.com\/#\/schema\/logo\/image\/\",\"url\":\"https:\/\/covincennes.com\/wp-content\/uploads\/2019\/11\/logo-cov-png.png\",\"contentUrl\":\"https:\/\/covincennes.com\/wp-content\/uploads\/2019\/11\/logo-cov-png.png\",\"width\":495,\"height\":497,\"caption\":\"CO Vincennes\"},\"image\":{\"@id\":\"https:\/\/covincennes.com\/#\/schema\/logo\/image\/\"}},{\"@type\":\"Person\",\"@id\":\"https:\/\/covincennes.com\/#\/schema\/person\/eb881824360af01aa016999e439303fe\",\"name\":\"Cole Hibry\",\"image\":{\"@type\":\"ImageObject\",\"inLanguage\":\"fr-FR\",\"@id\":\"https:\/\/covincennes.com\/#\/schema\/person\/image\/\",\"url\":\"https:\/\/secure.gravatar.com\/avatar\/fdd68f914853e79675161dab52794fbe213aaa71837a3f83ab5d0669e81bb866?s=96&d=mm&r=g\",\"contentUrl\":\"https:\/\/secure.gravatar.com\/avatar\/fdd68f914853e79675161dab52794fbe213aaa71837a3f83ab5d0669e81bb866?s=96&d=mm&r=g\",\"caption\":\"Cole Hibry\"},\"url\":\"https:\/\/covincennes.com\/index.php\/author\/chevit-frederic\/\"}]}<\/script>\n<!-- \/ Yoast SEO plugin. -->","yoast_head_json":{"title":"Ecole de Foot : une r\u00e9union pour tout se dire - CO Vincennes","robots":{"index":"index","follow":"follow","max-snippet":"max-snippet:-1","max-image-preview":"max-image-preview:large","max-video-preview":"max-video-preview:-1"},"canonical":"https:\/\/covincennes.com\/index.php\/2021\/05\/10\/ecole-de-foot-reunion-des-parents-le-jeudi-13-mai\/","og_locale":"fr_FR","og_type":"article","og_title":"Ecole de Foot : une r\u00e9union pour tout se dire - CO Vincennes","og_description":"Le 13 mai, les parents de l\u2019\u00e9cole de foot \u00e9taient convi\u00e9s par la direction du club pour se voir d\u00e9livrer les informations relatives \u00e0 la saison prochaine. Mais aussi pour leur exposer la philosophie du CO Vincennes concernant les plus petites cat\u00e9gories d\u2019\u00e2ge. En pr\u00e9ambule, le Directeur technique du COV, William Mhadjou, a rappel\u00e9 ce [&hellip;]","og_url":"https:\/\/covincennes.com\/index.php\/2021\/05\/10\/ecole-de-foot-reunion-des-parents-le-jeudi-13-mai\/","og_site_name":"CO Vincennes","article_publisher":"https:\/\/www.facebook.com\/CO-VINCENNES-la-page-officielle-136021893155921\/","article_published_time":"2021-05-09T22:02:41+00:00","article_modified_time":"2021-08-30T21:09:42+00:00","og_image":[{"width":715,"height":480,"url":"https:\/\/covincennes.com\/wp-content\/uploads\/2021\/05\/Re\u0301union-parents-du-13-mai.jpg","type":"image\/jpeg"}],"author":"Cole Hibry","twitter_card":"summary_large_image","twitter_creator":"@covincennes","twitter_site":"@covincennes","twitter_misc":{"\u00c9crit par":"Cole Hibry","Dur\u00e9e de lecture estim\u00e9e":"3 minutes"},"schema":{"@context":"https:\/\/schema.org","@graph":[{"@type":"Article","@id":"https:\/\/covincennes.com\/index.php\/2021\/05\/10\/ecole-de-foot-reunion-des-parents-le-jeudi-13-mai\/#article","isPartOf":{"@id":"https:\/\/covincennes.com\/index.php\/2021\/05\/10\/ecole-de-foot-reunion-des-parents-le-jeudi-13-mai\/"},"author":{"name":"Cole Hibry","@id":"https:\/\/covincennes.com\/#\/schema\/person\/eb881824360af01aa016999e439303fe"},"headline":"Ecole de Foot : une r\u00e9union pour tout se dire","datePublished":"2021-05-09T22:02:41+00:00","dateModified":"2021-08-30T21:09:42+00:00","mainEntityOfPage":{"@id":"https:\/\/covincennes.com\/index.php\/2021\/05\/10\/ecole-de-foot-reunion-des-parents-le-jeudi-13-mai\/"},"wordCount":570,"commentCount":0,"publisher":{"@id":"https:\/\/covincennes.com\/#organization"},"inLanguage":"fr-FR","potentialAction":[{"@type":"CommentAction","name":"Comment","target":["https:\/\/covincennes.com\/index.php\/2021\/05\/10\/ecole-de-foot-reunion-des-parents-le-jeudi-13-mai\/#respond"]}]},{"@type":"WebPage","@id":"https:\/\/covincennes.com\/index.php\/2021\/05\/10\/ecole-de-foot-reunion-des-parents-le-jeudi-13-mai\/","url":"https:\/\/covincennes.com\/index.php\/2021\/05\/10\/ecole-de-foot-reunion-des-parents-le-jeudi-13-mai\/","name":"Ecole de Foot : une r\u00e9union pour tout se dire - CO Vincennes","isPartOf":{"@id":"https:\/\/covincennes.com\/#website"},"datePublished":"2021-05-09T22:02:41+00:00","dateModified":"2021-08-30T21:09:42+00:00","breadcrumb":{"@id":"https:\/\/covincennes.com\/index.php\/2021\/05\/10\/ecole-de-foot-reunion-des-parents-le-jeudi-13-mai\/#breadcrumb"},"inLanguage":"fr-FR","potentialAction":[{"@type":"ReadAction","target":["https:\/\/covincennes.com\/index.php\/2021\/05\/10\/ecole-de-foot-reunion-des-parents-le-jeudi-13-mai\/"]}]},{"@type":"BreadcrumbList","@id":"https:\/\/covincennes.com\/index.php\/2021\/05\/10\/ecole-de-foot-reunion-des-parents-le-jeudi-13-mai\/#breadcrumb","itemListElement":[{"@type":"ListItem","position":1,"name":"Accueil","item":"https:\/\/covincennes.com\/"},{"@type":"ListItem","position":2,"name":"Ecole de Foot : une r\u00e9union pour tout se dire"}]},{"@type":"WebSite","@id":"https:\/\/covincennes.com\/#website","url":"https:\/\/covincennes.com\/","name":"CO Vincennes","description":"Un site utilisant WordPress","publisher":{"@id":"https:\/\/covincennes.com\/#organization"},"potentialAction":[{"@type":"SearchAction","target":{"@type":"EntryPoint","urlTemplate":"https:\/\/covincennes.com\/?s={search_term_string}"},"query-input":"required name=search_term_string"}],"inLanguage":"fr-FR"},{"@type":"Organization","@id":"https:\/\/covincennes.com\/#organization","name":"CO Vincennes","url":"https:\/\/covincennes.com\/","sameAs":["https:\/\/www.facebook.com\/CO-VINCENNES-la-page-officielle-136021893155921\/","https:\/\/twitter.com\/covincennes"],"logo":{"@type":"ImageObject","inLanguage":"fr-FR","@id":"https:\/\/covincennes.com\/#\/schema\/logo\/image\/","url":"https:\/\/covincennes.com\/wp-content\/uploads\/2019\/11\/logo-cov-png.png","contentUrl":"https:\/\/covincennes.com\/wp-content\/uploads\/2019\/11\/logo-cov-png.png","width":495,"height":497,"caption":"CO Vincennes"},"image":{"@id":"https:\/\/covincennes.com\/#\/schema\/logo\/image\/"}},{"@type":"Person","@id":"https:\/\/covincennes.com\/#\/schema\/person\/eb881824360af01aa016999e439303fe","name":"Cole Hibry","image":{"@type":"ImageObject","inLanguage":"fr-FR","@id":"https:\/\/covincennes.com\/#\/schema\/person\/image\/","url":"https:\/\/secure.gravatar.com\/avatar\/fdd68f914853e79675161dab52794fbe213aaa71837a3f83ab5d0669e81bb866?s=96&d=mm&r=g","contentUrl":"https:\/\/secure.gravatar.com\/avatar\/fdd68f914853e79675161dab52794fbe213aaa71837a3f83ab5d0669e81bb866?s=96&d=mm&r=g","caption":"Cole Hibry"},"url":"https:\/\/covincennes.com\/index.php\/author\/chevit-frederic\/"}]}},"_links":{"self":[{"href":"https:\/\/covincennes.com\/index.php\/wp-json\/wp\/v2\/posts\/3948","targetHints":{"allow":["GET"]}}],"collection":[{"href":"https:\/\/covincennes.com\/index.php\/wp-json\/wp\/v2\/posts"}],"about":[{"href":"https:\/\/covincennes.com\/index.php\/wp-json\/wp\/v2\/types\/post"}],"author":[{"embeddable":true,"href":"https:\/\/covincennes.com\/index.php\/wp-json\/wp\/v2\/users\/2"}],"replies":[{"embeddable":true,"href":"https:\/\/covincennes.com\/index.php\/wp-json\/wp\/v2\/comments?post=3948"}],"version-history":[{"count":6,"href":"https:\/\/covincennes.com\/index.php\/wp-json\/wp\/v2\/posts\/3948\/revisions"}],"predecessor-version":[{"id":4237,"href":"https:\/\/covincennes.com\/index.php\/wp-json\/wp\/v2\/posts\/3948\/revisions\/4237"}],"wp:featuredmedia":[{"embeddable":true,"href":"https:\/\/covincennes.com\/index.php\/wp-json\/wp\/v2\/media\/3962"}],"wp:attachment":[{"href":"https:\/\/covincennes.com\/index.php\/wp-json\/wp\/v2\/media?parent=3948"}],"wp:term":[{"taxonomy":"category","embeddable":true,"href":"https:\/\/covincennes.com\/index.php\/wp-json\/wp\/v2\/categories?post=3948"},{"taxonomy":"post_tag","embeddable":true,"href":"https:\/\/covincennes.com\/index.php\/wp-json\/wp\/v2\/tags?post=3948"}],"curies":[{"name":"wp","href":"https:\/\/api.w.org\/{rel}","templated":true}]}}