{"id":4239,"date":"2021-06-23T15:59:33","date_gmt":"2021-06-23T13:59:33","guid":{"rendered":"https:\/\/covincennes.com\/?p=4239"},"modified":"2021-10-15T18:39:03","modified_gmt":"2021-10-15T16:39:03","slug":"les-u9-a-la-croisee-des-chemins","status":"publish","type":"post","link":"https:\/\/covincennes.com\/index.php\/2021\/06\/23\/les-u9-a-la-croisee-des-chemins\/","title":{"rendered":"Les U9 \u00e0 la crois\u00e9e des chemins"},"content":{"rendered":"<p><strong>Cette cat\u00e9gorie d\u2019\u00e2ge marque un premier tournant dans le cursus de l\u2019apprenti footballeur. Avec, en toile de fond, le passage du Football d\u2019\u00c9veil \u00e0 la Pr\u00e9formation d\u00e8s les U10. Ce qui implique d\u2019op\u00e9rer une premi\u00e8re <\/strong><strong>orientation qui ne rev\u00eat aucun caract\u00e8re r\u00e9dhibitoire pour la suite. <\/strong><\/p>\n<p>La fin de la saison des U9 est <em>\u00ab\u00a0un moment particulier\u00a0\u00bb<\/em>, confirme Aleksandar Nicic, responsable du Football d\u2019\u00c9veil au sein du CO Vincennes. <em>\u00ab\u00a0Ce moment va commencer \u00e0 prendre vraiment du sens avec, \u00e0 la clef, un basculement en U10 entre deux p\u00f4les, le football comp\u00e9tition et le Football \u00c9volution\u00a0\u00bb<\/em>, d\u00e9taille-t-il.<\/p>\n<p>En U9, l\u2019id\u00e9e directrice est de continuer \u00e0 privil\u00e9gier la d\u00e9couverte de la discipline en faisant en sorte que les jeunes licenci\u00e9s soient les destinataires de discours diff\u00e9rents puisque le staff a sciemment veill\u00e9 \u00e0 assurer une rotation des \u00e9ducateurs entre les trois groupes de niveau (Mbapp\u00e9, Lorris et Griezman). <em>\u00ab\u00a0M\u00eame si, sur le fond, la m\u00e9thode d\u2019enseignement et les fondamentaux ne changent pas, la mani\u00e8re de les professer varie, ce qui est un enrichissement pour les enfants dans un objectif d\u2019apprentissage, d\u2019\u00e9veil et de progression de tous\u00a0\u00bb<\/em>, justifie Aleksandar Nicic. Jusque-l\u00e0, la logique comp\u00e9titive et de r\u00e9sultat n\u2019est pas de mise.<\/p>\n<p><strong><em>\u00ab\u00a0Au bout d\u2019un moment, il faut bien commencer \u00e0 trancher\u00a0\u00bb<\/em><\/strong><\/p>\n<p>En U10, la donne et l\u2019enjeu sont diff\u00e9rents avec une r\u00e9partition des effectifs en deux groupes, l\u2019un d\u00e9volu \u00e0 la comp\u00e9tition et r\u00e9unissant ceux dont les habilet\u00e9s sont avanc\u00e9es tandis que l\u2019autre privil\u00e9gie la dimension \u00e9volution et s\u2019adresse \u00e0 ceux qui ont encore besoin de s\u2019\u00e9panouir et de s\u2019\u00e9toffer pour pr\u00e9tendre, par la suite, disputer des matchs avec comme vis\u00e9e le r\u00e9sultat.<\/p>\n<p>Les \u00e9ducateurs insistent sur le fait qu\u2019il s\u2019agit l\u00e0 d\u2019une orientation qui, pr\u00e9cisons-le d\u2019embl\u00e9e, n\u2019est en rien d\u00e9finitive. Il sera, en effet, possible en U11, et peut-\u00eatre m\u00eame pendant la saison U10, pour ceux qui auront acquis ce qui leur faisait jusque-l\u00e0 d\u00e9faut, d\u2019int\u00e9grer le collectif comp\u00e9tition. N\u00e9anmoins, la cat\u00e9gorie U10 se caract\u00e9rise aussi par la pr\u00e9valence de la concurrence. Tout simplement parce que c\u2019est l\u00e0 la logique du sport en g\u00e9n\u00e9ral et du ballon rond en particulier. <em>\u00ab\u00a0Ce qui nous importe, c\u2019est surtout d\u2019avoir plac\u00e9 tout le monde sur un pied d\u2019\u00e9galit\u00e9 en faisant en sorte que les uns et les autres, quelles que soient leurs aptitudes et leurs pr\u00e9dispositions, aient pu \u00eatre encadr\u00e9s par l\u2019ensemble des \u00e9ducateurs et suivre les m\u00eames contenus de s\u00e9ance, ce qui est loin d\u2019\u00eatre le cas dans tous les clubs<\/em>, insiste Aleksandar Nicic. <em>On proc\u00e8de \u00e9tape par \u00e9tape mais au bout d\u2019un moment, il faut bien commencer \u00e0 trancher.\u00a0\u00bb<\/em><\/p>\n<p><strong><em>Des \u00e9l\u00e9ments objectifs formalis\u00e9s dans une grille d\u2019\u00e9valuation<\/em><\/strong><\/p>\n<p>Ces derni\u00e8res semaines ont fait office de juge de paix pour affiner certains jugements et d\u00e9terminer qui jouera o\u00f9 \u00e0 la rentr\u00e9e prochaine. \u00c9videmment, pareille d\u00e9cision a \u00e9t\u00e9 \u00e9tay\u00e9e sur des \u00e9l\u00e9ments objectifs formalis\u00e9s dans une grille d\u2019\u00e9valuation. Autre crit\u00e8re d\u2019appr\u00e9ciation\u00a0: les tests quantitatifs (jonglages, conduite de balle chronom\u00e9tr\u00e9e, sprint\u2026). A ces donn\u00e9es se sont ajout\u00e9es, tr\u00e8s classiquement, les observations et les appr\u00e9ciations qualitatives des coaches quant au comportement et \u00e0 l\u2019implication \u00e0 l\u2019entra\u00eenement tant lors des exercices individuels que d\u2019opposition. En particulier, en ce qui concerne les phases offensives, la perception du jeu, le placement et les d\u00e9placements, l\u2019altruisme, la combativit\u00e9 etc. L\u2019engagement, la marge de progression, le savoir-\u00eatre du jeune footballeur, le d\u00e9passement de soi sont autant de qualit\u00e9s et de valeurs attendues.<\/p>\n<p>Il est revenu \u00e0 Aleksandar Nicic et \u00e0 Rodolphe Mazarin, le responsable des U9, de statuer, quitte \u00e0 expliquer, en toute transparence, aux jeunes et \u00e0 leurs parents ce qui a pr\u00e9sid\u00e9 \u00e0 leur choix.<\/p>\n<p>Alexandre Terrini<\/p>\n","protected":false},"excerpt":{"rendered":"<p>Cette cat\u00e9gorie d\u2019\u00e2ge marque un premier tournant dans le cursus de l\u2019apprenti footballeur. Avec, en toile de fond, le passage du Football d\u2019\u00c9veil \u00e0 la Pr\u00e9formation d\u00e8s les U10. Ce qui implique d\u2019op\u00e9rer une premi\u00e8re orientation qui ne rev\u00eat aucun caract\u00e8re r\u00e9dhibitoire pour la suite. La fin de la saison des U9 est \u00ab\u00a0un moment [&hellip;]<\/p>\n","protected":false},"author":2,"featured_media":4241,"comment_status":"open","ping_status":"open","sticky":false,"template":"","format":"standard","meta":{"_monsterinsights_skip_tracking":false,"_monsterinsights_sitenote_active":false,"_monsterinsights_sitenote_note":"","_monsterinsights_sitenote_category":0,"footnotes":""},"categories":[1],"tags":[],"class_list":["post-4239","post","type-post","status-publish","format-standard","has-post-thumbnail","hentry","category-non-classe","entry","has-media"],"yoast_head":"<!-- This site is optimized with the Yoast SEO plugin v19.6.1 - https:\/\/yoast.com\/wordpress\/plugins\/seo\/ -->\n<title>Les U9 \u00e0 la crois\u00e9e des chemins - CO Vincennes<\/title>\n<meta name=\"robots\" content=\"index, follow, max-snippet:-1, max-image-preview:large, max-video-preview:-1\" \/>\n<link rel=\"canonical\" href=\"https:\/\/covincennes.com\/index.php\/2021\/06\/23\/les-u9-a-la-croisee-des-chemins\/\" \/>\n<meta property=\"og:locale\" content=\"fr_FR\" \/>\n<meta property=\"og:type\" content=\"article\" \/>\n<meta property=\"og:title\" content=\"Les U9 \u00e0 la crois\u00e9e des chemins - CO Vincennes\" \/>\n<meta property=\"og:description\" content=\"Cette cat\u00e9gorie d\u2019\u00e2ge marque un premier tournant dans le cursus de l\u2019apprenti footballeur. Avec, en toile de fond, le passage du Football d\u2019\u00c9veil \u00e0 la Pr\u00e9formation d\u00e8s les U10. Ce qui implique d\u2019op\u00e9rer une premi\u00e8re orientation qui ne rev\u00eat aucun caract\u00e8re r\u00e9dhibitoire pour la suite. La fin de la saison des U9 est \u00ab\u00a0un moment [&hellip;]\" \/>\n<meta property=\"og:url\" content=\"https:\/\/covincennes.com\/index.php\/2021\/06\/23\/les-u9-a-la-croisee-des-chemins\/\" \/>\n<meta property=\"og:site_name\" content=\"CO Vincennes\" \/>\n<meta property=\"article:publisher\" content=\"https:\/\/www.facebook.com\/CO-VINCENNES-la-page-officielle-136021893155921\/\" \/>\n<meta property=\"article:published_time\" content=\"2021-06-23T13:59:33+00:00\" \/>\n<meta property=\"article:modified_time\" content=\"2021-10-15T16:39:03+00:00\" \/>\n<meta property=\"og:image\" content=\"https:\/\/covincennes.com\/wp-content\/uploads\/2021\/06\/U9-avec-Aleksandar-Nicic.jpg\" \/>\n\t<meta property=\"og:image:width\" content=\"740\" \/>\n\t<meta property=\"og:image:height\" content=\"410\" \/>\n\t<meta property=\"og:image:type\" content=\"image\/jpeg\" \/>\n<meta name=\"author\" content=\"Cole Hibry\" \/>\n<meta name=\"twitter:card\" content=\"summary_large_image\" \/>\n<meta name=\"twitter:creator\" content=\"@covincennes\" \/>\n<meta name=\"twitter:site\" content=\"@covincennes\" \/>\n<meta name=\"twitter:label1\" content=\"\u00c9crit par\" \/>\n\t<meta name=\"twitter:data1\" content=\"Cole Hibry\" \/>\n\t<meta name=\"twitter:label2\" content=\"Dur\u00e9e de lecture estim\u00e9e\" \/>\n\t<meta name=\"twitter:data2\" content=\"3 minutes\" \/>\n<script type=\"application\/ld+json\" class=\"yoast-schema-graph\">{\"@context\":\"https:\/\/schema.org\",\"@graph\":[{\"@type\":\"Article\",\"@id\":\"https:\/\/covincennes.com\/index.php\/2021\/06\/23\/les-u9-a-la-croisee-des-chemins\/#article\",\"isPartOf\":{\"@id\":\"https:\/\/covincennes.com\/index.php\/2021\/06\/23\/les-u9-a-la-croisee-des-chemins\/\"},\"author\":{\"name\":\"Cole Hibry\",\"@id\":\"https:\/\/covincennes.com\/#\/schema\/person\/eb881824360af01aa016999e439303fe\"},\"headline\":\"Les U9 \u00e0 la crois\u00e9e des chemins\",\"datePublished\":\"2021-06-23T13:59:33+00:00\",\"dateModified\":\"2021-10-15T16:39:03+00:00\",\"mainEntityOfPage\":{\"@id\":\"https:\/\/covincennes.com\/index.php\/2021\/06\/23\/les-u9-a-la-croisee-des-chemins\/\"},\"wordCount\":698,\"commentCount\":0,\"publisher\":{\"@id\":\"https:\/\/covincennes.com\/#organization\"},\"inLanguage\":\"fr-FR\",\"potentialAction\":[{\"@type\":\"CommentAction\",\"name\":\"Comment\",\"target\":[\"https:\/\/covincennes.com\/index.php\/2021\/06\/23\/les-u9-a-la-croisee-des-chemins\/#respond\"]}]},{\"@type\":\"WebPage\",\"@id\":\"https:\/\/covincennes.com\/index.php\/2021\/06\/23\/les-u9-a-la-croisee-des-chemins\/\",\"url\":\"https:\/\/covincennes.com\/index.php\/2021\/06\/23\/les-u9-a-la-croisee-des-chemins\/\",\"name\":\"Les U9 \u00e0 la crois\u00e9e des chemins - CO Vincennes\",\"isPartOf\":{\"@id\":\"https:\/\/covincennes.com\/#website\"},\"datePublished\":\"2021-06-23T13:59:33+00:00\",\"dateModified\":\"2021-10-15T16:39:03+00:00\",\"breadcrumb\":{\"@id\":\"https:\/\/covincennes.com\/index.php\/2021\/06\/23\/les-u9-a-la-croisee-des-chemins\/#breadcrumb\"},\"inLanguage\":\"fr-FR\",\"potentialAction\":[{\"@type\":\"ReadAction\",\"target\":[\"https:\/\/covincennes.com\/index.php\/2021\/06\/23\/les-u9-a-la-croisee-des-chemins\/\"]}]},{\"@type\":\"BreadcrumbList\",\"@id\":\"https:\/\/covincennes.com\/index.php\/2021\/06\/23\/les-u9-a-la-croisee-des-chemins\/#breadcrumb\",\"itemListElement\":[{\"@type\":\"ListItem\",\"position\":1,\"name\":\"Accueil\",\"item\":\"https:\/\/covincennes.com\/\"},{\"@type\":\"ListItem\",\"position\":2,\"name\":\"Les U9 \u00e0 la crois\u00e9e des chemins\"}]},{\"@type\":\"WebSite\",\"@id\":\"https:\/\/covincennes.com\/#website\",\"url\":\"https:\/\/covincennes.com\/\",\"name\":\"CO Vincennes\",\"description\":\"Un site utilisant WordPress\",\"publisher\":{\"@id\":\"https:\/\/covincennes.com\/#organization\"},\"potentialAction\":[{\"@type\":\"SearchAction\",\"target\":{\"@type\":\"EntryPoint\",\"urlTemplate\":\"https:\/\/covincennes.com\/?s={search_term_string}\"},\"query-input\":\"required name=search_term_string\"}],\"inLanguage\":\"fr-FR\"},{\"@type\":\"Organization\",\"@id\":\"https:\/\/covincennes.com\/#organization\",\"name\":\"CO Vincennes\",\"url\":\"https:\/\/covincennes.com\/\",\"sameAs\":[\"https:\/\/www.facebook.com\/CO-VINCENNES-la-page-officielle-136021893155921\/\",\"https:\/\/twitter.com\/covincennes\"],\"logo\":{\"@type\":\"ImageObject\",\"inLanguage\":\"fr-FR\",\"@id\":\"https:\/\/covincennes.com\/#\/schema\/logo\/image\/\",\"url\":\"https:\/\/covincennes.com\/wp-content\/uploads\/2019\/11\/logo-cov-png.png\",\"contentUrl\":\"https:\/\/covincennes.com\/wp-content\/uploads\/2019\/11\/logo-cov-png.png\",\"width\":495,\"height\":497,\"caption\":\"CO Vincennes\"},\"image\":{\"@id\":\"https:\/\/covincennes.com\/#\/schema\/logo\/image\/\"}},{\"@type\":\"Person\",\"@id\":\"https:\/\/covincennes.com\/#\/schema\/person\/eb881824360af01aa016999e439303fe\",\"name\":\"Cole Hibry\",\"image\":{\"@type\":\"ImageObject\",\"inLanguage\":\"fr-FR\",\"@id\":\"https:\/\/covincennes.com\/#\/schema\/person\/image\/\",\"url\":\"https:\/\/secure.gravatar.com\/avatar\/fdd68f914853e79675161dab52794fbe213aaa71837a3f83ab5d0669e81bb866?s=96&d=mm&r=g\",\"contentUrl\":\"https:\/\/secure.gravatar.com\/avatar\/fdd68f914853e79675161dab52794fbe213aaa71837a3f83ab5d0669e81bb866?s=96&d=mm&r=g\",\"caption\":\"Cole Hibry\"},\"url\":\"https:\/\/covincennes.com\/index.php\/author\/chevit-frederic\/\"}]}<\/script>\n<!-- \/ Yoast SEO plugin. -->","yoast_head_json":{"title":"Les U9 \u00e0 la crois\u00e9e des chemins - CO Vincennes","robots":{"index":"index","follow":"follow","max-snippet":"max-snippet:-1","max-image-preview":"max-image-preview:large","max-video-preview":"max-video-preview:-1"},"canonical":"https:\/\/covincennes.com\/index.php\/2021\/06\/23\/les-u9-a-la-croisee-des-chemins\/","og_locale":"fr_FR","og_type":"article","og_title":"Les U9 \u00e0 la crois\u00e9e des chemins - CO Vincennes","og_description":"Cette cat\u00e9gorie d\u2019\u00e2ge marque un premier tournant dans le cursus de l\u2019apprenti footballeur. Avec, en toile de fond, le passage du Football d\u2019\u00c9veil \u00e0 la Pr\u00e9formation d\u00e8s les U10. Ce qui implique d\u2019op\u00e9rer une premi\u00e8re orientation qui ne rev\u00eat aucun caract\u00e8re r\u00e9dhibitoire pour la suite. La fin de la saison des U9 est \u00ab\u00a0un moment [&hellip;]","og_url":"https:\/\/covincennes.com\/index.php\/2021\/06\/23\/les-u9-a-la-croisee-des-chemins\/","og_site_name":"CO Vincennes","article_publisher":"https:\/\/www.facebook.com\/CO-VINCENNES-la-page-officielle-136021893155921\/","article_published_time":"2021-06-23T13:59:33+00:00","article_modified_time":"2021-10-15T16:39:03+00:00","og_image":[{"width":740,"height":410,"url":"https:\/\/covincennes.com\/wp-content\/uploads\/2021\/06\/U9-avec-Aleksandar-Nicic.jpg","type":"image\/jpeg"}],"author":"Cole Hibry","twitter_card":"summary_large_image","twitter_creator":"@covincennes","twitter_site":"@covincennes","twitter_misc":{"\u00c9crit par":"Cole Hibry","Dur\u00e9e de lecture estim\u00e9e":"3 minutes"},"schema":{"@context":"https:\/\/schema.org","@graph":[{"@type":"Article","@id":"https:\/\/covincennes.com\/index.php\/2021\/06\/23\/les-u9-a-la-croisee-des-chemins\/#article","isPartOf":{"@id":"https:\/\/covincennes.com\/index.php\/2021\/06\/23\/les-u9-a-la-croisee-des-chemins\/"},"author":{"name":"Cole Hibry","@id":"https:\/\/covincennes.com\/#\/schema\/person\/eb881824360af01aa016999e439303fe"},"headline":"Les U9 \u00e0 la crois\u00e9e des chemins","datePublished":"2021-06-23T13:59:33+00:00","dateModified":"2021-10-15T16:39:03+00:00","mainEntityOfPage":{"@id":"https:\/\/covincennes.com\/index.php\/2021\/06\/23\/les-u9-a-la-croisee-des-chemins\/"},"wordCount":698,"commentCount":0,"publisher":{"@id":"https:\/\/covincennes.com\/#organization"},"inLanguage":"fr-FR","potentialAction":[{"@type":"CommentAction","name":"Comment","target":["https:\/\/covincennes.com\/index.php\/2021\/06\/23\/les-u9-a-la-croisee-des-chemins\/#respond"]}]},{"@type":"WebPage","@id":"https:\/\/covincennes.com\/index.php\/2021\/06\/23\/les-u9-a-la-croisee-des-chemins\/","url":"https:\/\/covincennes.com\/index.php\/2021\/06\/23\/les-u9-a-la-croisee-des-chemins\/","name":"Les U9 \u00e0 la crois\u00e9e des chemins - CO Vincennes","isPartOf":{"@id":"https:\/\/covincennes.com\/#website"},"datePublished":"2021-06-23T13:59:33+00:00","dateModified":"2021-10-15T16:39:03+00:00","breadcrumb":{"@id":"https:\/\/covincennes.com\/index.php\/2021\/06\/23\/les-u9-a-la-croisee-des-chemins\/#breadcrumb"},"inLanguage":"fr-FR","potentialAction":[{"@type":"ReadAction","target":["https:\/\/covincennes.com\/index.php\/2021\/06\/23\/les-u9-a-la-croisee-des-chemins\/"]}]},{"@type":"BreadcrumbList","@id":"https:\/\/covincennes.com\/index.php\/2021\/06\/23\/les-u9-a-la-croisee-des-chemins\/#breadcrumb","itemListElement":[{"@type":"ListItem","position":1,"name":"Accueil","item":"https:\/\/covincennes.com\/"},{"@type":"ListItem","position":2,"name":"Les U9 \u00e0 la crois\u00e9e des chemins"}]},{"@type":"WebSite","@id":"https:\/\/covincennes.com\/#website","url":"https:\/\/covincennes.com\/","name":"CO Vincennes","description":"Un site utilisant WordPress","publisher":{"@id":"https:\/\/covincennes.com\/#organization"},"potentialAction":[{"@type":"SearchAction","target":{"@type":"EntryPoint","urlTemplate":"https:\/\/covincennes.com\/?s={search_term_string}"},"query-input":"required name=search_term_string"}],"inLanguage":"fr-FR"},{"@type":"Organization","@id":"https:\/\/covincennes.com\/#organization","name":"CO Vincennes","url":"https:\/\/covincennes.com\/","sameAs":["https:\/\/www.facebook.com\/CO-VINCENNES-la-page-officielle-136021893155921\/","https:\/\/twitter.com\/covincennes"],"logo":{"@type":"ImageObject","inLanguage":"fr-FR","@id":"https:\/\/covincennes.com\/#\/schema\/logo\/image\/","url":"https:\/\/covincennes.com\/wp-content\/uploads\/2019\/11\/logo-cov-png.png","contentUrl":"https:\/\/covincennes.com\/wp-content\/uploads\/2019\/11\/logo-cov-png.png","width":495,"height":497,"caption":"CO Vincennes"},"image":{"@id":"https:\/\/covincennes.com\/#\/schema\/logo\/image\/"}},{"@type":"Person","@id":"https:\/\/covincennes.com\/#\/schema\/person\/eb881824360af01aa016999e439303fe","name":"Cole Hibry","image":{"@type":"ImageObject","inLanguage":"fr-FR","@id":"https:\/\/covincennes.com\/#\/schema\/person\/image\/","url":"https:\/\/secure.gravatar.com\/avatar\/fdd68f914853e79675161dab52794fbe213aaa71837a3f83ab5d0669e81bb866?s=96&d=mm&r=g","contentUrl":"https:\/\/secure.gravatar.com\/avatar\/fdd68f914853e79675161dab52794fbe213aaa71837a3f83ab5d0669e81bb866?s=96&d=mm&r=g","caption":"Cole Hibry"},"url":"https:\/\/covincennes.com\/index.php\/author\/chevit-frederic\/"}]}},"_links":{"self":[{"href":"https:\/\/covincennes.com\/index.php\/wp-json\/wp\/v2\/posts\/4239","targetHints":{"allow":["GET"]}}],"collection":[{"href":"https:\/\/covincennes.com\/index.php\/wp-json\/wp\/v2\/posts"}],"about":[{"href":"https:\/\/covincennes.com\/index.php\/wp-json\/wp\/v2\/types\/post"}],"author":[{"embeddable":true,"href":"https:\/\/covincennes.com\/index.php\/wp-json\/wp\/v2\/users\/2"}],"replies":[{"embeddable":true,"href":"https:\/\/covincennes.com\/index.php\/wp-json\/wp\/v2\/comments?post=4239"}],"version-history":[{"count":1,"href":"https:\/\/covincennes.com\/index.php\/wp-json\/wp\/v2\/posts\/4239\/revisions"}],"predecessor-version":[{"id":4240,"href":"https:\/\/covincennes.com\/index.php\/wp-json\/wp\/v2\/posts\/4239\/revisions\/4240"}],"wp:featuredmedia":[{"embeddable":true,"href":"https:\/\/covincennes.com\/index.php\/wp-json\/wp\/v2\/media\/4241"}],"wp:attachment":[{"href":"https:\/\/covincennes.com\/index.php\/wp-json\/wp\/v2\/media?parent=4239"}],"wp:term":[{"taxonomy":"category","embeddable":true,"href":"https:\/\/covincennes.com\/index.php\/wp-json\/wp\/v2\/categories?post=4239"},{"taxonomy":"post_tag","embeddable":true,"href":"https:\/\/covincennes.com\/index.php\/wp-json\/wp\/v2\/tags?post=4239"}],"curies":[{"name":"wp","href":"https:\/\/api.w.org\/{rel}","templated":true}]}}