{"id":4360,"date":"2021-07-04T01:20:07","date_gmt":"2021-07-03T23:20:07","guid":{"rendered":"https:\/\/covincennes.com\/?p=4360"},"modified":"2021-10-15T18:38:09","modified_gmt":"2021-10-15T16:38:09","slug":"renforts-de-choix-pour-nos-seniors","status":"publish","type":"post","link":"https:\/\/covincennes.com\/index.php\/2021\/07\/04\/renforts-de-choix-pour-nos-seniors\/","title":{"rendered":"Renforts de choix pour nos s\u00e9niors"},"content":{"rendered":"<p>L&rsquo;arriv\u00e9e comme coach de Oualid Garroum, accompagn\u00e9 de son adjoint Jo\u00ebl Ribeiro, ne sera pas la seule nouveaut\u00e9 chez s\u00e9niors pour la saison 21-22. Plusieurs joueurs de qualit\u00e9, avec une solide carte de visite, rejoignent aussi le COV. Notamment Mikael Lama (\u00e0 gauche sur la photo), qui a jou\u00e9 \u00e0 l&rsquo;AF Bobigny (Nat 2), Steevy Negouai (au centre), en provenance d&rsquo;Ivry (Nat 3), Kevin Zonzon (\u00e0 droite), ex-Blanc Mesnil (Nat 3), et Ludovic Pancrate (Cr\u00e9teil, National). Avec ceux qui ont renouvel\u00e9 leur engagement, tels qu&rsquo;Allan Mom\u00e8ge, Brice M\u00e9linard, Berley Joseph, Tom Flamant, Freddy Rocher, Pierre Colacicco et autres Alassane Dosso, on comprend que nos s\u00e9niors R1 abordent la saison avec des ambitions !<\/p>\n","protected":false},"excerpt":{"rendered":"<p>L&rsquo;arriv\u00e9e comme coach de Oualid Garroum, accompagn\u00e9 de son adjoint Jo\u00ebl Ribeiro, ne sera pas la seule nouveaut\u00e9 chez s\u00e9niors pour la saison 21-22. Plusieurs joueurs de qualit\u00e9, avec une solide carte de visite, rejoignent aussi le COV. Notamment Mikael Lama (\u00e0 gauche sur la photo), qui a jou\u00e9 \u00e0 l&rsquo;AF Bobigny (Nat 2), Steevy [&hellip;]<\/p>\n","protected":false},"author":2,"featured_media":4365,"comment_status":"open","ping_status":"open","sticky":false,"template":"","format":"standard","meta":{"_monsterinsights_skip_tracking":false,"_monsterinsights_sitenote_active":false,"_monsterinsights_sitenote_note":"","_monsterinsights_sitenote_category":0,"footnotes":""},"categories":[1],"tags":[],"class_list":["post-4360","post","type-post","status-publish","format-standard","has-post-thumbnail","hentry","category-non-classe","entry","has-media"],"yoast_head":"<!-- This site is optimized with the Yoast SEO plugin v19.6.1 - https:\/\/yoast.com\/wordpress\/plugins\/seo\/ -->\n<title>Renforts de choix pour nos s\u00e9niors - CO Vincennes<\/title>\n<meta name=\"robots\" content=\"index, follow, max-snippet:-1, max-image-preview:large, max-video-preview:-1\" \/>\n<link rel=\"canonical\" href=\"https:\/\/covincennes.com\/index.php\/2021\/07\/04\/renforts-de-choix-pour-nos-seniors\/\" \/>\n<meta property=\"og:locale\" content=\"fr_FR\" \/>\n<meta property=\"og:type\" content=\"article\" \/>\n<meta property=\"og:title\" content=\"Renforts de choix pour nos s\u00e9niors - CO Vincennes\" \/>\n<meta property=\"og:description\" content=\"L&rsquo;arriv\u00e9e comme coach de Oualid Garroum, accompagn\u00e9 de son adjoint Jo\u00ebl Ribeiro, ne sera pas la seule nouveaut\u00e9 chez s\u00e9niors pour la saison 21-22. Plusieurs joueurs de qualit\u00e9, avec une solide carte de visite, rejoignent aussi le COV. Notamment Mikael Lama (\u00e0 gauche sur la photo), qui a jou\u00e9 \u00e0 l&rsquo;AF Bobigny (Nat 2), Steevy [&hellip;]\" \/>\n<meta property=\"og:url\" content=\"https:\/\/covincennes.com\/index.php\/2021\/07\/04\/renforts-de-choix-pour-nos-seniors\/\" \/>\n<meta property=\"og:site_name\" content=\"CO Vincennes\" \/>\n<meta property=\"article:publisher\" content=\"https:\/\/www.facebook.com\/CO-VINCENNES-la-page-officielle-136021893155921\/\" \/>\n<meta property=\"article:published_time\" content=\"2021-07-03T23:20:07+00:00\" \/>\n<meta property=\"article:modified_time\" content=\"2021-10-15T16:38:09+00:00\" \/>\n<meta property=\"og:image\" content=\"https:\/\/covincennes.com\/wp-content\/uploads\/2021\/07\/Renforts-se\u0301niors-V3.jpg\" \/>\n\t<meta property=\"og:image:width\" content=\"643\" \/>\n\t<meta property=\"og:image:height\" content=\"480\" \/>\n\t<meta property=\"og:image:type\" content=\"image\/jpeg\" \/>\n<meta name=\"author\" content=\"Cole Hibry\" \/>\n<meta name=\"twitter:card\" content=\"summary_large_image\" \/>\n<meta name=\"twitter:creator\" content=\"@covincennes\" \/>\n<meta name=\"twitter:site\" content=\"@covincennes\" \/>\n<meta name=\"twitter:label1\" content=\"\u00c9crit par\" \/>\n\t<meta name=\"twitter:data1\" content=\"Cole Hibry\" \/>\n\t<meta name=\"twitter:label2\" content=\"Dur\u00e9e de lecture estim\u00e9e\" \/>\n\t<meta name=\"twitter:data2\" content=\"1 minute\" \/>\n<script type=\"application\/ld+json\" class=\"yoast-schema-graph\">{\"@context\":\"https:\/\/schema.org\",\"@graph\":[{\"@type\":\"Article\",\"@id\":\"https:\/\/covincennes.com\/index.php\/2021\/07\/04\/renforts-de-choix-pour-nos-seniors\/#article\",\"isPartOf\":{\"@id\":\"https:\/\/covincennes.com\/index.php\/2021\/07\/04\/renforts-de-choix-pour-nos-seniors\/\"},\"author\":{\"name\":\"Cole Hibry\",\"@id\":\"https:\/\/covincennes.com\/#\/schema\/person\/eb881824360af01aa016999e439303fe\"},\"headline\":\"Renforts de choix pour nos s\u00e9niors\",\"datePublished\":\"2021-07-03T23:20:07+00:00\",\"dateModified\":\"2021-10-15T16:38:09+00:00\",\"mainEntityOfPage\":{\"@id\":\"https:\/\/covincennes.com\/index.php\/2021\/07\/04\/renforts-de-choix-pour-nos-seniors\/\"},\"wordCount\":120,\"commentCount\":0,\"publisher\":{\"@id\":\"https:\/\/covincennes.com\/#organization\"},\"inLanguage\":\"fr-FR\",\"potentialAction\":[{\"@type\":\"CommentAction\",\"name\":\"Comment\",\"target\":[\"https:\/\/covincennes.com\/index.php\/2021\/07\/04\/renforts-de-choix-pour-nos-seniors\/#respond\"]}]},{\"@type\":\"WebPage\",\"@id\":\"https:\/\/covincennes.com\/index.php\/2021\/07\/04\/renforts-de-choix-pour-nos-seniors\/\",\"url\":\"https:\/\/covincennes.com\/index.php\/2021\/07\/04\/renforts-de-choix-pour-nos-seniors\/\",\"name\":\"Renforts de choix pour nos s\u00e9niors - CO Vincennes\",\"isPartOf\":{\"@id\":\"https:\/\/covincennes.com\/#website\"},\"datePublished\":\"2021-07-03T23:20:07+00:00\",\"dateModified\":\"2021-10-15T16:38:09+00:00\",\"breadcrumb\":{\"@id\":\"https:\/\/covincennes.com\/index.php\/2021\/07\/04\/renforts-de-choix-pour-nos-seniors\/#breadcrumb\"},\"inLanguage\":\"fr-FR\",\"potentialAction\":[{\"@type\":\"ReadAction\",\"target\":[\"https:\/\/covincennes.com\/index.php\/2021\/07\/04\/renforts-de-choix-pour-nos-seniors\/\"]}]},{\"@type\":\"BreadcrumbList\",\"@id\":\"https:\/\/covincennes.com\/index.php\/2021\/07\/04\/renforts-de-choix-pour-nos-seniors\/#breadcrumb\",\"itemListElement\":[{\"@type\":\"ListItem\",\"position\":1,\"name\":\"Accueil\",\"item\":\"https:\/\/covincennes.com\/\"},{\"@type\":\"ListItem\",\"position\":2,\"name\":\"Renforts de choix pour nos s\u00e9niors\"}]},{\"@type\":\"WebSite\",\"@id\":\"https:\/\/covincennes.com\/#website\",\"url\":\"https:\/\/covincennes.com\/\",\"name\":\"CO Vincennes\",\"description\":\"Un site utilisant WordPress\",\"publisher\":{\"@id\":\"https:\/\/covincennes.com\/#organization\"},\"potentialAction\":[{\"@type\":\"SearchAction\",\"target\":{\"@type\":\"EntryPoint\",\"urlTemplate\":\"https:\/\/covincennes.com\/?s={search_term_string}\"},\"query-input\":\"required name=search_term_string\"}],\"inLanguage\":\"fr-FR\"},{\"@type\":\"Organization\",\"@id\":\"https:\/\/covincennes.com\/#organization\",\"name\":\"CO Vincennes\",\"url\":\"https:\/\/covincennes.com\/\",\"sameAs\":[\"https:\/\/www.facebook.com\/CO-VINCENNES-la-page-officielle-136021893155921\/\",\"https:\/\/twitter.com\/covincennes\"],\"logo\":{\"@type\":\"ImageObject\",\"inLanguage\":\"fr-FR\",\"@id\":\"https:\/\/covincennes.com\/#\/schema\/logo\/image\/\",\"url\":\"https:\/\/covincennes.com\/wp-content\/uploads\/2019\/11\/logo-cov-png.png\",\"contentUrl\":\"https:\/\/covincennes.com\/wp-content\/uploads\/2019\/11\/logo-cov-png.png\",\"width\":495,\"height\":497,\"caption\":\"CO Vincennes\"},\"image\":{\"@id\":\"https:\/\/covincennes.com\/#\/schema\/logo\/image\/\"}},{\"@type\":\"Person\",\"@id\":\"https:\/\/covincennes.com\/#\/schema\/person\/eb881824360af01aa016999e439303fe\",\"name\":\"Cole Hibry\",\"image\":{\"@type\":\"ImageObject\",\"inLanguage\":\"fr-FR\",\"@id\":\"https:\/\/covincennes.com\/#\/schema\/person\/image\/\",\"url\":\"https:\/\/secure.gravatar.com\/avatar\/fdd68f914853e79675161dab52794fbe213aaa71837a3f83ab5d0669e81bb866?s=96&d=mm&r=g\",\"contentUrl\":\"https:\/\/secure.gravatar.com\/avatar\/fdd68f914853e79675161dab52794fbe213aaa71837a3f83ab5d0669e81bb866?s=96&d=mm&r=g\",\"caption\":\"Cole Hibry\"},\"url\":\"https:\/\/covincennes.com\/index.php\/author\/chevit-frederic\/\"}]}<\/script>\n<!-- \/ Yoast SEO plugin. -->","yoast_head_json":{"title":"Renforts de choix pour nos s\u00e9niors - CO Vincennes","robots":{"index":"index","follow":"follow","max-snippet":"max-snippet:-1","max-image-preview":"max-image-preview:large","max-video-preview":"max-video-preview:-1"},"canonical":"https:\/\/covincennes.com\/index.php\/2021\/07\/04\/renforts-de-choix-pour-nos-seniors\/","og_locale":"fr_FR","og_type":"article","og_title":"Renforts de choix pour nos s\u00e9niors - CO Vincennes","og_description":"L&rsquo;arriv\u00e9e comme coach de Oualid Garroum, accompagn\u00e9 de son adjoint Jo\u00ebl Ribeiro, ne sera pas la seule nouveaut\u00e9 chez s\u00e9niors pour la saison 21-22. Plusieurs joueurs de qualit\u00e9, avec une solide carte de visite, rejoignent aussi le COV. Notamment Mikael Lama (\u00e0 gauche sur la photo), qui a jou\u00e9 \u00e0 l&rsquo;AF Bobigny (Nat 2), Steevy [&hellip;]","og_url":"https:\/\/covincennes.com\/index.php\/2021\/07\/04\/renforts-de-choix-pour-nos-seniors\/","og_site_name":"CO Vincennes","article_publisher":"https:\/\/www.facebook.com\/CO-VINCENNES-la-page-officielle-136021893155921\/","article_published_time":"2021-07-03T23:20:07+00:00","article_modified_time":"2021-10-15T16:38:09+00:00","og_image":[{"width":643,"height":480,"url":"https:\/\/covincennes.com\/wp-content\/uploads\/2021\/07\/Renforts-se\u0301niors-V3.jpg","type":"image\/jpeg"}],"author":"Cole Hibry","twitter_card":"summary_large_image","twitter_creator":"@covincennes","twitter_site":"@covincennes","twitter_misc":{"\u00c9crit par":"Cole Hibry","Dur\u00e9e de lecture estim\u00e9e":"1 minute"},"schema":{"@context":"https:\/\/schema.org","@graph":[{"@type":"Article","@id":"https:\/\/covincennes.com\/index.php\/2021\/07\/04\/renforts-de-choix-pour-nos-seniors\/#article","isPartOf":{"@id":"https:\/\/covincennes.com\/index.php\/2021\/07\/04\/renforts-de-choix-pour-nos-seniors\/"},"author":{"name":"Cole Hibry","@id":"https:\/\/covincennes.com\/#\/schema\/person\/eb881824360af01aa016999e439303fe"},"headline":"Renforts de choix pour nos s\u00e9niors","datePublished":"2021-07-03T23:20:07+00:00","dateModified":"2021-10-15T16:38:09+00:00","mainEntityOfPage":{"@id":"https:\/\/covincennes.com\/index.php\/2021\/07\/04\/renforts-de-choix-pour-nos-seniors\/"},"wordCount":120,"commentCount":0,"publisher":{"@id":"https:\/\/covincennes.com\/#organization"},"inLanguage":"fr-FR","potentialAction":[{"@type":"CommentAction","name":"Comment","target":["https:\/\/covincennes.com\/index.php\/2021\/07\/04\/renforts-de-choix-pour-nos-seniors\/#respond"]}]},{"@type":"WebPage","@id":"https:\/\/covincennes.com\/index.php\/2021\/07\/04\/renforts-de-choix-pour-nos-seniors\/","url":"https:\/\/covincennes.com\/index.php\/2021\/07\/04\/renforts-de-choix-pour-nos-seniors\/","name":"Renforts de choix pour nos s\u00e9niors - CO Vincennes","isPartOf":{"@id":"https:\/\/covincennes.com\/#website"},"datePublished":"2021-07-03T23:20:07+00:00","dateModified":"2021-10-15T16:38:09+00:00","breadcrumb":{"@id":"https:\/\/covincennes.com\/index.php\/2021\/07\/04\/renforts-de-choix-pour-nos-seniors\/#breadcrumb"},"inLanguage":"fr-FR","potentialAction":[{"@type":"ReadAction","target":["https:\/\/covincennes.com\/index.php\/2021\/07\/04\/renforts-de-choix-pour-nos-seniors\/"]}]},{"@type":"BreadcrumbList","@id":"https:\/\/covincennes.com\/index.php\/2021\/07\/04\/renforts-de-choix-pour-nos-seniors\/#breadcrumb","itemListElement":[{"@type":"ListItem","position":1,"name":"Accueil","item":"https:\/\/covincennes.com\/"},{"@type":"ListItem","position":2,"name":"Renforts de choix pour nos s\u00e9niors"}]},{"@type":"WebSite","@id":"https:\/\/covincennes.com\/#website","url":"https:\/\/covincennes.com\/","name":"CO Vincennes","description":"Un site utilisant WordPress","publisher":{"@id":"https:\/\/covincennes.com\/#organization"},"potentialAction":[{"@type":"SearchAction","target":{"@type":"EntryPoint","urlTemplate":"https:\/\/covincennes.com\/?s={search_term_string}"},"query-input":"required name=search_term_string"}],"inLanguage":"fr-FR"},{"@type":"Organization","@id":"https:\/\/covincennes.com\/#organization","name":"CO Vincennes","url":"https:\/\/covincennes.com\/","sameAs":["https:\/\/www.facebook.com\/CO-VINCENNES-la-page-officielle-136021893155921\/","https:\/\/twitter.com\/covincennes"],"logo":{"@type":"ImageObject","inLanguage":"fr-FR","@id":"https:\/\/covincennes.com\/#\/schema\/logo\/image\/","url":"https:\/\/covincennes.com\/wp-content\/uploads\/2019\/11\/logo-cov-png.png","contentUrl":"https:\/\/covincennes.com\/wp-content\/uploads\/2019\/11\/logo-cov-png.png","width":495,"height":497,"caption":"CO Vincennes"},"image":{"@id":"https:\/\/covincennes.com\/#\/schema\/logo\/image\/"}},{"@type":"Person","@id":"https:\/\/covincennes.com\/#\/schema\/person\/eb881824360af01aa016999e439303fe","name":"Cole Hibry","image":{"@type":"ImageObject","inLanguage":"fr-FR","@id":"https:\/\/covincennes.com\/#\/schema\/person\/image\/","url":"https:\/\/secure.gravatar.com\/avatar\/fdd68f914853e79675161dab52794fbe213aaa71837a3f83ab5d0669e81bb866?s=96&d=mm&r=g","contentUrl":"https:\/\/secure.gravatar.com\/avatar\/fdd68f914853e79675161dab52794fbe213aaa71837a3f83ab5d0669e81bb866?s=96&d=mm&r=g","caption":"Cole Hibry"},"url":"https:\/\/covincennes.com\/index.php\/author\/chevit-frederic\/"}]}},"_links":{"self":[{"href":"https:\/\/covincennes.com\/index.php\/wp-json\/wp\/v2\/posts\/4360","targetHints":{"allow":["GET"]}}],"collection":[{"href":"https:\/\/covincennes.com\/index.php\/wp-json\/wp\/v2\/posts"}],"about":[{"href":"https:\/\/covincennes.com\/index.php\/wp-json\/wp\/v2\/types\/post"}],"author":[{"embeddable":true,"href":"https:\/\/covincennes.com\/index.php\/wp-json\/wp\/v2\/users\/2"}],"replies":[{"embeddable":true,"href":"https:\/\/covincennes.com\/index.php\/wp-json\/wp\/v2\/comments?post=4360"}],"version-history":[{"count":1,"href":"https:\/\/covincennes.com\/index.php\/wp-json\/wp\/v2\/posts\/4360\/revisions"}],"predecessor-version":[{"id":4362,"href":"https:\/\/covincennes.com\/index.php\/wp-json\/wp\/v2\/posts\/4360\/revisions\/4362"}],"wp:featuredmedia":[{"embeddable":true,"href":"https:\/\/covincennes.com\/index.php\/wp-json\/wp\/v2\/media\/4365"}],"wp:attachment":[{"href":"https:\/\/covincennes.com\/index.php\/wp-json\/wp\/v2\/media?parent=4360"}],"wp:term":[{"taxonomy":"category","embeddable":true,"href":"https:\/\/covincennes.com\/index.php\/wp-json\/wp\/v2\/categories?post=4360"},{"taxonomy":"post_tag","embeddable":true,"href":"https:\/\/covincennes.com\/index.php\/wp-json\/wp\/v2\/tags?post=4360"}],"curies":[{"name":"wp","href":"https:\/\/api.w.org\/{rel}","templated":true}]}}