{"id":4428,"date":"2021-09-08T01:46:14","date_gmt":"2021-09-07T23:46:14","guid":{"rendered":"https:\/\/covincennes.com\/?p=4428"},"modified":"2021-10-15T18:36:53","modified_gmt":"2021-10-15T16:36:53","slug":"attention-la-reunion-des-parents-de-lecole-de-foot-avancee-au-11-septembrez","status":"publish","type":"post","link":"https:\/\/covincennes.com\/index.php\/2021\/09\/08\/attention-la-reunion-des-parents-de-lecole-de-foot-avancee-au-11-septembrez\/","title":{"rendered":"La r\u00e9union des parents de l&rsquo;\u00c9cole de Foot avanc\u00e9e au 11 septembre"},"content":{"rendered":"<p>Initialement programm\u00e9e le 18 septembre au stade, la r\u00e9union d&rsquo;information des parents de l&rsquo;\u00c9cole de Foot a du \u00eatre avanc\u00e9e au samedi 11 septembre en raison de la disponibilit\u00e9 des salles municipales.<\/p>\n<p>C&rsquo;est en fait une bonne nouvelle, car elle se tiendra au Centre Georges-Pompidou, 142 rue de Fontenay \u00e0 Vincennes, avec quatre parkings publics dans un rayon d&rsquo;une centaine de m\u00e8tres. Et avec une heure offerte ! Voil\u00e0 qui changera du cauchemar du stationnement\u00a0 devant le stade&#8230; M\u00eame si cela bouscule les agendas, nous en sommes conscients, il est important pour les parents de participer \u00e0 cette r\u00e9union. Car ce sera pour eux l&rsquo;occasion d&rsquo;avoir beaucoup de renseignements tr\u00e8s utiles, d&rsquo;\u00e9changer avec ceux qui dirigent le club et, bien s\u00fbr, de recevoir les \u00e9quipements des enfants.<\/p>\n<p>Deux sessions sont programm\u00e9es : \u00e0 10 h 30 pour le Foot d&rsquo;\u00c9veil et les f\u00e9minines, \u00e0 14 h 30 pour le Crit\u00e9rium et le Foot \u00c9volution.<\/p>\n<p>Nous comptons sur les parents pour tout mettre en oeuvre afin d&rsquo;\u00eatre des n\u00f4tres.<\/p>\n<p>A samedi !<\/p>\n","protected":false},"excerpt":{"rendered":"<p>Initialement programm\u00e9e le 18 septembre au stade, la r\u00e9union d&rsquo;information des parents de l&rsquo;\u00c9cole de Foot a du \u00eatre avanc\u00e9e au samedi 11 septembre en raison de la disponibilit\u00e9 des salles municipales. C&rsquo;est en fait une bonne nouvelle, car elle se tiendra au Centre Georges-Pompidou, 142 rue de Fontenay \u00e0 Vincennes, avec quatre parkings publics [&hellip;]<\/p>\n","protected":false},"author":2,"featured_media":4429,"comment_status":"open","ping_status":"open","sticky":false,"template":"","format":"standard","meta":{"_monsterinsights_skip_tracking":false,"_monsterinsights_sitenote_active":false,"_monsterinsights_sitenote_note":"","_monsterinsights_sitenote_category":0,"footnotes":""},"categories":[1],"tags":[],"class_list":["post-4428","post","type-post","status-publish","format-standard","has-post-thumbnail","hentry","category-non-classe","entry","has-media"],"yoast_head":"<!-- This site is optimized with the Yoast SEO plugin v19.6.1 - https:\/\/yoast.com\/wordpress\/plugins\/seo\/ -->\n<title>La r\u00e9union des parents de l&#039;\u00c9cole de Foot avanc\u00e9e au 11 septembre - CO Vincennes<\/title>\n<meta name=\"robots\" content=\"index, follow, max-snippet:-1, max-image-preview:large, max-video-preview:-1\" \/>\n<link rel=\"canonical\" href=\"https:\/\/covincennes.com\/index.php\/2021\/09\/08\/attention-la-reunion-des-parents-de-lecole-de-foot-avancee-au-11-septembrez\/\" \/>\n<meta property=\"og:locale\" content=\"fr_FR\" \/>\n<meta property=\"og:type\" content=\"article\" \/>\n<meta property=\"og:title\" content=\"La r\u00e9union des parents de l&#039;\u00c9cole de Foot avanc\u00e9e au 11 septembre - CO Vincennes\" \/>\n<meta property=\"og:description\" content=\"Initialement programm\u00e9e le 18 septembre au stade, la r\u00e9union d&rsquo;information des parents de l&rsquo;\u00c9cole de Foot a du \u00eatre avanc\u00e9e au samedi 11 septembre en raison de la disponibilit\u00e9 des salles municipales. C&rsquo;est en fait une bonne nouvelle, car elle se tiendra au Centre Georges-Pompidou, 142 rue de Fontenay \u00e0 Vincennes, avec quatre parkings publics [&hellip;]\" \/>\n<meta property=\"og:url\" content=\"https:\/\/covincennes.com\/index.php\/2021\/09\/08\/attention-la-reunion-des-parents-de-lecole-de-foot-avancee-au-11-septembrez\/\" \/>\n<meta property=\"og:site_name\" content=\"CO Vincennes\" \/>\n<meta property=\"article:publisher\" content=\"https:\/\/www.facebook.com\/CO-VINCENNES-la-page-officielle-136021893155921\/\" \/>\n<meta property=\"article:published_time\" content=\"2021-09-07T23:46:14+00:00\" \/>\n<meta property=\"article:modified_time\" content=\"2021-10-15T16:36:53+00:00\" \/>\n<meta property=\"og:image\" content=\"https:\/\/covincennes.com\/wp-content\/uploads\/2021\/09\/Centre-Pompidou.jpg\" \/>\n\t<meta property=\"og:image:width\" content=\"643\" \/>\n\t<meta property=\"og:image:height\" content=\"480\" \/>\n\t<meta property=\"og:image:type\" content=\"image\/jpeg\" \/>\n<meta name=\"author\" content=\"Cole Hibry\" \/>\n<meta name=\"twitter:card\" content=\"summary_large_image\" \/>\n<meta name=\"twitter:creator\" content=\"@covincennes\" \/>\n<meta name=\"twitter:site\" content=\"@covincennes\" \/>\n<meta name=\"twitter:label1\" content=\"\u00c9crit par\" \/>\n\t<meta name=\"twitter:data1\" content=\"Cole Hibry\" \/>\n\t<meta name=\"twitter:label2\" content=\"Dur\u00e9e de lecture estim\u00e9e\" \/>\n\t<meta name=\"twitter:data2\" content=\"1 minute\" \/>\n<script type=\"application\/ld+json\" class=\"yoast-schema-graph\">{\"@context\":\"https:\/\/schema.org\",\"@graph\":[{\"@type\":\"Article\",\"@id\":\"https:\/\/covincennes.com\/index.php\/2021\/09\/08\/attention-la-reunion-des-parents-de-lecole-de-foot-avancee-au-11-septembrez\/#article\",\"isPartOf\":{\"@id\":\"https:\/\/covincennes.com\/index.php\/2021\/09\/08\/attention-la-reunion-des-parents-de-lecole-de-foot-avancee-au-11-septembrez\/\"},\"author\":{\"name\":\"Cole Hibry\",\"@id\":\"https:\/\/covincennes.com\/#\/schema\/person\/eb881824360af01aa016999e439303fe\"},\"headline\":\"La r\u00e9union des parents de l&rsquo;\u00c9cole de Foot avanc\u00e9e au 11 septembre\",\"datePublished\":\"2021-09-07T23:46:14+00:00\",\"dateModified\":\"2021-10-15T16:36:53+00:00\",\"mainEntityOfPage\":{\"@id\":\"https:\/\/covincennes.com\/index.php\/2021\/09\/08\/attention-la-reunion-des-parents-de-lecole-de-foot-avancee-au-11-septembrez\/\"},\"wordCount\":187,\"commentCount\":0,\"publisher\":{\"@id\":\"https:\/\/covincennes.com\/#organization\"},\"inLanguage\":\"fr-FR\",\"potentialAction\":[{\"@type\":\"CommentAction\",\"name\":\"Comment\",\"target\":[\"https:\/\/covincennes.com\/index.php\/2021\/09\/08\/attention-la-reunion-des-parents-de-lecole-de-foot-avancee-au-11-septembrez\/#respond\"]}]},{\"@type\":\"WebPage\",\"@id\":\"https:\/\/covincennes.com\/index.php\/2021\/09\/08\/attention-la-reunion-des-parents-de-lecole-de-foot-avancee-au-11-septembrez\/\",\"url\":\"https:\/\/covincennes.com\/index.php\/2021\/09\/08\/attention-la-reunion-des-parents-de-lecole-de-foot-avancee-au-11-septembrez\/\",\"name\":\"La r\u00e9union des parents de l'\u00c9cole de Foot avanc\u00e9e au 11 septembre - CO Vincennes\",\"isPartOf\":{\"@id\":\"https:\/\/covincennes.com\/#website\"},\"datePublished\":\"2021-09-07T23:46:14+00:00\",\"dateModified\":\"2021-10-15T16:36:53+00:00\",\"breadcrumb\":{\"@id\":\"https:\/\/covincennes.com\/index.php\/2021\/09\/08\/attention-la-reunion-des-parents-de-lecole-de-foot-avancee-au-11-septembrez\/#breadcrumb\"},\"inLanguage\":\"fr-FR\",\"potentialAction\":[{\"@type\":\"ReadAction\",\"target\":[\"https:\/\/covincennes.com\/index.php\/2021\/09\/08\/attention-la-reunion-des-parents-de-lecole-de-foot-avancee-au-11-septembrez\/\"]}]},{\"@type\":\"BreadcrumbList\",\"@id\":\"https:\/\/covincennes.com\/index.php\/2021\/09\/08\/attention-la-reunion-des-parents-de-lecole-de-foot-avancee-au-11-septembrez\/#breadcrumb\",\"itemListElement\":[{\"@type\":\"ListItem\",\"position\":1,\"name\":\"Accueil\",\"item\":\"https:\/\/covincennes.com\/\"},{\"@type\":\"ListItem\",\"position\":2,\"name\":\"La r\u00e9union des parents de l&rsquo;\u00c9cole de Foot avanc\u00e9e au 11 septembre\"}]},{\"@type\":\"WebSite\",\"@id\":\"https:\/\/covincennes.com\/#website\",\"url\":\"https:\/\/covincennes.com\/\",\"name\":\"CO Vincennes\",\"description\":\"Un site utilisant WordPress\",\"publisher\":{\"@id\":\"https:\/\/covincennes.com\/#organization\"},\"potentialAction\":[{\"@type\":\"SearchAction\",\"target\":{\"@type\":\"EntryPoint\",\"urlTemplate\":\"https:\/\/covincennes.com\/?s={search_term_string}\"},\"query-input\":\"required name=search_term_string\"}],\"inLanguage\":\"fr-FR\"},{\"@type\":\"Organization\",\"@id\":\"https:\/\/covincennes.com\/#organization\",\"name\":\"CO Vincennes\",\"url\":\"https:\/\/covincennes.com\/\",\"sameAs\":[\"https:\/\/www.facebook.com\/CO-VINCENNES-la-page-officielle-136021893155921\/\",\"https:\/\/twitter.com\/covincennes\"],\"logo\":{\"@type\":\"ImageObject\",\"inLanguage\":\"fr-FR\",\"@id\":\"https:\/\/covincennes.com\/#\/schema\/logo\/image\/\",\"url\":\"https:\/\/covincennes.com\/wp-content\/uploads\/2019\/11\/logo-cov-png.png\",\"contentUrl\":\"https:\/\/covincennes.com\/wp-content\/uploads\/2019\/11\/logo-cov-png.png\",\"width\":495,\"height\":497,\"caption\":\"CO Vincennes\"},\"image\":{\"@id\":\"https:\/\/covincennes.com\/#\/schema\/logo\/image\/\"}},{\"@type\":\"Person\",\"@id\":\"https:\/\/covincennes.com\/#\/schema\/person\/eb881824360af01aa016999e439303fe\",\"name\":\"Cole Hibry\",\"image\":{\"@type\":\"ImageObject\",\"inLanguage\":\"fr-FR\",\"@id\":\"https:\/\/covincennes.com\/#\/schema\/person\/image\/\",\"url\":\"https:\/\/secure.gravatar.com\/avatar\/fdd68f914853e79675161dab52794fbe213aaa71837a3f83ab5d0669e81bb866?s=96&d=mm&r=g\",\"contentUrl\":\"https:\/\/secure.gravatar.com\/avatar\/fdd68f914853e79675161dab52794fbe213aaa71837a3f83ab5d0669e81bb866?s=96&d=mm&r=g\",\"caption\":\"Cole Hibry\"},\"url\":\"https:\/\/covincennes.com\/index.php\/author\/chevit-frederic\/\"}]}<\/script>\n<!-- \/ Yoast SEO plugin. -->","yoast_head_json":{"title":"La r\u00e9union des parents de l'\u00c9cole de Foot avanc\u00e9e au 11 septembre - CO Vincennes","robots":{"index":"index","follow":"follow","max-snippet":"max-snippet:-1","max-image-preview":"max-image-preview:large","max-video-preview":"max-video-preview:-1"},"canonical":"https:\/\/covincennes.com\/index.php\/2021\/09\/08\/attention-la-reunion-des-parents-de-lecole-de-foot-avancee-au-11-septembrez\/","og_locale":"fr_FR","og_type":"article","og_title":"La r\u00e9union des parents de l'\u00c9cole de Foot avanc\u00e9e au 11 septembre - CO Vincennes","og_description":"Initialement programm\u00e9e le 18 septembre au stade, la r\u00e9union d&rsquo;information des parents de l&rsquo;\u00c9cole de Foot a du \u00eatre avanc\u00e9e au samedi 11 septembre en raison de la disponibilit\u00e9 des salles municipales. C&rsquo;est en fait une bonne nouvelle, car elle se tiendra au Centre Georges-Pompidou, 142 rue de Fontenay \u00e0 Vincennes, avec quatre parkings publics [&hellip;]","og_url":"https:\/\/covincennes.com\/index.php\/2021\/09\/08\/attention-la-reunion-des-parents-de-lecole-de-foot-avancee-au-11-septembrez\/","og_site_name":"CO Vincennes","article_publisher":"https:\/\/www.facebook.com\/CO-VINCENNES-la-page-officielle-136021893155921\/","article_published_time":"2021-09-07T23:46:14+00:00","article_modified_time":"2021-10-15T16:36:53+00:00","og_image":[{"width":643,"height":480,"url":"https:\/\/covincennes.com\/wp-content\/uploads\/2021\/09\/Centre-Pompidou.jpg","type":"image\/jpeg"}],"author":"Cole Hibry","twitter_card":"summary_large_image","twitter_creator":"@covincennes","twitter_site":"@covincennes","twitter_misc":{"\u00c9crit par":"Cole Hibry","Dur\u00e9e de lecture estim\u00e9e":"1 minute"},"schema":{"@context":"https:\/\/schema.org","@graph":[{"@type":"Article","@id":"https:\/\/covincennes.com\/index.php\/2021\/09\/08\/attention-la-reunion-des-parents-de-lecole-de-foot-avancee-au-11-septembrez\/#article","isPartOf":{"@id":"https:\/\/covincennes.com\/index.php\/2021\/09\/08\/attention-la-reunion-des-parents-de-lecole-de-foot-avancee-au-11-septembrez\/"},"author":{"name":"Cole Hibry","@id":"https:\/\/covincennes.com\/#\/schema\/person\/eb881824360af01aa016999e439303fe"},"headline":"La r\u00e9union des parents de l&rsquo;\u00c9cole de Foot avanc\u00e9e au 11 septembre","datePublished":"2021-09-07T23:46:14+00:00","dateModified":"2021-10-15T16:36:53+00:00","mainEntityOfPage":{"@id":"https:\/\/covincennes.com\/index.php\/2021\/09\/08\/attention-la-reunion-des-parents-de-lecole-de-foot-avancee-au-11-septembrez\/"},"wordCount":187,"commentCount":0,"publisher":{"@id":"https:\/\/covincennes.com\/#organization"},"inLanguage":"fr-FR","potentialAction":[{"@type":"CommentAction","name":"Comment","target":["https:\/\/covincennes.com\/index.php\/2021\/09\/08\/attention-la-reunion-des-parents-de-lecole-de-foot-avancee-au-11-septembrez\/#respond"]}]},{"@type":"WebPage","@id":"https:\/\/covincennes.com\/index.php\/2021\/09\/08\/attention-la-reunion-des-parents-de-lecole-de-foot-avancee-au-11-septembrez\/","url":"https:\/\/covincennes.com\/index.php\/2021\/09\/08\/attention-la-reunion-des-parents-de-lecole-de-foot-avancee-au-11-septembrez\/","name":"La r\u00e9union des parents de l'\u00c9cole de Foot avanc\u00e9e au 11 septembre - CO Vincennes","isPartOf":{"@id":"https:\/\/covincennes.com\/#website"},"datePublished":"2021-09-07T23:46:14+00:00","dateModified":"2021-10-15T16:36:53+00:00","breadcrumb":{"@id":"https:\/\/covincennes.com\/index.php\/2021\/09\/08\/attention-la-reunion-des-parents-de-lecole-de-foot-avancee-au-11-septembrez\/#breadcrumb"},"inLanguage":"fr-FR","potentialAction":[{"@type":"ReadAction","target":["https:\/\/covincennes.com\/index.php\/2021\/09\/08\/attention-la-reunion-des-parents-de-lecole-de-foot-avancee-au-11-septembrez\/"]}]},{"@type":"BreadcrumbList","@id":"https:\/\/covincennes.com\/index.php\/2021\/09\/08\/attention-la-reunion-des-parents-de-lecole-de-foot-avancee-au-11-septembrez\/#breadcrumb","itemListElement":[{"@type":"ListItem","position":1,"name":"Accueil","item":"https:\/\/covincennes.com\/"},{"@type":"ListItem","position":2,"name":"La r\u00e9union des parents de l&rsquo;\u00c9cole de Foot avanc\u00e9e au 11 septembre"}]},{"@type":"WebSite","@id":"https:\/\/covincennes.com\/#website","url":"https:\/\/covincennes.com\/","name":"CO Vincennes","description":"Un site utilisant WordPress","publisher":{"@id":"https:\/\/covincennes.com\/#organization"},"potentialAction":[{"@type":"SearchAction","target":{"@type":"EntryPoint","urlTemplate":"https:\/\/covincennes.com\/?s={search_term_string}"},"query-input":"required name=search_term_string"}],"inLanguage":"fr-FR"},{"@type":"Organization","@id":"https:\/\/covincennes.com\/#organization","name":"CO Vincennes","url":"https:\/\/covincennes.com\/","sameAs":["https:\/\/www.facebook.com\/CO-VINCENNES-la-page-officielle-136021893155921\/","https:\/\/twitter.com\/covincennes"],"logo":{"@type":"ImageObject","inLanguage":"fr-FR","@id":"https:\/\/covincennes.com\/#\/schema\/logo\/image\/","url":"https:\/\/covincennes.com\/wp-content\/uploads\/2019\/11\/logo-cov-png.png","contentUrl":"https:\/\/covincennes.com\/wp-content\/uploads\/2019\/11\/logo-cov-png.png","width":495,"height":497,"caption":"CO Vincennes"},"image":{"@id":"https:\/\/covincennes.com\/#\/schema\/logo\/image\/"}},{"@type":"Person","@id":"https:\/\/covincennes.com\/#\/schema\/person\/eb881824360af01aa016999e439303fe","name":"Cole Hibry","image":{"@type":"ImageObject","inLanguage":"fr-FR","@id":"https:\/\/covincennes.com\/#\/schema\/person\/image\/","url":"https:\/\/secure.gravatar.com\/avatar\/fdd68f914853e79675161dab52794fbe213aaa71837a3f83ab5d0669e81bb866?s=96&d=mm&r=g","contentUrl":"https:\/\/secure.gravatar.com\/avatar\/fdd68f914853e79675161dab52794fbe213aaa71837a3f83ab5d0669e81bb866?s=96&d=mm&r=g","caption":"Cole Hibry"},"url":"https:\/\/covincennes.com\/index.php\/author\/chevit-frederic\/"}]}},"_links":{"self":[{"href":"https:\/\/covincennes.com\/index.php\/wp-json\/wp\/v2\/posts\/4428","targetHints":{"allow":["GET"]}}],"collection":[{"href":"https:\/\/covincennes.com\/index.php\/wp-json\/wp\/v2\/posts"}],"about":[{"href":"https:\/\/covincennes.com\/index.php\/wp-json\/wp\/v2\/types\/post"}],"author":[{"embeddable":true,"href":"https:\/\/covincennes.com\/index.php\/wp-json\/wp\/v2\/users\/2"}],"replies":[{"embeddable":true,"href":"https:\/\/covincennes.com\/index.php\/wp-json\/wp\/v2\/comments?post=4428"}],"version-history":[{"count":2,"href":"https:\/\/covincennes.com\/index.php\/wp-json\/wp\/v2\/posts\/4428\/revisions"}],"predecessor-version":[{"id":4432,"href":"https:\/\/covincennes.com\/index.php\/wp-json\/wp\/v2\/posts\/4428\/revisions\/4432"}],"wp:featuredmedia":[{"embeddable":true,"href":"https:\/\/covincennes.com\/index.php\/wp-json\/wp\/v2\/media\/4429"}],"wp:attachment":[{"href":"https:\/\/covincennes.com\/index.php\/wp-json\/wp\/v2\/media?parent=4428"}],"wp:term":[{"taxonomy":"category","embeddable":true,"href":"https:\/\/covincennes.com\/index.php\/wp-json\/wp\/v2\/categories?post=4428"},{"taxonomy":"post_tag","embeddable":true,"href":"https:\/\/covincennes.com\/index.php\/wp-json\/wp\/v2\/tags?post=4428"}],"curies":[{"name":"wp","href":"https:\/\/api.w.org\/{rel}","templated":true}]}}