{"id":4490,"date":"2021-09-22T13:42:03","date_gmt":"2021-09-22T11:42:03","guid":{"rendered":"https:\/\/covincennes.com\/?p=4490"},"modified":"2021-10-15T17:12:33","modified_gmt":"2021-10-15T15:12:33","slug":"coupe-de-france-breval-longnes-au-4eme-tour","status":"publish","type":"post","link":"https:\/\/covincennes.com\/index.php\/2021\/09\/22\/coupe-de-france-breval-longnes-au-4eme-tour\/","title":{"rendered":"Coupe de France : Br\u00e9val-Longnes au 4\u00e8me tour"},"content":{"rendered":"<p>La main innocente du Pr\u00e9sident de la Ligue de Paris-Ile de France a \u00e9t\u00e9 plut\u00f4t cl\u00e9mente pour le CO Vincennes. Jamel Sandjak assurait lui-m\u00eame, en effet, le tirage au sort du 4\u00e8me tour de la Coupe de France et le CO Vincennes affrontera le 3 octobre le petit poucet, le Football Club du Plateau de Br\u00e9val-Longnes. Il s&rsquo;agit d&rsquo;un club des Yvelines qui \u00e9volue en 5\u00e8me division, c&rsquo;est-\u00e0-dire sept niveaux plus bas que le COV.<\/p>\n<p>Attention cependant \u00e0 l&rsquo;exc\u00e8s de confiance. Il ne faut m\u00e9priser ou m\u00eame n\u00e9gliger aucun adversaire. La Coupe de France a r\u00e9serv\u00e9 tellement de surprises ! Le respect doit rester la r\u00e8gle absolue.<\/p>\n","protected":false},"excerpt":{"rendered":"<p>La main innocente du Pr\u00e9sident de la Ligue de Paris-Ile de France a \u00e9t\u00e9 plut\u00f4t cl\u00e9mente pour le CO Vincennes. Jamel Sandjak assurait lui-m\u00eame, en effet, le tirage au sort du 4\u00e8me tour de la Coupe de France et le CO Vincennes affrontera le 3 octobre le petit poucet, le Football Club du Plateau de [&hellip;]<\/p>\n","protected":false},"author":2,"featured_media":4491,"comment_status":"open","ping_status":"open","sticky":false,"template":"","format":"standard","meta":{"_monsterinsights_skip_tracking":false,"_monsterinsights_sitenote_active":false,"_monsterinsights_sitenote_note":"","_monsterinsights_sitenote_category":0,"footnotes":""},"categories":[1],"tags":[],"class_list":["post-4490","post","type-post","status-publish","format-standard","has-post-thumbnail","hentry","category-non-classe","entry","has-media"],"yoast_head":"<!-- This site is optimized with the Yoast SEO plugin v19.6.1 - https:\/\/yoast.com\/wordpress\/plugins\/seo\/ -->\n<title>Coupe de France : Br\u00e9val-Longnes au 4\u00e8me tour - CO Vincennes<\/title>\n<meta name=\"robots\" content=\"index, follow, max-snippet:-1, max-image-preview:large, max-video-preview:-1\" \/>\n<link rel=\"canonical\" href=\"https:\/\/covincennes.com\/index.php\/2021\/09\/22\/coupe-de-france-breval-longnes-au-4eme-tour\/\" \/>\n<meta property=\"og:locale\" content=\"fr_FR\" \/>\n<meta property=\"og:type\" content=\"article\" \/>\n<meta property=\"og:title\" content=\"Coupe de France : Br\u00e9val-Longnes au 4\u00e8me tour - CO Vincennes\" \/>\n<meta property=\"og:description\" content=\"La main innocente du Pr\u00e9sident de la Ligue de Paris-Ile de France a \u00e9t\u00e9 plut\u00f4t cl\u00e9mente pour le CO Vincennes. Jamel Sandjak assurait lui-m\u00eame, en effet, le tirage au sort du 4\u00e8me tour de la Coupe de France et le CO Vincennes affrontera le 3 octobre le petit poucet, le Football Club du Plateau de [&hellip;]\" \/>\n<meta property=\"og:url\" content=\"https:\/\/covincennes.com\/index.php\/2021\/09\/22\/coupe-de-france-breval-longnes-au-4eme-tour\/\" \/>\n<meta property=\"og:site_name\" content=\"CO Vincennes\" \/>\n<meta property=\"article:publisher\" content=\"https:\/\/www.facebook.com\/CO-VINCENNES-la-page-officielle-136021893155921\/\" \/>\n<meta property=\"article:published_time\" content=\"2021-09-22T11:42:03+00:00\" \/>\n<meta property=\"article:modified_time\" content=\"2021-10-15T15:12:33+00:00\" \/>\n<meta property=\"og:image\" content=\"https:\/\/covincennes.com\/wp-content\/uploads\/2021\/09\/Affiche-Coupe-de-France-en-photo.jpeg\" \/>\n\t<meta property=\"og:image:width\" content=\"643\" \/>\n\t<meta property=\"og:image:height\" content=\"480\" \/>\n\t<meta property=\"og:image:type\" content=\"image\/jpeg\" \/>\n<meta name=\"author\" content=\"Cole Hibry\" \/>\n<meta name=\"twitter:card\" content=\"summary_large_image\" \/>\n<meta name=\"twitter:creator\" content=\"@covincennes\" \/>\n<meta name=\"twitter:site\" content=\"@covincennes\" \/>\n<meta name=\"twitter:label1\" content=\"\u00c9crit par\" \/>\n\t<meta name=\"twitter:data1\" content=\"Cole Hibry\" \/>\n\t<meta name=\"twitter:label2\" content=\"Dur\u00e9e de lecture estim\u00e9e\" \/>\n\t<meta name=\"twitter:data2\" content=\"1 minute\" \/>\n<script type=\"application\/ld+json\" class=\"yoast-schema-graph\">{\"@context\":\"https:\/\/schema.org\",\"@graph\":[{\"@type\":\"Article\",\"@id\":\"https:\/\/covincennes.com\/index.php\/2021\/09\/22\/coupe-de-france-breval-longnes-au-4eme-tour\/#article\",\"isPartOf\":{\"@id\":\"https:\/\/covincennes.com\/index.php\/2021\/09\/22\/coupe-de-france-breval-longnes-au-4eme-tour\/\"},\"author\":{\"name\":\"Cole Hibry\",\"@id\":\"https:\/\/covincennes.com\/#\/schema\/person\/eb881824360af01aa016999e439303fe\"},\"headline\":\"Coupe de France : Br\u00e9val-Longnes au 4\u00e8me tour\",\"datePublished\":\"2021-09-22T11:42:03+00:00\",\"dateModified\":\"2021-10-15T15:12:33+00:00\",\"mainEntityOfPage\":{\"@id\":\"https:\/\/covincennes.com\/index.php\/2021\/09\/22\/coupe-de-france-breval-longnes-au-4eme-tour\/\"},\"wordCount\":124,\"commentCount\":0,\"publisher\":{\"@id\":\"https:\/\/covincennes.com\/#organization\"},\"inLanguage\":\"fr-FR\",\"potentialAction\":[{\"@type\":\"CommentAction\",\"name\":\"Comment\",\"target\":[\"https:\/\/covincennes.com\/index.php\/2021\/09\/22\/coupe-de-france-breval-longnes-au-4eme-tour\/#respond\"]}]},{\"@type\":\"WebPage\",\"@id\":\"https:\/\/covincennes.com\/index.php\/2021\/09\/22\/coupe-de-france-breval-longnes-au-4eme-tour\/\",\"url\":\"https:\/\/covincennes.com\/index.php\/2021\/09\/22\/coupe-de-france-breval-longnes-au-4eme-tour\/\",\"name\":\"Coupe de France : Br\u00e9val-Longnes au 4\u00e8me tour - CO Vincennes\",\"isPartOf\":{\"@id\":\"https:\/\/covincennes.com\/#website\"},\"datePublished\":\"2021-09-22T11:42:03+00:00\",\"dateModified\":\"2021-10-15T15:12:33+00:00\",\"breadcrumb\":{\"@id\":\"https:\/\/covincennes.com\/index.php\/2021\/09\/22\/coupe-de-france-breval-longnes-au-4eme-tour\/#breadcrumb\"},\"inLanguage\":\"fr-FR\",\"potentialAction\":[{\"@type\":\"ReadAction\",\"target\":[\"https:\/\/covincennes.com\/index.php\/2021\/09\/22\/coupe-de-france-breval-longnes-au-4eme-tour\/\"]}]},{\"@type\":\"BreadcrumbList\",\"@id\":\"https:\/\/covincennes.com\/index.php\/2021\/09\/22\/coupe-de-france-breval-longnes-au-4eme-tour\/#breadcrumb\",\"itemListElement\":[{\"@type\":\"ListItem\",\"position\":1,\"name\":\"Accueil\",\"item\":\"https:\/\/covincennes.com\/\"},{\"@type\":\"ListItem\",\"position\":2,\"name\":\"Coupe de France : Br\u00e9val-Longnes au 4\u00e8me tour\"}]},{\"@type\":\"WebSite\",\"@id\":\"https:\/\/covincennes.com\/#website\",\"url\":\"https:\/\/covincennes.com\/\",\"name\":\"CO Vincennes\",\"description\":\"Un site utilisant WordPress\",\"publisher\":{\"@id\":\"https:\/\/covincennes.com\/#organization\"},\"potentialAction\":[{\"@type\":\"SearchAction\",\"target\":{\"@type\":\"EntryPoint\",\"urlTemplate\":\"https:\/\/covincennes.com\/?s={search_term_string}\"},\"query-input\":\"required name=search_term_string\"}],\"inLanguage\":\"fr-FR\"},{\"@type\":\"Organization\",\"@id\":\"https:\/\/covincennes.com\/#organization\",\"name\":\"CO Vincennes\",\"url\":\"https:\/\/covincennes.com\/\",\"sameAs\":[\"https:\/\/www.facebook.com\/CO-VINCENNES-la-page-officielle-136021893155921\/\",\"https:\/\/twitter.com\/covincennes\"],\"logo\":{\"@type\":\"ImageObject\",\"inLanguage\":\"fr-FR\",\"@id\":\"https:\/\/covincennes.com\/#\/schema\/logo\/image\/\",\"url\":\"https:\/\/covincennes.com\/wp-content\/uploads\/2019\/11\/logo-cov-png.png\",\"contentUrl\":\"https:\/\/covincennes.com\/wp-content\/uploads\/2019\/11\/logo-cov-png.png\",\"width\":495,\"height\":497,\"caption\":\"CO Vincennes\"},\"image\":{\"@id\":\"https:\/\/covincennes.com\/#\/schema\/logo\/image\/\"}},{\"@type\":\"Person\",\"@id\":\"https:\/\/covincennes.com\/#\/schema\/person\/eb881824360af01aa016999e439303fe\",\"name\":\"Cole Hibry\",\"image\":{\"@type\":\"ImageObject\",\"inLanguage\":\"fr-FR\",\"@id\":\"https:\/\/covincennes.com\/#\/schema\/person\/image\/\",\"url\":\"https:\/\/secure.gravatar.com\/avatar\/fdd68f914853e79675161dab52794fbe213aaa71837a3f83ab5d0669e81bb866?s=96&d=mm&r=g\",\"contentUrl\":\"https:\/\/secure.gravatar.com\/avatar\/fdd68f914853e79675161dab52794fbe213aaa71837a3f83ab5d0669e81bb866?s=96&d=mm&r=g\",\"caption\":\"Cole Hibry\"},\"url\":\"https:\/\/covincennes.com\/index.php\/author\/chevit-frederic\/\"}]}<\/script>\n<!-- \/ Yoast SEO plugin. -->","yoast_head_json":{"title":"Coupe de France : Br\u00e9val-Longnes au 4\u00e8me tour - CO Vincennes","robots":{"index":"index","follow":"follow","max-snippet":"max-snippet:-1","max-image-preview":"max-image-preview:large","max-video-preview":"max-video-preview:-1"},"canonical":"https:\/\/covincennes.com\/index.php\/2021\/09\/22\/coupe-de-france-breval-longnes-au-4eme-tour\/","og_locale":"fr_FR","og_type":"article","og_title":"Coupe de France : Br\u00e9val-Longnes au 4\u00e8me tour - CO Vincennes","og_description":"La main innocente du Pr\u00e9sident de la Ligue de Paris-Ile de France a \u00e9t\u00e9 plut\u00f4t cl\u00e9mente pour le CO Vincennes. Jamel Sandjak assurait lui-m\u00eame, en effet, le tirage au sort du 4\u00e8me tour de la Coupe de France et le CO Vincennes affrontera le 3 octobre le petit poucet, le Football Club du Plateau de [&hellip;]","og_url":"https:\/\/covincennes.com\/index.php\/2021\/09\/22\/coupe-de-france-breval-longnes-au-4eme-tour\/","og_site_name":"CO Vincennes","article_publisher":"https:\/\/www.facebook.com\/CO-VINCENNES-la-page-officielle-136021893155921\/","article_published_time":"2021-09-22T11:42:03+00:00","article_modified_time":"2021-10-15T15:12:33+00:00","og_image":[{"width":643,"height":480,"url":"https:\/\/covincennes.com\/wp-content\/uploads\/2021\/09\/Affiche-Coupe-de-France-en-photo.jpeg","type":"image\/jpeg"}],"author":"Cole Hibry","twitter_card":"summary_large_image","twitter_creator":"@covincennes","twitter_site":"@covincennes","twitter_misc":{"\u00c9crit par":"Cole Hibry","Dur\u00e9e de lecture estim\u00e9e":"1 minute"},"schema":{"@context":"https:\/\/schema.org","@graph":[{"@type":"Article","@id":"https:\/\/covincennes.com\/index.php\/2021\/09\/22\/coupe-de-france-breval-longnes-au-4eme-tour\/#article","isPartOf":{"@id":"https:\/\/covincennes.com\/index.php\/2021\/09\/22\/coupe-de-france-breval-longnes-au-4eme-tour\/"},"author":{"name":"Cole Hibry","@id":"https:\/\/covincennes.com\/#\/schema\/person\/eb881824360af01aa016999e439303fe"},"headline":"Coupe de France : Br\u00e9val-Longnes au 4\u00e8me tour","datePublished":"2021-09-22T11:42:03+00:00","dateModified":"2021-10-15T15:12:33+00:00","mainEntityOfPage":{"@id":"https:\/\/covincennes.com\/index.php\/2021\/09\/22\/coupe-de-france-breval-longnes-au-4eme-tour\/"},"wordCount":124,"commentCount":0,"publisher":{"@id":"https:\/\/covincennes.com\/#organization"},"inLanguage":"fr-FR","potentialAction":[{"@type":"CommentAction","name":"Comment","target":["https:\/\/covincennes.com\/index.php\/2021\/09\/22\/coupe-de-france-breval-longnes-au-4eme-tour\/#respond"]}]},{"@type":"WebPage","@id":"https:\/\/covincennes.com\/index.php\/2021\/09\/22\/coupe-de-france-breval-longnes-au-4eme-tour\/","url":"https:\/\/covincennes.com\/index.php\/2021\/09\/22\/coupe-de-france-breval-longnes-au-4eme-tour\/","name":"Coupe de France : Br\u00e9val-Longnes au 4\u00e8me tour - CO Vincennes","isPartOf":{"@id":"https:\/\/covincennes.com\/#website"},"datePublished":"2021-09-22T11:42:03+00:00","dateModified":"2021-10-15T15:12:33+00:00","breadcrumb":{"@id":"https:\/\/covincennes.com\/index.php\/2021\/09\/22\/coupe-de-france-breval-longnes-au-4eme-tour\/#breadcrumb"},"inLanguage":"fr-FR","potentialAction":[{"@type":"ReadAction","target":["https:\/\/covincennes.com\/index.php\/2021\/09\/22\/coupe-de-france-breval-longnes-au-4eme-tour\/"]}]},{"@type":"BreadcrumbList","@id":"https:\/\/covincennes.com\/index.php\/2021\/09\/22\/coupe-de-france-breval-longnes-au-4eme-tour\/#breadcrumb","itemListElement":[{"@type":"ListItem","position":1,"name":"Accueil","item":"https:\/\/covincennes.com\/"},{"@type":"ListItem","position":2,"name":"Coupe de France : Br\u00e9val-Longnes au 4\u00e8me tour"}]},{"@type":"WebSite","@id":"https:\/\/covincennes.com\/#website","url":"https:\/\/covincennes.com\/","name":"CO Vincennes","description":"Un site utilisant WordPress","publisher":{"@id":"https:\/\/covincennes.com\/#organization"},"potentialAction":[{"@type":"SearchAction","target":{"@type":"EntryPoint","urlTemplate":"https:\/\/covincennes.com\/?s={search_term_string}"},"query-input":"required name=search_term_string"}],"inLanguage":"fr-FR"},{"@type":"Organization","@id":"https:\/\/covincennes.com\/#organization","name":"CO Vincennes","url":"https:\/\/covincennes.com\/","sameAs":["https:\/\/www.facebook.com\/CO-VINCENNES-la-page-officielle-136021893155921\/","https:\/\/twitter.com\/covincennes"],"logo":{"@type":"ImageObject","inLanguage":"fr-FR","@id":"https:\/\/covincennes.com\/#\/schema\/logo\/image\/","url":"https:\/\/covincennes.com\/wp-content\/uploads\/2019\/11\/logo-cov-png.png","contentUrl":"https:\/\/covincennes.com\/wp-content\/uploads\/2019\/11\/logo-cov-png.png","width":495,"height":497,"caption":"CO Vincennes"},"image":{"@id":"https:\/\/covincennes.com\/#\/schema\/logo\/image\/"}},{"@type":"Person","@id":"https:\/\/covincennes.com\/#\/schema\/person\/eb881824360af01aa016999e439303fe","name":"Cole Hibry","image":{"@type":"ImageObject","inLanguage":"fr-FR","@id":"https:\/\/covincennes.com\/#\/schema\/person\/image\/","url":"https:\/\/secure.gravatar.com\/avatar\/fdd68f914853e79675161dab52794fbe213aaa71837a3f83ab5d0669e81bb866?s=96&d=mm&r=g","contentUrl":"https:\/\/secure.gravatar.com\/avatar\/fdd68f914853e79675161dab52794fbe213aaa71837a3f83ab5d0669e81bb866?s=96&d=mm&r=g","caption":"Cole Hibry"},"url":"https:\/\/covincennes.com\/index.php\/author\/chevit-frederic\/"}]}},"_links":{"self":[{"href":"https:\/\/covincennes.com\/index.php\/wp-json\/wp\/v2\/posts\/4490","targetHints":{"allow":["GET"]}}],"collection":[{"href":"https:\/\/covincennes.com\/index.php\/wp-json\/wp\/v2\/posts"}],"about":[{"href":"https:\/\/covincennes.com\/index.php\/wp-json\/wp\/v2\/types\/post"}],"author":[{"embeddable":true,"href":"https:\/\/covincennes.com\/index.php\/wp-json\/wp\/v2\/users\/2"}],"replies":[{"embeddable":true,"href":"https:\/\/covincennes.com\/index.php\/wp-json\/wp\/v2\/comments?post=4490"}],"version-history":[{"count":1,"href":"https:\/\/covincennes.com\/index.php\/wp-json\/wp\/v2\/posts\/4490\/revisions"}],"predecessor-version":[{"id":4492,"href":"https:\/\/covincennes.com\/index.php\/wp-json\/wp\/v2\/posts\/4490\/revisions\/4492"}],"wp:featuredmedia":[{"embeddable":true,"href":"https:\/\/covincennes.com\/index.php\/wp-json\/wp\/v2\/media\/4491"}],"wp:attachment":[{"href":"https:\/\/covincennes.com\/index.php\/wp-json\/wp\/v2\/media?parent=4490"}],"wp:term":[{"taxonomy":"category","embeddable":true,"href":"https:\/\/covincennes.com\/index.php\/wp-json\/wp\/v2\/categories?post=4490"},{"taxonomy":"post_tag","embeddable":true,"href":"https:\/\/covincennes.com\/index.php\/wp-json\/wp\/v2\/tags?post=4490"}],"curies":[{"name":"wp","href":"https:\/\/api.w.org\/{rel}","templated":true}]}}