{"id":4494,"date":"2021-09-22T14:42:00","date_gmt":"2021-09-22T12:42:00","guid":{"rendered":"https:\/\/covincennes.com\/?p=4494"},"modified":"2021-12-21T22:45:48","modified_gmt":"2021-12-21T21:45:48","slug":"succes-pour-la-reunion-dinformation-de-lecole-de-foot","status":"publish","type":"post","link":"https:\/\/covincennes.com\/index.php\/2021\/09\/22\/succes-pour-la-reunion-dinformation-de-lecole-de-foot\/","title":{"rendered":"Succ\u00e8s pour la r\u00e9union d&rsquo;information de l&rsquo;\u00c9cole de Foot"},"content":{"rendered":"<p>Les parents dont les enfants sont inscrits \u00e0 l&rsquo;\u00c9cole de Foot \u00e9taient convi\u00e9s \u00e0 une r\u00e9union d&rsquo;information le samedi 11 septembre. Ils ont r\u00e9pondu en nombre \u00e0 cette invitation, recevant ainsi de pr\u00e9cieuses informations et, pour certains d&rsquo;entre eux, posant des questions fort pertinentes. Les dirigeants du club &#8211; le Pr\u00e9sident et d&rsquo;autres membres du Comit\u00e9 de Direction ainsi que le Directeur administratif, le Directeur technique et les responsables des diff\u00e9rents p\u00f4les &#8211; leur ont apport\u00e9 des r\u00e9ponses et ont pris bonne note de remarques constructives.<\/p>\n<p>C&rsquo;est aussi \u00e0 l&rsquo;occasion de cette r\u00e9union que les \u00e9quipements de la nouvelle saison ont \u00e9t\u00e9 distribu\u00e9s, avec notamment le maillot et son logo de l&rsquo;association partenaire, <em>Les Tremplins Blaise Matuidi<\/em>. L&rsquo;oncle du champion du monde form\u00e9 au COV a d&rsquo;ailleurs pris la parole l&rsquo;apr\u00e8s-midi pour \u00e9clairer sur celle-ci et envoyer un message plein d&rsquo;humanit\u00e9. Merci \u00e0 lui.<\/p>\n<p>Les parents qui n&rsquo;ont pas pu assister \u00e0 cette r\u00e9union et dont l&rsquo;enfant sera toujours \u00e0 l&rsquo;\u00c9cole de Foot du COV la saison prochaine auront donc une second chance de participer \u00e0 la vie du club ; \u00e0 eux de ne pas la laisser \u00e9chapper !<\/p>\n","protected":false},"excerpt":{"rendered":"<p>Les parents dont les enfants sont inscrits \u00e0 l&rsquo;\u00c9cole de Foot \u00e9taient convi\u00e9s \u00e0 une r\u00e9union d&rsquo;information le samedi 11 septembre. Ils ont r\u00e9pondu en nombre \u00e0 cette invitation, recevant ainsi de pr\u00e9cieuses informations et, pour certains d&rsquo;entre eux, posant des questions fort pertinentes. Les dirigeants du club &#8211; le Pr\u00e9sident et d&rsquo;autres membres du [&hellip;]<\/p>\n","protected":false},"author":2,"featured_media":4495,"comment_status":"open","ping_status":"open","sticky":false,"template":"","format":"standard","meta":{"_monsterinsights_skip_tracking":false,"_monsterinsights_sitenote_active":false,"_monsterinsights_sitenote_note":"","_monsterinsights_sitenote_category":0,"footnotes":""},"categories":[1],"tags":[],"class_list":["post-4494","post","type-post","status-publish","format-standard","has-post-thumbnail","hentry","category-non-classe","entry","has-media"],"yoast_head":"<!-- This site is optimized with the Yoast SEO plugin v19.6.1 - https:\/\/yoast.com\/wordpress\/plugins\/seo\/ -->\n<title>Succ\u00e8s pour la r\u00e9union d&#039;information de l&#039;\u00c9cole de Foot - CO Vincennes<\/title>\n<meta name=\"robots\" content=\"index, follow, max-snippet:-1, max-image-preview:large, max-video-preview:-1\" \/>\n<link rel=\"canonical\" href=\"https:\/\/covincennes.com\/index.php\/2021\/09\/22\/succes-pour-la-reunion-dinformation-de-lecole-de-foot\/\" \/>\n<meta property=\"og:locale\" content=\"fr_FR\" \/>\n<meta property=\"og:type\" content=\"article\" \/>\n<meta property=\"og:title\" content=\"Succ\u00e8s pour la r\u00e9union d&#039;information de l&#039;\u00c9cole de Foot - CO Vincennes\" \/>\n<meta property=\"og:description\" content=\"Les parents dont les enfants sont inscrits \u00e0 l&rsquo;\u00c9cole de Foot \u00e9taient convi\u00e9s \u00e0 une r\u00e9union d&rsquo;information le samedi 11 septembre. Ils ont r\u00e9pondu en nombre \u00e0 cette invitation, recevant ainsi de pr\u00e9cieuses informations et, pour certains d&rsquo;entre eux, posant des questions fort pertinentes. Les dirigeants du club &#8211; le Pr\u00e9sident et d&rsquo;autres membres du [&hellip;]\" \/>\n<meta property=\"og:url\" content=\"https:\/\/covincennes.com\/index.php\/2021\/09\/22\/succes-pour-la-reunion-dinformation-de-lecole-de-foot\/\" \/>\n<meta property=\"og:site_name\" content=\"CO Vincennes\" \/>\n<meta property=\"article:publisher\" content=\"https:\/\/www.facebook.com\/CO-VINCENNES-la-page-officielle-136021893155921\/\" \/>\n<meta property=\"article:published_time\" content=\"2021-09-22T12:42:00+00:00\" \/>\n<meta property=\"article:modified_time\" content=\"2021-12-21T21:45:48+00:00\" \/>\n<meta property=\"og:image\" content=\"https:\/\/covincennes.com\/wp-content\/uploads\/2021\/09\/Re\u0301union-parents-11-septembre-2021.jpg\" \/>\n\t<meta property=\"og:image:width\" content=\"643\" \/>\n\t<meta property=\"og:image:height\" content=\"480\" \/>\n\t<meta property=\"og:image:type\" content=\"image\/jpeg\" \/>\n<meta name=\"author\" content=\"Cole Hibry\" \/>\n<meta name=\"twitter:card\" content=\"summary_large_image\" \/>\n<meta name=\"twitter:creator\" content=\"@covincennes\" \/>\n<meta name=\"twitter:site\" content=\"@covincennes\" \/>\n<meta name=\"twitter:label1\" content=\"\u00c9crit par\" \/>\n\t<meta name=\"twitter:data1\" content=\"Cole Hibry\" \/>\n\t<meta name=\"twitter:label2\" content=\"Dur\u00e9e de lecture estim\u00e9e\" \/>\n\t<meta name=\"twitter:data2\" content=\"1 minute\" \/>\n<script type=\"application\/ld+json\" class=\"yoast-schema-graph\">{\"@context\":\"https:\/\/schema.org\",\"@graph\":[{\"@type\":\"Article\",\"@id\":\"https:\/\/covincennes.com\/index.php\/2021\/09\/22\/succes-pour-la-reunion-dinformation-de-lecole-de-foot\/#article\",\"isPartOf\":{\"@id\":\"https:\/\/covincennes.com\/index.php\/2021\/09\/22\/succes-pour-la-reunion-dinformation-de-lecole-de-foot\/\"},\"author\":{\"name\":\"Cole Hibry\",\"@id\":\"https:\/\/covincennes.com\/#\/schema\/person\/eb881824360af01aa016999e439303fe\"},\"headline\":\"Succ\u00e8s pour la r\u00e9union d&rsquo;information de l&rsquo;\u00c9cole de Foot\",\"datePublished\":\"2021-09-22T12:42:00+00:00\",\"dateModified\":\"2021-12-21T21:45:48+00:00\",\"mainEntityOfPage\":{\"@id\":\"https:\/\/covincennes.com\/index.php\/2021\/09\/22\/succes-pour-la-reunion-dinformation-de-lecole-de-foot\/\"},\"wordCount\":204,\"commentCount\":0,\"publisher\":{\"@id\":\"https:\/\/covincennes.com\/#organization\"},\"inLanguage\":\"fr-FR\",\"potentialAction\":[{\"@type\":\"CommentAction\",\"name\":\"Comment\",\"target\":[\"https:\/\/covincennes.com\/index.php\/2021\/09\/22\/succes-pour-la-reunion-dinformation-de-lecole-de-foot\/#respond\"]}]},{\"@type\":\"WebPage\",\"@id\":\"https:\/\/covincennes.com\/index.php\/2021\/09\/22\/succes-pour-la-reunion-dinformation-de-lecole-de-foot\/\",\"url\":\"https:\/\/covincennes.com\/index.php\/2021\/09\/22\/succes-pour-la-reunion-dinformation-de-lecole-de-foot\/\",\"name\":\"Succ\u00e8s pour la r\u00e9union d'information de l'\u00c9cole de Foot - CO Vincennes\",\"isPartOf\":{\"@id\":\"https:\/\/covincennes.com\/#website\"},\"datePublished\":\"2021-09-22T12:42:00+00:00\",\"dateModified\":\"2021-12-21T21:45:48+00:00\",\"breadcrumb\":{\"@id\":\"https:\/\/covincennes.com\/index.php\/2021\/09\/22\/succes-pour-la-reunion-dinformation-de-lecole-de-foot\/#breadcrumb\"},\"inLanguage\":\"fr-FR\",\"potentialAction\":[{\"@type\":\"ReadAction\",\"target\":[\"https:\/\/covincennes.com\/index.php\/2021\/09\/22\/succes-pour-la-reunion-dinformation-de-lecole-de-foot\/\"]}]},{\"@type\":\"BreadcrumbList\",\"@id\":\"https:\/\/covincennes.com\/index.php\/2021\/09\/22\/succes-pour-la-reunion-dinformation-de-lecole-de-foot\/#breadcrumb\",\"itemListElement\":[{\"@type\":\"ListItem\",\"position\":1,\"name\":\"Accueil\",\"item\":\"https:\/\/covincennes.com\/\"},{\"@type\":\"ListItem\",\"position\":2,\"name\":\"Succ\u00e8s pour la r\u00e9union d&rsquo;information de l&rsquo;\u00c9cole de Foot\"}]},{\"@type\":\"WebSite\",\"@id\":\"https:\/\/covincennes.com\/#website\",\"url\":\"https:\/\/covincennes.com\/\",\"name\":\"CO Vincennes\",\"description\":\"Un site utilisant WordPress\",\"publisher\":{\"@id\":\"https:\/\/covincennes.com\/#organization\"},\"potentialAction\":[{\"@type\":\"SearchAction\",\"target\":{\"@type\":\"EntryPoint\",\"urlTemplate\":\"https:\/\/covincennes.com\/?s={search_term_string}\"},\"query-input\":\"required name=search_term_string\"}],\"inLanguage\":\"fr-FR\"},{\"@type\":\"Organization\",\"@id\":\"https:\/\/covincennes.com\/#organization\",\"name\":\"CO Vincennes\",\"url\":\"https:\/\/covincennes.com\/\",\"sameAs\":[\"https:\/\/www.facebook.com\/CO-VINCENNES-la-page-officielle-136021893155921\/\",\"https:\/\/twitter.com\/covincennes\"],\"logo\":{\"@type\":\"ImageObject\",\"inLanguage\":\"fr-FR\",\"@id\":\"https:\/\/covincennes.com\/#\/schema\/logo\/image\/\",\"url\":\"https:\/\/covincennes.com\/wp-content\/uploads\/2019\/11\/logo-cov-png.png\",\"contentUrl\":\"https:\/\/covincennes.com\/wp-content\/uploads\/2019\/11\/logo-cov-png.png\",\"width\":495,\"height\":497,\"caption\":\"CO Vincennes\"},\"image\":{\"@id\":\"https:\/\/covincennes.com\/#\/schema\/logo\/image\/\"}},{\"@type\":\"Person\",\"@id\":\"https:\/\/covincennes.com\/#\/schema\/person\/eb881824360af01aa016999e439303fe\",\"name\":\"Cole Hibry\",\"image\":{\"@type\":\"ImageObject\",\"inLanguage\":\"fr-FR\",\"@id\":\"https:\/\/covincennes.com\/#\/schema\/person\/image\/\",\"url\":\"https:\/\/secure.gravatar.com\/avatar\/fdd68f914853e79675161dab52794fbe213aaa71837a3f83ab5d0669e81bb866?s=96&d=mm&r=g\",\"contentUrl\":\"https:\/\/secure.gravatar.com\/avatar\/fdd68f914853e79675161dab52794fbe213aaa71837a3f83ab5d0669e81bb866?s=96&d=mm&r=g\",\"caption\":\"Cole Hibry\"},\"url\":\"https:\/\/covincennes.com\/index.php\/author\/chevit-frederic\/\"}]}<\/script>\n<!-- \/ Yoast SEO plugin. -->","yoast_head_json":{"title":"Succ\u00e8s pour la r\u00e9union d'information de l'\u00c9cole de Foot - CO Vincennes","robots":{"index":"index","follow":"follow","max-snippet":"max-snippet:-1","max-image-preview":"max-image-preview:large","max-video-preview":"max-video-preview:-1"},"canonical":"https:\/\/covincennes.com\/index.php\/2021\/09\/22\/succes-pour-la-reunion-dinformation-de-lecole-de-foot\/","og_locale":"fr_FR","og_type":"article","og_title":"Succ\u00e8s pour la r\u00e9union d'information de l'\u00c9cole de Foot - CO Vincennes","og_description":"Les parents dont les enfants sont inscrits \u00e0 l&rsquo;\u00c9cole de Foot \u00e9taient convi\u00e9s \u00e0 une r\u00e9union d&rsquo;information le samedi 11 septembre. Ils ont r\u00e9pondu en nombre \u00e0 cette invitation, recevant ainsi de pr\u00e9cieuses informations et, pour certains d&rsquo;entre eux, posant des questions fort pertinentes. Les dirigeants du club &#8211; le Pr\u00e9sident et d&rsquo;autres membres du [&hellip;]","og_url":"https:\/\/covincennes.com\/index.php\/2021\/09\/22\/succes-pour-la-reunion-dinformation-de-lecole-de-foot\/","og_site_name":"CO Vincennes","article_publisher":"https:\/\/www.facebook.com\/CO-VINCENNES-la-page-officielle-136021893155921\/","article_published_time":"2021-09-22T12:42:00+00:00","article_modified_time":"2021-12-21T21:45:48+00:00","og_image":[{"width":643,"height":480,"url":"https:\/\/covincennes.com\/wp-content\/uploads\/2021\/09\/Re\u0301union-parents-11-septembre-2021.jpg","type":"image\/jpeg"}],"author":"Cole Hibry","twitter_card":"summary_large_image","twitter_creator":"@covincennes","twitter_site":"@covincennes","twitter_misc":{"\u00c9crit par":"Cole Hibry","Dur\u00e9e de lecture estim\u00e9e":"1 minute"},"schema":{"@context":"https:\/\/schema.org","@graph":[{"@type":"Article","@id":"https:\/\/covincennes.com\/index.php\/2021\/09\/22\/succes-pour-la-reunion-dinformation-de-lecole-de-foot\/#article","isPartOf":{"@id":"https:\/\/covincennes.com\/index.php\/2021\/09\/22\/succes-pour-la-reunion-dinformation-de-lecole-de-foot\/"},"author":{"name":"Cole Hibry","@id":"https:\/\/covincennes.com\/#\/schema\/person\/eb881824360af01aa016999e439303fe"},"headline":"Succ\u00e8s pour la r\u00e9union d&rsquo;information de l&rsquo;\u00c9cole de Foot","datePublished":"2021-09-22T12:42:00+00:00","dateModified":"2021-12-21T21:45:48+00:00","mainEntityOfPage":{"@id":"https:\/\/covincennes.com\/index.php\/2021\/09\/22\/succes-pour-la-reunion-dinformation-de-lecole-de-foot\/"},"wordCount":204,"commentCount":0,"publisher":{"@id":"https:\/\/covincennes.com\/#organization"},"inLanguage":"fr-FR","potentialAction":[{"@type":"CommentAction","name":"Comment","target":["https:\/\/covincennes.com\/index.php\/2021\/09\/22\/succes-pour-la-reunion-dinformation-de-lecole-de-foot\/#respond"]}]},{"@type":"WebPage","@id":"https:\/\/covincennes.com\/index.php\/2021\/09\/22\/succes-pour-la-reunion-dinformation-de-lecole-de-foot\/","url":"https:\/\/covincennes.com\/index.php\/2021\/09\/22\/succes-pour-la-reunion-dinformation-de-lecole-de-foot\/","name":"Succ\u00e8s pour la r\u00e9union d'information de l'\u00c9cole de Foot - CO Vincennes","isPartOf":{"@id":"https:\/\/covincennes.com\/#website"},"datePublished":"2021-09-22T12:42:00+00:00","dateModified":"2021-12-21T21:45:48+00:00","breadcrumb":{"@id":"https:\/\/covincennes.com\/index.php\/2021\/09\/22\/succes-pour-la-reunion-dinformation-de-lecole-de-foot\/#breadcrumb"},"inLanguage":"fr-FR","potentialAction":[{"@type":"ReadAction","target":["https:\/\/covincennes.com\/index.php\/2021\/09\/22\/succes-pour-la-reunion-dinformation-de-lecole-de-foot\/"]}]},{"@type":"BreadcrumbList","@id":"https:\/\/covincennes.com\/index.php\/2021\/09\/22\/succes-pour-la-reunion-dinformation-de-lecole-de-foot\/#breadcrumb","itemListElement":[{"@type":"ListItem","position":1,"name":"Accueil","item":"https:\/\/covincennes.com\/"},{"@type":"ListItem","position":2,"name":"Succ\u00e8s pour la r\u00e9union d&rsquo;information de l&rsquo;\u00c9cole de Foot"}]},{"@type":"WebSite","@id":"https:\/\/covincennes.com\/#website","url":"https:\/\/covincennes.com\/","name":"CO Vincennes","description":"Un site utilisant WordPress","publisher":{"@id":"https:\/\/covincennes.com\/#organization"},"potentialAction":[{"@type":"SearchAction","target":{"@type":"EntryPoint","urlTemplate":"https:\/\/covincennes.com\/?s={search_term_string}"},"query-input":"required name=search_term_string"}],"inLanguage":"fr-FR"},{"@type":"Organization","@id":"https:\/\/covincennes.com\/#organization","name":"CO Vincennes","url":"https:\/\/covincennes.com\/","sameAs":["https:\/\/www.facebook.com\/CO-VINCENNES-la-page-officielle-136021893155921\/","https:\/\/twitter.com\/covincennes"],"logo":{"@type":"ImageObject","inLanguage":"fr-FR","@id":"https:\/\/covincennes.com\/#\/schema\/logo\/image\/","url":"https:\/\/covincennes.com\/wp-content\/uploads\/2019\/11\/logo-cov-png.png","contentUrl":"https:\/\/covincennes.com\/wp-content\/uploads\/2019\/11\/logo-cov-png.png","width":495,"height":497,"caption":"CO Vincennes"},"image":{"@id":"https:\/\/covincennes.com\/#\/schema\/logo\/image\/"}},{"@type":"Person","@id":"https:\/\/covincennes.com\/#\/schema\/person\/eb881824360af01aa016999e439303fe","name":"Cole Hibry","image":{"@type":"ImageObject","inLanguage":"fr-FR","@id":"https:\/\/covincennes.com\/#\/schema\/person\/image\/","url":"https:\/\/secure.gravatar.com\/avatar\/fdd68f914853e79675161dab52794fbe213aaa71837a3f83ab5d0669e81bb866?s=96&d=mm&r=g","contentUrl":"https:\/\/secure.gravatar.com\/avatar\/fdd68f914853e79675161dab52794fbe213aaa71837a3f83ab5d0669e81bb866?s=96&d=mm&r=g","caption":"Cole Hibry"},"url":"https:\/\/covincennes.com\/index.php\/author\/chevit-frederic\/"}]}},"_links":{"self":[{"href":"https:\/\/covincennes.com\/index.php\/wp-json\/wp\/v2\/posts\/4494","targetHints":{"allow":["GET"]}}],"collection":[{"href":"https:\/\/covincennes.com\/index.php\/wp-json\/wp\/v2\/posts"}],"about":[{"href":"https:\/\/covincennes.com\/index.php\/wp-json\/wp\/v2\/types\/post"}],"author":[{"embeddable":true,"href":"https:\/\/covincennes.com\/index.php\/wp-json\/wp\/v2\/users\/2"}],"replies":[{"embeddable":true,"href":"https:\/\/covincennes.com\/index.php\/wp-json\/wp\/v2\/comments?post=4494"}],"version-history":[{"count":1,"href":"https:\/\/covincennes.com\/index.php\/wp-json\/wp\/v2\/posts\/4494\/revisions"}],"predecessor-version":[{"id":4496,"href":"https:\/\/covincennes.com\/index.php\/wp-json\/wp\/v2\/posts\/4494\/revisions\/4496"}],"wp:featuredmedia":[{"embeddable":true,"href":"https:\/\/covincennes.com\/index.php\/wp-json\/wp\/v2\/media\/4495"}],"wp:attachment":[{"href":"https:\/\/covincennes.com\/index.php\/wp-json\/wp\/v2\/media?parent=4494"}],"wp:term":[{"taxonomy":"category","embeddable":true,"href":"https:\/\/covincennes.com\/index.php\/wp-json\/wp\/v2\/categories?post=4494"},{"taxonomy":"post_tag","embeddable":true,"href":"https:\/\/covincennes.com\/index.php\/wp-json\/wp\/v2\/tags?post=4494"}],"curies":[{"name":"wp","href":"https:\/\/api.w.org\/{rel}","templated":true}]}}