{"id":4549,"date":"2021-10-05T15:22:26","date_gmt":"2021-10-05T13:22:26","guid":{"rendered":"https:\/\/covincennes.com\/?p=4549"},"modified":"2025-09-08T17:59:10","modified_gmt":"2025-09-08T15:59:10","slug":"ete2025","status":"publish","type":"post","link":"https:\/\/covincennes.com\/index.php\/2021\/10\/05\/ete2025\/","title":{"rendered":"Stages d&rsquo;Ete 2025, c&rsquo;est par ici!"},"content":{"rendered":"\t\t<div data-elementor-type=\"wp-post\" data-elementor-id=\"4549\" class=\"elementor elementor-4549\" data-elementor-settings=\"[]\">\n\t\t\t\t\t\t<div class=\"elementor-inner\">\n\t\t\t\t\t\t\t<div class=\"elementor-section-wrap\">\n\t\t\t\t\t\t\t<section class=\"elementor-section elementor-top-section elementor-element elementor-element-7ff6ac9b elementor-section-boxed elementor-section-height-default elementor-section-height-default\" data-id=\"7ff6ac9b\" data-element_type=\"section\">\n\t\t\t\t\t\t<div class=\"elementor-container elementor-column-gap-default\">\n\t\t\t\t\t\t\t<div class=\"elementor-row\">\n\t\t\t\t\t<div class=\"elementor-column elementor-col-100 elementor-top-column elementor-element elementor-element-364cce14\" data-id=\"364cce14\" data-element_type=\"column\">\n\t\t\t<div class=\"elementor-column-wrap elementor-element-populated\">\n\t\t\t\t\t\t\t<div class=\"elementor-widget-wrap\">\n\t\t\t\t\t\t<div class=\"elementor-element elementor-element-4b1fba69 elementor-widget elementor-widget-text-editor\" data-id=\"4b1fba69\" data-element_type=\"widget\" data-widget_type=\"text-editor.default\">\n\t\t\t\t<div class=\"elementor-widget-container\">\n\t\t\t\t\t\t\t\t<div class=\"elementor-text-editor elementor-clearfix\">\n\t\t\t\t\t<p>Vous l&rsquo;attendiez avec impatience, voici le formulaire des stages pour cet \u00e9t\u00e9. Pour rappel, nos stages sont ouverts aux cat\u00e9gories U6 \u00e0 U14 gar\u00e7ons et filles. Voici les dates :<\/p><p>&#8211; Du lundi 30 juin au vendredi 04 juillet 2025<\/p><p>&#8211; Du lundi 07 juillet au vendredi 11 juillet 2025<\/p><p>&#8211; Du lundi 25 aout au vendredi 29 aout 2025<\/p><p><a href=\"https:\/\/covincennes.com\/wp-content\/uploads\/2025\/06\/Formulaire-des-stages-dete-2025.pdf\">&gt;&gt;&gt;&gt;&gt;&gt;&gt;&gt;&gt;&gt;&gt;&gt;&gt;&gt;&gt;&gt;&gt;&gt;&gt;&gt;&gt;&gt;&gt;&gt;&gt;&gt;&gt;&gt;&gt;&gt;&gt;&gt;&gt;&gt;&gt;&gt;&gt;&gt;&gt; ICI LE FORMULAIRE &lt;&lt;&lt;&lt;&lt;&lt;&lt;&lt;&lt;&lt;&lt;&lt;&lt;&lt;&lt;&lt;&lt;&lt;&lt;&lt;&lt;&lt;&lt;&lt;&lt;&lt;&lt;&lt;&lt;<\/a><\/p>\t\t\t\t\t<\/div>\n\t\t\t\t\t\t<\/div>\n\t\t\t\t<\/div>\n\t\t\t\t\t\t<\/div>\n\t\t\t\t\t<\/div>\n\t\t<\/div>\n\t\t\t\t\t\t\t\t<\/div>\n\t\t\t\t\t<\/div>\n\t\t<\/section>\n\t\t\t\t\t\t<\/div>\n\t\t\t\t\t\t<\/div>\n\t\t\t\t\t<\/div>\n\t\t","protected":false},"excerpt":{"rendered":"<p>Vous l&rsquo;attendiez avec impatience, voici le formulaire des stages pour cet \u00e9t\u00e9. Pour rappel, nos stages sont ouverts aux cat\u00e9gories U6 \u00e0 U14 gar\u00e7ons et filles. Voici les dates : &#8211; Du lundi 30 juin au vendredi 04 juillet 2025 &#8211; Du lundi 07 juillet au vendredi 11 juillet 2025 &#8211; Du lundi 25 aout [&hellip;]<\/p>\n","protected":false},"author":3,"featured_media":9114,"comment_status":"open","ping_status":"open","sticky":false,"template":"","format":"standard","meta":{"_monsterinsights_skip_tracking":false,"_monsterinsights_sitenote_active":false,"_monsterinsights_sitenote_note":"","_monsterinsights_sitenote_category":0,"footnotes":""},"categories":[1],"tags":[],"class_list":["post-4549","post","type-post","status-publish","format-standard","has-post-thumbnail","hentry","category-non-classe","entry","has-media"],"yoast_head":"<!-- This site is optimized with the Yoast SEO plugin v19.6.1 - https:\/\/yoast.com\/wordpress\/plugins\/seo\/ -->\n<title>Stages d&#039;Ete 2025, c&#039;est par ici! - CO Vincennes<\/title>\n<meta name=\"robots\" content=\"index, follow, max-snippet:-1, max-image-preview:large, max-video-preview:-1\" \/>\n<link rel=\"canonical\" href=\"https:\/\/covincennes.com\/index.php\/2021\/10\/05\/ete2025\/\" \/>\n<meta property=\"og:locale\" content=\"fr_FR\" \/>\n<meta property=\"og:type\" content=\"article\" \/>\n<meta property=\"og:title\" content=\"Stages d&#039;Ete 2025, c&#039;est par ici! - CO Vincennes\" \/>\n<meta property=\"og:description\" content=\"Vous l&rsquo;attendiez avec impatience, voici le formulaire des stages pour cet \u00e9t\u00e9. Pour rappel, nos stages sont ouverts aux cat\u00e9gories U6 \u00e0 U14 gar\u00e7ons et filles. Voici les dates : &#8211; Du lundi 30 juin au vendredi 04 juillet 2025 &#8211; Du lundi 07 juillet au vendredi 11 juillet 2025 &#8211; Du lundi 25 aout [&hellip;]\" \/>\n<meta property=\"og:url\" content=\"https:\/\/covincennes.com\/index.php\/2021\/10\/05\/ete2025\/\" \/>\n<meta property=\"og:site_name\" content=\"CO Vincennes\" \/>\n<meta property=\"article:publisher\" content=\"https:\/\/www.facebook.com\/CO-VINCENNES-la-page-officielle-136021893155921\/\" \/>\n<meta property=\"article:published_time\" content=\"2021-10-05T13:22:26+00:00\" \/>\n<meta property=\"article:modified_time\" content=\"2025-09-08T15:59:10+00:00\" \/>\n<meta property=\"og:image\" content=\"https:\/\/covincennes.com\/wp-content\/uploads\/2025\/06\/Capture1.jpg\" \/>\n\t<meta property=\"og:image:width\" content=\"643\" \/>\n\t<meta property=\"og:image:height\" content=\"446\" \/>\n\t<meta property=\"og:image:type\" content=\"image\/jpeg\" \/>\n<meta name=\"author\" content=\"Michael Sampaio\" \/>\n<meta name=\"twitter:card\" content=\"summary_large_image\" \/>\n<meta name=\"twitter:creator\" content=\"@covincennes\" \/>\n<meta name=\"twitter:site\" content=\"@covincennes\" \/>\n<meta name=\"twitter:label1\" content=\"\u00c9crit par\" \/>\n\t<meta name=\"twitter:data1\" content=\"Michael Sampaio\" \/>\n\t<meta name=\"twitter:label2\" content=\"Dur\u00e9e de lecture estim\u00e9e\" \/>\n\t<meta name=\"twitter:data2\" content=\"1 minute\" \/>\n<script type=\"application\/ld+json\" class=\"yoast-schema-graph\">{\"@context\":\"https:\/\/schema.org\",\"@graph\":[{\"@type\":\"Article\",\"@id\":\"https:\/\/covincennes.com\/index.php\/2021\/10\/05\/ete2025\/#article\",\"isPartOf\":{\"@id\":\"https:\/\/covincennes.com\/index.php\/2021\/10\/05\/ete2025\/\"},\"author\":{\"name\":\"Michael Sampaio\",\"@id\":\"https:\/\/covincennes.com\/#\/schema\/person\/98a50ec4058712b1f87785cceda8522a\"},\"headline\":\"Stages d&rsquo;Ete 2025, c&rsquo;est par ici!\",\"datePublished\":\"2021-10-05T13:22:26+00:00\",\"dateModified\":\"2025-09-08T15:59:10+00:00\",\"mainEntityOfPage\":{\"@id\":\"https:\/\/covincennes.com\/index.php\/2021\/10\/05\/ete2025\/\"},\"wordCount\":127,\"commentCount\":0,\"publisher\":{\"@id\":\"https:\/\/covincennes.com\/#organization\"},\"inLanguage\":\"fr-FR\",\"potentialAction\":[{\"@type\":\"CommentAction\",\"name\":\"Comment\",\"target\":[\"https:\/\/covincennes.com\/index.php\/2021\/10\/05\/ete2025\/#respond\"]}]},{\"@type\":\"WebPage\",\"@id\":\"https:\/\/covincennes.com\/index.php\/2021\/10\/05\/ete2025\/\",\"url\":\"https:\/\/covincennes.com\/index.php\/2021\/10\/05\/ete2025\/\",\"name\":\"Stages d'Ete 2025, c'est par ici! - CO Vincennes\",\"isPartOf\":{\"@id\":\"https:\/\/covincennes.com\/#website\"},\"datePublished\":\"2021-10-05T13:22:26+00:00\",\"dateModified\":\"2025-09-08T15:59:10+00:00\",\"breadcrumb\":{\"@id\":\"https:\/\/covincennes.com\/index.php\/2021\/10\/05\/ete2025\/#breadcrumb\"},\"inLanguage\":\"fr-FR\",\"potentialAction\":[{\"@type\":\"ReadAction\",\"target\":[\"https:\/\/covincennes.com\/index.php\/2021\/10\/05\/ete2025\/\"]}]},{\"@type\":\"BreadcrumbList\",\"@id\":\"https:\/\/covincennes.com\/index.php\/2021\/10\/05\/ete2025\/#breadcrumb\",\"itemListElement\":[{\"@type\":\"ListItem\",\"position\":1,\"name\":\"Accueil\",\"item\":\"https:\/\/covincennes.com\/\"},{\"@type\":\"ListItem\",\"position\":2,\"name\":\"Stages d&rsquo;Ete 2025, c&rsquo;est par ici!\"}]},{\"@type\":\"WebSite\",\"@id\":\"https:\/\/covincennes.com\/#website\",\"url\":\"https:\/\/covincennes.com\/\",\"name\":\"CO Vincennes\",\"description\":\"Un site utilisant WordPress\",\"publisher\":{\"@id\":\"https:\/\/covincennes.com\/#organization\"},\"potentialAction\":[{\"@type\":\"SearchAction\",\"target\":{\"@type\":\"EntryPoint\",\"urlTemplate\":\"https:\/\/covincennes.com\/?s={search_term_string}\"},\"query-input\":\"required name=search_term_string\"}],\"inLanguage\":\"fr-FR\"},{\"@type\":\"Organization\",\"@id\":\"https:\/\/covincennes.com\/#organization\",\"name\":\"CO Vincennes\",\"url\":\"https:\/\/covincennes.com\/\",\"sameAs\":[\"https:\/\/www.facebook.com\/CO-VINCENNES-la-page-officielle-136021893155921\/\",\"https:\/\/twitter.com\/covincennes\"],\"logo\":{\"@type\":\"ImageObject\",\"inLanguage\":\"fr-FR\",\"@id\":\"https:\/\/covincennes.com\/#\/schema\/logo\/image\/\",\"url\":\"https:\/\/covincennes.com\/wp-content\/uploads\/2019\/11\/logo-cov-png.png\",\"contentUrl\":\"https:\/\/covincennes.com\/wp-content\/uploads\/2019\/11\/logo-cov-png.png\",\"width\":495,\"height\":497,\"caption\":\"CO Vincennes\"},\"image\":{\"@id\":\"https:\/\/covincennes.com\/#\/schema\/logo\/image\/\"}},{\"@type\":\"Person\",\"@id\":\"https:\/\/covincennes.com\/#\/schema\/person\/98a50ec4058712b1f87785cceda8522a\",\"name\":\"Michael Sampaio\",\"image\":{\"@type\":\"ImageObject\",\"inLanguage\":\"fr-FR\",\"@id\":\"https:\/\/covincennes.com\/#\/schema\/person\/image\/\",\"url\":\"https:\/\/secure.gravatar.com\/avatar\/01b9a86131116bd0fd0e140505dee69ed58fa76a96d075b61115d1c80887852f?s=96&d=mm&r=g\",\"contentUrl\":\"https:\/\/secure.gravatar.com\/avatar\/01b9a86131116bd0fd0e140505dee69ed58fa76a96d075b61115d1c80887852f?s=96&d=mm&r=g\",\"caption\":\"Michael Sampaio\"},\"url\":\"https:\/\/covincennes.com\/index.php\/author\/sampaio-michael\/\"}]}<\/script>\n<!-- \/ Yoast SEO plugin. -->","yoast_head_json":{"title":"Stages d'Ete 2025, c'est par ici! - CO Vincennes","robots":{"index":"index","follow":"follow","max-snippet":"max-snippet:-1","max-image-preview":"max-image-preview:large","max-video-preview":"max-video-preview:-1"},"canonical":"https:\/\/covincennes.com\/index.php\/2021\/10\/05\/ete2025\/","og_locale":"fr_FR","og_type":"article","og_title":"Stages d'Ete 2025, c'est par ici! - CO Vincennes","og_description":"Vous l&rsquo;attendiez avec impatience, voici le formulaire des stages pour cet \u00e9t\u00e9. Pour rappel, nos stages sont ouverts aux cat\u00e9gories U6 \u00e0 U14 gar\u00e7ons et filles. Voici les dates : &#8211; Du lundi 30 juin au vendredi 04 juillet 2025 &#8211; Du lundi 07 juillet au vendredi 11 juillet 2025 &#8211; Du lundi 25 aout [&hellip;]","og_url":"https:\/\/covincennes.com\/index.php\/2021\/10\/05\/ete2025\/","og_site_name":"CO Vincennes","article_publisher":"https:\/\/www.facebook.com\/CO-VINCENNES-la-page-officielle-136021893155921\/","article_published_time":"2021-10-05T13:22:26+00:00","article_modified_time":"2025-09-08T15:59:10+00:00","og_image":[{"width":643,"height":446,"url":"https:\/\/covincennes.com\/wp-content\/uploads\/2025\/06\/Capture1.jpg","type":"image\/jpeg"}],"author":"Michael Sampaio","twitter_card":"summary_large_image","twitter_creator":"@covincennes","twitter_site":"@covincennes","twitter_misc":{"\u00c9crit par":"Michael Sampaio","Dur\u00e9e de lecture estim\u00e9e":"1 minute"},"schema":{"@context":"https:\/\/schema.org","@graph":[{"@type":"Article","@id":"https:\/\/covincennes.com\/index.php\/2021\/10\/05\/ete2025\/#article","isPartOf":{"@id":"https:\/\/covincennes.com\/index.php\/2021\/10\/05\/ete2025\/"},"author":{"name":"Michael Sampaio","@id":"https:\/\/covincennes.com\/#\/schema\/person\/98a50ec4058712b1f87785cceda8522a"},"headline":"Stages d&rsquo;Ete 2025, c&rsquo;est par ici!","datePublished":"2021-10-05T13:22:26+00:00","dateModified":"2025-09-08T15:59:10+00:00","mainEntityOfPage":{"@id":"https:\/\/covincennes.com\/index.php\/2021\/10\/05\/ete2025\/"},"wordCount":127,"commentCount":0,"publisher":{"@id":"https:\/\/covincennes.com\/#organization"},"inLanguage":"fr-FR","potentialAction":[{"@type":"CommentAction","name":"Comment","target":["https:\/\/covincennes.com\/index.php\/2021\/10\/05\/ete2025\/#respond"]}]},{"@type":"WebPage","@id":"https:\/\/covincennes.com\/index.php\/2021\/10\/05\/ete2025\/","url":"https:\/\/covincennes.com\/index.php\/2021\/10\/05\/ete2025\/","name":"Stages d'Ete 2025, c'est par ici! - CO Vincennes","isPartOf":{"@id":"https:\/\/covincennes.com\/#website"},"datePublished":"2021-10-05T13:22:26+00:00","dateModified":"2025-09-08T15:59:10+00:00","breadcrumb":{"@id":"https:\/\/covincennes.com\/index.php\/2021\/10\/05\/ete2025\/#breadcrumb"},"inLanguage":"fr-FR","potentialAction":[{"@type":"ReadAction","target":["https:\/\/covincennes.com\/index.php\/2021\/10\/05\/ete2025\/"]}]},{"@type":"BreadcrumbList","@id":"https:\/\/covincennes.com\/index.php\/2021\/10\/05\/ete2025\/#breadcrumb","itemListElement":[{"@type":"ListItem","position":1,"name":"Accueil","item":"https:\/\/covincennes.com\/"},{"@type":"ListItem","position":2,"name":"Stages d&rsquo;Ete 2025, c&rsquo;est par ici!"}]},{"@type":"WebSite","@id":"https:\/\/covincennes.com\/#website","url":"https:\/\/covincennes.com\/","name":"CO Vincennes","description":"Un site utilisant WordPress","publisher":{"@id":"https:\/\/covincennes.com\/#organization"},"potentialAction":[{"@type":"SearchAction","target":{"@type":"EntryPoint","urlTemplate":"https:\/\/covincennes.com\/?s={search_term_string}"},"query-input":"required name=search_term_string"}],"inLanguage":"fr-FR"},{"@type":"Organization","@id":"https:\/\/covincennes.com\/#organization","name":"CO Vincennes","url":"https:\/\/covincennes.com\/","sameAs":["https:\/\/www.facebook.com\/CO-VINCENNES-la-page-officielle-136021893155921\/","https:\/\/twitter.com\/covincennes"],"logo":{"@type":"ImageObject","inLanguage":"fr-FR","@id":"https:\/\/covincennes.com\/#\/schema\/logo\/image\/","url":"https:\/\/covincennes.com\/wp-content\/uploads\/2019\/11\/logo-cov-png.png","contentUrl":"https:\/\/covincennes.com\/wp-content\/uploads\/2019\/11\/logo-cov-png.png","width":495,"height":497,"caption":"CO Vincennes"},"image":{"@id":"https:\/\/covincennes.com\/#\/schema\/logo\/image\/"}},{"@type":"Person","@id":"https:\/\/covincennes.com\/#\/schema\/person\/98a50ec4058712b1f87785cceda8522a","name":"Michael Sampaio","image":{"@type":"ImageObject","inLanguage":"fr-FR","@id":"https:\/\/covincennes.com\/#\/schema\/person\/image\/","url":"https:\/\/secure.gravatar.com\/avatar\/01b9a86131116bd0fd0e140505dee69ed58fa76a96d075b61115d1c80887852f?s=96&d=mm&r=g","contentUrl":"https:\/\/secure.gravatar.com\/avatar\/01b9a86131116bd0fd0e140505dee69ed58fa76a96d075b61115d1c80887852f?s=96&d=mm&r=g","caption":"Michael Sampaio"},"url":"https:\/\/covincennes.com\/index.php\/author\/sampaio-michael\/"}]}},"_links":{"self":[{"href":"https:\/\/covincennes.com\/index.php\/wp-json\/wp\/v2\/posts\/4549","targetHints":{"allow":["GET"]}}],"collection":[{"href":"https:\/\/covincennes.com\/index.php\/wp-json\/wp\/v2\/posts"}],"about":[{"href":"https:\/\/covincennes.com\/index.php\/wp-json\/wp\/v2\/types\/post"}],"author":[{"embeddable":true,"href":"https:\/\/covincennes.com\/index.php\/wp-json\/wp\/v2\/users\/3"}],"replies":[{"embeddable":true,"href":"https:\/\/covincennes.com\/index.php\/wp-json\/wp\/v2\/comments?post=4549"}],"version-history":[{"count":70,"href":"https:\/\/covincennes.com\/index.php\/wp-json\/wp\/v2\/posts\/4549\/revisions"}],"predecessor-version":[{"id":9250,"href":"https:\/\/covincennes.com\/index.php\/wp-json\/wp\/v2\/posts\/4549\/revisions\/9250"}],"wp:featuredmedia":[{"embeddable":true,"href":"https:\/\/covincennes.com\/index.php\/wp-json\/wp\/v2\/media\/9114"}],"wp:attachment":[{"href":"https:\/\/covincennes.com\/index.php\/wp-json\/wp\/v2\/media?parent=4549"}],"wp:term":[{"taxonomy":"category","embeddable":true,"href":"https:\/\/covincennes.com\/index.php\/wp-json\/wp\/v2\/categories?post=4549"},{"taxonomy":"post_tag","embeddable":true,"href":"https:\/\/covincennes.com\/index.php\/wp-json\/wp\/v2\/tags?post=4549"}],"curies":[{"name":"wp","href":"https:\/\/api.w.org\/{rel}","templated":true}]}}