{"id":4697,"date":"2021-11-06T22:46:54","date_gmt":"2021-11-06T21:46:54","guid":{"rendered":"https:\/\/covincennes.com\/?p=4697"},"modified":"2021-12-18T00:54:23","modified_gmt":"2021-12-17T23:54:23","slug":"gambardella-aubervilliers-apres-saint-maur","status":"publish","type":"post","link":"https:\/\/covincennes.com\/index.php\/2021\/11\/06\/gambardella-aubervilliers-apres-saint-maur\/","title":{"rendered":"Gambardella : Aubervilliers apr\u00e8s Saint-Maur ?"},"content":{"rendered":"<p>C&rsquo;est \u00e0 l&rsquo;issue d&rsquo;un match spectaculaire, riche en rebondissements, que nos U18 se sont qualifi\u00e9s pour les finales r\u00e9gionales de la Coupe Gambardella. Victorieux de la VGA Saint-Maur 5-4 apr\u00e8s avoir men\u00e9 3-0 puis 4-1, apr\u00e8s avoir souffert en fin de match mais tenu bon, les joueurs de Mahamet ont obtenu leur billet pour le dernier tour de Ligue, avec un nouveau tripl\u00e9 de Nicolas (n\u00b09 sur la photo).<\/p>\n<p>En finale, c&rsquo;est un tr\u00e8s gros morceau qui les attend, puisque pensionnaires de la R3, ils recevront dimanche prochain la Jeunesse d&rsquo;Aubervilliers, qui \u00e9volue en R1. Autant dire qu&rsquo;ils auront besoin du soutien de leurs copains de la cat\u00e9gorie U18, mais aussi des autres jeunes du clubs, des dirigeants, des parents, des amis, de tout le club pour tenter de gagner leur billet pour la suite de la comp\u00e9tition.<\/p>\n<p>Alors rendez-vous dimanche pour un match qui s&rsquo;annonce d\u00e9j\u00e0 tr\u00e8s excitant !<\/p>\n","protected":false},"excerpt":{"rendered":"<p>C&rsquo;est \u00e0 l&rsquo;issue d&rsquo;un match spectaculaire, riche en rebondissements, que nos U18 se sont qualifi\u00e9s pour les finales r\u00e9gionales de la Coupe Gambardella. Victorieux de la VGA Saint-Maur 5-4 apr\u00e8s avoir men\u00e9 3-0 puis 4-1, apr\u00e8s avoir souffert en fin de match mais tenu bon, les joueurs de Mahamet ont obtenu leur billet pour le [&hellip;]<\/p>\n","protected":false},"author":2,"featured_media":4698,"comment_status":"open","ping_status":"open","sticky":false,"template":"","format":"standard","meta":{"_monsterinsights_skip_tracking":false,"_monsterinsights_sitenote_active":false,"_monsterinsights_sitenote_note":"","_monsterinsights_sitenote_category":0,"footnotes":""},"categories":[1],"tags":[],"class_list":["post-4697","post","type-post","status-publish","format-standard","has-post-thumbnail","hentry","category-non-classe","entry","has-media"],"yoast_head":"<!-- This site is optimized with the Yoast SEO plugin v19.6.1 - https:\/\/yoast.com\/wordpress\/plugins\/seo\/ -->\n<title>Gambardella : Aubervilliers apr\u00e8s Saint-Maur ? - CO Vincennes<\/title>\n<meta name=\"robots\" content=\"index, follow, max-snippet:-1, max-image-preview:large, max-video-preview:-1\" \/>\n<link rel=\"canonical\" href=\"https:\/\/covincennes.com\/index.php\/2021\/11\/06\/gambardella-aubervilliers-apres-saint-maur\/\" \/>\n<meta property=\"og:locale\" content=\"fr_FR\" \/>\n<meta property=\"og:type\" content=\"article\" \/>\n<meta property=\"og:title\" content=\"Gambardella : Aubervilliers apr\u00e8s Saint-Maur ? - CO Vincennes\" \/>\n<meta property=\"og:description\" content=\"C&rsquo;est \u00e0 l&rsquo;issue d&rsquo;un match spectaculaire, riche en rebondissements, que nos U18 se sont qualifi\u00e9s pour les finales r\u00e9gionales de la Coupe Gambardella. Victorieux de la VGA Saint-Maur 5-4 apr\u00e8s avoir men\u00e9 3-0 puis 4-1, apr\u00e8s avoir souffert en fin de match mais tenu bon, les joueurs de Mahamet ont obtenu leur billet pour le [&hellip;]\" \/>\n<meta property=\"og:url\" content=\"https:\/\/covincennes.com\/index.php\/2021\/11\/06\/gambardella-aubervilliers-apres-saint-maur\/\" \/>\n<meta property=\"og:site_name\" content=\"CO Vincennes\" \/>\n<meta property=\"article:publisher\" content=\"https:\/\/www.facebook.com\/CO-VINCENNES-la-page-officielle-136021893155921\/\" \/>\n<meta property=\"article:published_time\" content=\"2021-11-06T21:46:54+00:00\" \/>\n<meta property=\"article:modified_time\" content=\"2021-12-17T23:54:23+00:00\" \/>\n<meta property=\"og:image\" content=\"https:\/\/covincennes.com\/wp-content\/uploads\/2021\/11\/U18.jpg\" \/>\n\t<meta property=\"og:image:width\" content=\"643\" \/>\n\t<meta property=\"og:image:height\" content=\"480\" \/>\n\t<meta property=\"og:image:type\" content=\"image\/jpeg\" \/>\n<meta name=\"author\" content=\"Cole Hibry\" \/>\n<meta name=\"twitter:card\" content=\"summary_large_image\" \/>\n<meta name=\"twitter:creator\" content=\"@covincennes\" \/>\n<meta name=\"twitter:site\" content=\"@covincennes\" \/>\n<meta name=\"twitter:label1\" content=\"\u00c9crit par\" \/>\n\t<meta name=\"twitter:data1\" content=\"Cole Hibry\" \/>\n\t<meta name=\"twitter:label2\" content=\"Dur\u00e9e de lecture estim\u00e9e\" \/>\n\t<meta name=\"twitter:data2\" content=\"1 minute\" \/>\n<script type=\"application\/ld+json\" class=\"yoast-schema-graph\">{\"@context\":\"https:\/\/schema.org\",\"@graph\":[{\"@type\":\"Article\",\"@id\":\"https:\/\/covincennes.com\/index.php\/2021\/11\/06\/gambardella-aubervilliers-apres-saint-maur\/#article\",\"isPartOf\":{\"@id\":\"https:\/\/covincennes.com\/index.php\/2021\/11\/06\/gambardella-aubervilliers-apres-saint-maur\/\"},\"author\":{\"name\":\"Cole Hibry\",\"@id\":\"https:\/\/covincennes.com\/#\/schema\/person\/eb881824360af01aa016999e439303fe\"},\"headline\":\"Gambardella : Aubervilliers apr\u00e8s Saint-Maur ?\",\"datePublished\":\"2021-11-06T21:46:54+00:00\",\"dateModified\":\"2021-12-17T23:54:23+00:00\",\"mainEntityOfPage\":{\"@id\":\"https:\/\/covincennes.com\/index.php\/2021\/11\/06\/gambardella-aubervilliers-apres-saint-maur\/\"},\"wordCount\":162,\"commentCount\":0,\"publisher\":{\"@id\":\"https:\/\/covincennes.com\/#organization\"},\"inLanguage\":\"fr-FR\",\"potentialAction\":[{\"@type\":\"CommentAction\",\"name\":\"Comment\",\"target\":[\"https:\/\/covincennes.com\/index.php\/2021\/11\/06\/gambardella-aubervilliers-apres-saint-maur\/#respond\"]}]},{\"@type\":\"WebPage\",\"@id\":\"https:\/\/covincennes.com\/index.php\/2021\/11\/06\/gambardella-aubervilliers-apres-saint-maur\/\",\"url\":\"https:\/\/covincennes.com\/index.php\/2021\/11\/06\/gambardella-aubervilliers-apres-saint-maur\/\",\"name\":\"Gambardella : Aubervilliers apr\u00e8s Saint-Maur ? - CO Vincennes\",\"isPartOf\":{\"@id\":\"https:\/\/covincennes.com\/#website\"},\"datePublished\":\"2021-11-06T21:46:54+00:00\",\"dateModified\":\"2021-12-17T23:54:23+00:00\",\"breadcrumb\":{\"@id\":\"https:\/\/covincennes.com\/index.php\/2021\/11\/06\/gambardella-aubervilliers-apres-saint-maur\/#breadcrumb\"},\"inLanguage\":\"fr-FR\",\"potentialAction\":[{\"@type\":\"ReadAction\",\"target\":[\"https:\/\/covincennes.com\/index.php\/2021\/11\/06\/gambardella-aubervilliers-apres-saint-maur\/\"]}]},{\"@type\":\"BreadcrumbList\",\"@id\":\"https:\/\/covincennes.com\/index.php\/2021\/11\/06\/gambardella-aubervilliers-apres-saint-maur\/#breadcrumb\",\"itemListElement\":[{\"@type\":\"ListItem\",\"position\":1,\"name\":\"Accueil\",\"item\":\"https:\/\/covincennes.com\/\"},{\"@type\":\"ListItem\",\"position\":2,\"name\":\"Gambardella : Aubervilliers apr\u00e8s Saint-Maur ?\"}]},{\"@type\":\"WebSite\",\"@id\":\"https:\/\/covincennes.com\/#website\",\"url\":\"https:\/\/covincennes.com\/\",\"name\":\"CO Vincennes\",\"description\":\"Un site utilisant WordPress\",\"publisher\":{\"@id\":\"https:\/\/covincennes.com\/#organization\"},\"potentialAction\":[{\"@type\":\"SearchAction\",\"target\":{\"@type\":\"EntryPoint\",\"urlTemplate\":\"https:\/\/covincennes.com\/?s={search_term_string}\"},\"query-input\":\"required name=search_term_string\"}],\"inLanguage\":\"fr-FR\"},{\"@type\":\"Organization\",\"@id\":\"https:\/\/covincennes.com\/#organization\",\"name\":\"CO Vincennes\",\"url\":\"https:\/\/covincennes.com\/\",\"sameAs\":[\"https:\/\/www.facebook.com\/CO-VINCENNES-la-page-officielle-136021893155921\/\",\"https:\/\/twitter.com\/covincennes\"],\"logo\":{\"@type\":\"ImageObject\",\"inLanguage\":\"fr-FR\",\"@id\":\"https:\/\/covincennes.com\/#\/schema\/logo\/image\/\",\"url\":\"https:\/\/covincennes.com\/wp-content\/uploads\/2019\/11\/logo-cov-png.png\",\"contentUrl\":\"https:\/\/covincennes.com\/wp-content\/uploads\/2019\/11\/logo-cov-png.png\",\"width\":495,\"height\":497,\"caption\":\"CO Vincennes\"},\"image\":{\"@id\":\"https:\/\/covincennes.com\/#\/schema\/logo\/image\/\"}},{\"@type\":\"Person\",\"@id\":\"https:\/\/covincennes.com\/#\/schema\/person\/eb881824360af01aa016999e439303fe\",\"name\":\"Cole Hibry\",\"image\":{\"@type\":\"ImageObject\",\"inLanguage\":\"fr-FR\",\"@id\":\"https:\/\/covincennes.com\/#\/schema\/person\/image\/\",\"url\":\"https:\/\/secure.gravatar.com\/avatar\/fdd68f914853e79675161dab52794fbe213aaa71837a3f83ab5d0669e81bb866?s=96&d=mm&r=g\",\"contentUrl\":\"https:\/\/secure.gravatar.com\/avatar\/fdd68f914853e79675161dab52794fbe213aaa71837a3f83ab5d0669e81bb866?s=96&d=mm&r=g\",\"caption\":\"Cole Hibry\"},\"url\":\"https:\/\/covincennes.com\/index.php\/author\/chevit-frederic\/\"}]}<\/script>\n<!-- \/ Yoast SEO plugin. -->","yoast_head_json":{"title":"Gambardella : Aubervilliers apr\u00e8s Saint-Maur ? - CO Vincennes","robots":{"index":"index","follow":"follow","max-snippet":"max-snippet:-1","max-image-preview":"max-image-preview:large","max-video-preview":"max-video-preview:-1"},"canonical":"https:\/\/covincennes.com\/index.php\/2021\/11\/06\/gambardella-aubervilliers-apres-saint-maur\/","og_locale":"fr_FR","og_type":"article","og_title":"Gambardella : Aubervilliers apr\u00e8s Saint-Maur ? - CO Vincennes","og_description":"C&rsquo;est \u00e0 l&rsquo;issue d&rsquo;un match spectaculaire, riche en rebondissements, que nos U18 se sont qualifi\u00e9s pour les finales r\u00e9gionales de la Coupe Gambardella. Victorieux de la VGA Saint-Maur 5-4 apr\u00e8s avoir men\u00e9 3-0 puis 4-1, apr\u00e8s avoir souffert en fin de match mais tenu bon, les joueurs de Mahamet ont obtenu leur billet pour le [&hellip;]","og_url":"https:\/\/covincennes.com\/index.php\/2021\/11\/06\/gambardella-aubervilliers-apres-saint-maur\/","og_site_name":"CO Vincennes","article_publisher":"https:\/\/www.facebook.com\/CO-VINCENNES-la-page-officielle-136021893155921\/","article_published_time":"2021-11-06T21:46:54+00:00","article_modified_time":"2021-12-17T23:54:23+00:00","og_image":[{"width":643,"height":480,"url":"https:\/\/covincennes.com\/wp-content\/uploads\/2021\/11\/U18.jpg","type":"image\/jpeg"}],"author":"Cole Hibry","twitter_card":"summary_large_image","twitter_creator":"@covincennes","twitter_site":"@covincennes","twitter_misc":{"\u00c9crit par":"Cole Hibry","Dur\u00e9e de lecture estim\u00e9e":"1 minute"},"schema":{"@context":"https:\/\/schema.org","@graph":[{"@type":"Article","@id":"https:\/\/covincennes.com\/index.php\/2021\/11\/06\/gambardella-aubervilliers-apres-saint-maur\/#article","isPartOf":{"@id":"https:\/\/covincennes.com\/index.php\/2021\/11\/06\/gambardella-aubervilliers-apres-saint-maur\/"},"author":{"name":"Cole Hibry","@id":"https:\/\/covincennes.com\/#\/schema\/person\/eb881824360af01aa016999e439303fe"},"headline":"Gambardella : Aubervilliers apr\u00e8s Saint-Maur ?","datePublished":"2021-11-06T21:46:54+00:00","dateModified":"2021-12-17T23:54:23+00:00","mainEntityOfPage":{"@id":"https:\/\/covincennes.com\/index.php\/2021\/11\/06\/gambardella-aubervilliers-apres-saint-maur\/"},"wordCount":162,"commentCount":0,"publisher":{"@id":"https:\/\/covincennes.com\/#organization"},"inLanguage":"fr-FR","potentialAction":[{"@type":"CommentAction","name":"Comment","target":["https:\/\/covincennes.com\/index.php\/2021\/11\/06\/gambardella-aubervilliers-apres-saint-maur\/#respond"]}]},{"@type":"WebPage","@id":"https:\/\/covincennes.com\/index.php\/2021\/11\/06\/gambardella-aubervilliers-apres-saint-maur\/","url":"https:\/\/covincennes.com\/index.php\/2021\/11\/06\/gambardella-aubervilliers-apres-saint-maur\/","name":"Gambardella : Aubervilliers apr\u00e8s Saint-Maur ? - CO Vincennes","isPartOf":{"@id":"https:\/\/covincennes.com\/#website"},"datePublished":"2021-11-06T21:46:54+00:00","dateModified":"2021-12-17T23:54:23+00:00","breadcrumb":{"@id":"https:\/\/covincennes.com\/index.php\/2021\/11\/06\/gambardella-aubervilliers-apres-saint-maur\/#breadcrumb"},"inLanguage":"fr-FR","potentialAction":[{"@type":"ReadAction","target":["https:\/\/covincennes.com\/index.php\/2021\/11\/06\/gambardella-aubervilliers-apres-saint-maur\/"]}]},{"@type":"BreadcrumbList","@id":"https:\/\/covincennes.com\/index.php\/2021\/11\/06\/gambardella-aubervilliers-apres-saint-maur\/#breadcrumb","itemListElement":[{"@type":"ListItem","position":1,"name":"Accueil","item":"https:\/\/covincennes.com\/"},{"@type":"ListItem","position":2,"name":"Gambardella : Aubervilliers apr\u00e8s Saint-Maur ?"}]},{"@type":"WebSite","@id":"https:\/\/covincennes.com\/#website","url":"https:\/\/covincennes.com\/","name":"CO Vincennes","description":"Un site utilisant WordPress","publisher":{"@id":"https:\/\/covincennes.com\/#organization"},"potentialAction":[{"@type":"SearchAction","target":{"@type":"EntryPoint","urlTemplate":"https:\/\/covincennes.com\/?s={search_term_string}"},"query-input":"required name=search_term_string"}],"inLanguage":"fr-FR"},{"@type":"Organization","@id":"https:\/\/covincennes.com\/#organization","name":"CO Vincennes","url":"https:\/\/covincennes.com\/","sameAs":["https:\/\/www.facebook.com\/CO-VINCENNES-la-page-officielle-136021893155921\/","https:\/\/twitter.com\/covincennes"],"logo":{"@type":"ImageObject","inLanguage":"fr-FR","@id":"https:\/\/covincennes.com\/#\/schema\/logo\/image\/","url":"https:\/\/covincennes.com\/wp-content\/uploads\/2019\/11\/logo-cov-png.png","contentUrl":"https:\/\/covincennes.com\/wp-content\/uploads\/2019\/11\/logo-cov-png.png","width":495,"height":497,"caption":"CO Vincennes"},"image":{"@id":"https:\/\/covincennes.com\/#\/schema\/logo\/image\/"}},{"@type":"Person","@id":"https:\/\/covincennes.com\/#\/schema\/person\/eb881824360af01aa016999e439303fe","name":"Cole Hibry","image":{"@type":"ImageObject","inLanguage":"fr-FR","@id":"https:\/\/covincennes.com\/#\/schema\/person\/image\/","url":"https:\/\/secure.gravatar.com\/avatar\/fdd68f914853e79675161dab52794fbe213aaa71837a3f83ab5d0669e81bb866?s=96&d=mm&r=g","contentUrl":"https:\/\/secure.gravatar.com\/avatar\/fdd68f914853e79675161dab52794fbe213aaa71837a3f83ab5d0669e81bb866?s=96&d=mm&r=g","caption":"Cole Hibry"},"url":"https:\/\/covincennes.com\/index.php\/author\/chevit-frederic\/"}]}},"_links":{"self":[{"href":"https:\/\/covincennes.com\/index.php\/wp-json\/wp\/v2\/posts\/4697","targetHints":{"allow":["GET"]}}],"collection":[{"href":"https:\/\/covincennes.com\/index.php\/wp-json\/wp\/v2\/posts"}],"about":[{"href":"https:\/\/covincennes.com\/index.php\/wp-json\/wp\/v2\/types\/post"}],"author":[{"embeddable":true,"href":"https:\/\/covincennes.com\/index.php\/wp-json\/wp\/v2\/users\/2"}],"replies":[{"embeddable":true,"href":"https:\/\/covincennes.com\/index.php\/wp-json\/wp\/v2\/comments?post=4697"}],"version-history":[{"count":3,"href":"https:\/\/covincennes.com\/index.php\/wp-json\/wp\/v2\/posts\/4697\/revisions"}],"predecessor-version":[{"id":4741,"href":"https:\/\/covincennes.com\/index.php\/wp-json\/wp\/v2\/posts\/4697\/revisions\/4741"}],"wp:featuredmedia":[{"embeddable":true,"href":"https:\/\/covincennes.com\/index.php\/wp-json\/wp\/v2\/media\/4698"}],"wp:attachment":[{"href":"https:\/\/covincennes.com\/index.php\/wp-json\/wp\/v2\/media?parent=4697"}],"wp:term":[{"taxonomy":"category","embeddable":true,"href":"https:\/\/covincennes.com\/index.php\/wp-json\/wp\/v2\/categories?post=4697"},{"taxonomy":"post_tag","embeddable":true,"href":"https:\/\/covincennes.com\/index.php\/wp-json\/wp\/v2\/tags?post=4697"}],"curies":[{"name":"wp","href":"https:\/\/api.w.org\/{rel}","templated":true}]}}