{"id":4972,"date":"2022-01-25T00:17:07","date_gmt":"2022-01-24T23:17:07","guid":{"rendered":"https:\/\/covincennes.com\/?p=4972"},"modified":"2022-02-06T17:16:53","modified_gmt":"2022-02-06T16:16:53","slug":"defaite-frustrante-des-seniors-a-du-cov-contre-vitry","status":"publish","type":"post","link":"https:\/\/covincennes.com\/index.php\/2022\/01\/25\/defaite-frustrante-des-seniors-a-du-cov-contre-vitry\/","title":{"rendered":"D\u00e9faite frustrante des s\u00e9niors A du COV contre Vitry"},"content":{"rendered":"<p>Si ce match au sommet de la R1 a tenu ses promesses quant \u00e0 la qualit\u00e9 du jeu, il laissera un go\u00fbt amer aux Vincennois. Face au CA Vitry, le COV a ma\u00eetris\u00e9, s&rsquo;est procur\u00e9 les meilleures occasions, mais a p\u00each\u00e9 par maladresse dans le dernier geste ou a manqu\u00e9 de r\u00e9ussite.<\/p>\n<p>Il y a eu d&rsquo;abord une t\u00eate sur le poteau de Freddy, puis un penalty tir\u00e9 par Alassane et repouss\u00e9 par le gardien de Vitry, mais surtout un but refus\u00e9 \u00e0 Pierre pour un hors-jeu inexistant. La preuve en image, sur la capture d&rsquo;\u00e9cran ci-dessus. Au moment pr\u00e9cis o\u00f9 Brice d\u00e9clenche son centre, ni Kassim, dans l&rsquo;axe, ni Pierre, tout \u00e0 gauche, ne sont hors-jeu. Sur la vid\u00e9o ci-dessous, on pourra le v\u00e9rifier (Pierre fl\u00e9ch\u00e9 en rouge, Kassim en bleu) et voir clairement que Kassim ne touche pas le ballon (il s&rsquo;en faut de beaucoup) et ne le d\u00e9vie donc pas pour Pierre qui serait en position de hors-jeu.<\/p>\n<p>Pas question ici d&rsquo;accabler l&rsquo;arbitre ni son assistant, car l&rsquo;erreur est humaine et les arbitres sont des humains. Cet incident malheureux ne change rien au respect qu&rsquo;on leur doit ni \u00e0 l&rsquo;admiration qu&rsquo;on leur porte pour leur d\u00e9vouement au service du football et des footballeurs.<\/p>\n<p>Nos s\u00e9niors avaient l&rsquo;opportunit\u00e9 de se mettre \u00e0 l&rsquo;abri d&rsquo;un tel coup du sort, ils ne l&rsquo;ont pas fait. A eux de r\u00e9agir lors de la prochaine journ\u00e9e avec un nouveau d\u00e9fi : jouer Claye-Souilly sur son terrain. Une \u00e9quipe en pleine forme, qui r\u00e9alise une impressionnante remont\u00e9e. Un sacr\u00e9 test pour les n\u00f4tres !<\/p>\n<p class=\"responsive-video-wrap clr\"><iframe loading=\"lazy\" title=\"COV VITRY\" width=\"1200\" height=\"675\" src=\"https:\/\/www.youtube.com\/embed\/7zhzuTVMdxo?feature=oembed\" frameborder=\"0\" allow=\"accelerometer; autoplay; clipboard-write; encrypted-media; gyroscope; picture-in-picture\" allowfullscreen><\/iframe><\/p>\n","protected":false},"excerpt":{"rendered":"<p>Si ce match au sommet de la R1 a tenu ses promesses quant \u00e0 la qualit\u00e9 du jeu, il laissera un go\u00fbt amer aux Vincennois. Face au CA Vitry, le COV a ma\u00eetris\u00e9, s&rsquo;est procur\u00e9 les meilleures occasions, mais a p\u00each\u00e9 par maladresse dans le dernier geste ou a manqu\u00e9 de r\u00e9ussite. Il y a [&hellip;]<\/p>\n","protected":false},"author":2,"featured_media":4975,"comment_status":"open","ping_status":"open","sticky":false,"template":"","format":"standard","meta":{"_monsterinsights_skip_tracking":false,"_monsterinsights_sitenote_active":false,"_monsterinsights_sitenote_note":"","_monsterinsights_sitenote_category":0,"footnotes":""},"categories":[48],"tags":[],"class_list":["post-4972","post","type-post","status-publish","format-standard","has-post-thumbnail","hentry","category-a-la-une","entry","has-media"],"yoast_head":"<!-- This site is optimized with the Yoast SEO plugin v19.6.1 - https:\/\/yoast.com\/wordpress\/plugins\/seo\/ -->\n<title>D\u00e9faite frustrante des s\u00e9niors A du COV contre Vitry - CO Vincennes<\/title>\n<meta name=\"robots\" content=\"index, follow, max-snippet:-1, max-image-preview:large, max-video-preview:-1\" \/>\n<link rel=\"canonical\" href=\"https:\/\/covincennes.com\/index.php\/2022\/01\/25\/defaite-frustrante-des-seniors-a-du-cov-contre-vitry\/\" \/>\n<meta property=\"og:locale\" content=\"fr_FR\" \/>\n<meta property=\"og:type\" content=\"article\" \/>\n<meta property=\"og:title\" content=\"D\u00e9faite frustrante des s\u00e9niors A du COV contre Vitry - CO Vincennes\" \/>\n<meta property=\"og:description\" content=\"Si ce match au sommet de la R1 a tenu ses promesses quant \u00e0 la qualit\u00e9 du jeu, il laissera un go\u00fbt amer aux Vincennois. Face au CA Vitry, le COV a ma\u00eetris\u00e9, s&rsquo;est procur\u00e9 les meilleures occasions, mais a p\u00each\u00e9 par maladresse dans le dernier geste ou a manqu\u00e9 de r\u00e9ussite. Il y a [&hellip;]\" \/>\n<meta property=\"og:url\" content=\"https:\/\/covincennes.com\/index.php\/2022\/01\/25\/defaite-frustrante-des-seniors-a-du-cov-contre-vitry\/\" \/>\n<meta property=\"og:site_name\" content=\"CO Vincennes\" \/>\n<meta property=\"article:publisher\" content=\"https:\/\/www.facebook.com\/CO-VINCENNES-la-page-officielle-136021893155921\/\" \/>\n<meta property=\"article:published_time\" content=\"2022-01-24T23:17:07+00:00\" \/>\n<meta property=\"article:modified_time\" content=\"2022-02-06T16:16:53+00:00\" \/>\n<meta property=\"og:image\" content=\"https:\/\/covincennes.com\/wp-content\/uploads\/2022\/01\/Photo-COV-Vitry.jpg\" \/>\n\t<meta property=\"og:image:width\" content=\"643\" \/>\n\t<meta property=\"og:image:height\" content=\"480\" \/>\n\t<meta property=\"og:image:type\" content=\"image\/jpeg\" \/>\n<meta name=\"author\" content=\"Cole Hibry\" \/>\n<meta name=\"twitter:card\" content=\"summary_large_image\" \/>\n<meta name=\"twitter:creator\" content=\"@covincennes\" \/>\n<meta name=\"twitter:site\" content=\"@covincennes\" \/>\n<meta name=\"twitter:label1\" content=\"\u00c9crit par\" \/>\n\t<meta name=\"twitter:data1\" content=\"Cole Hibry\" \/>\n\t<meta name=\"twitter:label2\" content=\"Dur\u00e9e de lecture estim\u00e9e\" \/>\n\t<meta name=\"twitter:data2\" content=\"2 minutes\" \/>\n<script type=\"application\/ld+json\" class=\"yoast-schema-graph\">{\"@context\":\"https:\/\/schema.org\",\"@graph\":[{\"@type\":\"Article\",\"@id\":\"https:\/\/covincennes.com\/index.php\/2022\/01\/25\/defaite-frustrante-des-seniors-a-du-cov-contre-vitry\/#article\",\"isPartOf\":{\"@id\":\"https:\/\/covincennes.com\/index.php\/2022\/01\/25\/defaite-frustrante-des-seniors-a-du-cov-contre-vitry\/\"},\"author\":{\"name\":\"Cole Hibry\",\"@id\":\"https:\/\/covincennes.com\/#\/schema\/person\/eb881824360af01aa016999e439303fe\"},\"headline\":\"D\u00e9faite frustrante des s\u00e9niors A du COV contre Vitry\",\"datePublished\":\"2022-01-24T23:17:07+00:00\",\"dateModified\":\"2022-02-06T16:16:53+00:00\",\"mainEntityOfPage\":{\"@id\":\"https:\/\/covincennes.com\/index.php\/2022\/01\/25\/defaite-frustrante-des-seniors-a-du-cov-contre-vitry\/\"},\"wordCount\":289,\"commentCount\":0,\"publisher\":{\"@id\":\"https:\/\/covincennes.com\/#organization\"},\"articleSection\":[\"\u00e0 la une\"],\"inLanguage\":\"fr-FR\",\"potentialAction\":[{\"@type\":\"CommentAction\",\"name\":\"Comment\",\"target\":[\"https:\/\/covincennes.com\/index.php\/2022\/01\/25\/defaite-frustrante-des-seniors-a-du-cov-contre-vitry\/#respond\"]}]},{\"@type\":\"WebPage\",\"@id\":\"https:\/\/covincennes.com\/index.php\/2022\/01\/25\/defaite-frustrante-des-seniors-a-du-cov-contre-vitry\/\",\"url\":\"https:\/\/covincennes.com\/index.php\/2022\/01\/25\/defaite-frustrante-des-seniors-a-du-cov-contre-vitry\/\",\"name\":\"D\u00e9faite frustrante des s\u00e9niors A du COV contre Vitry - CO Vincennes\",\"isPartOf\":{\"@id\":\"https:\/\/covincennes.com\/#website\"},\"datePublished\":\"2022-01-24T23:17:07+00:00\",\"dateModified\":\"2022-02-06T16:16:53+00:00\",\"breadcrumb\":{\"@id\":\"https:\/\/covincennes.com\/index.php\/2022\/01\/25\/defaite-frustrante-des-seniors-a-du-cov-contre-vitry\/#breadcrumb\"},\"inLanguage\":\"fr-FR\",\"potentialAction\":[{\"@type\":\"ReadAction\",\"target\":[\"https:\/\/covincennes.com\/index.php\/2022\/01\/25\/defaite-frustrante-des-seniors-a-du-cov-contre-vitry\/\"]}]},{\"@type\":\"BreadcrumbList\",\"@id\":\"https:\/\/covincennes.com\/index.php\/2022\/01\/25\/defaite-frustrante-des-seniors-a-du-cov-contre-vitry\/#breadcrumb\",\"itemListElement\":[{\"@type\":\"ListItem\",\"position\":1,\"name\":\"Accueil\",\"item\":\"https:\/\/covincennes.com\/\"},{\"@type\":\"ListItem\",\"position\":2,\"name\":\"D\u00e9faite frustrante des s\u00e9niors A du COV contre Vitry\"}]},{\"@type\":\"WebSite\",\"@id\":\"https:\/\/covincennes.com\/#website\",\"url\":\"https:\/\/covincennes.com\/\",\"name\":\"CO Vincennes\",\"description\":\"Un site utilisant WordPress\",\"publisher\":{\"@id\":\"https:\/\/covincennes.com\/#organization\"},\"potentialAction\":[{\"@type\":\"SearchAction\",\"target\":{\"@type\":\"EntryPoint\",\"urlTemplate\":\"https:\/\/covincennes.com\/?s={search_term_string}\"},\"query-input\":\"required name=search_term_string\"}],\"inLanguage\":\"fr-FR\"},{\"@type\":\"Organization\",\"@id\":\"https:\/\/covincennes.com\/#organization\",\"name\":\"CO Vincennes\",\"url\":\"https:\/\/covincennes.com\/\",\"sameAs\":[\"https:\/\/www.facebook.com\/CO-VINCENNES-la-page-officielle-136021893155921\/\",\"https:\/\/twitter.com\/covincennes\"],\"logo\":{\"@type\":\"ImageObject\",\"inLanguage\":\"fr-FR\",\"@id\":\"https:\/\/covincennes.com\/#\/schema\/logo\/image\/\",\"url\":\"https:\/\/covincennes.com\/wp-content\/uploads\/2019\/11\/logo-cov-png.png\",\"contentUrl\":\"https:\/\/covincennes.com\/wp-content\/uploads\/2019\/11\/logo-cov-png.png\",\"width\":495,\"height\":497,\"caption\":\"CO Vincennes\"},\"image\":{\"@id\":\"https:\/\/covincennes.com\/#\/schema\/logo\/image\/\"}},{\"@type\":\"Person\",\"@id\":\"https:\/\/covincennes.com\/#\/schema\/person\/eb881824360af01aa016999e439303fe\",\"name\":\"Cole Hibry\",\"image\":{\"@type\":\"ImageObject\",\"inLanguage\":\"fr-FR\",\"@id\":\"https:\/\/covincennes.com\/#\/schema\/person\/image\/\",\"url\":\"https:\/\/secure.gravatar.com\/avatar\/fdd68f914853e79675161dab52794fbe213aaa71837a3f83ab5d0669e81bb866?s=96&d=mm&r=g\",\"contentUrl\":\"https:\/\/secure.gravatar.com\/avatar\/fdd68f914853e79675161dab52794fbe213aaa71837a3f83ab5d0669e81bb866?s=96&d=mm&r=g\",\"caption\":\"Cole Hibry\"},\"url\":\"https:\/\/covincennes.com\/index.php\/author\/chevit-frederic\/\"}]}<\/script>\n<!-- \/ Yoast SEO plugin. -->","yoast_head_json":{"title":"D\u00e9faite frustrante des s\u00e9niors A du COV contre Vitry - CO Vincennes","robots":{"index":"index","follow":"follow","max-snippet":"max-snippet:-1","max-image-preview":"max-image-preview:large","max-video-preview":"max-video-preview:-1"},"canonical":"https:\/\/covincennes.com\/index.php\/2022\/01\/25\/defaite-frustrante-des-seniors-a-du-cov-contre-vitry\/","og_locale":"fr_FR","og_type":"article","og_title":"D\u00e9faite frustrante des s\u00e9niors A du COV contre Vitry - CO Vincennes","og_description":"Si ce match au sommet de la R1 a tenu ses promesses quant \u00e0 la qualit\u00e9 du jeu, il laissera un go\u00fbt amer aux Vincennois. Face au CA Vitry, le COV a ma\u00eetris\u00e9, s&rsquo;est procur\u00e9 les meilleures occasions, mais a p\u00each\u00e9 par maladresse dans le dernier geste ou a manqu\u00e9 de r\u00e9ussite. Il y a [&hellip;]","og_url":"https:\/\/covincennes.com\/index.php\/2022\/01\/25\/defaite-frustrante-des-seniors-a-du-cov-contre-vitry\/","og_site_name":"CO Vincennes","article_publisher":"https:\/\/www.facebook.com\/CO-VINCENNES-la-page-officielle-136021893155921\/","article_published_time":"2022-01-24T23:17:07+00:00","article_modified_time":"2022-02-06T16:16:53+00:00","og_image":[{"width":643,"height":480,"url":"https:\/\/covincennes.com\/wp-content\/uploads\/2022\/01\/Photo-COV-Vitry.jpg","type":"image\/jpeg"}],"author":"Cole Hibry","twitter_card":"summary_large_image","twitter_creator":"@covincennes","twitter_site":"@covincennes","twitter_misc":{"\u00c9crit par":"Cole Hibry","Dur\u00e9e de lecture estim\u00e9e":"2 minutes"},"schema":{"@context":"https:\/\/schema.org","@graph":[{"@type":"Article","@id":"https:\/\/covincennes.com\/index.php\/2022\/01\/25\/defaite-frustrante-des-seniors-a-du-cov-contre-vitry\/#article","isPartOf":{"@id":"https:\/\/covincennes.com\/index.php\/2022\/01\/25\/defaite-frustrante-des-seniors-a-du-cov-contre-vitry\/"},"author":{"name":"Cole Hibry","@id":"https:\/\/covincennes.com\/#\/schema\/person\/eb881824360af01aa016999e439303fe"},"headline":"D\u00e9faite frustrante des s\u00e9niors A du COV contre Vitry","datePublished":"2022-01-24T23:17:07+00:00","dateModified":"2022-02-06T16:16:53+00:00","mainEntityOfPage":{"@id":"https:\/\/covincennes.com\/index.php\/2022\/01\/25\/defaite-frustrante-des-seniors-a-du-cov-contre-vitry\/"},"wordCount":289,"commentCount":0,"publisher":{"@id":"https:\/\/covincennes.com\/#organization"},"articleSection":["\u00e0 la une"],"inLanguage":"fr-FR","potentialAction":[{"@type":"CommentAction","name":"Comment","target":["https:\/\/covincennes.com\/index.php\/2022\/01\/25\/defaite-frustrante-des-seniors-a-du-cov-contre-vitry\/#respond"]}]},{"@type":"WebPage","@id":"https:\/\/covincennes.com\/index.php\/2022\/01\/25\/defaite-frustrante-des-seniors-a-du-cov-contre-vitry\/","url":"https:\/\/covincennes.com\/index.php\/2022\/01\/25\/defaite-frustrante-des-seniors-a-du-cov-contre-vitry\/","name":"D\u00e9faite frustrante des s\u00e9niors A du COV contre Vitry - CO Vincennes","isPartOf":{"@id":"https:\/\/covincennes.com\/#website"},"datePublished":"2022-01-24T23:17:07+00:00","dateModified":"2022-02-06T16:16:53+00:00","breadcrumb":{"@id":"https:\/\/covincennes.com\/index.php\/2022\/01\/25\/defaite-frustrante-des-seniors-a-du-cov-contre-vitry\/#breadcrumb"},"inLanguage":"fr-FR","potentialAction":[{"@type":"ReadAction","target":["https:\/\/covincennes.com\/index.php\/2022\/01\/25\/defaite-frustrante-des-seniors-a-du-cov-contre-vitry\/"]}]},{"@type":"BreadcrumbList","@id":"https:\/\/covincennes.com\/index.php\/2022\/01\/25\/defaite-frustrante-des-seniors-a-du-cov-contre-vitry\/#breadcrumb","itemListElement":[{"@type":"ListItem","position":1,"name":"Accueil","item":"https:\/\/covincennes.com\/"},{"@type":"ListItem","position":2,"name":"D\u00e9faite frustrante des s\u00e9niors A du COV contre Vitry"}]},{"@type":"WebSite","@id":"https:\/\/covincennes.com\/#website","url":"https:\/\/covincennes.com\/","name":"CO Vincennes","description":"Un site utilisant WordPress","publisher":{"@id":"https:\/\/covincennes.com\/#organization"},"potentialAction":[{"@type":"SearchAction","target":{"@type":"EntryPoint","urlTemplate":"https:\/\/covincennes.com\/?s={search_term_string}"},"query-input":"required name=search_term_string"}],"inLanguage":"fr-FR"},{"@type":"Organization","@id":"https:\/\/covincennes.com\/#organization","name":"CO Vincennes","url":"https:\/\/covincennes.com\/","sameAs":["https:\/\/www.facebook.com\/CO-VINCENNES-la-page-officielle-136021893155921\/","https:\/\/twitter.com\/covincennes"],"logo":{"@type":"ImageObject","inLanguage":"fr-FR","@id":"https:\/\/covincennes.com\/#\/schema\/logo\/image\/","url":"https:\/\/covincennes.com\/wp-content\/uploads\/2019\/11\/logo-cov-png.png","contentUrl":"https:\/\/covincennes.com\/wp-content\/uploads\/2019\/11\/logo-cov-png.png","width":495,"height":497,"caption":"CO Vincennes"},"image":{"@id":"https:\/\/covincennes.com\/#\/schema\/logo\/image\/"}},{"@type":"Person","@id":"https:\/\/covincennes.com\/#\/schema\/person\/eb881824360af01aa016999e439303fe","name":"Cole Hibry","image":{"@type":"ImageObject","inLanguage":"fr-FR","@id":"https:\/\/covincennes.com\/#\/schema\/person\/image\/","url":"https:\/\/secure.gravatar.com\/avatar\/fdd68f914853e79675161dab52794fbe213aaa71837a3f83ab5d0669e81bb866?s=96&d=mm&r=g","contentUrl":"https:\/\/secure.gravatar.com\/avatar\/fdd68f914853e79675161dab52794fbe213aaa71837a3f83ab5d0669e81bb866?s=96&d=mm&r=g","caption":"Cole Hibry"},"url":"https:\/\/covincennes.com\/index.php\/author\/chevit-frederic\/"}]}},"_links":{"self":[{"href":"https:\/\/covincennes.com\/index.php\/wp-json\/wp\/v2\/posts\/4972","targetHints":{"allow":["GET"]}}],"collection":[{"href":"https:\/\/covincennes.com\/index.php\/wp-json\/wp\/v2\/posts"}],"about":[{"href":"https:\/\/covincennes.com\/index.php\/wp-json\/wp\/v2\/types\/post"}],"author":[{"embeddable":true,"href":"https:\/\/covincennes.com\/index.php\/wp-json\/wp\/v2\/users\/2"}],"replies":[{"embeddable":true,"href":"https:\/\/covincennes.com\/index.php\/wp-json\/wp\/v2\/comments?post=4972"}],"version-history":[{"count":1,"href":"https:\/\/covincennes.com\/index.php\/wp-json\/wp\/v2\/posts\/4972\/revisions"}],"predecessor-version":[{"id":4974,"href":"https:\/\/covincennes.com\/index.php\/wp-json\/wp\/v2\/posts\/4972\/revisions\/4974"}],"wp:featuredmedia":[{"embeddable":true,"href":"https:\/\/covincennes.com\/index.php\/wp-json\/wp\/v2\/media\/4975"}],"wp:attachment":[{"href":"https:\/\/covincennes.com\/index.php\/wp-json\/wp\/v2\/media?parent=4972"}],"wp:term":[{"taxonomy":"category","embeddable":true,"href":"https:\/\/covincennes.com\/index.php\/wp-json\/wp\/v2\/categories?post=4972"},{"taxonomy":"post_tag","embeddable":true,"href":"https:\/\/covincennes.com\/index.php\/wp-json\/wp\/v2\/tags?post=4972"}],"curies":[{"name":"wp","href":"https:\/\/api.w.org\/{rel}","templated":true}]}}