{"id":5843,"date":"2022-06-19T23:32:43","date_gmt":"2022-06-19T21:32:43","guid":{"rendered":"https:\/\/covincennes.com\/?p=5843"},"modified":"2022-09-26T22:11:21","modified_gmt":"2022-09-26T20:11:21","slug":"coupe-du-val-de-marne-non-coupe-de-france-oui","status":"publish","type":"post","link":"https:\/\/covincennes.com\/index.php\/2022\/06\/19\/coupe-du-val-de-marne-non-coupe-de-france-oui\/","title":{"rendered":"Coupe du Val de Marne non, Coupe de France oui"},"content":{"rendered":"<p>C&rsquo;\u00e9tait la semaine des Coupes pour les s\u00e9niors du CO Vincennes, engag\u00e9s sur deux fronts.<\/p>\n<p>Ce double challenge a mal commenc\u00e9 avec une d\u00e9faite en finale de la Coupe du Val de Marne face \u00e0 Charenton, pourtant pensionnaire de la R3, soit deux divisions plus bas. Moins d\u00e9termin\u00e9s que leurs adversaires, les Vincennois ont conc\u00e9d\u00e9 deux buts en deux minutes, en seconde p\u00e9riode, et l&rsquo;espoir donn\u00e9 par la r\u00e9duction du score gr\u00e2ce \u00e0 JP a \u00e9t\u00e9 de courte dur\u00e9e. Battus 3-1, les hommes de Oualid peuvent nourrir des regrets d&rsquo;avoir laiss\u00e9 \u00e9chapper un troph\u00e9e \u00e0 leur port\u00e9e.<\/p>\n<p>Quatre jours plus tard, ils se sont sortis du pi\u00e8ge dans lequel nombre d&rsquo;\u00e9quipes r\u00e9gionales sont tomb\u00e9es en Coupe de France \u00e0 l&rsquo;occasion du 2\u00e8me tour. Les Vincennois ont rapidement \u00e9teint les espoirs d&rsquo;une \u00e9quipe de Villenoy joueuse, trop peut-\u00eatre pour esp\u00e9rer un r\u00e9sultat positif. Des buts sign\u00e9s Victor (avec la complicit\u00e9 bien involontaire du gardien adverse), Mody Doucour\u00e9 (deux fois) et Yaniss ont scell\u00e9 la victoire vincennoise dont un penalty de Villenoy a seulement r\u00e9duit l&rsquo;ampleur (4-1).<\/p>\n<p>Il \u00e9tait important de franchir ce tour et de terminer la saison sur une note positive et \u00e7a, c&rsquo;est fait !<\/p>\n<p>&nbsp;<\/p>\n<p>&nbsp;<\/p>\n<p class=\"responsive-video-wrap clr\"><iframe loading=\"lazy\" title=\"FINALE COUPE DU VAL DE MARNE\" width=\"1200\" height=\"675\" src=\"https:\/\/www.youtube.com\/embed\/A5mAgXUIAfU?feature=oembed\" frameborder=\"0\" allow=\"accelerometer; autoplay; clipboard-write; encrypted-media; gyroscope; picture-in-picture\" allowfullscreen><\/iframe><\/p>\n","protected":false},"excerpt":{"rendered":"<p>C&rsquo;\u00e9tait la semaine des Coupes pour les s\u00e9niors du CO Vincennes, engag\u00e9s sur deux fronts. Ce double challenge a mal commenc\u00e9 avec une d\u00e9faite en finale de la Coupe du Val de Marne face \u00e0 Charenton, pourtant pensionnaire de la R3, soit deux divisions plus bas. Moins d\u00e9termin\u00e9s que leurs adversaires, les Vincennois ont conc\u00e9d\u00e9 [&hellip;]<\/p>\n","protected":false},"author":2,"featured_media":5844,"comment_status":"open","ping_status":"open","sticky":false,"template":"","format":"standard","meta":{"_monsterinsights_skip_tracking":false,"_monsterinsights_sitenote_active":false,"_monsterinsights_sitenote_note":"","_monsterinsights_sitenote_category":0,"footnotes":""},"categories":[48],"tags":[],"class_list":["post-5843","post","type-post","status-publish","format-standard","has-post-thumbnail","hentry","category-a-la-une","entry","has-media"],"yoast_head":"<!-- This site is optimized with the Yoast SEO plugin v19.6.1 - https:\/\/yoast.com\/wordpress\/plugins\/seo\/ -->\n<title>Coupe du Val de Marne non, Coupe de France oui - CO Vincennes<\/title>\n<meta name=\"robots\" content=\"index, follow, max-snippet:-1, max-image-preview:large, max-video-preview:-1\" \/>\n<link rel=\"canonical\" href=\"https:\/\/covincennes.com\/index.php\/2022\/06\/19\/coupe-du-val-de-marne-non-coupe-de-france-oui\/\" \/>\n<meta property=\"og:locale\" content=\"fr_FR\" \/>\n<meta property=\"og:type\" content=\"article\" \/>\n<meta property=\"og:title\" content=\"Coupe du Val de Marne non, Coupe de France oui - CO Vincennes\" \/>\n<meta property=\"og:description\" content=\"C&rsquo;\u00e9tait la semaine des Coupes pour les s\u00e9niors du CO Vincennes, engag\u00e9s sur deux fronts. Ce double challenge a mal commenc\u00e9 avec une d\u00e9faite en finale de la Coupe du Val de Marne face \u00e0 Charenton, pourtant pensionnaire de la R3, soit deux divisions plus bas. Moins d\u00e9termin\u00e9s que leurs adversaires, les Vincennois ont conc\u00e9d\u00e9 [&hellip;]\" \/>\n<meta property=\"og:url\" content=\"https:\/\/covincennes.com\/index.php\/2022\/06\/19\/coupe-du-val-de-marne-non-coupe-de-france-oui\/\" \/>\n<meta property=\"og:site_name\" content=\"CO Vincennes\" \/>\n<meta property=\"article:publisher\" content=\"https:\/\/www.facebook.com\/CO-VINCENNES-la-page-officielle-136021893155921\/\" \/>\n<meta property=\"article:published_time\" content=\"2022-06-19T21:32:43+00:00\" \/>\n<meta property=\"article:modified_time\" content=\"2022-09-26T20:11:21+00:00\" \/>\n<meta property=\"og:image\" content=\"https:\/\/covincennes.com\/wp-content\/uploads\/2022\/06\/Villenoy-COV-redimensionne\u0301e.jpg\" \/>\n\t<meta property=\"og:image:width\" content=\"643\" \/>\n\t<meta property=\"og:image:height\" content=\"480\" \/>\n\t<meta property=\"og:image:type\" content=\"image\/jpeg\" \/>\n<meta name=\"author\" content=\"Cole Hibry\" \/>\n<meta name=\"twitter:card\" content=\"summary_large_image\" \/>\n<meta name=\"twitter:creator\" content=\"@covincennes\" \/>\n<meta name=\"twitter:site\" content=\"@covincennes\" \/>\n<meta name=\"twitter:label1\" content=\"\u00c9crit par\" \/>\n\t<meta name=\"twitter:data1\" content=\"Cole Hibry\" \/>\n\t<meta name=\"twitter:label2\" content=\"Dur\u00e9e de lecture estim\u00e9e\" \/>\n\t<meta name=\"twitter:data2\" content=\"2 minutes\" \/>\n<script type=\"application\/ld+json\" class=\"yoast-schema-graph\">{\"@context\":\"https:\/\/schema.org\",\"@graph\":[{\"@type\":\"Article\",\"@id\":\"https:\/\/covincennes.com\/index.php\/2022\/06\/19\/coupe-du-val-de-marne-non-coupe-de-france-oui\/#article\",\"isPartOf\":{\"@id\":\"https:\/\/covincennes.com\/index.php\/2022\/06\/19\/coupe-du-val-de-marne-non-coupe-de-france-oui\/\"},\"author\":{\"name\":\"Cole Hibry\",\"@id\":\"https:\/\/covincennes.com\/#\/schema\/person\/eb881824360af01aa016999e439303fe\"},\"headline\":\"Coupe du Val de Marne non, Coupe de France oui\",\"datePublished\":\"2022-06-19T21:32:43+00:00\",\"dateModified\":\"2022-09-26T20:11:21+00:00\",\"mainEntityOfPage\":{\"@id\":\"https:\/\/covincennes.com\/index.php\/2022\/06\/19\/coupe-du-val-de-marne-non-coupe-de-france-oui\/\"},\"wordCount\":230,\"commentCount\":0,\"publisher\":{\"@id\":\"https:\/\/covincennes.com\/#organization\"},\"articleSection\":[\"\u00e0 la une\"],\"inLanguage\":\"fr-FR\",\"potentialAction\":[{\"@type\":\"CommentAction\",\"name\":\"Comment\",\"target\":[\"https:\/\/covincennes.com\/index.php\/2022\/06\/19\/coupe-du-val-de-marne-non-coupe-de-france-oui\/#respond\"]}]},{\"@type\":\"WebPage\",\"@id\":\"https:\/\/covincennes.com\/index.php\/2022\/06\/19\/coupe-du-val-de-marne-non-coupe-de-france-oui\/\",\"url\":\"https:\/\/covincennes.com\/index.php\/2022\/06\/19\/coupe-du-val-de-marne-non-coupe-de-france-oui\/\",\"name\":\"Coupe du Val de Marne non, Coupe de France oui - CO Vincennes\",\"isPartOf\":{\"@id\":\"https:\/\/covincennes.com\/#website\"},\"datePublished\":\"2022-06-19T21:32:43+00:00\",\"dateModified\":\"2022-09-26T20:11:21+00:00\",\"breadcrumb\":{\"@id\":\"https:\/\/covincennes.com\/index.php\/2022\/06\/19\/coupe-du-val-de-marne-non-coupe-de-france-oui\/#breadcrumb\"},\"inLanguage\":\"fr-FR\",\"potentialAction\":[{\"@type\":\"ReadAction\",\"target\":[\"https:\/\/covincennes.com\/index.php\/2022\/06\/19\/coupe-du-val-de-marne-non-coupe-de-france-oui\/\"]}]},{\"@type\":\"BreadcrumbList\",\"@id\":\"https:\/\/covincennes.com\/index.php\/2022\/06\/19\/coupe-du-val-de-marne-non-coupe-de-france-oui\/#breadcrumb\",\"itemListElement\":[{\"@type\":\"ListItem\",\"position\":1,\"name\":\"Accueil\",\"item\":\"https:\/\/covincennes.com\/\"},{\"@type\":\"ListItem\",\"position\":2,\"name\":\"Coupe du Val de Marne non, Coupe de France oui\"}]},{\"@type\":\"WebSite\",\"@id\":\"https:\/\/covincennes.com\/#website\",\"url\":\"https:\/\/covincennes.com\/\",\"name\":\"CO Vincennes\",\"description\":\"Un site utilisant WordPress\",\"publisher\":{\"@id\":\"https:\/\/covincennes.com\/#organization\"},\"potentialAction\":[{\"@type\":\"SearchAction\",\"target\":{\"@type\":\"EntryPoint\",\"urlTemplate\":\"https:\/\/covincennes.com\/?s={search_term_string}\"},\"query-input\":\"required name=search_term_string\"}],\"inLanguage\":\"fr-FR\"},{\"@type\":\"Organization\",\"@id\":\"https:\/\/covincennes.com\/#organization\",\"name\":\"CO Vincennes\",\"url\":\"https:\/\/covincennes.com\/\",\"sameAs\":[\"https:\/\/www.facebook.com\/CO-VINCENNES-la-page-officielle-136021893155921\/\",\"https:\/\/twitter.com\/covincennes\"],\"logo\":{\"@type\":\"ImageObject\",\"inLanguage\":\"fr-FR\",\"@id\":\"https:\/\/covincennes.com\/#\/schema\/logo\/image\/\",\"url\":\"https:\/\/covincennes.com\/wp-content\/uploads\/2019\/11\/logo-cov-png.png\",\"contentUrl\":\"https:\/\/covincennes.com\/wp-content\/uploads\/2019\/11\/logo-cov-png.png\",\"width\":495,\"height\":497,\"caption\":\"CO Vincennes\"},\"image\":{\"@id\":\"https:\/\/covincennes.com\/#\/schema\/logo\/image\/\"}},{\"@type\":\"Person\",\"@id\":\"https:\/\/covincennes.com\/#\/schema\/person\/eb881824360af01aa016999e439303fe\",\"name\":\"Cole Hibry\",\"image\":{\"@type\":\"ImageObject\",\"inLanguage\":\"fr-FR\",\"@id\":\"https:\/\/covincennes.com\/#\/schema\/person\/image\/\",\"url\":\"https:\/\/secure.gravatar.com\/avatar\/fdd68f914853e79675161dab52794fbe213aaa71837a3f83ab5d0669e81bb866?s=96&d=mm&r=g\",\"contentUrl\":\"https:\/\/secure.gravatar.com\/avatar\/fdd68f914853e79675161dab52794fbe213aaa71837a3f83ab5d0669e81bb866?s=96&d=mm&r=g\",\"caption\":\"Cole Hibry\"},\"url\":\"https:\/\/covincennes.com\/index.php\/author\/chevit-frederic\/\"}]}<\/script>\n<!-- \/ Yoast SEO plugin. -->","yoast_head_json":{"title":"Coupe du Val de Marne non, Coupe de France oui - CO Vincennes","robots":{"index":"index","follow":"follow","max-snippet":"max-snippet:-1","max-image-preview":"max-image-preview:large","max-video-preview":"max-video-preview:-1"},"canonical":"https:\/\/covincennes.com\/index.php\/2022\/06\/19\/coupe-du-val-de-marne-non-coupe-de-france-oui\/","og_locale":"fr_FR","og_type":"article","og_title":"Coupe du Val de Marne non, Coupe de France oui - CO Vincennes","og_description":"C&rsquo;\u00e9tait la semaine des Coupes pour les s\u00e9niors du CO Vincennes, engag\u00e9s sur deux fronts. Ce double challenge a mal commenc\u00e9 avec une d\u00e9faite en finale de la Coupe du Val de Marne face \u00e0 Charenton, pourtant pensionnaire de la R3, soit deux divisions plus bas. Moins d\u00e9termin\u00e9s que leurs adversaires, les Vincennois ont conc\u00e9d\u00e9 [&hellip;]","og_url":"https:\/\/covincennes.com\/index.php\/2022\/06\/19\/coupe-du-val-de-marne-non-coupe-de-france-oui\/","og_site_name":"CO Vincennes","article_publisher":"https:\/\/www.facebook.com\/CO-VINCENNES-la-page-officielle-136021893155921\/","article_published_time":"2022-06-19T21:32:43+00:00","article_modified_time":"2022-09-26T20:11:21+00:00","og_image":[{"width":643,"height":480,"url":"https:\/\/covincennes.com\/wp-content\/uploads\/2022\/06\/Villenoy-COV-redimensionne\u0301e.jpg","type":"image\/jpeg"}],"author":"Cole Hibry","twitter_card":"summary_large_image","twitter_creator":"@covincennes","twitter_site":"@covincennes","twitter_misc":{"\u00c9crit par":"Cole Hibry","Dur\u00e9e de lecture estim\u00e9e":"2 minutes"},"schema":{"@context":"https:\/\/schema.org","@graph":[{"@type":"Article","@id":"https:\/\/covincennes.com\/index.php\/2022\/06\/19\/coupe-du-val-de-marne-non-coupe-de-france-oui\/#article","isPartOf":{"@id":"https:\/\/covincennes.com\/index.php\/2022\/06\/19\/coupe-du-val-de-marne-non-coupe-de-france-oui\/"},"author":{"name":"Cole Hibry","@id":"https:\/\/covincennes.com\/#\/schema\/person\/eb881824360af01aa016999e439303fe"},"headline":"Coupe du Val de Marne non, Coupe de France oui","datePublished":"2022-06-19T21:32:43+00:00","dateModified":"2022-09-26T20:11:21+00:00","mainEntityOfPage":{"@id":"https:\/\/covincennes.com\/index.php\/2022\/06\/19\/coupe-du-val-de-marne-non-coupe-de-france-oui\/"},"wordCount":230,"commentCount":0,"publisher":{"@id":"https:\/\/covincennes.com\/#organization"},"articleSection":["\u00e0 la une"],"inLanguage":"fr-FR","potentialAction":[{"@type":"CommentAction","name":"Comment","target":["https:\/\/covincennes.com\/index.php\/2022\/06\/19\/coupe-du-val-de-marne-non-coupe-de-france-oui\/#respond"]}]},{"@type":"WebPage","@id":"https:\/\/covincennes.com\/index.php\/2022\/06\/19\/coupe-du-val-de-marne-non-coupe-de-france-oui\/","url":"https:\/\/covincennes.com\/index.php\/2022\/06\/19\/coupe-du-val-de-marne-non-coupe-de-france-oui\/","name":"Coupe du Val de Marne non, Coupe de France oui - CO Vincennes","isPartOf":{"@id":"https:\/\/covincennes.com\/#website"},"datePublished":"2022-06-19T21:32:43+00:00","dateModified":"2022-09-26T20:11:21+00:00","breadcrumb":{"@id":"https:\/\/covincennes.com\/index.php\/2022\/06\/19\/coupe-du-val-de-marne-non-coupe-de-france-oui\/#breadcrumb"},"inLanguage":"fr-FR","potentialAction":[{"@type":"ReadAction","target":["https:\/\/covincennes.com\/index.php\/2022\/06\/19\/coupe-du-val-de-marne-non-coupe-de-france-oui\/"]}]},{"@type":"BreadcrumbList","@id":"https:\/\/covincennes.com\/index.php\/2022\/06\/19\/coupe-du-val-de-marne-non-coupe-de-france-oui\/#breadcrumb","itemListElement":[{"@type":"ListItem","position":1,"name":"Accueil","item":"https:\/\/covincennes.com\/"},{"@type":"ListItem","position":2,"name":"Coupe du Val de Marne non, Coupe de France oui"}]},{"@type":"WebSite","@id":"https:\/\/covincennes.com\/#website","url":"https:\/\/covincennes.com\/","name":"CO Vincennes","description":"Un site utilisant WordPress","publisher":{"@id":"https:\/\/covincennes.com\/#organization"},"potentialAction":[{"@type":"SearchAction","target":{"@type":"EntryPoint","urlTemplate":"https:\/\/covincennes.com\/?s={search_term_string}"},"query-input":"required name=search_term_string"}],"inLanguage":"fr-FR"},{"@type":"Organization","@id":"https:\/\/covincennes.com\/#organization","name":"CO Vincennes","url":"https:\/\/covincennes.com\/","sameAs":["https:\/\/www.facebook.com\/CO-VINCENNES-la-page-officielle-136021893155921\/","https:\/\/twitter.com\/covincennes"],"logo":{"@type":"ImageObject","inLanguage":"fr-FR","@id":"https:\/\/covincennes.com\/#\/schema\/logo\/image\/","url":"https:\/\/covincennes.com\/wp-content\/uploads\/2019\/11\/logo-cov-png.png","contentUrl":"https:\/\/covincennes.com\/wp-content\/uploads\/2019\/11\/logo-cov-png.png","width":495,"height":497,"caption":"CO Vincennes"},"image":{"@id":"https:\/\/covincennes.com\/#\/schema\/logo\/image\/"}},{"@type":"Person","@id":"https:\/\/covincennes.com\/#\/schema\/person\/eb881824360af01aa016999e439303fe","name":"Cole Hibry","image":{"@type":"ImageObject","inLanguage":"fr-FR","@id":"https:\/\/covincennes.com\/#\/schema\/person\/image\/","url":"https:\/\/secure.gravatar.com\/avatar\/fdd68f914853e79675161dab52794fbe213aaa71837a3f83ab5d0669e81bb866?s=96&d=mm&r=g","contentUrl":"https:\/\/secure.gravatar.com\/avatar\/fdd68f914853e79675161dab52794fbe213aaa71837a3f83ab5d0669e81bb866?s=96&d=mm&r=g","caption":"Cole Hibry"},"url":"https:\/\/covincennes.com\/index.php\/author\/chevit-frederic\/"}]}},"_links":{"self":[{"href":"https:\/\/covincennes.com\/index.php\/wp-json\/wp\/v2\/posts\/5843","targetHints":{"allow":["GET"]}}],"collection":[{"href":"https:\/\/covincennes.com\/index.php\/wp-json\/wp\/v2\/posts"}],"about":[{"href":"https:\/\/covincennes.com\/index.php\/wp-json\/wp\/v2\/types\/post"}],"author":[{"embeddable":true,"href":"https:\/\/covincennes.com\/index.php\/wp-json\/wp\/v2\/users\/2"}],"replies":[{"embeddable":true,"href":"https:\/\/covincennes.com\/index.php\/wp-json\/wp\/v2\/comments?post=5843"}],"version-history":[{"count":1,"href":"https:\/\/covincennes.com\/index.php\/wp-json\/wp\/v2\/posts\/5843\/revisions"}],"predecessor-version":[{"id":5845,"href":"https:\/\/covincennes.com\/index.php\/wp-json\/wp\/v2\/posts\/5843\/revisions\/5845"}],"wp:featuredmedia":[{"embeddable":true,"href":"https:\/\/covincennes.com\/index.php\/wp-json\/wp\/v2\/media\/5844"}],"wp:attachment":[{"href":"https:\/\/covincennes.com\/index.php\/wp-json\/wp\/v2\/media?parent=5843"}],"wp:term":[{"taxonomy":"category","embeddable":true,"href":"https:\/\/covincennes.com\/index.php\/wp-json\/wp\/v2\/categories?post=5843"},{"taxonomy":"post_tag","embeddable":true,"href":"https:\/\/covincennes.com\/index.php\/wp-json\/wp\/v2\/tags?post=5843"}],"curies":[{"name":"wp","href":"https:\/\/api.w.org\/{rel}","templated":true}]}}