{"id":5873,"date":"2022-07-01T12:46:33","date_gmt":"2022-07-01T10:46:33","guid":{"rendered":"https:\/\/covincennes.com\/?p=5873"},"modified":"2022-10-05T14:51:51","modified_gmt":"2022-10-05T12:51:51","slug":"le-nouveau-comite-directeur-elu-a-lunanimite","status":"publish","type":"post","link":"https:\/\/covincennes.com\/index.php\/2022\/07\/01\/le-nouveau-comite-directeur-elu-a-lunanimite\/","title":{"rendered":"Le nouveau Comit\u00e9 Directeur \u00e9lu \u00e0 l&rsquo;unanimit\u00e9"},"content":{"rendered":"<p>L&rsquo;Assembl\u00e9e G\u00e9n\u00e9rale du Club Olympique de Vincennes, r\u00e9unie le 29 juin au stade L\u00e9o-Lagrange, devait \u00e9lire son Comit\u00e9 Directeur\u00a0 pour un mandat de trois ans, soit jusqu&rsquo;\u00e0 fin juin 2025.<\/p>\n<p>Une seule liste s&rsquo;\u00e9tant port\u00e9e candidate, les adh\u00e9rents de l&rsquo;association &#8211; ou leur repr\u00e9sentant l\u00e9gal pour les mineurs de moins de 16 ans &#8211; devaient donc se prononcer \u00ab\u00a0pour\u00a0\u00bb ou \u00ab\u00a0contre\u00a0\u00bb la liste.<\/p>\n<p>C&rsquo;est \u00e0 l&rsquo;unanimit\u00e9 que cette liste, men\u00e9e par le Pr\u00e9sident sortant Fr\u00e9d\u00e9ric Chevit, a \u00e9t\u00e9 \u00e9lue, recueillant ainsi un vote de confiance pour poursuivre sa mission.<\/p>\n<p>Le Comit\u00e9 Directeur, dont la composition est consultable en cliquant sur le lien ci-dessous, comporte trois nouveaux membres : <strong>Fr\u00e9d\u00e9ric Bompard<\/strong>, entra\u00eeneur professionnel pass\u00e9 notamment par Dijon, Lille, Rome, Marseille et r\u00e9cemment Guingamp, <strong>Jean Couvercelle<\/strong>, journaliste, fondateur du cultissime Tennis Magazine et <strong>Maxime Lenormand<\/strong>, \u00e9galement journaliste, un \u00ab\u00a0enfant\u00a0\u00bb du COV dont il a \u00e9t\u00e9 un gardien de but remarqu\u00e9, aujourd&rsquo;hui \u00e9ducateur des jeunes gardiens du club.<\/p>\n<p>Bienvenue \u00e0 tous les trois, dont l&rsquo;expertise sera pr\u00e9cieuse !<\/p>\n<p><span style=\"color: #3366ff;\"><a style=\"color: #3366ff;\" href=\"https:\/\/covincennes.com\/wp-content\/uploads\/2022\/07\/La-liste-e\u0301lue.pdf\">La liste e\u0301lue<\/a><\/span><\/p>\n<p><span style=\"color: #3366ff;\"><a style=\"color: #3366ff;\" href=\"https:\/\/covincennes.com\/wp-content\/uploads\/2022\/07\/Proce\u0300s-verbal-de-lAG-du-29-juin-2022.pdf\">Proce\u0300s-verbal de l&rsquo;AG du 29 juin 2022<\/a><\/span><\/p>\n","protected":false},"excerpt":{"rendered":"<p>L&rsquo;Assembl\u00e9e G\u00e9n\u00e9rale du Club Olympique de Vincennes, r\u00e9unie le 29 juin au stade L\u00e9o-Lagrange, devait \u00e9lire son Comit\u00e9 Directeur\u00a0 pour un mandat de trois ans, soit jusqu&rsquo;\u00e0 fin juin 2025. Une seule liste s&rsquo;\u00e9tant port\u00e9e candidate, les adh\u00e9rents de l&rsquo;association &#8211; ou leur repr\u00e9sentant l\u00e9gal pour les mineurs de moins de 16 ans &#8211; devaient [&hellip;]<\/p>\n","protected":false},"author":2,"featured_media":5874,"comment_status":"open","ping_status":"open","sticky":false,"template":"","format":"standard","meta":{"_monsterinsights_skip_tracking":false,"_monsterinsights_sitenote_active":false,"_monsterinsights_sitenote_note":"","_monsterinsights_sitenote_category":0,"footnotes":""},"categories":[48],"tags":[],"class_list":["post-5873","post","type-post","status-publish","format-standard","has-post-thumbnail","hentry","category-a-la-une","entry","has-media"],"yoast_head":"<!-- This site is optimized with the Yoast SEO plugin v19.6.1 - https:\/\/yoast.com\/wordpress\/plugins\/seo\/ -->\n<title>Le nouveau Comit\u00e9 Directeur \u00e9lu \u00e0 l&#039;unanimit\u00e9 - CO Vincennes<\/title>\n<meta name=\"robots\" content=\"index, follow, max-snippet:-1, max-image-preview:large, max-video-preview:-1\" \/>\n<link rel=\"canonical\" href=\"https:\/\/covincennes.com\/index.php\/2022\/07\/01\/le-nouveau-comite-directeur-elu-a-lunanimite\/\" \/>\n<meta property=\"og:locale\" content=\"fr_FR\" \/>\n<meta property=\"og:type\" content=\"article\" \/>\n<meta property=\"og:title\" content=\"Le nouveau Comit\u00e9 Directeur \u00e9lu \u00e0 l&#039;unanimit\u00e9 - CO Vincennes\" \/>\n<meta property=\"og:description\" content=\"L&rsquo;Assembl\u00e9e G\u00e9n\u00e9rale du Club Olympique de Vincennes, r\u00e9unie le 29 juin au stade L\u00e9o-Lagrange, devait \u00e9lire son Comit\u00e9 Directeur\u00a0 pour un mandat de trois ans, soit jusqu&rsquo;\u00e0 fin juin 2025. Une seule liste s&rsquo;\u00e9tant port\u00e9e candidate, les adh\u00e9rents de l&rsquo;association &#8211; ou leur repr\u00e9sentant l\u00e9gal pour les mineurs de moins de 16 ans &#8211; devaient [&hellip;]\" \/>\n<meta property=\"og:url\" content=\"https:\/\/covincennes.com\/index.php\/2022\/07\/01\/le-nouveau-comite-directeur-elu-a-lunanimite\/\" \/>\n<meta property=\"og:site_name\" content=\"CO Vincennes\" \/>\n<meta property=\"article:publisher\" content=\"https:\/\/www.facebook.com\/CO-VINCENNES-la-page-officielle-136021893155921\/\" \/>\n<meta property=\"article:published_time\" content=\"2022-07-01T10:46:33+00:00\" \/>\n<meta property=\"article:modified_time\" content=\"2022-10-05T12:51:51+00:00\" \/>\n<meta property=\"og:image\" content=\"https:\/\/covincennes.com\/wp-content\/uploads\/2022\/07\/Vote-redimensionne\u0301.jpg\" \/>\n\t<meta property=\"og:image:width\" content=\"643\" \/>\n\t<meta property=\"og:image:height\" content=\"480\" \/>\n\t<meta property=\"og:image:type\" content=\"image\/jpeg\" \/>\n<meta name=\"author\" content=\"Cole Hibry\" \/>\n<meta name=\"twitter:card\" content=\"summary_large_image\" \/>\n<meta name=\"twitter:creator\" content=\"@covincennes\" \/>\n<meta name=\"twitter:site\" content=\"@covincennes\" \/>\n<meta name=\"twitter:label1\" content=\"\u00c9crit par\" \/>\n\t<meta name=\"twitter:data1\" content=\"Cole Hibry\" \/>\n\t<meta name=\"twitter:label2\" content=\"Dur\u00e9e de lecture estim\u00e9e\" \/>\n\t<meta name=\"twitter:data2\" content=\"1 minute\" \/>\n<script type=\"application\/ld+json\" class=\"yoast-schema-graph\">{\"@context\":\"https:\/\/schema.org\",\"@graph\":[{\"@type\":\"Article\",\"@id\":\"https:\/\/covincennes.com\/index.php\/2022\/07\/01\/le-nouveau-comite-directeur-elu-a-lunanimite\/#article\",\"isPartOf\":{\"@id\":\"https:\/\/covincennes.com\/index.php\/2022\/07\/01\/le-nouveau-comite-directeur-elu-a-lunanimite\/\"},\"author\":{\"name\":\"Cole Hibry\",\"@id\":\"https:\/\/covincennes.com\/#\/schema\/person\/eb881824360af01aa016999e439303fe\"},\"headline\":\"Le nouveau Comit\u00e9 Directeur \u00e9lu \u00e0 l&rsquo;unanimit\u00e9\",\"datePublished\":\"2022-07-01T10:46:33+00:00\",\"dateModified\":\"2022-10-05T12:51:51+00:00\",\"mainEntityOfPage\":{\"@id\":\"https:\/\/covincennes.com\/index.php\/2022\/07\/01\/le-nouveau-comite-directeur-elu-a-lunanimite\/\"},\"wordCount\":193,\"commentCount\":0,\"publisher\":{\"@id\":\"https:\/\/covincennes.com\/#organization\"},\"articleSection\":[\"\u00e0 la une\"],\"inLanguage\":\"fr-FR\",\"potentialAction\":[{\"@type\":\"CommentAction\",\"name\":\"Comment\",\"target\":[\"https:\/\/covincennes.com\/index.php\/2022\/07\/01\/le-nouveau-comite-directeur-elu-a-lunanimite\/#respond\"]}]},{\"@type\":\"WebPage\",\"@id\":\"https:\/\/covincennes.com\/index.php\/2022\/07\/01\/le-nouveau-comite-directeur-elu-a-lunanimite\/\",\"url\":\"https:\/\/covincennes.com\/index.php\/2022\/07\/01\/le-nouveau-comite-directeur-elu-a-lunanimite\/\",\"name\":\"Le nouveau Comit\u00e9 Directeur \u00e9lu \u00e0 l'unanimit\u00e9 - CO Vincennes\",\"isPartOf\":{\"@id\":\"https:\/\/covincennes.com\/#website\"},\"datePublished\":\"2022-07-01T10:46:33+00:00\",\"dateModified\":\"2022-10-05T12:51:51+00:00\",\"breadcrumb\":{\"@id\":\"https:\/\/covincennes.com\/index.php\/2022\/07\/01\/le-nouveau-comite-directeur-elu-a-lunanimite\/#breadcrumb\"},\"inLanguage\":\"fr-FR\",\"potentialAction\":[{\"@type\":\"ReadAction\",\"target\":[\"https:\/\/covincennes.com\/index.php\/2022\/07\/01\/le-nouveau-comite-directeur-elu-a-lunanimite\/\"]}]},{\"@type\":\"BreadcrumbList\",\"@id\":\"https:\/\/covincennes.com\/index.php\/2022\/07\/01\/le-nouveau-comite-directeur-elu-a-lunanimite\/#breadcrumb\",\"itemListElement\":[{\"@type\":\"ListItem\",\"position\":1,\"name\":\"Accueil\",\"item\":\"https:\/\/covincennes.com\/\"},{\"@type\":\"ListItem\",\"position\":2,\"name\":\"Le nouveau Comit\u00e9 Directeur \u00e9lu \u00e0 l&rsquo;unanimit\u00e9\"}]},{\"@type\":\"WebSite\",\"@id\":\"https:\/\/covincennes.com\/#website\",\"url\":\"https:\/\/covincennes.com\/\",\"name\":\"CO Vincennes\",\"description\":\"Un site utilisant WordPress\",\"publisher\":{\"@id\":\"https:\/\/covincennes.com\/#organization\"},\"potentialAction\":[{\"@type\":\"SearchAction\",\"target\":{\"@type\":\"EntryPoint\",\"urlTemplate\":\"https:\/\/covincennes.com\/?s={search_term_string}\"},\"query-input\":\"required name=search_term_string\"}],\"inLanguage\":\"fr-FR\"},{\"@type\":\"Organization\",\"@id\":\"https:\/\/covincennes.com\/#organization\",\"name\":\"CO Vincennes\",\"url\":\"https:\/\/covincennes.com\/\",\"sameAs\":[\"https:\/\/www.facebook.com\/CO-VINCENNES-la-page-officielle-136021893155921\/\",\"https:\/\/twitter.com\/covincennes\"],\"logo\":{\"@type\":\"ImageObject\",\"inLanguage\":\"fr-FR\",\"@id\":\"https:\/\/covincennes.com\/#\/schema\/logo\/image\/\",\"url\":\"https:\/\/covincennes.com\/wp-content\/uploads\/2019\/11\/logo-cov-png.png\",\"contentUrl\":\"https:\/\/covincennes.com\/wp-content\/uploads\/2019\/11\/logo-cov-png.png\",\"width\":495,\"height\":497,\"caption\":\"CO Vincennes\"},\"image\":{\"@id\":\"https:\/\/covincennes.com\/#\/schema\/logo\/image\/\"}},{\"@type\":\"Person\",\"@id\":\"https:\/\/covincennes.com\/#\/schema\/person\/eb881824360af01aa016999e439303fe\",\"name\":\"Cole Hibry\",\"image\":{\"@type\":\"ImageObject\",\"inLanguage\":\"fr-FR\",\"@id\":\"https:\/\/covincennes.com\/#\/schema\/person\/image\/\",\"url\":\"https:\/\/secure.gravatar.com\/avatar\/fdd68f914853e79675161dab52794fbe213aaa71837a3f83ab5d0669e81bb866?s=96&d=mm&r=g\",\"contentUrl\":\"https:\/\/secure.gravatar.com\/avatar\/fdd68f914853e79675161dab52794fbe213aaa71837a3f83ab5d0669e81bb866?s=96&d=mm&r=g\",\"caption\":\"Cole Hibry\"},\"url\":\"https:\/\/covincennes.com\/index.php\/author\/chevit-frederic\/\"}]}<\/script>\n<!-- \/ Yoast SEO plugin. -->","yoast_head_json":{"title":"Le nouveau Comit\u00e9 Directeur \u00e9lu \u00e0 l'unanimit\u00e9 - CO Vincennes","robots":{"index":"index","follow":"follow","max-snippet":"max-snippet:-1","max-image-preview":"max-image-preview:large","max-video-preview":"max-video-preview:-1"},"canonical":"https:\/\/covincennes.com\/index.php\/2022\/07\/01\/le-nouveau-comite-directeur-elu-a-lunanimite\/","og_locale":"fr_FR","og_type":"article","og_title":"Le nouveau Comit\u00e9 Directeur \u00e9lu \u00e0 l'unanimit\u00e9 - CO Vincennes","og_description":"L&rsquo;Assembl\u00e9e G\u00e9n\u00e9rale du Club Olympique de Vincennes, r\u00e9unie le 29 juin au stade L\u00e9o-Lagrange, devait \u00e9lire son Comit\u00e9 Directeur\u00a0 pour un mandat de trois ans, soit jusqu&rsquo;\u00e0 fin juin 2025. Une seule liste s&rsquo;\u00e9tant port\u00e9e candidate, les adh\u00e9rents de l&rsquo;association &#8211; ou leur repr\u00e9sentant l\u00e9gal pour les mineurs de moins de 16 ans &#8211; devaient [&hellip;]","og_url":"https:\/\/covincennes.com\/index.php\/2022\/07\/01\/le-nouveau-comite-directeur-elu-a-lunanimite\/","og_site_name":"CO Vincennes","article_publisher":"https:\/\/www.facebook.com\/CO-VINCENNES-la-page-officielle-136021893155921\/","article_published_time":"2022-07-01T10:46:33+00:00","article_modified_time":"2022-10-05T12:51:51+00:00","og_image":[{"width":643,"height":480,"url":"https:\/\/covincennes.com\/wp-content\/uploads\/2022\/07\/Vote-redimensionne\u0301.jpg","type":"image\/jpeg"}],"author":"Cole Hibry","twitter_card":"summary_large_image","twitter_creator":"@covincennes","twitter_site":"@covincennes","twitter_misc":{"\u00c9crit par":"Cole Hibry","Dur\u00e9e de lecture estim\u00e9e":"1 minute"},"schema":{"@context":"https:\/\/schema.org","@graph":[{"@type":"Article","@id":"https:\/\/covincennes.com\/index.php\/2022\/07\/01\/le-nouveau-comite-directeur-elu-a-lunanimite\/#article","isPartOf":{"@id":"https:\/\/covincennes.com\/index.php\/2022\/07\/01\/le-nouveau-comite-directeur-elu-a-lunanimite\/"},"author":{"name":"Cole Hibry","@id":"https:\/\/covincennes.com\/#\/schema\/person\/eb881824360af01aa016999e439303fe"},"headline":"Le nouveau Comit\u00e9 Directeur \u00e9lu \u00e0 l&rsquo;unanimit\u00e9","datePublished":"2022-07-01T10:46:33+00:00","dateModified":"2022-10-05T12:51:51+00:00","mainEntityOfPage":{"@id":"https:\/\/covincennes.com\/index.php\/2022\/07\/01\/le-nouveau-comite-directeur-elu-a-lunanimite\/"},"wordCount":193,"commentCount":0,"publisher":{"@id":"https:\/\/covincennes.com\/#organization"},"articleSection":["\u00e0 la une"],"inLanguage":"fr-FR","potentialAction":[{"@type":"CommentAction","name":"Comment","target":["https:\/\/covincennes.com\/index.php\/2022\/07\/01\/le-nouveau-comite-directeur-elu-a-lunanimite\/#respond"]}]},{"@type":"WebPage","@id":"https:\/\/covincennes.com\/index.php\/2022\/07\/01\/le-nouveau-comite-directeur-elu-a-lunanimite\/","url":"https:\/\/covincennes.com\/index.php\/2022\/07\/01\/le-nouveau-comite-directeur-elu-a-lunanimite\/","name":"Le nouveau Comit\u00e9 Directeur \u00e9lu \u00e0 l'unanimit\u00e9 - CO Vincennes","isPartOf":{"@id":"https:\/\/covincennes.com\/#website"},"datePublished":"2022-07-01T10:46:33+00:00","dateModified":"2022-10-05T12:51:51+00:00","breadcrumb":{"@id":"https:\/\/covincennes.com\/index.php\/2022\/07\/01\/le-nouveau-comite-directeur-elu-a-lunanimite\/#breadcrumb"},"inLanguage":"fr-FR","potentialAction":[{"@type":"ReadAction","target":["https:\/\/covincennes.com\/index.php\/2022\/07\/01\/le-nouveau-comite-directeur-elu-a-lunanimite\/"]}]},{"@type":"BreadcrumbList","@id":"https:\/\/covincennes.com\/index.php\/2022\/07\/01\/le-nouveau-comite-directeur-elu-a-lunanimite\/#breadcrumb","itemListElement":[{"@type":"ListItem","position":1,"name":"Accueil","item":"https:\/\/covincennes.com\/"},{"@type":"ListItem","position":2,"name":"Le nouveau Comit\u00e9 Directeur \u00e9lu \u00e0 l&rsquo;unanimit\u00e9"}]},{"@type":"WebSite","@id":"https:\/\/covincennes.com\/#website","url":"https:\/\/covincennes.com\/","name":"CO Vincennes","description":"Un site utilisant WordPress","publisher":{"@id":"https:\/\/covincennes.com\/#organization"},"potentialAction":[{"@type":"SearchAction","target":{"@type":"EntryPoint","urlTemplate":"https:\/\/covincennes.com\/?s={search_term_string}"},"query-input":"required name=search_term_string"}],"inLanguage":"fr-FR"},{"@type":"Organization","@id":"https:\/\/covincennes.com\/#organization","name":"CO Vincennes","url":"https:\/\/covincennes.com\/","sameAs":["https:\/\/www.facebook.com\/CO-VINCENNES-la-page-officielle-136021893155921\/","https:\/\/twitter.com\/covincennes"],"logo":{"@type":"ImageObject","inLanguage":"fr-FR","@id":"https:\/\/covincennes.com\/#\/schema\/logo\/image\/","url":"https:\/\/covincennes.com\/wp-content\/uploads\/2019\/11\/logo-cov-png.png","contentUrl":"https:\/\/covincennes.com\/wp-content\/uploads\/2019\/11\/logo-cov-png.png","width":495,"height":497,"caption":"CO Vincennes"},"image":{"@id":"https:\/\/covincennes.com\/#\/schema\/logo\/image\/"}},{"@type":"Person","@id":"https:\/\/covincennes.com\/#\/schema\/person\/eb881824360af01aa016999e439303fe","name":"Cole Hibry","image":{"@type":"ImageObject","inLanguage":"fr-FR","@id":"https:\/\/covincennes.com\/#\/schema\/person\/image\/","url":"https:\/\/secure.gravatar.com\/avatar\/fdd68f914853e79675161dab52794fbe213aaa71837a3f83ab5d0669e81bb866?s=96&d=mm&r=g","contentUrl":"https:\/\/secure.gravatar.com\/avatar\/fdd68f914853e79675161dab52794fbe213aaa71837a3f83ab5d0669e81bb866?s=96&d=mm&r=g","caption":"Cole Hibry"},"url":"https:\/\/covincennes.com\/index.php\/author\/chevit-frederic\/"}]}},"_links":{"self":[{"href":"https:\/\/covincennes.com\/index.php\/wp-json\/wp\/v2\/posts\/5873","targetHints":{"allow":["GET"]}}],"collection":[{"href":"https:\/\/covincennes.com\/index.php\/wp-json\/wp\/v2\/posts"}],"about":[{"href":"https:\/\/covincennes.com\/index.php\/wp-json\/wp\/v2\/types\/post"}],"author":[{"embeddable":true,"href":"https:\/\/covincennes.com\/index.php\/wp-json\/wp\/v2\/users\/2"}],"replies":[{"embeddable":true,"href":"https:\/\/covincennes.com\/index.php\/wp-json\/wp\/v2\/comments?post=5873"}],"version-history":[{"count":3,"href":"https:\/\/covincennes.com\/index.php\/wp-json\/wp\/v2\/posts\/5873\/revisions"}],"predecessor-version":[{"id":6015,"href":"https:\/\/covincennes.com\/index.php\/wp-json\/wp\/v2\/posts\/5873\/revisions\/6015"}],"wp:featuredmedia":[{"embeddable":true,"href":"https:\/\/covincennes.com\/index.php\/wp-json\/wp\/v2\/media\/5874"}],"wp:attachment":[{"href":"https:\/\/covincennes.com\/index.php\/wp-json\/wp\/v2\/media?parent=5873"}],"wp:term":[{"taxonomy":"category","embeddable":true,"href":"https:\/\/covincennes.com\/index.php\/wp-json\/wp\/v2\/categories?post=5873"},{"taxonomy":"post_tag","embeddable":true,"href":"https:\/\/covincennes.com\/index.php\/wp-json\/wp\/v2\/tags?post=5873"}],"curies":[{"name":"wp","href":"https:\/\/api.w.org\/{rel}","templated":true}]}}