{"id":6229,"date":"2022-11-22T01:46:31","date_gmt":"2022-11-22T00:46:31","guid":{"rendered":"https:\/\/covincennes.com\/?p=6229"},"modified":"2022-12-23T21:50:33","modified_gmt":"2022-12-23T20:50:33","slug":"participez-a-lassemblee-generale-du-cov","status":"publish","type":"post","link":"https:\/\/covincennes.com\/index.php\/2022\/11\/22\/participez-a-lassemblee-generale-du-cov\/","title":{"rendered":"Participez \u00e0 l&rsquo;Assembl\u00e9e G\u00e9n\u00e9rale du COV !"},"content":{"rendered":"<p>C&rsquo;est une Assembl\u00e9e G\u00e9n\u00e9rale qui n&rsquo;aura d&rsquo;ordinaire que son appellation officielle.<\/p>\n<p>En r\u00e9alit\u00e9, le 16 d\u00e9cembre, \u00e0 la Maison des Associations de Vincennes, quand sera pr\u00e9sent\u00e9 le bilan de l&rsquo;exercice 2021-2022, on verra que la situation du C.O. Vincennes est tout sauf ordinaire. Elle est m\u00eame in\u00e9dite, du moins d&rsquo;aussi loin que remonte la m\u00e9moire de ceux qui sont encore au club. Pourquoi ? Eh bien ! pour le savoir, il faudra venir participer \u00e0 cette AG et \u00e9couter ceux qui le g\u00e8rent. Tous les adh\u00e9rents sont les bienvenus, ou leur repr\u00e9sentant l\u00e9gal pour les moins de 16 ans.<\/p>\n<p>Vous trouverez ci-dessous la convocation officielle. Si vous vous int\u00e9ressez au COV, et mieux, si vous l&rsquo;aimez, vous devez vous d\u00e9placer. Nous, nous serons l\u00e0. Comme chaque jour.<\/p>\n<p><span style=\"color: #0000ff;\"><a style=\"color: #0000ff;\" href=\"https:\/\/covincennes.com\/wp-content\/uploads\/2022\/11\/Convocation.pdf\">Convocation<\/a><\/span><\/p>\n","protected":false},"excerpt":{"rendered":"<p>C&rsquo;est une Assembl\u00e9e G\u00e9n\u00e9rale qui n&rsquo;aura d&rsquo;ordinaire que son appellation officielle. En r\u00e9alit\u00e9, le 16 d\u00e9cembre, \u00e0 la Maison des Associations de Vincennes, quand sera pr\u00e9sent\u00e9 le bilan de l&rsquo;exercice 2021-2022, on verra que la situation du C.O. Vincennes est tout sauf ordinaire. Elle est m\u00eame in\u00e9dite, du moins d&rsquo;aussi loin que remonte la m\u00e9moire [&hellip;]<\/p>\n","protected":false},"author":2,"featured_media":6231,"comment_status":"open","ping_status":"open","sticky":false,"template":"","format":"standard","meta":{"_monsterinsights_skip_tracking":false,"_monsterinsights_sitenote_active":false,"_monsterinsights_sitenote_note":"","_monsterinsights_sitenote_category":0,"footnotes":""},"categories":[1],"tags":[],"class_list":["post-6229","post","type-post","status-publish","format-standard","has-post-thumbnail","hentry","category-non-classe","entry","has-media"],"yoast_head":"<!-- This site is optimized with the Yoast SEO plugin v19.6.1 - https:\/\/yoast.com\/wordpress\/plugins\/seo\/ -->\n<title>Participez \u00e0 l&#039;Assembl\u00e9e G\u00e9n\u00e9rale du COV ! - CO Vincennes<\/title>\n<meta name=\"robots\" content=\"index, follow, max-snippet:-1, max-image-preview:large, max-video-preview:-1\" \/>\n<link rel=\"canonical\" href=\"https:\/\/covincennes.com\/index.php\/2022\/11\/22\/participez-a-lassemblee-generale-du-cov\/\" \/>\n<meta property=\"og:locale\" content=\"fr_FR\" \/>\n<meta property=\"og:type\" content=\"article\" \/>\n<meta property=\"og:title\" content=\"Participez \u00e0 l&#039;Assembl\u00e9e G\u00e9n\u00e9rale du COV ! - CO Vincennes\" \/>\n<meta property=\"og:description\" content=\"C&rsquo;est une Assembl\u00e9e G\u00e9n\u00e9rale qui n&rsquo;aura d&rsquo;ordinaire que son appellation officielle. En r\u00e9alit\u00e9, le 16 d\u00e9cembre, \u00e0 la Maison des Associations de Vincennes, quand sera pr\u00e9sent\u00e9 le bilan de l&rsquo;exercice 2021-2022, on verra que la situation du C.O. Vincennes est tout sauf ordinaire. Elle est m\u00eame in\u00e9dite, du moins d&rsquo;aussi loin que remonte la m\u00e9moire [&hellip;]\" \/>\n<meta property=\"og:url\" content=\"https:\/\/covincennes.com\/index.php\/2022\/11\/22\/participez-a-lassemblee-generale-du-cov\/\" \/>\n<meta property=\"og:site_name\" content=\"CO Vincennes\" \/>\n<meta property=\"article:publisher\" content=\"https:\/\/www.facebook.com\/CO-VINCENNES-la-page-officielle-136021893155921\/\" \/>\n<meta property=\"article:published_time\" content=\"2022-11-22T00:46:31+00:00\" \/>\n<meta property=\"article:modified_time\" content=\"2022-12-23T20:50:33+00:00\" \/>\n<meta property=\"og:image\" content=\"https:\/\/covincennes.com\/wp-content\/uploads\/2022\/11\/Maison-des-Associations-redimensionne\u0301e.jpeg\" \/>\n\t<meta property=\"og:image:width\" content=\"643\" \/>\n\t<meta property=\"og:image:height\" content=\"480\" \/>\n\t<meta property=\"og:image:type\" content=\"image\/jpeg\" \/>\n<meta name=\"author\" content=\"Cole Hibry\" \/>\n<meta name=\"twitter:card\" content=\"summary_large_image\" \/>\n<meta name=\"twitter:creator\" content=\"@covincennes\" \/>\n<meta name=\"twitter:site\" content=\"@covincennes\" \/>\n<meta name=\"twitter:label1\" content=\"\u00c9crit par\" \/>\n\t<meta name=\"twitter:data1\" content=\"Cole Hibry\" \/>\n\t<meta name=\"twitter:label2\" content=\"Dur\u00e9e de lecture estim\u00e9e\" \/>\n\t<meta name=\"twitter:data2\" content=\"1 minute\" \/>\n<script type=\"application\/ld+json\" class=\"yoast-schema-graph\">{\"@context\":\"https:\/\/schema.org\",\"@graph\":[{\"@type\":\"Article\",\"@id\":\"https:\/\/covincennes.com\/index.php\/2022\/11\/22\/participez-a-lassemblee-generale-du-cov\/#article\",\"isPartOf\":{\"@id\":\"https:\/\/covincennes.com\/index.php\/2022\/11\/22\/participez-a-lassemblee-generale-du-cov\/\"},\"author\":{\"name\":\"Cole Hibry\",\"@id\":\"https:\/\/covincennes.com\/#\/schema\/person\/eb881824360af01aa016999e439303fe\"},\"headline\":\"Participez \u00e0 l&rsquo;Assembl\u00e9e G\u00e9n\u00e9rale du COV !\",\"datePublished\":\"2022-11-22T00:46:31+00:00\",\"dateModified\":\"2022-12-23T20:50:33+00:00\",\"mainEntityOfPage\":{\"@id\":\"https:\/\/covincennes.com\/index.php\/2022\/11\/22\/participez-a-lassemblee-generale-du-cov\/\"},\"wordCount\":146,\"commentCount\":0,\"publisher\":{\"@id\":\"https:\/\/covincennes.com\/#organization\"},\"inLanguage\":\"fr-FR\",\"potentialAction\":[{\"@type\":\"CommentAction\",\"name\":\"Comment\",\"target\":[\"https:\/\/covincennes.com\/index.php\/2022\/11\/22\/participez-a-lassemblee-generale-du-cov\/#respond\"]}]},{\"@type\":\"WebPage\",\"@id\":\"https:\/\/covincennes.com\/index.php\/2022\/11\/22\/participez-a-lassemblee-generale-du-cov\/\",\"url\":\"https:\/\/covincennes.com\/index.php\/2022\/11\/22\/participez-a-lassemblee-generale-du-cov\/\",\"name\":\"Participez \u00e0 l'Assembl\u00e9e G\u00e9n\u00e9rale du COV ! - CO Vincennes\",\"isPartOf\":{\"@id\":\"https:\/\/covincennes.com\/#website\"},\"datePublished\":\"2022-11-22T00:46:31+00:00\",\"dateModified\":\"2022-12-23T20:50:33+00:00\",\"breadcrumb\":{\"@id\":\"https:\/\/covincennes.com\/index.php\/2022\/11\/22\/participez-a-lassemblee-generale-du-cov\/#breadcrumb\"},\"inLanguage\":\"fr-FR\",\"potentialAction\":[{\"@type\":\"ReadAction\",\"target\":[\"https:\/\/covincennes.com\/index.php\/2022\/11\/22\/participez-a-lassemblee-generale-du-cov\/\"]}]},{\"@type\":\"BreadcrumbList\",\"@id\":\"https:\/\/covincennes.com\/index.php\/2022\/11\/22\/participez-a-lassemblee-generale-du-cov\/#breadcrumb\",\"itemListElement\":[{\"@type\":\"ListItem\",\"position\":1,\"name\":\"Accueil\",\"item\":\"https:\/\/covincennes.com\/\"},{\"@type\":\"ListItem\",\"position\":2,\"name\":\"Participez \u00e0 l&rsquo;Assembl\u00e9e G\u00e9n\u00e9rale du COV !\"}]},{\"@type\":\"WebSite\",\"@id\":\"https:\/\/covincennes.com\/#website\",\"url\":\"https:\/\/covincennes.com\/\",\"name\":\"CO Vincennes\",\"description\":\"Un site utilisant WordPress\",\"publisher\":{\"@id\":\"https:\/\/covincennes.com\/#organization\"},\"potentialAction\":[{\"@type\":\"SearchAction\",\"target\":{\"@type\":\"EntryPoint\",\"urlTemplate\":\"https:\/\/covincennes.com\/?s={search_term_string}\"},\"query-input\":\"required name=search_term_string\"}],\"inLanguage\":\"fr-FR\"},{\"@type\":\"Organization\",\"@id\":\"https:\/\/covincennes.com\/#organization\",\"name\":\"CO Vincennes\",\"url\":\"https:\/\/covincennes.com\/\",\"sameAs\":[\"https:\/\/www.facebook.com\/CO-VINCENNES-la-page-officielle-136021893155921\/\",\"https:\/\/twitter.com\/covincennes\"],\"logo\":{\"@type\":\"ImageObject\",\"inLanguage\":\"fr-FR\",\"@id\":\"https:\/\/covincennes.com\/#\/schema\/logo\/image\/\",\"url\":\"https:\/\/covincennes.com\/wp-content\/uploads\/2019\/11\/logo-cov-png.png\",\"contentUrl\":\"https:\/\/covincennes.com\/wp-content\/uploads\/2019\/11\/logo-cov-png.png\",\"width\":495,\"height\":497,\"caption\":\"CO Vincennes\"},\"image\":{\"@id\":\"https:\/\/covincennes.com\/#\/schema\/logo\/image\/\"}},{\"@type\":\"Person\",\"@id\":\"https:\/\/covincennes.com\/#\/schema\/person\/eb881824360af01aa016999e439303fe\",\"name\":\"Cole Hibry\",\"image\":{\"@type\":\"ImageObject\",\"inLanguage\":\"fr-FR\",\"@id\":\"https:\/\/covincennes.com\/#\/schema\/person\/image\/\",\"url\":\"https:\/\/secure.gravatar.com\/avatar\/fdd68f914853e79675161dab52794fbe213aaa71837a3f83ab5d0669e81bb866?s=96&d=mm&r=g\",\"contentUrl\":\"https:\/\/secure.gravatar.com\/avatar\/fdd68f914853e79675161dab52794fbe213aaa71837a3f83ab5d0669e81bb866?s=96&d=mm&r=g\",\"caption\":\"Cole Hibry\"},\"url\":\"https:\/\/covincennes.com\/index.php\/author\/chevit-frederic\/\"}]}<\/script>\n<!-- \/ Yoast SEO plugin. -->","yoast_head_json":{"title":"Participez \u00e0 l'Assembl\u00e9e G\u00e9n\u00e9rale du COV ! - CO Vincennes","robots":{"index":"index","follow":"follow","max-snippet":"max-snippet:-1","max-image-preview":"max-image-preview:large","max-video-preview":"max-video-preview:-1"},"canonical":"https:\/\/covincennes.com\/index.php\/2022\/11\/22\/participez-a-lassemblee-generale-du-cov\/","og_locale":"fr_FR","og_type":"article","og_title":"Participez \u00e0 l'Assembl\u00e9e G\u00e9n\u00e9rale du COV ! - CO Vincennes","og_description":"C&rsquo;est une Assembl\u00e9e G\u00e9n\u00e9rale qui n&rsquo;aura d&rsquo;ordinaire que son appellation officielle. En r\u00e9alit\u00e9, le 16 d\u00e9cembre, \u00e0 la Maison des Associations de Vincennes, quand sera pr\u00e9sent\u00e9 le bilan de l&rsquo;exercice 2021-2022, on verra que la situation du C.O. Vincennes est tout sauf ordinaire. Elle est m\u00eame in\u00e9dite, du moins d&rsquo;aussi loin que remonte la m\u00e9moire [&hellip;]","og_url":"https:\/\/covincennes.com\/index.php\/2022\/11\/22\/participez-a-lassemblee-generale-du-cov\/","og_site_name":"CO Vincennes","article_publisher":"https:\/\/www.facebook.com\/CO-VINCENNES-la-page-officielle-136021893155921\/","article_published_time":"2022-11-22T00:46:31+00:00","article_modified_time":"2022-12-23T20:50:33+00:00","og_image":[{"width":643,"height":480,"url":"https:\/\/covincennes.com\/wp-content\/uploads\/2022\/11\/Maison-des-Associations-redimensionne\u0301e.jpeg","type":"image\/jpeg"}],"author":"Cole Hibry","twitter_card":"summary_large_image","twitter_creator":"@covincennes","twitter_site":"@covincennes","twitter_misc":{"\u00c9crit par":"Cole Hibry","Dur\u00e9e de lecture estim\u00e9e":"1 minute"},"schema":{"@context":"https:\/\/schema.org","@graph":[{"@type":"Article","@id":"https:\/\/covincennes.com\/index.php\/2022\/11\/22\/participez-a-lassemblee-generale-du-cov\/#article","isPartOf":{"@id":"https:\/\/covincennes.com\/index.php\/2022\/11\/22\/participez-a-lassemblee-generale-du-cov\/"},"author":{"name":"Cole Hibry","@id":"https:\/\/covincennes.com\/#\/schema\/person\/eb881824360af01aa016999e439303fe"},"headline":"Participez \u00e0 l&rsquo;Assembl\u00e9e G\u00e9n\u00e9rale du COV !","datePublished":"2022-11-22T00:46:31+00:00","dateModified":"2022-12-23T20:50:33+00:00","mainEntityOfPage":{"@id":"https:\/\/covincennes.com\/index.php\/2022\/11\/22\/participez-a-lassemblee-generale-du-cov\/"},"wordCount":146,"commentCount":0,"publisher":{"@id":"https:\/\/covincennes.com\/#organization"},"inLanguage":"fr-FR","potentialAction":[{"@type":"CommentAction","name":"Comment","target":["https:\/\/covincennes.com\/index.php\/2022\/11\/22\/participez-a-lassemblee-generale-du-cov\/#respond"]}]},{"@type":"WebPage","@id":"https:\/\/covincennes.com\/index.php\/2022\/11\/22\/participez-a-lassemblee-generale-du-cov\/","url":"https:\/\/covincennes.com\/index.php\/2022\/11\/22\/participez-a-lassemblee-generale-du-cov\/","name":"Participez \u00e0 l'Assembl\u00e9e G\u00e9n\u00e9rale du COV ! - CO Vincennes","isPartOf":{"@id":"https:\/\/covincennes.com\/#website"},"datePublished":"2022-11-22T00:46:31+00:00","dateModified":"2022-12-23T20:50:33+00:00","breadcrumb":{"@id":"https:\/\/covincennes.com\/index.php\/2022\/11\/22\/participez-a-lassemblee-generale-du-cov\/#breadcrumb"},"inLanguage":"fr-FR","potentialAction":[{"@type":"ReadAction","target":["https:\/\/covincennes.com\/index.php\/2022\/11\/22\/participez-a-lassemblee-generale-du-cov\/"]}]},{"@type":"BreadcrumbList","@id":"https:\/\/covincennes.com\/index.php\/2022\/11\/22\/participez-a-lassemblee-generale-du-cov\/#breadcrumb","itemListElement":[{"@type":"ListItem","position":1,"name":"Accueil","item":"https:\/\/covincennes.com\/"},{"@type":"ListItem","position":2,"name":"Participez \u00e0 l&rsquo;Assembl\u00e9e G\u00e9n\u00e9rale du COV !"}]},{"@type":"WebSite","@id":"https:\/\/covincennes.com\/#website","url":"https:\/\/covincennes.com\/","name":"CO Vincennes","description":"Un site utilisant WordPress","publisher":{"@id":"https:\/\/covincennes.com\/#organization"},"potentialAction":[{"@type":"SearchAction","target":{"@type":"EntryPoint","urlTemplate":"https:\/\/covincennes.com\/?s={search_term_string}"},"query-input":"required name=search_term_string"}],"inLanguage":"fr-FR"},{"@type":"Organization","@id":"https:\/\/covincennes.com\/#organization","name":"CO Vincennes","url":"https:\/\/covincennes.com\/","sameAs":["https:\/\/www.facebook.com\/CO-VINCENNES-la-page-officielle-136021893155921\/","https:\/\/twitter.com\/covincennes"],"logo":{"@type":"ImageObject","inLanguage":"fr-FR","@id":"https:\/\/covincennes.com\/#\/schema\/logo\/image\/","url":"https:\/\/covincennes.com\/wp-content\/uploads\/2019\/11\/logo-cov-png.png","contentUrl":"https:\/\/covincennes.com\/wp-content\/uploads\/2019\/11\/logo-cov-png.png","width":495,"height":497,"caption":"CO Vincennes"},"image":{"@id":"https:\/\/covincennes.com\/#\/schema\/logo\/image\/"}},{"@type":"Person","@id":"https:\/\/covincennes.com\/#\/schema\/person\/eb881824360af01aa016999e439303fe","name":"Cole Hibry","image":{"@type":"ImageObject","inLanguage":"fr-FR","@id":"https:\/\/covincennes.com\/#\/schema\/person\/image\/","url":"https:\/\/secure.gravatar.com\/avatar\/fdd68f914853e79675161dab52794fbe213aaa71837a3f83ab5d0669e81bb866?s=96&d=mm&r=g","contentUrl":"https:\/\/secure.gravatar.com\/avatar\/fdd68f914853e79675161dab52794fbe213aaa71837a3f83ab5d0669e81bb866?s=96&d=mm&r=g","caption":"Cole Hibry"},"url":"https:\/\/covincennes.com\/index.php\/author\/chevit-frederic\/"}]}},"_links":{"self":[{"href":"https:\/\/covincennes.com\/index.php\/wp-json\/wp\/v2\/posts\/6229","targetHints":{"allow":["GET"]}}],"collection":[{"href":"https:\/\/covincennes.com\/index.php\/wp-json\/wp\/v2\/posts"}],"about":[{"href":"https:\/\/covincennes.com\/index.php\/wp-json\/wp\/v2\/types\/post"}],"author":[{"embeddable":true,"href":"https:\/\/covincennes.com\/index.php\/wp-json\/wp\/v2\/users\/2"}],"replies":[{"embeddable":true,"href":"https:\/\/covincennes.com\/index.php\/wp-json\/wp\/v2\/comments?post=6229"}],"version-history":[{"count":1,"href":"https:\/\/covincennes.com\/index.php\/wp-json\/wp\/v2\/posts\/6229\/revisions"}],"predecessor-version":[{"id":6232,"href":"https:\/\/covincennes.com\/index.php\/wp-json\/wp\/v2\/posts\/6229\/revisions\/6232"}],"wp:featuredmedia":[{"embeddable":true,"href":"https:\/\/covincennes.com\/index.php\/wp-json\/wp\/v2\/media\/6231"}],"wp:attachment":[{"href":"https:\/\/covincennes.com\/index.php\/wp-json\/wp\/v2\/media?parent=6229"}],"wp:term":[{"taxonomy":"category","embeddable":true,"href":"https:\/\/covincennes.com\/index.php\/wp-json\/wp\/v2\/categories?post=6229"},{"taxonomy":"post_tag","embeddable":true,"href":"https:\/\/covincennes.com\/index.php\/wp-json\/wp\/v2\/tags?post=6229"}],"curies":[{"name":"wp","href":"https:\/\/api.w.org\/{rel}","templated":true}]}}