{"id":6233,"date":"2022-11-24T19:26:17","date_gmt":"2022-11-24T18:26:17","guid":{"rendered":"https:\/\/covincennes.com\/?p=6233"},"modified":"2022-11-28T23:54:19","modified_gmt":"2022-11-28T22:54:19","slug":"coupe-de-paris-nos-u18-passent-tout-pres","status":"publish","type":"post","link":"https:\/\/covincennes.com\/index.php\/2022\/11\/24\/coupe-de-paris-nos-u18-passent-tout-pres\/","title":{"rendered":"Coupe de Paris : nos U18 passent tout pr\u00e8s&#8230;"},"content":{"rendered":"<p>Au vu de la premi\u00e8re p\u00e9riode, on pouvait penser que nos U18 n&rsquo;avaient pas le niveau. C&rsquo;est logiquement qu&rsquo;\u00e0 la mi-temps de ce match de Coupe de Paris, face \u00e0 S\u00e9nart-Moissy, ils \u00e9taient men\u00e9s 2-0.<\/p>\n<p>Est-ce le discours \u00e0 la mi-temps de leur coach William, est-ce parce qu&rsquo;ils avaient pris conscience qu&rsquo;il ne leur restait que 45 minutes pour esp\u00e9rer poursuivre leur route ? Toujours est-il que ce fut le jour et la nuit apr\u00e8s la pause. Beaucoup plus volontaires, bien plus inspir\u00e9s, les n\u00f4tres ont r\u00e9ussi \u00e0 revenir dans le match en r\u00e9duisant le score, en se procurant des occasions, et finalement auront des regrets apr\u00e8s ce match. Pas seulement d&rsquo;avoir rat\u00e9 un penalty, tir\u00e9 sur la barre, mais aussi et surtout de n&rsquo;avoir pas r\u00e9alis\u00e9 qu&rsquo;un match commence \u00e0 la premi\u00e8re minute, pas \u00e0 la 46\u00e8me&#8230;<\/p>\n<p>Reste \u00e0 esp\u00e9rer que cette seconde p\u00e9riode leur servira de r\u00e9f\u00e9rence pour le championnat et aussi, plus tard, pour la Coupe du Val de Marne.<\/p>\n<p class=\"responsive-video-wrap clr\"><iframe loading=\"lazy\" title=\"COV - Se\u0301nart Moissy\" width=\"1200\" height=\"675\" src=\"https:\/\/www.youtube.com\/embed\/pvw7OZY_vOw?feature=oembed\" frameborder=\"0\" allow=\"accelerometer; autoplay; clipboard-write; encrypted-media; gyroscope; picture-in-picture\" allowfullscreen><\/iframe><\/p>\n","protected":false},"excerpt":{"rendered":"<p>Au vu de la premi\u00e8re p\u00e9riode, on pouvait penser que nos U18 n&rsquo;avaient pas le niveau. C&rsquo;est logiquement qu&rsquo;\u00e0 la mi-temps de ce match de Coupe de Paris, face \u00e0 S\u00e9nart-Moissy, ils \u00e9taient men\u00e9s 2-0. Est-ce le discours \u00e0 la mi-temps de leur coach William, est-ce parce qu&rsquo;ils avaient pris conscience qu&rsquo;il ne leur restait [&hellip;]<\/p>\n","protected":false},"author":2,"featured_media":6234,"comment_status":"open","ping_status":"open","sticky":false,"template":"","format":"standard","meta":{"_monsterinsights_skip_tracking":false,"_monsterinsights_sitenote_active":false,"_monsterinsights_sitenote_note":"","_monsterinsights_sitenote_category":0,"footnotes":""},"categories":[48],"tags":[],"class_list":["post-6233","post","type-post","status-publish","format-standard","has-post-thumbnail","hentry","category-a-la-une","entry","has-media"],"yoast_head":"<!-- This site is optimized with the Yoast SEO plugin v19.6.1 - https:\/\/yoast.com\/wordpress\/plugins\/seo\/ -->\n<title>Coupe de Paris : nos U18 passent tout pr\u00e8s... - CO Vincennes<\/title>\n<meta name=\"robots\" content=\"index, follow, max-snippet:-1, max-image-preview:large, max-video-preview:-1\" \/>\n<link rel=\"canonical\" href=\"https:\/\/covincennes.com\/index.php\/2022\/11\/24\/coupe-de-paris-nos-u18-passent-tout-pres\/\" \/>\n<meta property=\"og:locale\" content=\"fr_FR\" \/>\n<meta property=\"og:type\" content=\"article\" \/>\n<meta property=\"og:title\" content=\"Coupe de Paris : nos U18 passent tout pr\u00e8s... - CO Vincennes\" \/>\n<meta property=\"og:description\" content=\"Au vu de la premi\u00e8re p\u00e9riode, on pouvait penser que nos U18 n&rsquo;avaient pas le niveau. C&rsquo;est logiquement qu&rsquo;\u00e0 la mi-temps de ce match de Coupe de Paris, face \u00e0 S\u00e9nart-Moissy, ils \u00e9taient men\u00e9s 2-0. Est-ce le discours \u00e0 la mi-temps de leur coach William, est-ce parce qu&rsquo;ils avaient pris conscience qu&rsquo;il ne leur restait [&hellip;]\" \/>\n<meta property=\"og:url\" content=\"https:\/\/covincennes.com\/index.php\/2022\/11\/24\/coupe-de-paris-nos-u18-passent-tout-pres\/\" \/>\n<meta property=\"og:site_name\" content=\"CO Vincennes\" \/>\n<meta property=\"article:publisher\" content=\"https:\/\/www.facebook.com\/CO-VINCENNES-la-page-officielle-136021893155921\/\" \/>\n<meta property=\"article:published_time\" content=\"2022-11-24T18:26:17+00:00\" \/>\n<meta property=\"article:modified_time\" content=\"2022-11-28T22:54:19+00:00\" \/>\n<meta property=\"og:image\" content=\"https:\/\/covincennes.com\/wp-content\/uploads\/2022\/11\/Se\u0301nart-redimensione\u0301-.jpg\" \/>\n\t<meta property=\"og:image:width\" content=\"643\" \/>\n\t<meta property=\"og:image:height\" content=\"480\" \/>\n\t<meta property=\"og:image:type\" content=\"image\/jpeg\" \/>\n<meta name=\"author\" content=\"Cole Hibry\" \/>\n<meta name=\"twitter:card\" content=\"summary_large_image\" \/>\n<meta name=\"twitter:creator\" content=\"@covincennes\" \/>\n<meta name=\"twitter:site\" content=\"@covincennes\" \/>\n<meta name=\"twitter:label1\" content=\"\u00c9crit par\" \/>\n\t<meta name=\"twitter:data1\" content=\"Cole Hibry\" \/>\n\t<meta name=\"twitter:label2\" content=\"Dur\u00e9e de lecture estim\u00e9e\" \/>\n\t<meta name=\"twitter:data2\" content=\"1 minute\" \/>\n<script type=\"application\/ld+json\" class=\"yoast-schema-graph\">{\"@context\":\"https:\/\/schema.org\",\"@graph\":[{\"@type\":\"Article\",\"@id\":\"https:\/\/covincennes.com\/index.php\/2022\/11\/24\/coupe-de-paris-nos-u18-passent-tout-pres\/#article\",\"isPartOf\":{\"@id\":\"https:\/\/covincennes.com\/index.php\/2022\/11\/24\/coupe-de-paris-nos-u18-passent-tout-pres\/\"},\"author\":{\"name\":\"Cole Hibry\",\"@id\":\"https:\/\/covincennes.com\/#\/schema\/person\/eb881824360af01aa016999e439303fe\"},\"headline\":\"Coupe de Paris : nos U18 passent tout pr\u00e8s&#8230;\",\"datePublished\":\"2022-11-24T18:26:17+00:00\",\"dateModified\":\"2022-11-28T22:54:19+00:00\",\"mainEntityOfPage\":{\"@id\":\"https:\/\/covincennes.com\/index.php\/2022\/11\/24\/coupe-de-paris-nos-u18-passent-tout-pres\/\"},\"wordCount\":187,\"commentCount\":0,\"publisher\":{\"@id\":\"https:\/\/covincennes.com\/#organization\"},\"articleSection\":[\"\u00e0 la une\"],\"inLanguage\":\"fr-FR\",\"potentialAction\":[{\"@type\":\"CommentAction\",\"name\":\"Comment\",\"target\":[\"https:\/\/covincennes.com\/index.php\/2022\/11\/24\/coupe-de-paris-nos-u18-passent-tout-pres\/#respond\"]}]},{\"@type\":\"WebPage\",\"@id\":\"https:\/\/covincennes.com\/index.php\/2022\/11\/24\/coupe-de-paris-nos-u18-passent-tout-pres\/\",\"url\":\"https:\/\/covincennes.com\/index.php\/2022\/11\/24\/coupe-de-paris-nos-u18-passent-tout-pres\/\",\"name\":\"Coupe de Paris : nos U18 passent tout pr\u00e8s... - CO Vincennes\",\"isPartOf\":{\"@id\":\"https:\/\/covincennes.com\/#website\"},\"datePublished\":\"2022-11-24T18:26:17+00:00\",\"dateModified\":\"2022-11-28T22:54:19+00:00\",\"breadcrumb\":{\"@id\":\"https:\/\/covincennes.com\/index.php\/2022\/11\/24\/coupe-de-paris-nos-u18-passent-tout-pres\/#breadcrumb\"},\"inLanguage\":\"fr-FR\",\"potentialAction\":[{\"@type\":\"ReadAction\",\"target\":[\"https:\/\/covincennes.com\/index.php\/2022\/11\/24\/coupe-de-paris-nos-u18-passent-tout-pres\/\"]}]},{\"@type\":\"BreadcrumbList\",\"@id\":\"https:\/\/covincennes.com\/index.php\/2022\/11\/24\/coupe-de-paris-nos-u18-passent-tout-pres\/#breadcrumb\",\"itemListElement\":[{\"@type\":\"ListItem\",\"position\":1,\"name\":\"Accueil\",\"item\":\"https:\/\/covincennes.com\/\"},{\"@type\":\"ListItem\",\"position\":2,\"name\":\"Coupe de Paris : nos U18 passent tout pr\u00e8s&#8230;\"}]},{\"@type\":\"WebSite\",\"@id\":\"https:\/\/covincennes.com\/#website\",\"url\":\"https:\/\/covincennes.com\/\",\"name\":\"CO Vincennes\",\"description\":\"Un site utilisant WordPress\",\"publisher\":{\"@id\":\"https:\/\/covincennes.com\/#organization\"},\"potentialAction\":[{\"@type\":\"SearchAction\",\"target\":{\"@type\":\"EntryPoint\",\"urlTemplate\":\"https:\/\/covincennes.com\/?s={search_term_string}\"},\"query-input\":\"required name=search_term_string\"}],\"inLanguage\":\"fr-FR\"},{\"@type\":\"Organization\",\"@id\":\"https:\/\/covincennes.com\/#organization\",\"name\":\"CO Vincennes\",\"url\":\"https:\/\/covincennes.com\/\",\"sameAs\":[\"https:\/\/www.facebook.com\/CO-VINCENNES-la-page-officielle-136021893155921\/\",\"https:\/\/twitter.com\/covincennes\"],\"logo\":{\"@type\":\"ImageObject\",\"inLanguage\":\"fr-FR\",\"@id\":\"https:\/\/covincennes.com\/#\/schema\/logo\/image\/\",\"url\":\"https:\/\/covincennes.com\/wp-content\/uploads\/2019\/11\/logo-cov-png.png\",\"contentUrl\":\"https:\/\/covincennes.com\/wp-content\/uploads\/2019\/11\/logo-cov-png.png\",\"width\":495,\"height\":497,\"caption\":\"CO Vincennes\"},\"image\":{\"@id\":\"https:\/\/covincennes.com\/#\/schema\/logo\/image\/\"}},{\"@type\":\"Person\",\"@id\":\"https:\/\/covincennes.com\/#\/schema\/person\/eb881824360af01aa016999e439303fe\",\"name\":\"Cole Hibry\",\"image\":{\"@type\":\"ImageObject\",\"inLanguage\":\"fr-FR\",\"@id\":\"https:\/\/covincennes.com\/#\/schema\/person\/image\/\",\"url\":\"https:\/\/secure.gravatar.com\/avatar\/fdd68f914853e79675161dab52794fbe213aaa71837a3f83ab5d0669e81bb866?s=96&d=mm&r=g\",\"contentUrl\":\"https:\/\/secure.gravatar.com\/avatar\/fdd68f914853e79675161dab52794fbe213aaa71837a3f83ab5d0669e81bb866?s=96&d=mm&r=g\",\"caption\":\"Cole Hibry\"},\"url\":\"https:\/\/covincennes.com\/index.php\/author\/chevit-frederic\/\"}]}<\/script>\n<!-- \/ Yoast SEO plugin. -->","yoast_head_json":{"title":"Coupe de Paris : nos U18 passent tout pr\u00e8s... - CO Vincennes","robots":{"index":"index","follow":"follow","max-snippet":"max-snippet:-1","max-image-preview":"max-image-preview:large","max-video-preview":"max-video-preview:-1"},"canonical":"https:\/\/covincennes.com\/index.php\/2022\/11\/24\/coupe-de-paris-nos-u18-passent-tout-pres\/","og_locale":"fr_FR","og_type":"article","og_title":"Coupe de Paris : nos U18 passent tout pr\u00e8s... - CO Vincennes","og_description":"Au vu de la premi\u00e8re p\u00e9riode, on pouvait penser que nos U18 n&rsquo;avaient pas le niveau. C&rsquo;est logiquement qu&rsquo;\u00e0 la mi-temps de ce match de Coupe de Paris, face \u00e0 S\u00e9nart-Moissy, ils \u00e9taient men\u00e9s 2-0. Est-ce le discours \u00e0 la mi-temps de leur coach William, est-ce parce qu&rsquo;ils avaient pris conscience qu&rsquo;il ne leur restait [&hellip;]","og_url":"https:\/\/covincennes.com\/index.php\/2022\/11\/24\/coupe-de-paris-nos-u18-passent-tout-pres\/","og_site_name":"CO Vincennes","article_publisher":"https:\/\/www.facebook.com\/CO-VINCENNES-la-page-officielle-136021893155921\/","article_published_time":"2022-11-24T18:26:17+00:00","article_modified_time":"2022-11-28T22:54:19+00:00","og_image":[{"width":643,"height":480,"url":"https:\/\/covincennes.com\/wp-content\/uploads\/2022\/11\/Se\u0301nart-redimensione\u0301-.jpg","type":"image\/jpeg"}],"author":"Cole Hibry","twitter_card":"summary_large_image","twitter_creator":"@covincennes","twitter_site":"@covincennes","twitter_misc":{"\u00c9crit par":"Cole Hibry","Dur\u00e9e de lecture estim\u00e9e":"1 minute"},"schema":{"@context":"https:\/\/schema.org","@graph":[{"@type":"Article","@id":"https:\/\/covincennes.com\/index.php\/2022\/11\/24\/coupe-de-paris-nos-u18-passent-tout-pres\/#article","isPartOf":{"@id":"https:\/\/covincennes.com\/index.php\/2022\/11\/24\/coupe-de-paris-nos-u18-passent-tout-pres\/"},"author":{"name":"Cole Hibry","@id":"https:\/\/covincennes.com\/#\/schema\/person\/eb881824360af01aa016999e439303fe"},"headline":"Coupe de Paris : nos U18 passent tout pr\u00e8s&#8230;","datePublished":"2022-11-24T18:26:17+00:00","dateModified":"2022-11-28T22:54:19+00:00","mainEntityOfPage":{"@id":"https:\/\/covincennes.com\/index.php\/2022\/11\/24\/coupe-de-paris-nos-u18-passent-tout-pres\/"},"wordCount":187,"commentCount":0,"publisher":{"@id":"https:\/\/covincennes.com\/#organization"},"articleSection":["\u00e0 la une"],"inLanguage":"fr-FR","potentialAction":[{"@type":"CommentAction","name":"Comment","target":["https:\/\/covincennes.com\/index.php\/2022\/11\/24\/coupe-de-paris-nos-u18-passent-tout-pres\/#respond"]}]},{"@type":"WebPage","@id":"https:\/\/covincennes.com\/index.php\/2022\/11\/24\/coupe-de-paris-nos-u18-passent-tout-pres\/","url":"https:\/\/covincennes.com\/index.php\/2022\/11\/24\/coupe-de-paris-nos-u18-passent-tout-pres\/","name":"Coupe de Paris : nos U18 passent tout pr\u00e8s... - CO Vincennes","isPartOf":{"@id":"https:\/\/covincennes.com\/#website"},"datePublished":"2022-11-24T18:26:17+00:00","dateModified":"2022-11-28T22:54:19+00:00","breadcrumb":{"@id":"https:\/\/covincennes.com\/index.php\/2022\/11\/24\/coupe-de-paris-nos-u18-passent-tout-pres\/#breadcrumb"},"inLanguage":"fr-FR","potentialAction":[{"@type":"ReadAction","target":["https:\/\/covincennes.com\/index.php\/2022\/11\/24\/coupe-de-paris-nos-u18-passent-tout-pres\/"]}]},{"@type":"BreadcrumbList","@id":"https:\/\/covincennes.com\/index.php\/2022\/11\/24\/coupe-de-paris-nos-u18-passent-tout-pres\/#breadcrumb","itemListElement":[{"@type":"ListItem","position":1,"name":"Accueil","item":"https:\/\/covincennes.com\/"},{"@type":"ListItem","position":2,"name":"Coupe de Paris : nos U18 passent tout pr\u00e8s&#8230;"}]},{"@type":"WebSite","@id":"https:\/\/covincennes.com\/#website","url":"https:\/\/covincennes.com\/","name":"CO Vincennes","description":"Un site utilisant WordPress","publisher":{"@id":"https:\/\/covincennes.com\/#organization"},"potentialAction":[{"@type":"SearchAction","target":{"@type":"EntryPoint","urlTemplate":"https:\/\/covincennes.com\/?s={search_term_string}"},"query-input":"required name=search_term_string"}],"inLanguage":"fr-FR"},{"@type":"Organization","@id":"https:\/\/covincennes.com\/#organization","name":"CO Vincennes","url":"https:\/\/covincennes.com\/","sameAs":["https:\/\/www.facebook.com\/CO-VINCENNES-la-page-officielle-136021893155921\/","https:\/\/twitter.com\/covincennes"],"logo":{"@type":"ImageObject","inLanguage":"fr-FR","@id":"https:\/\/covincennes.com\/#\/schema\/logo\/image\/","url":"https:\/\/covincennes.com\/wp-content\/uploads\/2019\/11\/logo-cov-png.png","contentUrl":"https:\/\/covincennes.com\/wp-content\/uploads\/2019\/11\/logo-cov-png.png","width":495,"height":497,"caption":"CO Vincennes"},"image":{"@id":"https:\/\/covincennes.com\/#\/schema\/logo\/image\/"}},{"@type":"Person","@id":"https:\/\/covincennes.com\/#\/schema\/person\/eb881824360af01aa016999e439303fe","name":"Cole Hibry","image":{"@type":"ImageObject","inLanguage":"fr-FR","@id":"https:\/\/covincennes.com\/#\/schema\/person\/image\/","url":"https:\/\/secure.gravatar.com\/avatar\/fdd68f914853e79675161dab52794fbe213aaa71837a3f83ab5d0669e81bb866?s=96&d=mm&r=g","contentUrl":"https:\/\/secure.gravatar.com\/avatar\/fdd68f914853e79675161dab52794fbe213aaa71837a3f83ab5d0669e81bb866?s=96&d=mm&r=g","caption":"Cole Hibry"},"url":"https:\/\/covincennes.com\/index.php\/author\/chevit-frederic\/"}]}},"_links":{"self":[{"href":"https:\/\/covincennes.com\/index.php\/wp-json\/wp\/v2\/posts\/6233","targetHints":{"allow":["GET"]}}],"collection":[{"href":"https:\/\/covincennes.com\/index.php\/wp-json\/wp\/v2\/posts"}],"about":[{"href":"https:\/\/covincennes.com\/index.php\/wp-json\/wp\/v2\/types\/post"}],"author":[{"embeddable":true,"href":"https:\/\/covincennes.com\/index.php\/wp-json\/wp\/v2\/users\/2"}],"replies":[{"embeddable":true,"href":"https:\/\/covincennes.com\/index.php\/wp-json\/wp\/v2\/comments?post=6233"}],"version-history":[{"count":1,"href":"https:\/\/covincennes.com\/index.php\/wp-json\/wp\/v2\/posts\/6233\/revisions"}],"predecessor-version":[{"id":6235,"href":"https:\/\/covincennes.com\/index.php\/wp-json\/wp\/v2\/posts\/6233\/revisions\/6235"}],"wp:featuredmedia":[{"embeddable":true,"href":"https:\/\/covincennes.com\/index.php\/wp-json\/wp\/v2\/media\/6234"}],"wp:attachment":[{"href":"https:\/\/covincennes.com\/index.php\/wp-json\/wp\/v2\/media?parent=6233"}],"wp:term":[{"taxonomy":"category","embeddable":true,"href":"https:\/\/covincennes.com\/index.php\/wp-json\/wp\/v2\/categories?post=6233"},{"taxonomy":"post_tag","embeddable":true,"href":"https:\/\/covincennes.com\/index.php\/wp-json\/wp\/v2\/tags?post=6233"}],"curies":[{"name":"wp","href":"https:\/\/api.w.org\/{rel}","templated":true}]}}