{"id":6301,"date":"2022-12-15T18:49:16","date_gmt":"2022-12-15T17:49:16","guid":{"rendered":"https:\/\/covincennes.com\/?p=6301"},"modified":"2022-12-23T21:49:45","modified_gmt":"2022-12-23T20:49:45","slug":"vivez-la-finale-de-la-coupe-du-monde-a-la-mairie-de-vincennes","status":"publish","type":"post","link":"https:\/\/covincennes.com\/index.php\/2022\/12\/15\/vivez-la-finale-de-la-coupe-du-monde-a-la-mairie-de-vincennes\/","title":{"rendered":"Vivez la finale de la Coupe du monde \u00e0 la Mairie de Vincennes !"},"content":{"rendered":"<p>\u00c0 \u00e9v\u00e9nement exceptionnel, dispositif exceptionnel : la Ville de Vincennes a d\u00e9cid\u00e9 de retransmettre la finale de la Coupe du monde dans la salle des F\u00eates de l&rsquo;H\u00f4tel de Ville. Et elle y invite tous les adh\u00e9rents du COV !<\/p>\n<p>Alors, les moments de partage n&rsquo;\u00e9tant pas si nombreux, nous vous encourageons \u00e0 r\u00e9pondre favorablement \u00e0 cette invitation et \u00e0 venir dimanche, un peu avant 16 h 00, en jogging du club, soutenir les Bleus dans leur conqu\u00eate d&rsquo;une troisi\u00e8me \u00e9toile, la seconde cons\u00e9cutive.<\/p>\n<p>Tous \u00e0 la Mairie de Vincennes, pour crier fort et taper du pied !<\/p>\n","protected":false},"excerpt":{"rendered":"<p>\u00c0 \u00e9v\u00e9nement exceptionnel, dispositif exceptionnel : la Ville de Vincennes a d\u00e9cid\u00e9 de retransmettre la finale de la Coupe du monde dans la salle des F\u00eates de l&rsquo;H\u00f4tel de Ville. Et elle y invite tous les adh\u00e9rents du COV ! Alors, les moments de partage n&rsquo;\u00e9tant pas si nombreux, nous vous encourageons \u00e0 r\u00e9pondre favorablement [&hellip;]<\/p>\n","protected":false},"author":2,"featured_media":6302,"comment_status":"open","ping_status":"open","sticky":false,"template":"","format":"standard","meta":{"_monsterinsights_skip_tracking":false,"_monsterinsights_sitenote_active":false,"_monsterinsights_sitenote_note":"","_monsterinsights_sitenote_category":0,"footnotes":""},"categories":[1],"tags":[],"class_list":["post-6301","post","type-post","status-publish","format-standard","has-post-thumbnail","hentry","category-non-classe","entry","has-media"],"yoast_head":"<!-- This site is optimized with the Yoast SEO plugin v19.6.1 - https:\/\/yoast.com\/wordpress\/plugins\/seo\/ -->\n<title>Vivez la finale de la Coupe du monde \u00e0 la Mairie de Vincennes ! - CO Vincennes<\/title>\n<meta name=\"robots\" content=\"index, follow, max-snippet:-1, max-image-preview:large, max-video-preview:-1\" \/>\n<link rel=\"canonical\" href=\"https:\/\/covincennes.com\/index.php\/2022\/12\/15\/vivez-la-finale-de-la-coupe-du-monde-a-la-mairie-de-vincennes\/\" \/>\n<meta property=\"og:locale\" content=\"fr_FR\" \/>\n<meta property=\"og:type\" content=\"article\" \/>\n<meta property=\"og:title\" content=\"Vivez la finale de la Coupe du monde \u00e0 la Mairie de Vincennes ! - CO Vincennes\" \/>\n<meta property=\"og:description\" content=\"\u00c0 \u00e9v\u00e9nement exceptionnel, dispositif exceptionnel : la Ville de Vincennes a d\u00e9cid\u00e9 de retransmettre la finale de la Coupe du monde dans la salle des F\u00eates de l&rsquo;H\u00f4tel de Ville. Et elle y invite tous les adh\u00e9rents du COV ! Alors, les moments de partage n&rsquo;\u00e9tant pas si nombreux, nous vous encourageons \u00e0 r\u00e9pondre favorablement [&hellip;]\" \/>\n<meta property=\"og:url\" content=\"https:\/\/covincennes.com\/index.php\/2022\/12\/15\/vivez-la-finale-de-la-coupe-du-monde-a-la-mairie-de-vincennes\/\" \/>\n<meta property=\"og:site_name\" content=\"CO Vincennes\" \/>\n<meta property=\"article:publisher\" content=\"https:\/\/www.facebook.com\/CO-VINCENNES-la-page-officielle-136021893155921\/\" \/>\n<meta property=\"article:published_time\" content=\"2022-12-15T17:49:16+00:00\" \/>\n<meta property=\"article:modified_time\" content=\"2022-12-23T20:49:45+00:00\" \/>\n<meta property=\"og:image\" content=\"https:\/\/covincennes.com\/wp-content\/uploads\/2022\/12\/Coupe-du-monde-redimensionne\u0301e-1.jpeg\" \/>\n\t<meta property=\"og:image:width\" content=\"643\" \/>\n\t<meta property=\"og:image:height\" content=\"480\" \/>\n\t<meta property=\"og:image:type\" content=\"image\/jpeg\" \/>\n<meta name=\"author\" content=\"Cole Hibry\" \/>\n<meta name=\"twitter:card\" content=\"summary_large_image\" \/>\n<meta name=\"twitter:creator\" content=\"@covincennes\" \/>\n<meta name=\"twitter:site\" content=\"@covincennes\" \/>\n<meta name=\"twitter:label1\" content=\"\u00c9crit par\" \/>\n\t<meta name=\"twitter:data1\" content=\"Cole Hibry\" \/>\n\t<meta name=\"twitter:label2\" content=\"Dur\u00e9e de lecture estim\u00e9e\" \/>\n\t<meta name=\"twitter:data2\" content=\"1 minute\" \/>\n<script type=\"application\/ld+json\" class=\"yoast-schema-graph\">{\"@context\":\"https:\/\/schema.org\",\"@graph\":[{\"@type\":\"Article\",\"@id\":\"https:\/\/covincennes.com\/index.php\/2022\/12\/15\/vivez-la-finale-de-la-coupe-du-monde-a-la-mairie-de-vincennes\/#article\",\"isPartOf\":{\"@id\":\"https:\/\/covincennes.com\/index.php\/2022\/12\/15\/vivez-la-finale-de-la-coupe-du-monde-a-la-mairie-de-vincennes\/\"},\"author\":{\"name\":\"Cole Hibry\",\"@id\":\"https:\/\/covincennes.com\/#\/schema\/person\/eb881824360af01aa016999e439303fe\"},\"headline\":\"Vivez la finale de la Coupe du monde \u00e0 la Mairie de Vincennes !\",\"datePublished\":\"2022-12-15T17:49:16+00:00\",\"dateModified\":\"2022-12-23T20:49:45+00:00\",\"mainEntityOfPage\":{\"@id\":\"https:\/\/covincennes.com\/index.php\/2022\/12\/15\/vivez-la-finale-de-la-coupe-du-monde-a-la-mairie-de-vincennes\/\"},\"wordCount\":110,\"commentCount\":0,\"publisher\":{\"@id\":\"https:\/\/covincennes.com\/#organization\"},\"inLanguage\":\"fr-FR\",\"potentialAction\":[{\"@type\":\"CommentAction\",\"name\":\"Comment\",\"target\":[\"https:\/\/covincennes.com\/index.php\/2022\/12\/15\/vivez-la-finale-de-la-coupe-du-monde-a-la-mairie-de-vincennes\/#respond\"]}]},{\"@type\":\"WebPage\",\"@id\":\"https:\/\/covincennes.com\/index.php\/2022\/12\/15\/vivez-la-finale-de-la-coupe-du-monde-a-la-mairie-de-vincennes\/\",\"url\":\"https:\/\/covincennes.com\/index.php\/2022\/12\/15\/vivez-la-finale-de-la-coupe-du-monde-a-la-mairie-de-vincennes\/\",\"name\":\"Vivez la finale de la Coupe du monde \u00e0 la Mairie de Vincennes ! - CO Vincennes\",\"isPartOf\":{\"@id\":\"https:\/\/covincennes.com\/#website\"},\"datePublished\":\"2022-12-15T17:49:16+00:00\",\"dateModified\":\"2022-12-23T20:49:45+00:00\",\"breadcrumb\":{\"@id\":\"https:\/\/covincennes.com\/index.php\/2022\/12\/15\/vivez-la-finale-de-la-coupe-du-monde-a-la-mairie-de-vincennes\/#breadcrumb\"},\"inLanguage\":\"fr-FR\",\"potentialAction\":[{\"@type\":\"ReadAction\",\"target\":[\"https:\/\/covincennes.com\/index.php\/2022\/12\/15\/vivez-la-finale-de-la-coupe-du-monde-a-la-mairie-de-vincennes\/\"]}]},{\"@type\":\"BreadcrumbList\",\"@id\":\"https:\/\/covincennes.com\/index.php\/2022\/12\/15\/vivez-la-finale-de-la-coupe-du-monde-a-la-mairie-de-vincennes\/#breadcrumb\",\"itemListElement\":[{\"@type\":\"ListItem\",\"position\":1,\"name\":\"Accueil\",\"item\":\"https:\/\/covincennes.com\/\"},{\"@type\":\"ListItem\",\"position\":2,\"name\":\"Vivez la finale de la Coupe du monde \u00e0 la Mairie de Vincennes !\"}]},{\"@type\":\"WebSite\",\"@id\":\"https:\/\/covincennes.com\/#website\",\"url\":\"https:\/\/covincennes.com\/\",\"name\":\"CO Vincennes\",\"description\":\"Un site utilisant WordPress\",\"publisher\":{\"@id\":\"https:\/\/covincennes.com\/#organization\"},\"potentialAction\":[{\"@type\":\"SearchAction\",\"target\":{\"@type\":\"EntryPoint\",\"urlTemplate\":\"https:\/\/covincennes.com\/?s={search_term_string}\"},\"query-input\":\"required name=search_term_string\"}],\"inLanguage\":\"fr-FR\"},{\"@type\":\"Organization\",\"@id\":\"https:\/\/covincennes.com\/#organization\",\"name\":\"CO Vincennes\",\"url\":\"https:\/\/covincennes.com\/\",\"sameAs\":[\"https:\/\/www.facebook.com\/CO-VINCENNES-la-page-officielle-136021893155921\/\",\"https:\/\/twitter.com\/covincennes\"],\"logo\":{\"@type\":\"ImageObject\",\"inLanguage\":\"fr-FR\",\"@id\":\"https:\/\/covincennes.com\/#\/schema\/logo\/image\/\",\"url\":\"https:\/\/covincennes.com\/wp-content\/uploads\/2019\/11\/logo-cov-png.png\",\"contentUrl\":\"https:\/\/covincennes.com\/wp-content\/uploads\/2019\/11\/logo-cov-png.png\",\"width\":495,\"height\":497,\"caption\":\"CO Vincennes\"},\"image\":{\"@id\":\"https:\/\/covincennes.com\/#\/schema\/logo\/image\/\"}},{\"@type\":\"Person\",\"@id\":\"https:\/\/covincennes.com\/#\/schema\/person\/eb881824360af01aa016999e439303fe\",\"name\":\"Cole Hibry\",\"image\":{\"@type\":\"ImageObject\",\"inLanguage\":\"fr-FR\",\"@id\":\"https:\/\/covincennes.com\/#\/schema\/person\/image\/\",\"url\":\"https:\/\/secure.gravatar.com\/avatar\/fdd68f914853e79675161dab52794fbe213aaa71837a3f83ab5d0669e81bb866?s=96&d=mm&r=g\",\"contentUrl\":\"https:\/\/secure.gravatar.com\/avatar\/fdd68f914853e79675161dab52794fbe213aaa71837a3f83ab5d0669e81bb866?s=96&d=mm&r=g\",\"caption\":\"Cole Hibry\"},\"url\":\"https:\/\/covincennes.com\/index.php\/author\/chevit-frederic\/\"}]}<\/script>\n<!-- \/ Yoast SEO plugin. -->","yoast_head_json":{"title":"Vivez la finale de la Coupe du monde \u00e0 la Mairie de Vincennes ! - CO Vincennes","robots":{"index":"index","follow":"follow","max-snippet":"max-snippet:-1","max-image-preview":"max-image-preview:large","max-video-preview":"max-video-preview:-1"},"canonical":"https:\/\/covincennes.com\/index.php\/2022\/12\/15\/vivez-la-finale-de-la-coupe-du-monde-a-la-mairie-de-vincennes\/","og_locale":"fr_FR","og_type":"article","og_title":"Vivez la finale de la Coupe du monde \u00e0 la Mairie de Vincennes ! - CO Vincennes","og_description":"\u00c0 \u00e9v\u00e9nement exceptionnel, dispositif exceptionnel : la Ville de Vincennes a d\u00e9cid\u00e9 de retransmettre la finale de la Coupe du monde dans la salle des F\u00eates de l&rsquo;H\u00f4tel de Ville. Et elle y invite tous les adh\u00e9rents du COV ! Alors, les moments de partage n&rsquo;\u00e9tant pas si nombreux, nous vous encourageons \u00e0 r\u00e9pondre favorablement [&hellip;]","og_url":"https:\/\/covincennes.com\/index.php\/2022\/12\/15\/vivez-la-finale-de-la-coupe-du-monde-a-la-mairie-de-vincennes\/","og_site_name":"CO Vincennes","article_publisher":"https:\/\/www.facebook.com\/CO-VINCENNES-la-page-officielle-136021893155921\/","article_published_time":"2022-12-15T17:49:16+00:00","article_modified_time":"2022-12-23T20:49:45+00:00","og_image":[{"width":643,"height":480,"url":"https:\/\/covincennes.com\/wp-content\/uploads\/2022\/12\/Coupe-du-monde-redimensionne\u0301e-1.jpeg","type":"image\/jpeg"}],"author":"Cole Hibry","twitter_card":"summary_large_image","twitter_creator":"@covincennes","twitter_site":"@covincennes","twitter_misc":{"\u00c9crit par":"Cole Hibry","Dur\u00e9e de lecture estim\u00e9e":"1 minute"},"schema":{"@context":"https:\/\/schema.org","@graph":[{"@type":"Article","@id":"https:\/\/covincennes.com\/index.php\/2022\/12\/15\/vivez-la-finale-de-la-coupe-du-monde-a-la-mairie-de-vincennes\/#article","isPartOf":{"@id":"https:\/\/covincennes.com\/index.php\/2022\/12\/15\/vivez-la-finale-de-la-coupe-du-monde-a-la-mairie-de-vincennes\/"},"author":{"name":"Cole Hibry","@id":"https:\/\/covincennes.com\/#\/schema\/person\/eb881824360af01aa016999e439303fe"},"headline":"Vivez la finale de la Coupe du monde \u00e0 la Mairie de Vincennes !","datePublished":"2022-12-15T17:49:16+00:00","dateModified":"2022-12-23T20:49:45+00:00","mainEntityOfPage":{"@id":"https:\/\/covincennes.com\/index.php\/2022\/12\/15\/vivez-la-finale-de-la-coupe-du-monde-a-la-mairie-de-vincennes\/"},"wordCount":110,"commentCount":0,"publisher":{"@id":"https:\/\/covincennes.com\/#organization"},"inLanguage":"fr-FR","potentialAction":[{"@type":"CommentAction","name":"Comment","target":["https:\/\/covincennes.com\/index.php\/2022\/12\/15\/vivez-la-finale-de-la-coupe-du-monde-a-la-mairie-de-vincennes\/#respond"]}]},{"@type":"WebPage","@id":"https:\/\/covincennes.com\/index.php\/2022\/12\/15\/vivez-la-finale-de-la-coupe-du-monde-a-la-mairie-de-vincennes\/","url":"https:\/\/covincennes.com\/index.php\/2022\/12\/15\/vivez-la-finale-de-la-coupe-du-monde-a-la-mairie-de-vincennes\/","name":"Vivez la finale de la Coupe du monde \u00e0 la Mairie de Vincennes ! - CO Vincennes","isPartOf":{"@id":"https:\/\/covincennes.com\/#website"},"datePublished":"2022-12-15T17:49:16+00:00","dateModified":"2022-12-23T20:49:45+00:00","breadcrumb":{"@id":"https:\/\/covincennes.com\/index.php\/2022\/12\/15\/vivez-la-finale-de-la-coupe-du-monde-a-la-mairie-de-vincennes\/#breadcrumb"},"inLanguage":"fr-FR","potentialAction":[{"@type":"ReadAction","target":["https:\/\/covincennes.com\/index.php\/2022\/12\/15\/vivez-la-finale-de-la-coupe-du-monde-a-la-mairie-de-vincennes\/"]}]},{"@type":"BreadcrumbList","@id":"https:\/\/covincennes.com\/index.php\/2022\/12\/15\/vivez-la-finale-de-la-coupe-du-monde-a-la-mairie-de-vincennes\/#breadcrumb","itemListElement":[{"@type":"ListItem","position":1,"name":"Accueil","item":"https:\/\/covincennes.com\/"},{"@type":"ListItem","position":2,"name":"Vivez la finale de la Coupe du monde \u00e0 la Mairie de Vincennes !"}]},{"@type":"WebSite","@id":"https:\/\/covincennes.com\/#website","url":"https:\/\/covincennes.com\/","name":"CO Vincennes","description":"Un site utilisant WordPress","publisher":{"@id":"https:\/\/covincennes.com\/#organization"},"potentialAction":[{"@type":"SearchAction","target":{"@type":"EntryPoint","urlTemplate":"https:\/\/covincennes.com\/?s={search_term_string}"},"query-input":"required name=search_term_string"}],"inLanguage":"fr-FR"},{"@type":"Organization","@id":"https:\/\/covincennes.com\/#organization","name":"CO Vincennes","url":"https:\/\/covincennes.com\/","sameAs":["https:\/\/www.facebook.com\/CO-VINCENNES-la-page-officielle-136021893155921\/","https:\/\/twitter.com\/covincennes"],"logo":{"@type":"ImageObject","inLanguage":"fr-FR","@id":"https:\/\/covincennes.com\/#\/schema\/logo\/image\/","url":"https:\/\/covincennes.com\/wp-content\/uploads\/2019\/11\/logo-cov-png.png","contentUrl":"https:\/\/covincennes.com\/wp-content\/uploads\/2019\/11\/logo-cov-png.png","width":495,"height":497,"caption":"CO Vincennes"},"image":{"@id":"https:\/\/covincennes.com\/#\/schema\/logo\/image\/"}},{"@type":"Person","@id":"https:\/\/covincennes.com\/#\/schema\/person\/eb881824360af01aa016999e439303fe","name":"Cole Hibry","image":{"@type":"ImageObject","inLanguage":"fr-FR","@id":"https:\/\/covincennes.com\/#\/schema\/person\/image\/","url":"https:\/\/secure.gravatar.com\/avatar\/fdd68f914853e79675161dab52794fbe213aaa71837a3f83ab5d0669e81bb866?s=96&d=mm&r=g","contentUrl":"https:\/\/secure.gravatar.com\/avatar\/fdd68f914853e79675161dab52794fbe213aaa71837a3f83ab5d0669e81bb866?s=96&d=mm&r=g","caption":"Cole Hibry"},"url":"https:\/\/covincennes.com\/index.php\/author\/chevit-frederic\/"}]}},"_links":{"self":[{"href":"https:\/\/covincennes.com\/index.php\/wp-json\/wp\/v2\/posts\/6301","targetHints":{"allow":["GET"]}}],"collection":[{"href":"https:\/\/covincennes.com\/index.php\/wp-json\/wp\/v2\/posts"}],"about":[{"href":"https:\/\/covincennes.com\/index.php\/wp-json\/wp\/v2\/types\/post"}],"author":[{"embeddable":true,"href":"https:\/\/covincennes.com\/index.php\/wp-json\/wp\/v2\/users\/2"}],"replies":[{"embeddable":true,"href":"https:\/\/covincennes.com\/index.php\/wp-json\/wp\/v2\/comments?post=6301"}],"version-history":[{"count":1,"href":"https:\/\/covincennes.com\/index.php\/wp-json\/wp\/v2\/posts\/6301\/revisions"}],"predecessor-version":[{"id":6303,"href":"https:\/\/covincennes.com\/index.php\/wp-json\/wp\/v2\/posts\/6301\/revisions\/6303"}],"wp:featuredmedia":[{"embeddable":true,"href":"https:\/\/covincennes.com\/index.php\/wp-json\/wp\/v2\/media\/6302"}],"wp:attachment":[{"href":"https:\/\/covincennes.com\/index.php\/wp-json\/wp\/v2\/media?parent=6301"}],"wp:term":[{"taxonomy":"category","embeddable":true,"href":"https:\/\/covincennes.com\/index.php\/wp-json\/wp\/v2\/categories?post=6301"},{"taxonomy":"post_tag","embeddable":true,"href":"https:\/\/covincennes.com\/index.php\/wp-json\/wp\/v2\/tags?post=6301"}],"curies":[{"name":"wp","href":"https:\/\/api.w.org\/{rel}","templated":true}]}}