{"id":6305,"date":"2022-12-23T21:48:42","date_gmt":"2022-12-23T20:48:42","guid":{"rendered":"https:\/\/covincennes.com\/?p=6305"},"modified":"2023-01-09T20:10:38","modified_gmt":"2023-01-09T19:10:38","slug":"gros-succes-pour-la-finale-de-la-coupe-du-monde-a-vincennes","status":"publish","type":"post","link":"https:\/\/covincennes.com\/index.php\/2022\/12\/23\/gros-succes-pour-la-finale-de-la-coupe-du-monde-a-vincennes\/","title":{"rendered":"Gros succ\u00e8s pour la finale de la Coupe du monde \u00e0&#8230; Vincennes !"},"content":{"rendered":"<p>La Ville de Vincennes n&rsquo;avait pas voulu laisser passer l&rsquo;occasion de permettre \u00e0 ses passionn\u00e9s de football de partager un moment m\u00e9morable : une finale de Coupe du monde avec l&rsquo;\u00e9quipe de France.<\/p>\n<p>Belle initiative et gros succ\u00e8s : la salle des F\u00eates de la Mairie \u00e9tait pleine \u00e0 craquer. Les Vincennois et les Vincennoises &#8211; tr\u00e8s nombreuses, peut-\u00eatre majoritaires &#8211; ont pu vibrer devant l&rsquo;\u00e9cran g\u00e9ant. Madame le Maire, Charlotte Libert-Albanel, en faisait naturellement partie. Beaucoup de jeunes du COV, \u00e9videmment, avaient r\u00e9pondu \u00e0 cette invitation, reconnaissables \u00e0 leur jogging rouge.<\/p>\n<p>Revivez gr\u00e2ce au clip film\u00e9 et r\u00e9alis\u00e9 par Thelma ce qui restera comme un grand moment, malgr\u00e9 la d\u00e9ception d&rsquo;avoir laiss\u00e9 \u00e9chapper de si peu une troisi\u00e8me \u00e9toile.<\/p>\n<p class=\"responsive-video-wrap clr\"><iframe loading=\"lazy\" title=\"Finale de la Coupe du monde a\u0300 Vincennes\" width=\"1200\" height=\"675\" src=\"https:\/\/www.youtube.com\/embed\/SmQxxneLzt4?feature=oembed\" frameborder=\"0\" allow=\"accelerometer; autoplay; clipboard-write; encrypted-media; gyroscope; picture-in-picture; web-share\" allowfullscreen><\/iframe><\/p>\n","protected":false},"excerpt":{"rendered":"<p>La Ville de Vincennes n&rsquo;avait pas voulu laisser passer l&rsquo;occasion de permettre \u00e0 ses passionn\u00e9s de football de partager un moment m\u00e9morable : une finale de Coupe du monde avec l&rsquo;\u00e9quipe de France. Belle initiative et gros succ\u00e8s : la salle des F\u00eates de la Mairie \u00e9tait pleine \u00e0 craquer. Les Vincennois et les Vincennoises [&hellip;]<\/p>\n","protected":false},"author":2,"featured_media":6306,"comment_status":"open","ping_status":"open","sticky":false,"template":"","format":"standard","meta":{"_monsterinsights_skip_tracking":false,"_monsterinsights_sitenote_active":false,"_monsterinsights_sitenote_note":"","_monsterinsights_sitenote_category":0,"footnotes":""},"categories":[48],"tags":[],"class_list":["post-6305","post","type-post","status-publish","format-standard","has-post-thumbnail","hentry","category-a-la-une","entry","has-media"],"yoast_head":"<!-- This site is optimized with the Yoast SEO plugin v19.6.1 - https:\/\/yoast.com\/wordpress\/plugins\/seo\/ -->\n<title>Gros succ\u00e8s pour la finale de la Coupe du monde \u00e0... Vincennes ! - CO Vincennes<\/title>\n<meta name=\"robots\" content=\"index, follow, max-snippet:-1, max-image-preview:large, max-video-preview:-1\" \/>\n<link rel=\"canonical\" href=\"https:\/\/covincennes.com\/index.php\/2022\/12\/23\/gros-succes-pour-la-finale-de-la-coupe-du-monde-a-vincennes\/\" \/>\n<meta property=\"og:locale\" content=\"fr_FR\" \/>\n<meta property=\"og:type\" content=\"article\" \/>\n<meta property=\"og:title\" content=\"Gros succ\u00e8s pour la finale de la Coupe du monde \u00e0... Vincennes ! - CO Vincennes\" \/>\n<meta property=\"og:description\" content=\"La Ville de Vincennes n&rsquo;avait pas voulu laisser passer l&rsquo;occasion de permettre \u00e0 ses passionn\u00e9s de football de partager un moment m\u00e9morable : une finale de Coupe du monde avec l&rsquo;\u00e9quipe de France. Belle initiative et gros succ\u00e8s : la salle des F\u00eates de la Mairie \u00e9tait pleine \u00e0 craquer. Les Vincennois et les Vincennoises [&hellip;]\" \/>\n<meta property=\"og:url\" content=\"https:\/\/covincennes.com\/index.php\/2022\/12\/23\/gros-succes-pour-la-finale-de-la-coupe-du-monde-a-vincennes\/\" \/>\n<meta property=\"og:site_name\" content=\"CO Vincennes\" \/>\n<meta property=\"article:publisher\" content=\"https:\/\/www.facebook.com\/CO-VINCENNES-la-page-officielle-136021893155921\/\" \/>\n<meta property=\"article:published_time\" content=\"2022-12-23T20:48:42+00:00\" \/>\n<meta property=\"article:modified_time\" content=\"2023-01-09T19:10:38+00:00\" \/>\n<meta property=\"og:image\" content=\"https:\/\/covincennes.com\/wp-content\/uploads\/2022\/12\/Finale-Coupe-du-monde.jpg\" \/>\n\t<meta property=\"og:image:width\" content=\"643\" \/>\n\t<meta property=\"og:image:height\" content=\"480\" \/>\n\t<meta property=\"og:image:type\" content=\"image\/jpeg\" \/>\n<meta name=\"author\" content=\"Cole Hibry\" \/>\n<meta name=\"twitter:card\" content=\"summary_large_image\" \/>\n<meta name=\"twitter:creator\" content=\"@covincennes\" \/>\n<meta name=\"twitter:site\" content=\"@covincennes\" \/>\n<meta name=\"twitter:label1\" content=\"\u00c9crit par\" \/>\n\t<meta name=\"twitter:data1\" content=\"Cole Hibry\" \/>\n\t<meta name=\"twitter:label2\" content=\"Dur\u00e9e de lecture estim\u00e9e\" \/>\n\t<meta name=\"twitter:data2\" content=\"1 minute\" \/>\n<script type=\"application\/ld+json\" class=\"yoast-schema-graph\">{\"@context\":\"https:\/\/schema.org\",\"@graph\":[{\"@type\":\"Article\",\"@id\":\"https:\/\/covincennes.com\/index.php\/2022\/12\/23\/gros-succes-pour-la-finale-de-la-coupe-du-monde-a-vincennes\/#article\",\"isPartOf\":{\"@id\":\"https:\/\/covincennes.com\/index.php\/2022\/12\/23\/gros-succes-pour-la-finale-de-la-coupe-du-monde-a-vincennes\/\"},\"author\":{\"name\":\"Cole Hibry\",\"@id\":\"https:\/\/covincennes.com\/#\/schema\/person\/eb881824360af01aa016999e439303fe\"},\"headline\":\"Gros succ\u00e8s pour la finale de la Coupe du monde \u00e0&#8230; Vincennes !\",\"datePublished\":\"2022-12-23T20:48:42+00:00\",\"dateModified\":\"2023-01-09T19:10:38+00:00\",\"mainEntityOfPage\":{\"@id\":\"https:\/\/covincennes.com\/index.php\/2022\/12\/23\/gros-succes-pour-la-finale-de-la-coupe-du-monde-a-vincennes\/\"},\"wordCount\":144,\"commentCount\":0,\"publisher\":{\"@id\":\"https:\/\/covincennes.com\/#organization\"},\"articleSection\":[\"\u00e0 la une\"],\"inLanguage\":\"fr-FR\",\"potentialAction\":[{\"@type\":\"CommentAction\",\"name\":\"Comment\",\"target\":[\"https:\/\/covincennes.com\/index.php\/2022\/12\/23\/gros-succes-pour-la-finale-de-la-coupe-du-monde-a-vincennes\/#respond\"]}]},{\"@type\":\"WebPage\",\"@id\":\"https:\/\/covincennes.com\/index.php\/2022\/12\/23\/gros-succes-pour-la-finale-de-la-coupe-du-monde-a-vincennes\/\",\"url\":\"https:\/\/covincennes.com\/index.php\/2022\/12\/23\/gros-succes-pour-la-finale-de-la-coupe-du-monde-a-vincennes\/\",\"name\":\"Gros succ\u00e8s pour la finale de la Coupe du monde \u00e0... Vincennes ! - CO Vincennes\",\"isPartOf\":{\"@id\":\"https:\/\/covincennes.com\/#website\"},\"datePublished\":\"2022-12-23T20:48:42+00:00\",\"dateModified\":\"2023-01-09T19:10:38+00:00\",\"breadcrumb\":{\"@id\":\"https:\/\/covincennes.com\/index.php\/2022\/12\/23\/gros-succes-pour-la-finale-de-la-coupe-du-monde-a-vincennes\/#breadcrumb\"},\"inLanguage\":\"fr-FR\",\"potentialAction\":[{\"@type\":\"ReadAction\",\"target\":[\"https:\/\/covincennes.com\/index.php\/2022\/12\/23\/gros-succes-pour-la-finale-de-la-coupe-du-monde-a-vincennes\/\"]}]},{\"@type\":\"BreadcrumbList\",\"@id\":\"https:\/\/covincennes.com\/index.php\/2022\/12\/23\/gros-succes-pour-la-finale-de-la-coupe-du-monde-a-vincennes\/#breadcrumb\",\"itemListElement\":[{\"@type\":\"ListItem\",\"position\":1,\"name\":\"Accueil\",\"item\":\"https:\/\/covincennes.com\/\"},{\"@type\":\"ListItem\",\"position\":2,\"name\":\"Gros succ\u00e8s pour la finale de la Coupe du monde \u00e0&#8230; Vincennes !\"}]},{\"@type\":\"WebSite\",\"@id\":\"https:\/\/covincennes.com\/#website\",\"url\":\"https:\/\/covincennes.com\/\",\"name\":\"CO Vincennes\",\"description\":\"Un site utilisant WordPress\",\"publisher\":{\"@id\":\"https:\/\/covincennes.com\/#organization\"},\"potentialAction\":[{\"@type\":\"SearchAction\",\"target\":{\"@type\":\"EntryPoint\",\"urlTemplate\":\"https:\/\/covincennes.com\/?s={search_term_string}\"},\"query-input\":\"required name=search_term_string\"}],\"inLanguage\":\"fr-FR\"},{\"@type\":\"Organization\",\"@id\":\"https:\/\/covincennes.com\/#organization\",\"name\":\"CO Vincennes\",\"url\":\"https:\/\/covincennes.com\/\",\"sameAs\":[\"https:\/\/www.facebook.com\/CO-VINCENNES-la-page-officielle-136021893155921\/\",\"https:\/\/twitter.com\/covincennes\"],\"logo\":{\"@type\":\"ImageObject\",\"inLanguage\":\"fr-FR\",\"@id\":\"https:\/\/covincennes.com\/#\/schema\/logo\/image\/\",\"url\":\"https:\/\/covincennes.com\/wp-content\/uploads\/2019\/11\/logo-cov-png.png\",\"contentUrl\":\"https:\/\/covincennes.com\/wp-content\/uploads\/2019\/11\/logo-cov-png.png\",\"width\":495,\"height\":497,\"caption\":\"CO Vincennes\"},\"image\":{\"@id\":\"https:\/\/covincennes.com\/#\/schema\/logo\/image\/\"}},{\"@type\":\"Person\",\"@id\":\"https:\/\/covincennes.com\/#\/schema\/person\/eb881824360af01aa016999e439303fe\",\"name\":\"Cole Hibry\",\"image\":{\"@type\":\"ImageObject\",\"inLanguage\":\"fr-FR\",\"@id\":\"https:\/\/covincennes.com\/#\/schema\/person\/image\/\",\"url\":\"https:\/\/secure.gravatar.com\/avatar\/fdd68f914853e79675161dab52794fbe213aaa71837a3f83ab5d0669e81bb866?s=96&d=mm&r=g\",\"contentUrl\":\"https:\/\/secure.gravatar.com\/avatar\/fdd68f914853e79675161dab52794fbe213aaa71837a3f83ab5d0669e81bb866?s=96&d=mm&r=g\",\"caption\":\"Cole Hibry\"},\"url\":\"https:\/\/covincennes.com\/index.php\/author\/chevit-frederic\/\"}]}<\/script>\n<!-- \/ Yoast SEO plugin. -->","yoast_head_json":{"title":"Gros succ\u00e8s pour la finale de la Coupe du monde \u00e0... Vincennes ! - CO Vincennes","robots":{"index":"index","follow":"follow","max-snippet":"max-snippet:-1","max-image-preview":"max-image-preview:large","max-video-preview":"max-video-preview:-1"},"canonical":"https:\/\/covincennes.com\/index.php\/2022\/12\/23\/gros-succes-pour-la-finale-de-la-coupe-du-monde-a-vincennes\/","og_locale":"fr_FR","og_type":"article","og_title":"Gros succ\u00e8s pour la finale de la Coupe du monde \u00e0... Vincennes ! - CO Vincennes","og_description":"La Ville de Vincennes n&rsquo;avait pas voulu laisser passer l&rsquo;occasion de permettre \u00e0 ses passionn\u00e9s de football de partager un moment m\u00e9morable : une finale de Coupe du monde avec l&rsquo;\u00e9quipe de France. Belle initiative et gros succ\u00e8s : la salle des F\u00eates de la Mairie \u00e9tait pleine \u00e0 craquer. Les Vincennois et les Vincennoises [&hellip;]","og_url":"https:\/\/covincennes.com\/index.php\/2022\/12\/23\/gros-succes-pour-la-finale-de-la-coupe-du-monde-a-vincennes\/","og_site_name":"CO Vincennes","article_publisher":"https:\/\/www.facebook.com\/CO-VINCENNES-la-page-officielle-136021893155921\/","article_published_time":"2022-12-23T20:48:42+00:00","article_modified_time":"2023-01-09T19:10:38+00:00","og_image":[{"width":643,"height":480,"url":"https:\/\/covincennes.com\/wp-content\/uploads\/2022\/12\/Finale-Coupe-du-monde.jpg","type":"image\/jpeg"}],"author":"Cole Hibry","twitter_card":"summary_large_image","twitter_creator":"@covincennes","twitter_site":"@covincennes","twitter_misc":{"\u00c9crit par":"Cole Hibry","Dur\u00e9e de lecture estim\u00e9e":"1 minute"},"schema":{"@context":"https:\/\/schema.org","@graph":[{"@type":"Article","@id":"https:\/\/covincennes.com\/index.php\/2022\/12\/23\/gros-succes-pour-la-finale-de-la-coupe-du-monde-a-vincennes\/#article","isPartOf":{"@id":"https:\/\/covincennes.com\/index.php\/2022\/12\/23\/gros-succes-pour-la-finale-de-la-coupe-du-monde-a-vincennes\/"},"author":{"name":"Cole Hibry","@id":"https:\/\/covincennes.com\/#\/schema\/person\/eb881824360af01aa016999e439303fe"},"headline":"Gros succ\u00e8s pour la finale de la Coupe du monde \u00e0&#8230; Vincennes !","datePublished":"2022-12-23T20:48:42+00:00","dateModified":"2023-01-09T19:10:38+00:00","mainEntityOfPage":{"@id":"https:\/\/covincennes.com\/index.php\/2022\/12\/23\/gros-succes-pour-la-finale-de-la-coupe-du-monde-a-vincennes\/"},"wordCount":144,"commentCount":0,"publisher":{"@id":"https:\/\/covincennes.com\/#organization"},"articleSection":["\u00e0 la une"],"inLanguage":"fr-FR","potentialAction":[{"@type":"CommentAction","name":"Comment","target":["https:\/\/covincennes.com\/index.php\/2022\/12\/23\/gros-succes-pour-la-finale-de-la-coupe-du-monde-a-vincennes\/#respond"]}]},{"@type":"WebPage","@id":"https:\/\/covincennes.com\/index.php\/2022\/12\/23\/gros-succes-pour-la-finale-de-la-coupe-du-monde-a-vincennes\/","url":"https:\/\/covincennes.com\/index.php\/2022\/12\/23\/gros-succes-pour-la-finale-de-la-coupe-du-monde-a-vincennes\/","name":"Gros succ\u00e8s pour la finale de la Coupe du monde \u00e0... Vincennes ! - CO Vincennes","isPartOf":{"@id":"https:\/\/covincennes.com\/#website"},"datePublished":"2022-12-23T20:48:42+00:00","dateModified":"2023-01-09T19:10:38+00:00","breadcrumb":{"@id":"https:\/\/covincennes.com\/index.php\/2022\/12\/23\/gros-succes-pour-la-finale-de-la-coupe-du-monde-a-vincennes\/#breadcrumb"},"inLanguage":"fr-FR","potentialAction":[{"@type":"ReadAction","target":["https:\/\/covincennes.com\/index.php\/2022\/12\/23\/gros-succes-pour-la-finale-de-la-coupe-du-monde-a-vincennes\/"]}]},{"@type":"BreadcrumbList","@id":"https:\/\/covincennes.com\/index.php\/2022\/12\/23\/gros-succes-pour-la-finale-de-la-coupe-du-monde-a-vincennes\/#breadcrumb","itemListElement":[{"@type":"ListItem","position":1,"name":"Accueil","item":"https:\/\/covincennes.com\/"},{"@type":"ListItem","position":2,"name":"Gros succ\u00e8s pour la finale de la Coupe du monde \u00e0&#8230; Vincennes !"}]},{"@type":"WebSite","@id":"https:\/\/covincennes.com\/#website","url":"https:\/\/covincennes.com\/","name":"CO Vincennes","description":"Un site utilisant WordPress","publisher":{"@id":"https:\/\/covincennes.com\/#organization"},"potentialAction":[{"@type":"SearchAction","target":{"@type":"EntryPoint","urlTemplate":"https:\/\/covincennes.com\/?s={search_term_string}"},"query-input":"required name=search_term_string"}],"inLanguage":"fr-FR"},{"@type":"Organization","@id":"https:\/\/covincennes.com\/#organization","name":"CO Vincennes","url":"https:\/\/covincennes.com\/","sameAs":["https:\/\/www.facebook.com\/CO-VINCENNES-la-page-officielle-136021893155921\/","https:\/\/twitter.com\/covincennes"],"logo":{"@type":"ImageObject","inLanguage":"fr-FR","@id":"https:\/\/covincennes.com\/#\/schema\/logo\/image\/","url":"https:\/\/covincennes.com\/wp-content\/uploads\/2019\/11\/logo-cov-png.png","contentUrl":"https:\/\/covincennes.com\/wp-content\/uploads\/2019\/11\/logo-cov-png.png","width":495,"height":497,"caption":"CO Vincennes"},"image":{"@id":"https:\/\/covincennes.com\/#\/schema\/logo\/image\/"}},{"@type":"Person","@id":"https:\/\/covincennes.com\/#\/schema\/person\/eb881824360af01aa016999e439303fe","name":"Cole Hibry","image":{"@type":"ImageObject","inLanguage":"fr-FR","@id":"https:\/\/covincennes.com\/#\/schema\/person\/image\/","url":"https:\/\/secure.gravatar.com\/avatar\/fdd68f914853e79675161dab52794fbe213aaa71837a3f83ab5d0669e81bb866?s=96&d=mm&r=g","contentUrl":"https:\/\/secure.gravatar.com\/avatar\/fdd68f914853e79675161dab52794fbe213aaa71837a3f83ab5d0669e81bb866?s=96&d=mm&r=g","caption":"Cole Hibry"},"url":"https:\/\/covincennes.com\/index.php\/author\/chevit-frederic\/"}]}},"_links":{"self":[{"href":"https:\/\/covincennes.com\/index.php\/wp-json\/wp\/v2\/posts\/6305","targetHints":{"allow":["GET"]}}],"collection":[{"href":"https:\/\/covincennes.com\/index.php\/wp-json\/wp\/v2\/posts"}],"about":[{"href":"https:\/\/covincennes.com\/index.php\/wp-json\/wp\/v2\/types\/post"}],"author":[{"embeddable":true,"href":"https:\/\/covincennes.com\/index.php\/wp-json\/wp\/v2\/users\/2"}],"replies":[{"embeddable":true,"href":"https:\/\/covincennes.com\/index.php\/wp-json\/wp\/v2\/comments?post=6305"}],"version-history":[{"count":3,"href":"https:\/\/covincennes.com\/index.php\/wp-json\/wp\/v2\/posts\/6305\/revisions"}],"predecessor-version":[{"id":6310,"href":"https:\/\/covincennes.com\/index.php\/wp-json\/wp\/v2\/posts\/6305\/revisions\/6310"}],"wp:featuredmedia":[{"embeddable":true,"href":"https:\/\/covincennes.com\/index.php\/wp-json\/wp\/v2\/media\/6306"}],"wp:attachment":[{"href":"https:\/\/covincennes.com\/index.php\/wp-json\/wp\/v2\/media?parent=6305"}],"wp:term":[{"taxonomy":"category","embeddable":true,"href":"https:\/\/covincennes.com\/index.php\/wp-json\/wp\/v2\/categories?post=6305"},{"taxonomy":"post_tag","embeddable":true,"href":"https:\/\/covincennes.com\/index.php\/wp-json\/wp\/v2\/tags?post=6305"}],"curies":[{"name":"wp","href":"https:\/\/api.w.org\/{rel}","templated":true}]}}