{"id":6322,"date":"2023-01-09T21:19:58","date_gmt":"2023-01-09T20:19:58","guid":{"rendered":"https:\/\/covincennes.com\/?p=6322"},"modified":"2023-09-17T23:11:38","modified_gmt":"2023-09-17T21:11:38","slug":"nos-u18-f-sur-un-nuage","status":"publish","type":"post","link":"https:\/\/covincennes.com\/index.php\/2023\/01\/09\/nos-u18-f-sur-un-nuage\/","title":{"rendered":"Nos U18 F sur un nuage"},"content":{"rendered":"<p>Nos U18 F n&rsquo;ont pas fait de d\u00e9tail en 32\u00e8me de finale de la Coupe de Paris, face \u00e0 Drancy.<\/p>\n<p>Sup\u00e9rieures dans tous les d\u00e9partements du jeu, les filles de Dylan se sont qualifi\u00e9es avec la mani\u00e8re, encha\u00eenant les buts, dont certains \u00e0 l&rsquo;issue de combinaisons tr\u00e8s bien men\u00e9es.<\/p>\n<p>A l&rsquo;arriv\u00e9e, une tr\u00e8s large victoire (12-0) contre une \u00e9quipe qui \u00e9volue pourtant en R3. Et une mention sp\u00e9ciale \u00e0 Audrey, auteure d&rsquo;un octupl\u00e9. \u00c7a se dit ainsi quand on marque huit buts ?<\/p>\n","protected":false},"excerpt":{"rendered":"<p>Nos U18 F n&rsquo;ont pas fait de d\u00e9tail en 32\u00e8me de finale de la Coupe de Paris, face \u00e0 Drancy. Sup\u00e9rieures dans tous les d\u00e9partements du jeu, les filles de Dylan se sont qualifi\u00e9es avec la mani\u00e8re, encha\u00eenant les buts, dont certains \u00e0 l&rsquo;issue de combinaisons tr\u00e8s bien men\u00e9es. A l&rsquo;arriv\u00e9e, une tr\u00e8s large victoire [&hellip;]<\/p>\n","protected":false},"author":2,"featured_media":6323,"comment_status":"open","ping_status":"open","sticky":false,"template":"","format":"standard","meta":{"_monsterinsights_skip_tracking":false,"_monsterinsights_sitenote_active":false,"_monsterinsights_sitenote_note":"","_monsterinsights_sitenote_category":0,"footnotes":""},"categories":[1],"tags":[],"class_list":["post-6322","post","type-post","status-publish","format-standard","has-post-thumbnail","hentry","category-non-classe","entry","has-media"],"yoast_head":"<!-- This site is optimized with the Yoast SEO plugin v19.6.1 - https:\/\/yoast.com\/wordpress\/plugins\/seo\/ -->\n<title>Nos U18 F sur un nuage - CO Vincennes<\/title>\n<meta name=\"robots\" content=\"index, follow, max-snippet:-1, max-image-preview:large, max-video-preview:-1\" \/>\n<link rel=\"canonical\" href=\"https:\/\/covincennes.com\/index.php\/2023\/01\/09\/nos-u18-f-sur-un-nuage\/\" \/>\n<meta property=\"og:locale\" content=\"fr_FR\" \/>\n<meta property=\"og:type\" content=\"article\" \/>\n<meta property=\"og:title\" content=\"Nos U18 F sur un nuage - CO Vincennes\" \/>\n<meta property=\"og:description\" content=\"Nos U18 F n&rsquo;ont pas fait de d\u00e9tail en 32\u00e8me de finale de la Coupe de Paris, face \u00e0 Drancy. Sup\u00e9rieures dans tous les d\u00e9partements du jeu, les filles de Dylan se sont qualifi\u00e9es avec la mani\u00e8re, encha\u00eenant les buts, dont certains \u00e0 l&rsquo;issue de combinaisons tr\u00e8s bien men\u00e9es. A l&rsquo;arriv\u00e9e, une tr\u00e8s large victoire [&hellip;]\" \/>\n<meta property=\"og:url\" content=\"https:\/\/covincennes.com\/index.php\/2023\/01\/09\/nos-u18-f-sur-un-nuage\/\" \/>\n<meta property=\"og:site_name\" content=\"CO Vincennes\" \/>\n<meta property=\"article:publisher\" content=\"https:\/\/www.facebook.com\/CO-VINCENNES-la-page-officielle-136021893155921\/\" \/>\n<meta property=\"article:published_time\" content=\"2023-01-09T20:19:58+00:00\" \/>\n<meta property=\"article:modified_time\" content=\"2023-09-17T21:11:38+00:00\" \/>\n<meta property=\"og:image\" content=\"https:\/\/covincennes.com\/wp-content\/uploads\/2023\/01\/U18F-contre-Drancy-redimensionne\u0301e.jpg\" \/>\n\t<meta property=\"og:image:width\" content=\"643\" \/>\n\t<meta property=\"og:image:height\" content=\"480\" \/>\n\t<meta property=\"og:image:type\" content=\"image\/jpeg\" \/>\n<meta name=\"author\" content=\"Cole Hibry\" \/>\n<meta name=\"twitter:card\" content=\"summary_large_image\" \/>\n<meta name=\"twitter:creator\" content=\"@covincennes\" \/>\n<meta name=\"twitter:site\" content=\"@covincennes\" \/>\n<meta name=\"twitter:label1\" content=\"\u00c9crit par\" \/>\n\t<meta name=\"twitter:data1\" content=\"Cole Hibry\" \/>\n\t<meta name=\"twitter:label2\" content=\"Dur\u00e9e de lecture estim\u00e9e\" \/>\n\t<meta name=\"twitter:data2\" content=\"1 minute\" \/>\n<script type=\"application\/ld+json\" class=\"yoast-schema-graph\">{\"@context\":\"https:\/\/schema.org\",\"@graph\":[{\"@type\":\"Article\",\"@id\":\"https:\/\/covincennes.com\/index.php\/2023\/01\/09\/nos-u18-f-sur-un-nuage\/#article\",\"isPartOf\":{\"@id\":\"https:\/\/covincennes.com\/index.php\/2023\/01\/09\/nos-u18-f-sur-un-nuage\/\"},\"author\":{\"name\":\"Cole Hibry\",\"@id\":\"https:\/\/covincennes.com\/#\/schema\/person\/eb881824360af01aa016999e439303fe\"},\"headline\":\"Nos U18 F sur un nuage\",\"datePublished\":\"2023-01-09T20:19:58+00:00\",\"dateModified\":\"2023-09-17T21:11:38+00:00\",\"mainEntityOfPage\":{\"@id\":\"https:\/\/covincennes.com\/index.php\/2023\/01\/09\/nos-u18-f-sur-un-nuage\/\"},\"wordCount\":96,\"commentCount\":0,\"publisher\":{\"@id\":\"https:\/\/covincennes.com\/#organization\"},\"inLanguage\":\"fr-FR\",\"potentialAction\":[{\"@type\":\"CommentAction\",\"name\":\"Comment\",\"target\":[\"https:\/\/covincennes.com\/index.php\/2023\/01\/09\/nos-u18-f-sur-un-nuage\/#respond\"]}]},{\"@type\":\"WebPage\",\"@id\":\"https:\/\/covincennes.com\/index.php\/2023\/01\/09\/nos-u18-f-sur-un-nuage\/\",\"url\":\"https:\/\/covincennes.com\/index.php\/2023\/01\/09\/nos-u18-f-sur-un-nuage\/\",\"name\":\"Nos U18 F sur un nuage - CO Vincennes\",\"isPartOf\":{\"@id\":\"https:\/\/covincennes.com\/#website\"},\"datePublished\":\"2023-01-09T20:19:58+00:00\",\"dateModified\":\"2023-09-17T21:11:38+00:00\",\"breadcrumb\":{\"@id\":\"https:\/\/covincennes.com\/index.php\/2023\/01\/09\/nos-u18-f-sur-un-nuage\/#breadcrumb\"},\"inLanguage\":\"fr-FR\",\"potentialAction\":[{\"@type\":\"ReadAction\",\"target\":[\"https:\/\/covincennes.com\/index.php\/2023\/01\/09\/nos-u18-f-sur-un-nuage\/\"]}]},{\"@type\":\"BreadcrumbList\",\"@id\":\"https:\/\/covincennes.com\/index.php\/2023\/01\/09\/nos-u18-f-sur-un-nuage\/#breadcrumb\",\"itemListElement\":[{\"@type\":\"ListItem\",\"position\":1,\"name\":\"Accueil\",\"item\":\"https:\/\/covincennes.com\/\"},{\"@type\":\"ListItem\",\"position\":2,\"name\":\"Nos U18 F sur un nuage\"}]},{\"@type\":\"WebSite\",\"@id\":\"https:\/\/covincennes.com\/#website\",\"url\":\"https:\/\/covincennes.com\/\",\"name\":\"CO Vincennes\",\"description\":\"Un site utilisant WordPress\",\"publisher\":{\"@id\":\"https:\/\/covincennes.com\/#organization\"},\"potentialAction\":[{\"@type\":\"SearchAction\",\"target\":{\"@type\":\"EntryPoint\",\"urlTemplate\":\"https:\/\/covincennes.com\/?s={search_term_string}\"},\"query-input\":\"required name=search_term_string\"}],\"inLanguage\":\"fr-FR\"},{\"@type\":\"Organization\",\"@id\":\"https:\/\/covincennes.com\/#organization\",\"name\":\"CO Vincennes\",\"url\":\"https:\/\/covincennes.com\/\",\"sameAs\":[\"https:\/\/www.facebook.com\/CO-VINCENNES-la-page-officielle-136021893155921\/\",\"https:\/\/twitter.com\/covincennes\"],\"logo\":{\"@type\":\"ImageObject\",\"inLanguage\":\"fr-FR\",\"@id\":\"https:\/\/covincennes.com\/#\/schema\/logo\/image\/\",\"url\":\"https:\/\/covincennes.com\/wp-content\/uploads\/2019\/11\/logo-cov-png.png\",\"contentUrl\":\"https:\/\/covincennes.com\/wp-content\/uploads\/2019\/11\/logo-cov-png.png\",\"width\":495,\"height\":497,\"caption\":\"CO Vincennes\"},\"image\":{\"@id\":\"https:\/\/covincennes.com\/#\/schema\/logo\/image\/\"}},{\"@type\":\"Person\",\"@id\":\"https:\/\/covincennes.com\/#\/schema\/person\/eb881824360af01aa016999e439303fe\",\"name\":\"Cole Hibry\",\"image\":{\"@type\":\"ImageObject\",\"inLanguage\":\"fr-FR\",\"@id\":\"https:\/\/covincennes.com\/#\/schema\/person\/image\/\",\"url\":\"https:\/\/secure.gravatar.com\/avatar\/fdd68f914853e79675161dab52794fbe213aaa71837a3f83ab5d0669e81bb866?s=96&d=mm&r=g\",\"contentUrl\":\"https:\/\/secure.gravatar.com\/avatar\/fdd68f914853e79675161dab52794fbe213aaa71837a3f83ab5d0669e81bb866?s=96&d=mm&r=g\",\"caption\":\"Cole Hibry\"},\"url\":\"https:\/\/covincennes.com\/index.php\/author\/chevit-frederic\/\"}]}<\/script>\n<!-- \/ Yoast SEO plugin. -->","yoast_head_json":{"title":"Nos U18 F sur un nuage - CO Vincennes","robots":{"index":"index","follow":"follow","max-snippet":"max-snippet:-1","max-image-preview":"max-image-preview:large","max-video-preview":"max-video-preview:-1"},"canonical":"https:\/\/covincennes.com\/index.php\/2023\/01\/09\/nos-u18-f-sur-un-nuage\/","og_locale":"fr_FR","og_type":"article","og_title":"Nos U18 F sur un nuage - CO Vincennes","og_description":"Nos U18 F n&rsquo;ont pas fait de d\u00e9tail en 32\u00e8me de finale de la Coupe de Paris, face \u00e0 Drancy. Sup\u00e9rieures dans tous les d\u00e9partements du jeu, les filles de Dylan se sont qualifi\u00e9es avec la mani\u00e8re, encha\u00eenant les buts, dont certains \u00e0 l&rsquo;issue de combinaisons tr\u00e8s bien men\u00e9es. A l&rsquo;arriv\u00e9e, une tr\u00e8s large victoire [&hellip;]","og_url":"https:\/\/covincennes.com\/index.php\/2023\/01\/09\/nos-u18-f-sur-un-nuage\/","og_site_name":"CO Vincennes","article_publisher":"https:\/\/www.facebook.com\/CO-VINCENNES-la-page-officielle-136021893155921\/","article_published_time":"2023-01-09T20:19:58+00:00","article_modified_time":"2023-09-17T21:11:38+00:00","og_image":[{"width":643,"height":480,"url":"https:\/\/covincennes.com\/wp-content\/uploads\/2023\/01\/U18F-contre-Drancy-redimensionne\u0301e.jpg","type":"image\/jpeg"}],"author":"Cole Hibry","twitter_card":"summary_large_image","twitter_creator":"@covincennes","twitter_site":"@covincennes","twitter_misc":{"\u00c9crit par":"Cole Hibry","Dur\u00e9e de lecture estim\u00e9e":"1 minute"},"schema":{"@context":"https:\/\/schema.org","@graph":[{"@type":"Article","@id":"https:\/\/covincennes.com\/index.php\/2023\/01\/09\/nos-u18-f-sur-un-nuage\/#article","isPartOf":{"@id":"https:\/\/covincennes.com\/index.php\/2023\/01\/09\/nos-u18-f-sur-un-nuage\/"},"author":{"name":"Cole Hibry","@id":"https:\/\/covincennes.com\/#\/schema\/person\/eb881824360af01aa016999e439303fe"},"headline":"Nos U18 F sur un nuage","datePublished":"2023-01-09T20:19:58+00:00","dateModified":"2023-09-17T21:11:38+00:00","mainEntityOfPage":{"@id":"https:\/\/covincennes.com\/index.php\/2023\/01\/09\/nos-u18-f-sur-un-nuage\/"},"wordCount":96,"commentCount":0,"publisher":{"@id":"https:\/\/covincennes.com\/#organization"},"inLanguage":"fr-FR","potentialAction":[{"@type":"CommentAction","name":"Comment","target":["https:\/\/covincennes.com\/index.php\/2023\/01\/09\/nos-u18-f-sur-un-nuage\/#respond"]}]},{"@type":"WebPage","@id":"https:\/\/covincennes.com\/index.php\/2023\/01\/09\/nos-u18-f-sur-un-nuage\/","url":"https:\/\/covincennes.com\/index.php\/2023\/01\/09\/nos-u18-f-sur-un-nuage\/","name":"Nos U18 F sur un nuage - CO Vincennes","isPartOf":{"@id":"https:\/\/covincennes.com\/#website"},"datePublished":"2023-01-09T20:19:58+00:00","dateModified":"2023-09-17T21:11:38+00:00","breadcrumb":{"@id":"https:\/\/covincennes.com\/index.php\/2023\/01\/09\/nos-u18-f-sur-un-nuage\/#breadcrumb"},"inLanguage":"fr-FR","potentialAction":[{"@type":"ReadAction","target":["https:\/\/covincennes.com\/index.php\/2023\/01\/09\/nos-u18-f-sur-un-nuage\/"]}]},{"@type":"BreadcrumbList","@id":"https:\/\/covincennes.com\/index.php\/2023\/01\/09\/nos-u18-f-sur-un-nuage\/#breadcrumb","itemListElement":[{"@type":"ListItem","position":1,"name":"Accueil","item":"https:\/\/covincennes.com\/"},{"@type":"ListItem","position":2,"name":"Nos U18 F sur un nuage"}]},{"@type":"WebSite","@id":"https:\/\/covincennes.com\/#website","url":"https:\/\/covincennes.com\/","name":"CO Vincennes","description":"Un site utilisant WordPress","publisher":{"@id":"https:\/\/covincennes.com\/#organization"},"potentialAction":[{"@type":"SearchAction","target":{"@type":"EntryPoint","urlTemplate":"https:\/\/covincennes.com\/?s={search_term_string}"},"query-input":"required name=search_term_string"}],"inLanguage":"fr-FR"},{"@type":"Organization","@id":"https:\/\/covincennes.com\/#organization","name":"CO Vincennes","url":"https:\/\/covincennes.com\/","sameAs":["https:\/\/www.facebook.com\/CO-VINCENNES-la-page-officielle-136021893155921\/","https:\/\/twitter.com\/covincennes"],"logo":{"@type":"ImageObject","inLanguage":"fr-FR","@id":"https:\/\/covincennes.com\/#\/schema\/logo\/image\/","url":"https:\/\/covincennes.com\/wp-content\/uploads\/2019\/11\/logo-cov-png.png","contentUrl":"https:\/\/covincennes.com\/wp-content\/uploads\/2019\/11\/logo-cov-png.png","width":495,"height":497,"caption":"CO Vincennes"},"image":{"@id":"https:\/\/covincennes.com\/#\/schema\/logo\/image\/"}},{"@type":"Person","@id":"https:\/\/covincennes.com\/#\/schema\/person\/eb881824360af01aa016999e439303fe","name":"Cole Hibry","image":{"@type":"ImageObject","inLanguage":"fr-FR","@id":"https:\/\/covincennes.com\/#\/schema\/person\/image\/","url":"https:\/\/secure.gravatar.com\/avatar\/fdd68f914853e79675161dab52794fbe213aaa71837a3f83ab5d0669e81bb866?s=96&d=mm&r=g","contentUrl":"https:\/\/secure.gravatar.com\/avatar\/fdd68f914853e79675161dab52794fbe213aaa71837a3f83ab5d0669e81bb866?s=96&d=mm&r=g","caption":"Cole Hibry"},"url":"https:\/\/covincennes.com\/index.php\/author\/chevit-frederic\/"}]}},"_links":{"self":[{"href":"https:\/\/covincennes.com\/index.php\/wp-json\/wp\/v2\/posts\/6322","targetHints":{"allow":["GET"]}}],"collection":[{"href":"https:\/\/covincennes.com\/index.php\/wp-json\/wp\/v2\/posts"}],"about":[{"href":"https:\/\/covincennes.com\/index.php\/wp-json\/wp\/v2\/types\/post"}],"author":[{"embeddable":true,"href":"https:\/\/covincennes.com\/index.php\/wp-json\/wp\/v2\/users\/2"}],"replies":[{"embeddable":true,"href":"https:\/\/covincennes.com\/index.php\/wp-json\/wp\/v2\/comments?post=6322"}],"version-history":[{"count":1,"href":"https:\/\/covincennes.com\/index.php\/wp-json\/wp\/v2\/posts\/6322\/revisions"}],"predecessor-version":[{"id":6324,"href":"https:\/\/covincennes.com\/index.php\/wp-json\/wp\/v2\/posts\/6322\/revisions\/6324"}],"wp:featuredmedia":[{"embeddable":true,"href":"https:\/\/covincennes.com\/index.php\/wp-json\/wp\/v2\/media\/6323"}],"wp:attachment":[{"href":"https:\/\/covincennes.com\/index.php\/wp-json\/wp\/v2\/media?parent=6322"}],"wp:term":[{"taxonomy":"category","embeddable":true,"href":"https:\/\/covincennes.com\/index.php\/wp-json\/wp\/v2\/categories?post=6322"},{"taxonomy":"post_tag","embeddable":true,"href":"https:\/\/covincennes.com\/index.php\/wp-json\/wp\/v2\/tags?post=6322"}],"curies":[{"name":"wp","href":"https:\/\/api.w.org\/{rel}","templated":true}]}}