{"id":6440,"date":"2023-03-11T22:27:27","date_gmt":"2023-03-11T21:27:27","guid":{"rendered":"https:\/\/covincennes.com\/?p=6440"},"modified":"2023-09-17T23:07:38","modified_gmt":"2023-09-17T21:07:38","slug":"pas-de-finale-de-coupe-de-paris-pour-nos-seniors","status":"publish","type":"post","link":"https:\/\/covincennes.com\/index.php\/2023\/03\/11\/pas-de-finale-de-coupe-de-paris-pour-nos-seniors\/","title":{"rendered":"Pas de finale de Coupe de Paris pour nos s\u00e9niors"},"content":{"rendered":"<p>C&rsquo;est pass\u00e9 tr\u00e8s pr\u00e8s, mais nos s\u00e9niors ne disputeront pas la finale de la Coupe de Paris le 26 avril contre Mantois 78. Oppos\u00e9s \u00e0 Paris 15, pensionnaires de R2, les hommes de Oualid avaient pourtant ouvert le score, gr\u00e2ce \u00e0 un superbe coup franc de Yaniss. Rejoints sur penalty avant la pause, ils avaient repris l&rsquo;avantage en seconde p\u00e9riode, \u00e9galement sur penalty, transform\u00e9 par le revenant Jonas. C&rsquo;est encore sur penalty que Paris 15 \u00e9galisait avant de s&rsquo;assurer un avantage d\u00e9finitif sur un contre tr\u00e8s bien men\u00e9.<\/p>\n<p>Un match enlev\u00e9, attrayant, devant une tribune bien garnie et anim\u00e9e par nos jeunes de l&rsquo;\u00c9cole de Foot, qui pouvait sourire \u00e0 l&rsquo;une ou \u00e0 l&rsquo;autre des deux \u00e9quipes : ce fut malheureusement \u00e0 Paris 15&#8230;<\/p>\n<p>D\u00e9sormais, place \u00e0 l&rsquo;op\u00e9ration maintien sur les neuf derniers matches de championnat, une op\u00e9ration qui commence ce dimanche \u00e0 Fleury.<\/p>\n<p class=\"responsive-video-wrap clr\"><iframe loading=\"lazy\" title=\"COV - PARIS 15\" width=\"1200\" height=\"675\" src=\"https:\/\/www.youtube.com\/embed\/u4MV3aRFwuE?feature=oembed\" frameborder=\"0\" allow=\"accelerometer; autoplay; clipboard-write; encrypted-media; gyroscope; picture-in-picture; web-share\" allowfullscreen><\/iframe><\/p>\n","protected":false},"excerpt":{"rendered":"<p>C&rsquo;est pass\u00e9 tr\u00e8s pr\u00e8s, mais nos s\u00e9niors ne disputeront pas la finale de la Coupe de Paris le 26 avril contre Mantois 78. Oppos\u00e9s \u00e0 Paris 15, pensionnaires de R2, les hommes de Oualid avaient pourtant ouvert le score, gr\u00e2ce \u00e0 un superbe coup franc de Yaniss. Rejoints sur penalty avant la pause, ils avaient [&hellip;]<\/p>\n","protected":false},"author":2,"featured_media":6441,"comment_status":"open","ping_status":"open","sticky":false,"template":"","format":"standard","meta":{"_monsterinsights_skip_tracking":false,"_monsterinsights_sitenote_active":false,"_monsterinsights_sitenote_note":"","_monsterinsights_sitenote_category":0,"footnotes":""},"categories":[1],"tags":[],"class_list":["post-6440","post","type-post","status-publish","format-standard","has-post-thumbnail","hentry","category-non-classe","entry","has-media"],"yoast_head":"<!-- This site is optimized with the Yoast SEO plugin v19.6.1 - https:\/\/yoast.com\/wordpress\/plugins\/seo\/ -->\n<title>Pas de finale de Coupe de Paris pour nos s\u00e9niors - CO Vincennes<\/title>\n<meta name=\"robots\" content=\"index, follow, max-snippet:-1, max-image-preview:large, max-video-preview:-1\" \/>\n<link rel=\"canonical\" href=\"https:\/\/covincennes.com\/index.php\/2023\/03\/11\/pas-de-finale-de-coupe-de-paris-pour-nos-seniors\/\" \/>\n<meta property=\"og:locale\" content=\"fr_FR\" \/>\n<meta property=\"og:type\" content=\"article\" \/>\n<meta property=\"og:title\" content=\"Pas de finale de Coupe de Paris pour nos s\u00e9niors - CO Vincennes\" \/>\n<meta property=\"og:description\" content=\"C&rsquo;est pass\u00e9 tr\u00e8s pr\u00e8s, mais nos s\u00e9niors ne disputeront pas la finale de la Coupe de Paris le 26 avril contre Mantois 78. Oppos\u00e9s \u00e0 Paris 15, pensionnaires de R2, les hommes de Oualid avaient pourtant ouvert le score, gr\u00e2ce \u00e0 un superbe coup franc de Yaniss. Rejoints sur penalty avant la pause, ils avaient [&hellip;]\" \/>\n<meta property=\"og:url\" content=\"https:\/\/covincennes.com\/index.php\/2023\/03\/11\/pas-de-finale-de-coupe-de-paris-pour-nos-seniors\/\" \/>\n<meta property=\"og:site_name\" content=\"CO Vincennes\" \/>\n<meta property=\"article:publisher\" content=\"https:\/\/www.facebook.com\/CO-VINCENNES-la-page-officielle-136021893155921\/\" \/>\n<meta property=\"article:published_time\" content=\"2023-03-11T21:27:27+00:00\" \/>\n<meta property=\"article:modified_time\" content=\"2023-09-17T21:07:38+00:00\" \/>\n<meta property=\"og:image\" content=\"https:\/\/covincennes.com\/wp-content\/uploads\/2023\/03\/Photo-COV-Paris-15-redimensionne\u0301e.jpg\" \/>\n\t<meta property=\"og:image:width\" content=\"643\" \/>\n\t<meta property=\"og:image:height\" content=\"480\" \/>\n\t<meta property=\"og:image:type\" content=\"image\/jpeg\" \/>\n<meta name=\"author\" content=\"Cole Hibry\" \/>\n<meta name=\"twitter:card\" content=\"summary_large_image\" \/>\n<meta name=\"twitter:creator\" content=\"@covincennes\" \/>\n<meta name=\"twitter:site\" content=\"@covincennes\" \/>\n<meta name=\"twitter:label1\" content=\"\u00c9crit par\" \/>\n\t<meta name=\"twitter:data1\" content=\"Cole Hibry\" \/>\n\t<meta name=\"twitter:label2\" content=\"Dur\u00e9e de lecture estim\u00e9e\" \/>\n\t<meta name=\"twitter:data2\" content=\"1 minute\" \/>\n<script type=\"application\/ld+json\" class=\"yoast-schema-graph\">{\"@context\":\"https:\/\/schema.org\",\"@graph\":[{\"@type\":\"Article\",\"@id\":\"https:\/\/covincennes.com\/index.php\/2023\/03\/11\/pas-de-finale-de-coupe-de-paris-pour-nos-seniors\/#article\",\"isPartOf\":{\"@id\":\"https:\/\/covincennes.com\/index.php\/2023\/03\/11\/pas-de-finale-de-coupe-de-paris-pour-nos-seniors\/\"},\"author\":{\"name\":\"Cole Hibry\",\"@id\":\"https:\/\/covincennes.com\/#\/schema\/person\/eb881824360af01aa016999e439303fe\"},\"headline\":\"Pas de finale de Coupe de Paris pour nos s\u00e9niors\",\"datePublished\":\"2023-03-11T21:27:27+00:00\",\"dateModified\":\"2023-09-17T21:07:38+00:00\",\"mainEntityOfPage\":{\"@id\":\"https:\/\/covincennes.com\/index.php\/2023\/03\/11\/pas-de-finale-de-coupe-de-paris-pour-nos-seniors\/\"},\"wordCount\":161,\"commentCount\":0,\"publisher\":{\"@id\":\"https:\/\/covincennes.com\/#organization\"},\"inLanguage\":\"fr-FR\",\"potentialAction\":[{\"@type\":\"CommentAction\",\"name\":\"Comment\",\"target\":[\"https:\/\/covincennes.com\/index.php\/2023\/03\/11\/pas-de-finale-de-coupe-de-paris-pour-nos-seniors\/#respond\"]}]},{\"@type\":\"WebPage\",\"@id\":\"https:\/\/covincennes.com\/index.php\/2023\/03\/11\/pas-de-finale-de-coupe-de-paris-pour-nos-seniors\/\",\"url\":\"https:\/\/covincennes.com\/index.php\/2023\/03\/11\/pas-de-finale-de-coupe-de-paris-pour-nos-seniors\/\",\"name\":\"Pas de finale de Coupe de Paris pour nos s\u00e9niors - CO Vincennes\",\"isPartOf\":{\"@id\":\"https:\/\/covincennes.com\/#website\"},\"datePublished\":\"2023-03-11T21:27:27+00:00\",\"dateModified\":\"2023-09-17T21:07:38+00:00\",\"breadcrumb\":{\"@id\":\"https:\/\/covincennes.com\/index.php\/2023\/03\/11\/pas-de-finale-de-coupe-de-paris-pour-nos-seniors\/#breadcrumb\"},\"inLanguage\":\"fr-FR\",\"potentialAction\":[{\"@type\":\"ReadAction\",\"target\":[\"https:\/\/covincennes.com\/index.php\/2023\/03\/11\/pas-de-finale-de-coupe-de-paris-pour-nos-seniors\/\"]}]},{\"@type\":\"BreadcrumbList\",\"@id\":\"https:\/\/covincennes.com\/index.php\/2023\/03\/11\/pas-de-finale-de-coupe-de-paris-pour-nos-seniors\/#breadcrumb\",\"itemListElement\":[{\"@type\":\"ListItem\",\"position\":1,\"name\":\"Accueil\",\"item\":\"https:\/\/covincennes.com\/\"},{\"@type\":\"ListItem\",\"position\":2,\"name\":\"Pas de finale de Coupe de Paris pour nos s\u00e9niors\"}]},{\"@type\":\"WebSite\",\"@id\":\"https:\/\/covincennes.com\/#website\",\"url\":\"https:\/\/covincennes.com\/\",\"name\":\"CO Vincennes\",\"description\":\"Un site utilisant WordPress\",\"publisher\":{\"@id\":\"https:\/\/covincennes.com\/#organization\"},\"potentialAction\":[{\"@type\":\"SearchAction\",\"target\":{\"@type\":\"EntryPoint\",\"urlTemplate\":\"https:\/\/covincennes.com\/?s={search_term_string}\"},\"query-input\":\"required name=search_term_string\"}],\"inLanguage\":\"fr-FR\"},{\"@type\":\"Organization\",\"@id\":\"https:\/\/covincennes.com\/#organization\",\"name\":\"CO Vincennes\",\"url\":\"https:\/\/covincennes.com\/\",\"sameAs\":[\"https:\/\/www.facebook.com\/CO-VINCENNES-la-page-officielle-136021893155921\/\",\"https:\/\/twitter.com\/covincennes\"],\"logo\":{\"@type\":\"ImageObject\",\"inLanguage\":\"fr-FR\",\"@id\":\"https:\/\/covincennes.com\/#\/schema\/logo\/image\/\",\"url\":\"https:\/\/covincennes.com\/wp-content\/uploads\/2019\/11\/logo-cov-png.png\",\"contentUrl\":\"https:\/\/covincennes.com\/wp-content\/uploads\/2019\/11\/logo-cov-png.png\",\"width\":495,\"height\":497,\"caption\":\"CO Vincennes\"},\"image\":{\"@id\":\"https:\/\/covincennes.com\/#\/schema\/logo\/image\/\"}},{\"@type\":\"Person\",\"@id\":\"https:\/\/covincennes.com\/#\/schema\/person\/eb881824360af01aa016999e439303fe\",\"name\":\"Cole Hibry\",\"image\":{\"@type\":\"ImageObject\",\"inLanguage\":\"fr-FR\",\"@id\":\"https:\/\/covincennes.com\/#\/schema\/person\/image\/\",\"url\":\"https:\/\/secure.gravatar.com\/avatar\/fdd68f914853e79675161dab52794fbe213aaa71837a3f83ab5d0669e81bb866?s=96&d=mm&r=g\",\"contentUrl\":\"https:\/\/secure.gravatar.com\/avatar\/fdd68f914853e79675161dab52794fbe213aaa71837a3f83ab5d0669e81bb866?s=96&d=mm&r=g\",\"caption\":\"Cole Hibry\"},\"url\":\"https:\/\/covincennes.com\/index.php\/author\/chevit-frederic\/\"}]}<\/script>\n<!-- \/ Yoast SEO plugin. -->","yoast_head_json":{"title":"Pas de finale de Coupe de Paris pour nos s\u00e9niors - CO Vincennes","robots":{"index":"index","follow":"follow","max-snippet":"max-snippet:-1","max-image-preview":"max-image-preview:large","max-video-preview":"max-video-preview:-1"},"canonical":"https:\/\/covincennes.com\/index.php\/2023\/03\/11\/pas-de-finale-de-coupe-de-paris-pour-nos-seniors\/","og_locale":"fr_FR","og_type":"article","og_title":"Pas de finale de Coupe de Paris pour nos s\u00e9niors - CO Vincennes","og_description":"C&rsquo;est pass\u00e9 tr\u00e8s pr\u00e8s, mais nos s\u00e9niors ne disputeront pas la finale de la Coupe de Paris le 26 avril contre Mantois 78. Oppos\u00e9s \u00e0 Paris 15, pensionnaires de R2, les hommes de Oualid avaient pourtant ouvert le score, gr\u00e2ce \u00e0 un superbe coup franc de Yaniss. Rejoints sur penalty avant la pause, ils avaient [&hellip;]","og_url":"https:\/\/covincennes.com\/index.php\/2023\/03\/11\/pas-de-finale-de-coupe-de-paris-pour-nos-seniors\/","og_site_name":"CO Vincennes","article_publisher":"https:\/\/www.facebook.com\/CO-VINCENNES-la-page-officielle-136021893155921\/","article_published_time":"2023-03-11T21:27:27+00:00","article_modified_time":"2023-09-17T21:07:38+00:00","og_image":[{"width":643,"height":480,"url":"https:\/\/covincennes.com\/wp-content\/uploads\/2023\/03\/Photo-COV-Paris-15-redimensionne\u0301e.jpg","type":"image\/jpeg"}],"author":"Cole Hibry","twitter_card":"summary_large_image","twitter_creator":"@covincennes","twitter_site":"@covincennes","twitter_misc":{"\u00c9crit par":"Cole Hibry","Dur\u00e9e de lecture estim\u00e9e":"1 minute"},"schema":{"@context":"https:\/\/schema.org","@graph":[{"@type":"Article","@id":"https:\/\/covincennes.com\/index.php\/2023\/03\/11\/pas-de-finale-de-coupe-de-paris-pour-nos-seniors\/#article","isPartOf":{"@id":"https:\/\/covincennes.com\/index.php\/2023\/03\/11\/pas-de-finale-de-coupe-de-paris-pour-nos-seniors\/"},"author":{"name":"Cole Hibry","@id":"https:\/\/covincennes.com\/#\/schema\/person\/eb881824360af01aa016999e439303fe"},"headline":"Pas de finale de Coupe de Paris pour nos s\u00e9niors","datePublished":"2023-03-11T21:27:27+00:00","dateModified":"2023-09-17T21:07:38+00:00","mainEntityOfPage":{"@id":"https:\/\/covincennes.com\/index.php\/2023\/03\/11\/pas-de-finale-de-coupe-de-paris-pour-nos-seniors\/"},"wordCount":161,"commentCount":0,"publisher":{"@id":"https:\/\/covincennes.com\/#organization"},"inLanguage":"fr-FR","potentialAction":[{"@type":"CommentAction","name":"Comment","target":["https:\/\/covincennes.com\/index.php\/2023\/03\/11\/pas-de-finale-de-coupe-de-paris-pour-nos-seniors\/#respond"]}]},{"@type":"WebPage","@id":"https:\/\/covincennes.com\/index.php\/2023\/03\/11\/pas-de-finale-de-coupe-de-paris-pour-nos-seniors\/","url":"https:\/\/covincennes.com\/index.php\/2023\/03\/11\/pas-de-finale-de-coupe-de-paris-pour-nos-seniors\/","name":"Pas de finale de Coupe de Paris pour nos s\u00e9niors - CO Vincennes","isPartOf":{"@id":"https:\/\/covincennes.com\/#website"},"datePublished":"2023-03-11T21:27:27+00:00","dateModified":"2023-09-17T21:07:38+00:00","breadcrumb":{"@id":"https:\/\/covincennes.com\/index.php\/2023\/03\/11\/pas-de-finale-de-coupe-de-paris-pour-nos-seniors\/#breadcrumb"},"inLanguage":"fr-FR","potentialAction":[{"@type":"ReadAction","target":["https:\/\/covincennes.com\/index.php\/2023\/03\/11\/pas-de-finale-de-coupe-de-paris-pour-nos-seniors\/"]}]},{"@type":"BreadcrumbList","@id":"https:\/\/covincennes.com\/index.php\/2023\/03\/11\/pas-de-finale-de-coupe-de-paris-pour-nos-seniors\/#breadcrumb","itemListElement":[{"@type":"ListItem","position":1,"name":"Accueil","item":"https:\/\/covincennes.com\/"},{"@type":"ListItem","position":2,"name":"Pas de finale de Coupe de Paris pour nos s\u00e9niors"}]},{"@type":"WebSite","@id":"https:\/\/covincennes.com\/#website","url":"https:\/\/covincennes.com\/","name":"CO Vincennes","description":"Un site utilisant WordPress","publisher":{"@id":"https:\/\/covincennes.com\/#organization"},"potentialAction":[{"@type":"SearchAction","target":{"@type":"EntryPoint","urlTemplate":"https:\/\/covincennes.com\/?s={search_term_string}"},"query-input":"required name=search_term_string"}],"inLanguage":"fr-FR"},{"@type":"Organization","@id":"https:\/\/covincennes.com\/#organization","name":"CO Vincennes","url":"https:\/\/covincennes.com\/","sameAs":["https:\/\/www.facebook.com\/CO-VINCENNES-la-page-officielle-136021893155921\/","https:\/\/twitter.com\/covincennes"],"logo":{"@type":"ImageObject","inLanguage":"fr-FR","@id":"https:\/\/covincennes.com\/#\/schema\/logo\/image\/","url":"https:\/\/covincennes.com\/wp-content\/uploads\/2019\/11\/logo-cov-png.png","contentUrl":"https:\/\/covincennes.com\/wp-content\/uploads\/2019\/11\/logo-cov-png.png","width":495,"height":497,"caption":"CO Vincennes"},"image":{"@id":"https:\/\/covincennes.com\/#\/schema\/logo\/image\/"}},{"@type":"Person","@id":"https:\/\/covincennes.com\/#\/schema\/person\/eb881824360af01aa016999e439303fe","name":"Cole Hibry","image":{"@type":"ImageObject","inLanguage":"fr-FR","@id":"https:\/\/covincennes.com\/#\/schema\/person\/image\/","url":"https:\/\/secure.gravatar.com\/avatar\/fdd68f914853e79675161dab52794fbe213aaa71837a3f83ab5d0669e81bb866?s=96&d=mm&r=g","contentUrl":"https:\/\/secure.gravatar.com\/avatar\/fdd68f914853e79675161dab52794fbe213aaa71837a3f83ab5d0669e81bb866?s=96&d=mm&r=g","caption":"Cole Hibry"},"url":"https:\/\/covincennes.com\/index.php\/author\/chevit-frederic\/"}]}},"_links":{"self":[{"href":"https:\/\/covincennes.com\/index.php\/wp-json\/wp\/v2\/posts\/6440","targetHints":{"allow":["GET"]}}],"collection":[{"href":"https:\/\/covincennes.com\/index.php\/wp-json\/wp\/v2\/posts"}],"about":[{"href":"https:\/\/covincennes.com\/index.php\/wp-json\/wp\/v2\/types\/post"}],"author":[{"embeddable":true,"href":"https:\/\/covincennes.com\/index.php\/wp-json\/wp\/v2\/users\/2"}],"replies":[{"embeddable":true,"href":"https:\/\/covincennes.com\/index.php\/wp-json\/wp\/v2\/comments?post=6440"}],"version-history":[{"count":4,"href":"https:\/\/covincennes.com\/index.php\/wp-json\/wp\/v2\/posts\/6440\/revisions"}],"predecessor-version":[{"id":6480,"href":"https:\/\/covincennes.com\/index.php\/wp-json\/wp\/v2\/posts\/6440\/revisions\/6480"}],"wp:featuredmedia":[{"embeddable":true,"href":"https:\/\/covincennes.com\/index.php\/wp-json\/wp\/v2\/media\/6441"}],"wp:attachment":[{"href":"https:\/\/covincennes.com\/index.php\/wp-json\/wp\/v2\/media?parent=6440"}],"wp:term":[{"taxonomy":"category","embeddable":true,"href":"https:\/\/covincennes.com\/index.php\/wp-json\/wp\/v2\/categories?post=6440"},{"taxonomy":"post_tag","embeddable":true,"href":"https:\/\/covincennes.com\/index.php\/wp-json\/wp\/v2\/tags?post=6440"}],"curies":[{"name":"wp","href":"https:\/\/api.w.org\/{rel}","templated":true}]}}