{"id":6515,"date":"2023-03-30T23:33:03","date_gmt":"2023-03-30T21:33:03","guid":{"rendered":"https:\/\/covincennes.com\/?p=6515"},"modified":"2023-09-17T23:11:11","modified_gmt":"2023-09-17T21:11:11","slug":"belle-victoire-de-nos-u12-contre-neuilly-sur-marne","status":"publish","type":"post","link":"https:\/\/covincennes.com\/index.php\/2023\/03\/30\/belle-victoire-de-nos-u12-contre-neuilly-sur-marne\/","title":{"rendered":"Superbe victoire de nos U12 contre Neuilly-sur-Marne"},"content":{"rendered":"<p>Ils avaient le sourire et \u00e7a se comprend : les gar\u00e7ons de Sami venaient de r\u00e9ussir un match superbe contre Neuilly-sur-Marne, un match spectaculaire ponctu\u00e9 d&rsquo;une belle victoire (4-2). Elle r\u00e9compensait leur travail de la semaine et des semaines pr\u00e9c\u00e9dentes.<\/p>\n<p>Leur joie dans le vestiaire, \u00e0 l&rsquo;issue de la rencontre, faisait vraiment plaisir \u00e0 voir !<\/p>\n<p class=\"responsive-video-wrap clr\"><iframe loading=\"lazy\" title=\"U12 -  COV-Neuilly sur Marne\" width=\"1200\" height=\"675\" src=\"https:\/\/www.youtube.com\/embed\/dB6CDYwyQYE?feature=oembed\" frameborder=\"0\" allow=\"accelerometer; autoplay; clipboard-write; encrypted-media; gyroscope; picture-in-picture; web-share\" allowfullscreen><\/iframe><\/p>\n","protected":false},"excerpt":{"rendered":"<p>Ils avaient le sourire et \u00e7a se comprend : les gar\u00e7ons de Sami venaient de r\u00e9ussir un match superbe contre Neuilly-sur-Marne, un match spectaculaire ponctu\u00e9 d&rsquo;une belle victoire (4-2). Elle r\u00e9compensait leur travail de la semaine et des semaines pr\u00e9c\u00e9dentes. Leur joie dans le vestiaire, \u00e0 l&rsquo;issue de la rencontre, faisait vraiment plaisir \u00e0 voir [&hellip;]<\/p>\n","protected":false},"author":2,"featured_media":6516,"comment_status":"open","ping_status":"open","sticky":false,"template":"","format":"standard","meta":{"_monsterinsights_skip_tracking":false,"_monsterinsights_sitenote_active":false,"_monsterinsights_sitenote_note":"","_monsterinsights_sitenote_category":0,"footnotes":""},"categories":[1],"tags":[],"class_list":["post-6515","post","type-post","status-publish","format-standard","has-post-thumbnail","hentry","category-non-classe","entry","has-media"],"yoast_head":"<!-- This site is optimized with the Yoast SEO plugin v19.6.1 - https:\/\/yoast.com\/wordpress\/plugins\/seo\/ -->\n<title>Superbe victoire de nos U12 contre Neuilly-sur-Marne - CO Vincennes<\/title>\n<meta name=\"robots\" content=\"index, follow, max-snippet:-1, max-image-preview:large, max-video-preview:-1\" \/>\n<link rel=\"canonical\" href=\"https:\/\/covincennes.com\/index.php\/2023\/03\/30\/belle-victoire-de-nos-u12-contre-neuilly-sur-marne\/\" \/>\n<meta property=\"og:locale\" content=\"fr_FR\" \/>\n<meta property=\"og:type\" content=\"article\" \/>\n<meta property=\"og:title\" content=\"Superbe victoire de nos U12 contre Neuilly-sur-Marne - CO Vincennes\" \/>\n<meta property=\"og:description\" content=\"Ils avaient le sourire et \u00e7a se comprend : les gar\u00e7ons de Sami venaient de r\u00e9ussir un match superbe contre Neuilly-sur-Marne, un match spectaculaire ponctu\u00e9 d&rsquo;une belle victoire (4-2). Elle r\u00e9compensait leur travail de la semaine et des semaines pr\u00e9c\u00e9dentes. Leur joie dans le vestiaire, \u00e0 l&rsquo;issue de la rencontre, faisait vraiment plaisir \u00e0 voir [&hellip;]\" \/>\n<meta property=\"og:url\" content=\"https:\/\/covincennes.com\/index.php\/2023\/03\/30\/belle-victoire-de-nos-u12-contre-neuilly-sur-marne\/\" \/>\n<meta property=\"og:site_name\" content=\"CO Vincennes\" \/>\n<meta property=\"article:publisher\" content=\"https:\/\/www.facebook.com\/CO-VINCENNES-la-page-officielle-136021893155921\/\" \/>\n<meta property=\"article:published_time\" content=\"2023-03-30T21:33:03+00:00\" \/>\n<meta property=\"article:modified_time\" content=\"2023-09-17T21:11:11+00:00\" \/>\n<meta property=\"og:image\" content=\"https:\/\/covincennes.com\/wp-content\/uploads\/2023\/03\/U12-A-vestiaire-redimensionne\u0301e.jpg\" \/>\n\t<meta property=\"og:image:width\" content=\"643\" \/>\n\t<meta property=\"og:image:height\" content=\"480\" \/>\n\t<meta property=\"og:image:type\" content=\"image\/jpeg\" \/>\n<meta name=\"author\" content=\"Cole Hibry\" \/>\n<meta name=\"twitter:card\" content=\"summary_large_image\" \/>\n<meta name=\"twitter:creator\" content=\"@covincennes\" \/>\n<meta name=\"twitter:site\" content=\"@covincennes\" \/>\n<meta name=\"twitter:label1\" content=\"\u00c9crit par\" \/>\n\t<meta name=\"twitter:data1\" content=\"Cole Hibry\" \/>\n\t<meta name=\"twitter:label2\" content=\"Dur\u00e9e de lecture estim\u00e9e\" \/>\n\t<meta name=\"twitter:data2\" content=\"1 minute\" \/>\n<script type=\"application\/ld+json\" class=\"yoast-schema-graph\">{\"@context\":\"https:\/\/schema.org\",\"@graph\":[{\"@type\":\"Article\",\"@id\":\"https:\/\/covincennes.com\/index.php\/2023\/03\/30\/belle-victoire-de-nos-u12-contre-neuilly-sur-marne\/#article\",\"isPartOf\":{\"@id\":\"https:\/\/covincennes.com\/index.php\/2023\/03\/30\/belle-victoire-de-nos-u12-contre-neuilly-sur-marne\/\"},\"author\":{\"name\":\"Cole Hibry\",\"@id\":\"https:\/\/covincennes.com\/#\/schema\/person\/eb881824360af01aa016999e439303fe\"},\"headline\":\"Superbe victoire de nos U12 contre Neuilly-sur-Marne\",\"datePublished\":\"2023-03-30T21:33:03+00:00\",\"dateModified\":\"2023-09-17T21:11:11+00:00\",\"mainEntityOfPage\":{\"@id\":\"https:\/\/covincennes.com\/index.php\/2023\/03\/30\/belle-victoire-de-nos-u12-contre-neuilly-sur-marne\/\"},\"wordCount\":69,\"commentCount\":0,\"publisher\":{\"@id\":\"https:\/\/covincennes.com\/#organization\"},\"inLanguage\":\"fr-FR\",\"potentialAction\":[{\"@type\":\"CommentAction\",\"name\":\"Comment\",\"target\":[\"https:\/\/covincennes.com\/index.php\/2023\/03\/30\/belle-victoire-de-nos-u12-contre-neuilly-sur-marne\/#respond\"]}]},{\"@type\":\"WebPage\",\"@id\":\"https:\/\/covincennes.com\/index.php\/2023\/03\/30\/belle-victoire-de-nos-u12-contre-neuilly-sur-marne\/\",\"url\":\"https:\/\/covincennes.com\/index.php\/2023\/03\/30\/belle-victoire-de-nos-u12-contre-neuilly-sur-marne\/\",\"name\":\"Superbe victoire de nos U12 contre Neuilly-sur-Marne - CO Vincennes\",\"isPartOf\":{\"@id\":\"https:\/\/covincennes.com\/#website\"},\"datePublished\":\"2023-03-30T21:33:03+00:00\",\"dateModified\":\"2023-09-17T21:11:11+00:00\",\"breadcrumb\":{\"@id\":\"https:\/\/covincennes.com\/index.php\/2023\/03\/30\/belle-victoire-de-nos-u12-contre-neuilly-sur-marne\/#breadcrumb\"},\"inLanguage\":\"fr-FR\",\"potentialAction\":[{\"@type\":\"ReadAction\",\"target\":[\"https:\/\/covincennes.com\/index.php\/2023\/03\/30\/belle-victoire-de-nos-u12-contre-neuilly-sur-marne\/\"]}]},{\"@type\":\"BreadcrumbList\",\"@id\":\"https:\/\/covincennes.com\/index.php\/2023\/03\/30\/belle-victoire-de-nos-u12-contre-neuilly-sur-marne\/#breadcrumb\",\"itemListElement\":[{\"@type\":\"ListItem\",\"position\":1,\"name\":\"Accueil\",\"item\":\"https:\/\/covincennes.com\/\"},{\"@type\":\"ListItem\",\"position\":2,\"name\":\"Superbe victoire de nos U12 contre Neuilly-sur-Marne\"}]},{\"@type\":\"WebSite\",\"@id\":\"https:\/\/covincennes.com\/#website\",\"url\":\"https:\/\/covincennes.com\/\",\"name\":\"CO Vincennes\",\"description\":\"Un site utilisant WordPress\",\"publisher\":{\"@id\":\"https:\/\/covincennes.com\/#organization\"},\"potentialAction\":[{\"@type\":\"SearchAction\",\"target\":{\"@type\":\"EntryPoint\",\"urlTemplate\":\"https:\/\/covincennes.com\/?s={search_term_string}\"},\"query-input\":\"required name=search_term_string\"}],\"inLanguage\":\"fr-FR\"},{\"@type\":\"Organization\",\"@id\":\"https:\/\/covincennes.com\/#organization\",\"name\":\"CO Vincennes\",\"url\":\"https:\/\/covincennes.com\/\",\"sameAs\":[\"https:\/\/www.facebook.com\/CO-VINCENNES-la-page-officielle-136021893155921\/\",\"https:\/\/twitter.com\/covincennes\"],\"logo\":{\"@type\":\"ImageObject\",\"inLanguage\":\"fr-FR\",\"@id\":\"https:\/\/covincennes.com\/#\/schema\/logo\/image\/\",\"url\":\"https:\/\/covincennes.com\/wp-content\/uploads\/2019\/11\/logo-cov-png.png\",\"contentUrl\":\"https:\/\/covincennes.com\/wp-content\/uploads\/2019\/11\/logo-cov-png.png\",\"width\":495,\"height\":497,\"caption\":\"CO Vincennes\"},\"image\":{\"@id\":\"https:\/\/covincennes.com\/#\/schema\/logo\/image\/\"}},{\"@type\":\"Person\",\"@id\":\"https:\/\/covincennes.com\/#\/schema\/person\/eb881824360af01aa016999e439303fe\",\"name\":\"Cole Hibry\",\"image\":{\"@type\":\"ImageObject\",\"inLanguage\":\"fr-FR\",\"@id\":\"https:\/\/covincennes.com\/#\/schema\/person\/image\/\",\"url\":\"https:\/\/secure.gravatar.com\/avatar\/fdd68f914853e79675161dab52794fbe213aaa71837a3f83ab5d0669e81bb866?s=96&d=mm&r=g\",\"contentUrl\":\"https:\/\/secure.gravatar.com\/avatar\/fdd68f914853e79675161dab52794fbe213aaa71837a3f83ab5d0669e81bb866?s=96&d=mm&r=g\",\"caption\":\"Cole Hibry\"},\"url\":\"https:\/\/covincennes.com\/index.php\/author\/chevit-frederic\/\"}]}<\/script>\n<!-- \/ Yoast SEO plugin. -->","yoast_head_json":{"title":"Superbe victoire de nos U12 contre Neuilly-sur-Marne - CO Vincennes","robots":{"index":"index","follow":"follow","max-snippet":"max-snippet:-1","max-image-preview":"max-image-preview:large","max-video-preview":"max-video-preview:-1"},"canonical":"https:\/\/covincennes.com\/index.php\/2023\/03\/30\/belle-victoire-de-nos-u12-contre-neuilly-sur-marne\/","og_locale":"fr_FR","og_type":"article","og_title":"Superbe victoire de nos U12 contre Neuilly-sur-Marne - CO Vincennes","og_description":"Ils avaient le sourire et \u00e7a se comprend : les gar\u00e7ons de Sami venaient de r\u00e9ussir un match superbe contre Neuilly-sur-Marne, un match spectaculaire ponctu\u00e9 d&rsquo;une belle victoire (4-2). Elle r\u00e9compensait leur travail de la semaine et des semaines pr\u00e9c\u00e9dentes. Leur joie dans le vestiaire, \u00e0 l&rsquo;issue de la rencontre, faisait vraiment plaisir \u00e0 voir [&hellip;]","og_url":"https:\/\/covincennes.com\/index.php\/2023\/03\/30\/belle-victoire-de-nos-u12-contre-neuilly-sur-marne\/","og_site_name":"CO Vincennes","article_publisher":"https:\/\/www.facebook.com\/CO-VINCENNES-la-page-officielle-136021893155921\/","article_published_time":"2023-03-30T21:33:03+00:00","article_modified_time":"2023-09-17T21:11:11+00:00","og_image":[{"width":643,"height":480,"url":"https:\/\/covincennes.com\/wp-content\/uploads\/2023\/03\/U12-A-vestiaire-redimensionne\u0301e.jpg","type":"image\/jpeg"}],"author":"Cole Hibry","twitter_card":"summary_large_image","twitter_creator":"@covincennes","twitter_site":"@covincennes","twitter_misc":{"\u00c9crit par":"Cole Hibry","Dur\u00e9e de lecture estim\u00e9e":"1 minute"},"schema":{"@context":"https:\/\/schema.org","@graph":[{"@type":"Article","@id":"https:\/\/covincennes.com\/index.php\/2023\/03\/30\/belle-victoire-de-nos-u12-contre-neuilly-sur-marne\/#article","isPartOf":{"@id":"https:\/\/covincennes.com\/index.php\/2023\/03\/30\/belle-victoire-de-nos-u12-contre-neuilly-sur-marne\/"},"author":{"name":"Cole Hibry","@id":"https:\/\/covincennes.com\/#\/schema\/person\/eb881824360af01aa016999e439303fe"},"headline":"Superbe victoire de nos U12 contre Neuilly-sur-Marne","datePublished":"2023-03-30T21:33:03+00:00","dateModified":"2023-09-17T21:11:11+00:00","mainEntityOfPage":{"@id":"https:\/\/covincennes.com\/index.php\/2023\/03\/30\/belle-victoire-de-nos-u12-contre-neuilly-sur-marne\/"},"wordCount":69,"commentCount":0,"publisher":{"@id":"https:\/\/covincennes.com\/#organization"},"inLanguage":"fr-FR","potentialAction":[{"@type":"CommentAction","name":"Comment","target":["https:\/\/covincennes.com\/index.php\/2023\/03\/30\/belle-victoire-de-nos-u12-contre-neuilly-sur-marne\/#respond"]}]},{"@type":"WebPage","@id":"https:\/\/covincennes.com\/index.php\/2023\/03\/30\/belle-victoire-de-nos-u12-contre-neuilly-sur-marne\/","url":"https:\/\/covincennes.com\/index.php\/2023\/03\/30\/belle-victoire-de-nos-u12-contre-neuilly-sur-marne\/","name":"Superbe victoire de nos U12 contre Neuilly-sur-Marne - CO Vincennes","isPartOf":{"@id":"https:\/\/covincennes.com\/#website"},"datePublished":"2023-03-30T21:33:03+00:00","dateModified":"2023-09-17T21:11:11+00:00","breadcrumb":{"@id":"https:\/\/covincennes.com\/index.php\/2023\/03\/30\/belle-victoire-de-nos-u12-contre-neuilly-sur-marne\/#breadcrumb"},"inLanguage":"fr-FR","potentialAction":[{"@type":"ReadAction","target":["https:\/\/covincennes.com\/index.php\/2023\/03\/30\/belle-victoire-de-nos-u12-contre-neuilly-sur-marne\/"]}]},{"@type":"BreadcrumbList","@id":"https:\/\/covincennes.com\/index.php\/2023\/03\/30\/belle-victoire-de-nos-u12-contre-neuilly-sur-marne\/#breadcrumb","itemListElement":[{"@type":"ListItem","position":1,"name":"Accueil","item":"https:\/\/covincennes.com\/"},{"@type":"ListItem","position":2,"name":"Superbe victoire de nos U12 contre Neuilly-sur-Marne"}]},{"@type":"WebSite","@id":"https:\/\/covincennes.com\/#website","url":"https:\/\/covincennes.com\/","name":"CO Vincennes","description":"Un site utilisant WordPress","publisher":{"@id":"https:\/\/covincennes.com\/#organization"},"potentialAction":[{"@type":"SearchAction","target":{"@type":"EntryPoint","urlTemplate":"https:\/\/covincennes.com\/?s={search_term_string}"},"query-input":"required name=search_term_string"}],"inLanguage":"fr-FR"},{"@type":"Organization","@id":"https:\/\/covincennes.com\/#organization","name":"CO Vincennes","url":"https:\/\/covincennes.com\/","sameAs":["https:\/\/www.facebook.com\/CO-VINCENNES-la-page-officielle-136021893155921\/","https:\/\/twitter.com\/covincennes"],"logo":{"@type":"ImageObject","inLanguage":"fr-FR","@id":"https:\/\/covincennes.com\/#\/schema\/logo\/image\/","url":"https:\/\/covincennes.com\/wp-content\/uploads\/2019\/11\/logo-cov-png.png","contentUrl":"https:\/\/covincennes.com\/wp-content\/uploads\/2019\/11\/logo-cov-png.png","width":495,"height":497,"caption":"CO Vincennes"},"image":{"@id":"https:\/\/covincennes.com\/#\/schema\/logo\/image\/"}},{"@type":"Person","@id":"https:\/\/covincennes.com\/#\/schema\/person\/eb881824360af01aa016999e439303fe","name":"Cole Hibry","image":{"@type":"ImageObject","inLanguage":"fr-FR","@id":"https:\/\/covincennes.com\/#\/schema\/person\/image\/","url":"https:\/\/secure.gravatar.com\/avatar\/fdd68f914853e79675161dab52794fbe213aaa71837a3f83ab5d0669e81bb866?s=96&d=mm&r=g","contentUrl":"https:\/\/secure.gravatar.com\/avatar\/fdd68f914853e79675161dab52794fbe213aaa71837a3f83ab5d0669e81bb866?s=96&d=mm&r=g","caption":"Cole Hibry"},"url":"https:\/\/covincennes.com\/index.php\/author\/chevit-frederic\/"}]}},"_links":{"self":[{"href":"https:\/\/covincennes.com\/index.php\/wp-json\/wp\/v2\/posts\/6515","targetHints":{"allow":["GET"]}}],"collection":[{"href":"https:\/\/covincennes.com\/index.php\/wp-json\/wp\/v2\/posts"}],"about":[{"href":"https:\/\/covincennes.com\/index.php\/wp-json\/wp\/v2\/types\/post"}],"author":[{"embeddable":true,"href":"https:\/\/covincennes.com\/index.php\/wp-json\/wp\/v2\/users\/2"}],"replies":[{"embeddable":true,"href":"https:\/\/covincennes.com\/index.php\/wp-json\/wp\/v2\/comments?post=6515"}],"version-history":[{"count":2,"href":"https:\/\/covincennes.com\/index.php\/wp-json\/wp\/v2\/posts\/6515\/revisions"}],"predecessor-version":[{"id":6524,"href":"https:\/\/covincennes.com\/index.php\/wp-json\/wp\/v2\/posts\/6515\/revisions\/6524"}],"wp:featuredmedia":[{"embeddable":true,"href":"https:\/\/covincennes.com\/index.php\/wp-json\/wp\/v2\/media\/6516"}],"wp:attachment":[{"href":"https:\/\/covincennes.com\/index.php\/wp-json\/wp\/v2\/media?parent=6515"}],"wp:term":[{"taxonomy":"category","embeddable":true,"href":"https:\/\/covincennes.com\/index.php\/wp-json\/wp\/v2\/categories?post=6515"},{"taxonomy":"post_tag","embeddable":true,"href":"https:\/\/covincennes.com\/index.php\/wp-json\/wp\/v2\/tags?post=6515"}],"curies":[{"name":"wp","href":"https:\/\/api.w.org\/{rel}","templated":true}]}}