{"id":7000,"date":"2023-09-14T23:25:18","date_gmt":"2023-09-14T21:25:18","guid":{"rendered":"https:\/\/covincennes.com\/?p=7000"},"modified":"2023-09-17T22:50:23","modified_gmt":"2023-09-17T20:50:23","slug":"tres-bons-debuts-de-nos-seniors-a","status":"publish","type":"post","link":"https:\/\/covincennes.com\/index.php\/2023\/09\/14\/tres-bons-debuts-de-nos-seniors-a\/","title":{"rendered":"Tr\u00e8s bons d\u00e9buts de nos s\u00e9niors A"},"content":{"rendered":"<p>Pour leur premier match en R2, avec un groupe tr\u00e8s remani\u00e9 et un nouveau coach, nos s\u00e9niors A \u00e9taient observ\u00e9s de pr\u00e8s dimanche \u00e0 l&rsquo;occasion du derby contre Le Perreux.<\/p>\n<p>Eh bien ! les partenaires du CO Vincennes, invit\u00e9s en tribune officielle, ont \u00e9t\u00e9 rassur\u00e9s et conquis. Car les n\u00f4tres ont \u00e9t\u00e9 s\u00e9duisants car conqu\u00e9rants, enthousiastes, et capables de d\u00e9velopper un football de qualit\u00e9. Courageux et solidaires aussi, car r\u00e9duits \u00e0 dix apr\u00e8s le rouge de Jonas, dont le pied beaucoup trop haut a rencontr\u00e9 le visage d&rsquo;un adversaire. A l&rsquo;arriv\u00e9e une nette victoire (3-0), avec un doubl\u00e9 d&rsquo;Hattabiou et un but de Maxence, une minute apr\u00e8s son entr\u00e9e en jeu.<\/p>\n<p>Les hommes de Carl devront bien s\u00fbr confirmer lors de la deuxi\u00e8me journ\u00e9e, encore \u00e0 domicile, contre la B de Drancy. Et entre temps, faire le job en Coupe de France \u00e0 Vaujours, une \u00e9quipe de D3. Un pi\u00e8ge \u00e0 \u00e9viter.<\/p>\n<p class=\"responsive-video-wrap clr\"><iframe loading=\"lazy\" title=\"COV - LE PERREUX : LE RESUME\" width=\"1200\" height=\"675\" src=\"https:\/\/www.youtube.com\/embed\/y2tDgcKHoLs?feature=oembed\" frameborder=\"0\" allow=\"accelerometer; autoplay; clipboard-write; encrypted-media; gyroscope; picture-in-picture; web-share\" allowfullscreen><\/iframe><\/p>\n","protected":false},"excerpt":{"rendered":"<p>Pour leur premier match en R2, avec un groupe tr\u00e8s remani\u00e9 et un nouveau coach, nos s\u00e9niors A \u00e9taient observ\u00e9s de pr\u00e8s dimanche \u00e0 l&rsquo;occasion du derby contre Le Perreux. Eh bien ! les partenaires du CO Vincennes, invit\u00e9s en tribune officielle, ont \u00e9t\u00e9 rassur\u00e9s et conquis. Car les n\u00f4tres ont \u00e9t\u00e9 s\u00e9duisants car conqu\u00e9rants, [&hellip;]<\/p>\n","protected":false},"author":2,"featured_media":7004,"comment_status":"open","ping_status":"open","sticky":false,"template":"","format":"standard","meta":{"_monsterinsights_skip_tracking":false,"_monsterinsights_sitenote_active":false,"_monsterinsights_sitenote_note":"","_monsterinsights_sitenote_category":0,"footnotes":""},"categories":[48],"tags":[],"class_list":["post-7000","post","type-post","status-publish","format-standard","has-post-thumbnail","hentry","category-a-la-une","entry","has-media"],"yoast_head":"<!-- This site is optimized with the Yoast SEO plugin v19.6.1 - https:\/\/yoast.com\/wordpress\/plugins\/seo\/ -->\n<title>Tr\u00e8s bons d\u00e9buts de nos s\u00e9niors A - CO Vincennes<\/title>\n<meta name=\"robots\" content=\"index, follow, max-snippet:-1, max-image-preview:large, max-video-preview:-1\" \/>\n<link rel=\"canonical\" href=\"https:\/\/covincennes.com\/index.php\/2023\/09\/14\/tres-bons-debuts-de-nos-seniors-a\/\" \/>\n<meta property=\"og:locale\" content=\"fr_FR\" \/>\n<meta property=\"og:type\" content=\"article\" \/>\n<meta property=\"og:title\" content=\"Tr\u00e8s bons d\u00e9buts de nos s\u00e9niors A - CO Vincennes\" \/>\n<meta property=\"og:description\" content=\"Pour leur premier match en R2, avec un groupe tr\u00e8s remani\u00e9 et un nouveau coach, nos s\u00e9niors A \u00e9taient observ\u00e9s de pr\u00e8s dimanche \u00e0 l&rsquo;occasion du derby contre Le Perreux. Eh bien ! les partenaires du CO Vincennes, invit\u00e9s en tribune officielle, ont \u00e9t\u00e9 rassur\u00e9s et conquis. Car les n\u00f4tres ont \u00e9t\u00e9 s\u00e9duisants car conqu\u00e9rants, [&hellip;]\" \/>\n<meta property=\"og:url\" content=\"https:\/\/covincennes.com\/index.php\/2023\/09\/14\/tres-bons-debuts-de-nos-seniors-a\/\" \/>\n<meta property=\"og:site_name\" content=\"CO Vincennes\" \/>\n<meta property=\"article:publisher\" content=\"https:\/\/www.facebook.com\/CO-VINCENNES-la-page-officielle-136021893155921\/\" \/>\n<meta property=\"article:published_time\" content=\"2023-09-14T21:25:18+00:00\" \/>\n<meta property=\"article:modified_time\" content=\"2023-09-17T20:50:23+00:00\" \/>\n<meta property=\"og:image\" content=\"https:\/\/covincennes.com\/wp-content\/uploads\/2023\/09\/Photo-site-redimensionnee-1.jpg\" \/>\n\t<meta property=\"og:image:width\" content=\"643\" \/>\n\t<meta property=\"og:image:height\" content=\"480\" \/>\n\t<meta property=\"og:image:type\" content=\"image\/jpeg\" \/>\n<meta name=\"author\" content=\"Cole Hibry\" \/>\n<meta name=\"twitter:card\" content=\"summary_large_image\" \/>\n<meta name=\"twitter:creator\" content=\"@covincennes\" \/>\n<meta name=\"twitter:site\" content=\"@covincennes\" \/>\n<meta name=\"twitter:label1\" content=\"\u00c9crit par\" \/>\n\t<meta name=\"twitter:data1\" content=\"Cole Hibry\" \/>\n\t<meta name=\"twitter:label2\" content=\"Dur\u00e9e de lecture estim\u00e9e\" \/>\n\t<meta name=\"twitter:data2\" content=\"1 minute\" \/>\n<script type=\"application\/ld+json\" class=\"yoast-schema-graph\">{\"@context\":\"https:\/\/schema.org\",\"@graph\":[{\"@type\":\"Article\",\"@id\":\"https:\/\/covincennes.com\/index.php\/2023\/09\/14\/tres-bons-debuts-de-nos-seniors-a\/#article\",\"isPartOf\":{\"@id\":\"https:\/\/covincennes.com\/index.php\/2023\/09\/14\/tres-bons-debuts-de-nos-seniors-a\/\"},\"author\":{\"name\":\"Cole Hibry\",\"@id\":\"https:\/\/covincennes.com\/#\/schema\/person\/eb881824360af01aa016999e439303fe\"},\"headline\":\"Tr\u00e8s bons d\u00e9buts de nos s\u00e9niors A\",\"datePublished\":\"2023-09-14T21:25:18+00:00\",\"dateModified\":\"2023-09-17T20:50:23+00:00\",\"mainEntityOfPage\":{\"@id\":\"https:\/\/covincennes.com\/index.php\/2023\/09\/14\/tres-bons-debuts-de-nos-seniors-a\/\"},\"wordCount\":180,\"commentCount\":0,\"publisher\":{\"@id\":\"https:\/\/covincennes.com\/#organization\"},\"articleSection\":[\"\u00e0 la une\"],\"inLanguage\":\"fr-FR\",\"potentialAction\":[{\"@type\":\"CommentAction\",\"name\":\"Comment\",\"target\":[\"https:\/\/covincennes.com\/index.php\/2023\/09\/14\/tres-bons-debuts-de-nos-seniors-a\/#respond\"]}]},{\"@type\":\"WebPage\",\"@id\":\"https:\/\/covincennes.com\/index.php\/2023\/09\/14\/tres-bons-debuts-de-nos-seniors-a\/\",\"url\":\"https:\/\/covincennes.com\/index.php\/2023\/09\/14\/tres-bons-debuts-de-nos-seniors-a\/\",\"name\":\"Tr\u00e8s bons d\u00e9buts de nos s\u00e9niors A - CO Vincennes\",\"isPartOf\":{\"@id\":\"https:\/\/covincennes.com\/#website\"},\"datePublished\":\"2023-09-14T21:25:18+00:00\",\"dateModified\":\"2023-09-17T20:50:23+00:00\",\"breadcrumb\":{\"@id\":\"https:\/\/covincennes.com\/index.php\/2023\/09\/14\/tres-bons-debuts-de-nos-seniors-a\/#breadcrumb\"},\"inLanguage\":\"fr-FR\",\"potentialAction\":[{\"@type\":\"ReadAction\",\"target\":[\"https:\/\/covincennes.com\/index.php\/2023\/09\/14\/tres-bons-debuts-de-nos-seniors-a\/\"]}]},{\"@type\":\"BreadcrumbList\",\"@id\":\"https:\/\/covincennes.com\/index.php\/2023\/09\/14\/tres-bons-debuts-de-nos-seniors-a\/#breadcrumb\",\"itemListElement\":[{\"@type\":\"ListItem\",\"position\":1,\"name\":\"Accueil\",\"item\":\"https:\/\/covincennes.com\/\"},{\"@type\":\"ListItem\",\"position\":2,\"name\":\"Tr\u00e8s bons d\u00e9buts de nos s\u00e9niors A\"}]},{\"@type\":\"WebSite\",\"@id\":\"https:\/\/covincennes.com\/#website\",\"url\":\"https:\/\/covincennes.com\/\",\"name\":\"CO Vincennes\",\"description\":\"Un site utilisant WordPress\",\"publisher\":{\"@id\":\"https:\/\/covincennes.com\/#organization\"},\"potentialAction\":[{\"@type\":\"SearchAction\",\"target\":{\"@type\":\"EntryPoint\",\"urlTemplate\":\"https:\/\/covincennes.com\/?s={search_term_string}\"},\"query-input\":\"required name=search_term_string\"}],\"inLanguage\":\"fr-FR\"},{\"@type\":\"Organization\",\"@id\":\"https:\/\/covincennes.com\/#organization\",\"name\":\"CO Vincennes\",\"url\":\"https:\/\/covincennes.com\/\",\"sameAs\":[\"https:\/\/www.facebook.com\/CO-VINCENNES-la-page-officielle-136021893155921\/\",\"https:\/\/twitter.com\/covincennes\"],\"logo\":{\"@type\":\"ImageObject\",\"inLanguage\":\"fr-FR\",\"@id\":\"https:\/\/covincennes.com\/#\/schema\/logo\/image\/\",\"url\":\"https:\/\/covincennes.com\/wp-content\/uploads\/2019\/11\/logo-cov-png.png\",\"contentUrl\":\"https:\/\/covincennes.com\/wp-content\/uploads\/2019\/11\/logo-cov-png.png\",\"width\":495,\"height\":497,\"caption\":\"CO Vincennes\"},\"image\":{\"@id\":\"https:\/\/covincennes.com\/#\/schema\/logo\/image\/\"}},{\"@type\":\"Person\",\"@id\":\"https:\/\/covincennes.com\/#\/schema\/person\/eb881824360af01aa016999e439303fe\",\"name\":\"Cole Hibry\",\"image\":{\"@type\":\"ImageObject\",\"inLanguage\":\"fr-FR\",\"@id\":\"https:\/\/covincennes.com\/#\/schema\/person\/image\/\",\"url\":\"https:\/\/secure.gravatar.com\/avatar\/fdd68f914853e79675161dab52794fbe213aaa71837a3f83ab5d0669e81bb866?s=96&d=mm&r=g\",\"contentUrl\":\"https:\/\/secure.gravatar.com\/avatar\/fdd68f914853e79675161dab52794fbe213aaa71837a3f83ab5d0669e81bb866?s=96&d=mm&r=g\",\"caption\":\"Cole Hibry\"},\"url\":\"https:\/\/covincennes.com\/index.php\/author\/chevit-frederic\/\"}]}<\/script>\n<!-- \/ Yoast SEO plugin. -->","yoast_head_json":{"title":"Tr\u00e8s bons d\u00e9buts de nos s\u00e9niors A - CO Vincennes","robots":{"index":"index","follow":"follow","max-snippet":"max-snippet:-1","max-image-preview":"max-image-preview:large","max-video-preview":"max-video-preview:-1"},"canonical":"https:\/\/covincennes.com\/index.php\/2023\/09\/14\/tres-bons-debuts-de-nos-seniors-a\/","og_locale":"fr_FR","og_type":"article","og_title":"Tr\u00e8s bons d\u00e9buts de nos s\u00e9niors A - CO Vincennes","og_description":"Pour leur premier match en R2, avec un groupe tr\u00e8s remani\u00e9 et un nouveau coach, nos s\u00e9niors A \u00e9taient observ\u00e9s de pr\u00e8s dimanche \u00e0 l&rsquo;occasion du derby contre Le Perreux. Eh bien ! les partenaires du CO Vincennes, invit\u00e9s en tribune officielle, ont \u00e9t\u00e9 rassur\u00e9s et conquis. Car les n\u00f4tres ont \u00e9t\u00e9 s\u00e9duisants car conqu\u00e9rants, [&hellip;]","og_url":"https:\/\/covincennes.com\/index.php\/2023\/09\/14\/tres-bons-debuts-de-nos-seniors-a\/","og_site_name":"CO Vincennes","article_publisher":"https:\/\/www.facebook.com\/CO-VINCENNES-la-page-officielle-136021893155921\/","article_published_time":"2023-09-14T21:25:18+00:00","article_modified_time":"2023-09-17T20:50:23+00:00","og_image":[{"width":643,"height":480,"url":"https:\/\/covincennes.com\/wp-content\/uploads\/2023\/09\/Photo-site-redimensionnee-1.jpg","type":"image\/jpeg"}],"author":"Cole Hibry","twitter_card":"summary_large_image","twitter_creator":"@covincennes","twitter_site":"@covincennes","twitter_misc":{"\u00c9crit par":"Cole Hibry","Dur\u00e9e de lecture estim\u00e9e":"1 minute"},"schema":{"@context":"https:\/\/schema.org","@graph":[{"@type":"Article","@id":"https:\/\/covincennes.com\/index.php\/2023\/09\/14\/tres-bons-debuts-de-nos-seniors-a\/#article","isPartOf":{"@id":"https:\/\/covincennes.com\/index.php\/2023\/09\/14\/tres-bons-debuts-de-nos-seniors-a\/"},"author":{"name":"Cole Hibry","@id":"https:\/\/covincennes.com\/#\/schema\/person\/eb881824360af01aa016999e439303fe"},"headline":"Tr\u00e8s bons d\u00e9buts de nos s\u00e9niors A","datePublished":"2023-09-14T21:25:18+00:00","dateModified":"2023-09-17T20:50:23+00:00","mainEntityOfPage":{"@id":"https:\/\/covincennes.com\/index.php\/2023\/09\/14\/tres-bons-debuts-de-nos-seniors-a\/"},"wordCount":180,"commentCount":0,"publisher":{"@id":"https:\/\/covincennes.com\/#organization"},"articleSection":["\u00e0 la une"],"inLanguage":"fr-FR","potentialAction":[{"@type":"CommentAction","name":"Comment","target":["https:\/\/covincennes.com\/index.php\/2023\/09\/14\/tres-bons-debuts-de-nos-seniors-a\/#respond"]}]},{"@type":"WebPage","@id":"https:\/\/covincennes.com\/index.php\/2023\/09\/14\/tres-bons-debuts-de-nos-seniors-a\/","url":"https:\/\/covincennes.com\/index.php\/2023\/09\/14\/tres-bons-debuts-de-nos-seniors-a\/","name":"Tr\u00e8s bons d\u00e9buts de nos s\u00e9niors A - CO Vincennes","isPartOf":{"@id":"https:\/\/covincennes.com\/#website"},"datePublished":"2023-09-14T21:25:18+00:00","dateModified":"2023-09-17T20:50:23+00:00","breadcrumb":{"@id":"https:\/\/covincennes.com\/index.php\/2023\/09\/14\/tres-bons-debuts-de-nos-seniors-a\/#breadcrumb"},"inLanguage":"fr-FR","potentialAction":[{"@type":"ReadAction","target":["https:\/\/covincennes.com\/index.php\/2023\/09\/14\/tres-bons-debuts-de-nos-seniors-a\/"]}]},{"@type":"BreadcrumbList","@id":"https:\/\/covincennes.com\/index.php\/2023\/09\/14\/tres-bons-debuts-de-nos-seniors-a\/#breadcrumb","itemListElement":[{"@type":"ListItem","position":1,"name":"Accueil","item":"https:\/\/covincennes.com\/"},{"@type":"ListItem","position":2,"name":"Tr\u00e8s bons d\u00e9buts de nos s\u00e9niors A"}]},{"@type":"WebSite","@id":"https:\/\/covincennes.com\/#website","url":"https:\/\/covincennes.com\/","name":"CO Vincennes","description":"Un site utilisant WordPress","publisher":{"@id":"https:\/\/covincennes.com\/#organization"},"potentialAction":[{"@type":"SearchAction","target":{"@type":"EntryPoint","urlTemplate":"https:\/\/covincennes.com\/?s={search_term_string}"},"query-input":"required name=search_term_string"}],"inLanguage":"fr-FR"},{"@type":"Organization","@id":"https:\/\/covincennes.com\/#organization","name":"CO Vincennes","url":"https:\/\/covincennes.com\/","sameAs":["https:\/\/www.facebook.com\/CO-VINCENNES-la-page-officielle-136021893155921\/","https:\/\/twitter.com\/covincennes"],"logo":{"@type":"ImageObject","inLanguage":"fr-FR","@id":"https:\/\/covincennes.com\/#\/schema\/logo\/image\/","url":"https:\/\/covincennes.com\/wp-content\/uploads\/2019\/11\/logo-cov-png.png","contentUrl":"https:\/\/covincennes.com\/wp-content\/uploads\/2019\/11\/logo-cov-png.png","width":495,"height":497,"caption":"CO Vincennes"},"image":{"@id":"https:\/\/covincennes.com\/#\/schema\/logo\/image\/"}},{"@type":"Person","@id":"https:\/\/covincennes.com\/#\/schema\/person\/eb881824360af01aa016999e439303fe","name":"Cole Hibry","image":{"@type":"ImageObject","inLanguage":"fr-FR","@id":"https:\/\/covincennes.com\/#\/schema\/person\/image\/","url":"https:\/\/secure.gravatar.com\/avatar\/fdd68f914853e79675161dab52794fbe213aaa71837a3f83ab5d0669e81bb866?s=96&d=mm&r=g","contentUrl":"https:\/\/secure.gravatar.com\/avatar\/fdd68f914853e79675161dab52794fbe213aaa71837a3f83ab5d0669e81bb866?s=96&d=mm&r=g","caption":"Cole Hibry"},"url":"https:\/\/covincennes.com\/index.php\/author\/chevit-frederic\/"}]}},"_links":{"self":[{"href":"https:\/\/covincennes.com\/index.php\/wp-json\/wp\/v2\/posts\/7000","targetHints":{"allow":["GET"]}}],"collection":[{"href":"https:\/\/covincennes.com\/index.php\/wp-json\/wp\/v2\/posts"}],"about":[{"href":"https:\/\/covincennes.com\/index.php\/wp-json\/wp\/v2\/types\/post"}],"author":[{"embeddable":true,"href":"https:\/\/covincennes.com\/index.php\/wp-json\/wp\/v2\/users\/2"}],"replies":[{"embeddable":true,"href":"https:\/\/covincennes.com\/index.php\/wp-json\/wp\/v2\/comments?post=7000"}],"version-history":[{"count":4,"href":"https:\/\/covincennes.com\/index.php\/wp-json\/wp\/v2\/posts\/7000\/revisions"}],"predecessor-version":[{"id":7014,"href":"https:\/\/covincennes.com\/index.php\/wp-json\/wp\/v2\/posts\/7000\/revisions\/7014"}],"wp:featuredmedia":[{"embeddable":true,"href":"https:\/\/covincennes.com\/index.php\/wp-json\/wp\/v2\/media\/7004"}],"wp:attachment":[{"href":"https:\/\/covincennes.com\/index.php\/wp-json\/wp\/v2\/media?parent=7000"}],"wp:term":[{"taxonomy":"category","embeddable":true,"href":"https:\/\/covincennes.com\/index.php\/wp-json\/wp\/v2\/categories?post=7000"},{"taxonomy":"post_tag","embeddable":true,"href":"https:\/\/covincennes.com\/index.php\/wp-json\/wp\/v2\/tags?post=7000"}],"curies":[{"name":"wp","href":"https:\/\/api.w.org\/{rel}","templated":true}]}}