{"id":7027,"date":"2023-09-22T15:52:11","date_gmt":"2023-09-22T13:52:11","guid":{"rendered":"https:\/\/covincennes.com\/?p=7027"},"modified":"2024-09-16T00:57:08","modified_gmt":"2024-09-15T22:57:08","slug":"e-enfance-nouveau-partenaire-de-lecole-de-foot","status":"publish","type":"post","link":"https:\/\/covincennes.com\/index.php\/2023\/09\/22\/e-enfance-nouveau-partenaire-de-lecole-de-foot\/","title":{"rendered":"e-enfance, le partenaire de l&rsquo;\u00c9cole de Foot"},"content":{"rendered":"<p>En 2015, le CO Vincennes a d\u00e9cid\u00e9 de renoncer \u00e0 la publicit\u00e9 payante sur la face avant des maillots de l\u2019\u00c9cole de Foot. A la place, apparaissent les logos d\u2019associations qui ont toute un point commun : venir en aide aux enfants. Il peut s&rsquo;agir d&rsquo;orphelins, d&rsquo;enfants abandonn\u00e9s, malades, d\u00e9munis ou en danger.<\/p>\n<p>C\u2019est une mesure financi\u00e8rement p\u00e9nalisante pour le club, mais l\u2019expression de ses valeurs fondamentales.<\/p>\n<p>Apr\u00e8s <em>SOS Villages d&rsquo;Enfants, Princesse Margot, Un Enfant par la Main, L&rsquo;\u00c9toile de Martin, Le Rire M\u00e9decin <\/em>et<em> Les Tremplins Blaise Matuidi<\/em>, le club s\u2019unit pour la saison 23-24 \u00e0 l\u2019association <span style=\"color: #000000;\"><em>e-enfance<\/em><\/span>. Elle propose aux jeunes, \u00e0 leurs parents et aux professionnels des interventions en milieu scolaire et des formations sur les usages responsables d&rsquo;internet et les risques comme le cyber-harc\u00e8lement, le cybersexisme et les autres formes de cyberviolence.<\/p>\n<p>L&rsquo;actualit\u00e9 montre combien c&rsquo;est une mission capitale et nous en sommes fiers d&rsquo;offrir, humblement, un peu plus de visibilit\u00e9 \u00e0 <em>e-enfance<\/em>.<\/p>\n","protected":false},"excerpt":{"rendered":"<p>En 2015, le CO Vincennes a d\u00e9cid\u00e9 de renoncer \u00e0 la publicit\u00e9 payante sur la face avant des maillots de l\u2019\u00c9cole de Foot. A la place, apparaissent les logos d\u2019associations qui ont toute un point commun : venir en aide aux enfants. Il peut s&rsquo;agir d&rsquo;orphelins, d&rsquo;enfants abandonn\u00e9s, malades, d\u00e9munis ou en danger. C\u2019est une [&hellip;]<\/p>\n","protected":false},"author":2,"featured_media":7028,"comment_status":"open","ping_status":"open","sticky":false,"template":"","format":"standard","meta":{"_monsterinsights_skip_tracking":false,"_monsterinsights_sitenote_active":false,"_monsterinsights_sitenote_note":"","_monsterinsights_sitenote_category":0,"footnotes":""},"categories":[48],"tags":[],"class_list":["post-7027","post","type-post","status-publish","format-standard","has-post-thumbnail","hentry","category-a-la-une","entry","has-media"],"yoast_head":"<!-- This site is optimized with the Yoast SEO plugin v19.6.1 - https:\/\/yoast.com\/wordpress\/plugins\/seo\/ -->\n<title>e-enfance, le partenaire de l&#039;\u00c9cole de Foot - CO Vincennes<\/title>\n<meta name=\"robots\" content=\"index, follow, max-snippet:-1, max-image-preview:large, max-video-preview:-1\" \/>\n<link rel=\"canonical\" href=\"https:\/\/covincennes.com\/index.php\/2023\/09\/22\/e-enfance-nouveau-partenaire-de-lecole-de-foot\/\" \/>\n<meta property=\"og:locale\" content=\"fr_FR\" \/>\n<meta property=\"og:type\" content=\"article\" \/>\n<meta property=\"og:title\" content=\"e-enfance, le partenaire de l&#039;\u00c9cole de Foot - CO Vincennes\" \/>\n<meta property=\"og:description\" content=\"En 2015, le CO Vincennes a d\u00e9cid\u00e9 de renoncer \u00e0 la publicit\u00e9 payante sur la face avant des maillots de l\u2019\u00c9cole de Foot. A la place, apparaissent les logos d\u2019associations qui ont toute un point commun : venir en aide aux enfants. Il peut s&rsquo;agir d&rsquo;orphelins, d&rsquo;enfants abandonn\u00e9s, malades, d\u00e9munis ou en danger. C\u2019est une [&hellip;]\" \/>\n<meta property=\"og:url\" content=\"https:\/\/covincennes.com\/index.php\/2023\/09\/22\/e-enfance-nouveau-partenaire-de-lecole-de-foot\/\" \/>\n<meta property=\"og:site_name\" content=\"CO Vincennes\" \/>\n<meta property=\"article:publisher\" content=\"https:\/\/www.facebook.com\/CO-VINCENNES-la-page-officielle-136021893155921\/\" \/>\n<meta property=\"article:published_time\" content=\"2023-09-22T13:52:11+00:00\" \/>\n<meta property=\"article:modified_time\" content=\"2024-09-15T22:57:08+00:00\" \/>\n<meta property=\"og:image\" content=\"https:\/\/covincennes.com\/wp-content\/uploads\/2023\/09\/Maillot-e-enfance-redimensionne.jpeg\" \/>\n\t<meta property=\"og:image:width\" content=\"643\" \/>\n\t<meta property=\"og:image:height\" content=\"480\" \/>\n\t<meta property=\"og:image:type\" content=\"image\/jpeg\" \/>\n<meta name=\"author\" content=\"Cole Hibry\" \/>\n<meta name=\"twitter:card\" content=\"summary_large_image\" \/>\n<meta name=\"twitter:creator\" content=\"@covincennes\" \/>\n<meta name=\"twitter:site\" content=\"@covincennes\" \/>\n<meta name=\"twitter:label1\" content=\"\u00c9crit par\" \/>\n\t<meta name=\"twitter:data1\" content=\"Cole Hibry\" \/>\n\t<meta name=\"twitter:label2\" content=\"Dur\u00e9e de lecture estim\u00e9e\" \/>\n\t<meta name=\"twitter:data2\" content=\"1 minute\" \/>\n<script type=\"application\/ld+json\" class=\"yoast-schema-graph\">{\"@context\":\"https:\/\/schema.org\",\"@graph\":[{\"@type\":\"Article\",\"@id\":\"https:\/\/covincennes.com\/index.php\/2023\/09\/22\/e-enfance-nouveau-partenaire-de-lecole-de-foot\/#article\",\"isPartOf\":{\"@id\":\"https:\/\/covincennes.com\/index.php\/2023\/09\/22\/e-enfance-nouveau-partenaire-de-lecole-de-foot\/\"},\"author\":{\"name\":\"Cole Hibry\",\"@id\":\"https:\/\/covincennes.com\/#\/schema\/person\/eb881824360af01aa016999e439303fe\"},\"headline\":\"e-enfance, le partenaire de l&rsquo;\u00c9cole de Foot\",\"datePublished\":\"2023-09-22T13:52:11+00:00\",\"dateModified\":\"2024-09-15T22:57:08+00:00\",\"mainEntityOfPage\":{\"@id\":\"https:\/\/covincennes.com\/index.php\/2023\/09\/22\/e-enfance-nouveau-partenaire-de-lecole-de-foot\/\"},\"wordCount\":174,\"commentCount\":0,\"publisher\":{\"@id\":\"https:\/\/covincennes.com\/#organization\"},\"articleSection\":[\"\u00e0 la une\"],\"inLanguage\":\"fr-FR\",\"potentialAction\":[{\"@type\":\"CommentAction\",\"name\":\"Comment\",\"target\":[\"https:\/\/covincennes.com\/index.php\/2023\/09\/22\/e-enfance-nouveau-partenaire-de-lecole-de-foot\/#respond\"]}]},{\"@type\":\"WebPage\",\"@id\":\"https:\/\/covincennes.com\/index.php\/2023\/09\/22\/e-enfance-nouveau-partenaire-de-lecole-de-foot\/\",\"url\":\"https:\/\/covincennes.com\/index.php\/2023\/09\/22\/e-enfance-nouveau-partenaire-de-lecole-de-foot\/\",\"name\":\"e-enfance, le partenaire de l'\u00c9cole de Foot - CO Vincennes\",\"isPartOf\":{\"@id\":\"https:\/\/covincennes.com\/#website\"},\"datePublished\":\"2023-09-22T13:52:11+00:00\",\"dateModified\":\"2024-09-15T22:57:08+00:00\",\"breadcrumb\":{\"@id\":\"https:\/\/covincennes.com\/index.php\/2023\/09\/22\/e-enfance-nouveau-partenaire-de-lecole-de-foot\/#breadcrumb\"},\"inLanguage\":\"fr-FR\",\"potentialAction\":[{\"@type\":\"ReadAction\",\"target\":[\"https:\/\/covincennes.com\/index.php\/2023\/09\/22\/e-enfance-nouveau-partenaire-de-lecole-de-foot\/\"]}]},{\"@type\":\"BreadcrumbList\",\"@id\":\"https:\/\/covincennes.com\/index.php\/2023\/09\/22\/e-enfance-nouveau-partenaire-de-lecole-de-foot\/#breadcrumb\",\"itemListElement\":[{\"@type\":\"ListItem\",\"position\":1,\"name\":\"Accueil\",\"item\":\"https:\/\/covincennes.com\/\"},{\"@type\":\"ListItem\",\"position\":2,\"name\":\"e-enfance, le partenaire de l&rsquo;\u00c9cole de Foot\"}]},{\"@type\":\"WebSite\",\"@id\":\"https:\/\/covincennes.com\/#website\",\"url\":\"https:\/\/covincennes.com\/\",\"name\":\"CO Vincennes\",\"description\":\"Un site utilisant WordPress\",\"publisher\":{\"@id\":\"https:\/\/covincennes.com\/#organization\"},\"potentialAction\":[{\"@type\":\"SearchAction\",\"target\":{\"@type\":\"EntryPoint\",\"urlTemplate\":\"https:\/\/covincennes.com\/?s={search_term_string}\"},\"query-input\":\"required name=search_term_string\"}],\"inLanguage\":\"fr-FR\"},{\"@type\":\"Organization\",\"@id\":\"https:\/\/covincennes.com\/#organization\",\"name\":\"CO Vincennes\",\"url\":\"https:\/\/covincennes.com\/\",\"sameAs\":[\"https:\/\/www.facebook.com\/CO-VINCENNES-la-page-officielle-136021893155921\/\",\"https:\/\/twitter.com\/covincennes\"],\"logo\":{\"@type\":\"ImageObject\",\"inLanguage\":\"fr-FR\",\"@id\":\"https:\/\/covincennes.com\/#\/schema\/logo\/image\/\",\"url\":\"https:\/\/covincennes.com\/wp-content\/uploads\/2019\/11\/logo-cov-png.png\",\"contentUrl\":\"https:\/\/covincennes.com\/wp-content\/uploads\/2019\/11\/logo-cov-png.png\",\"width\":495,\"height\":497,\"caption\":\"CO Vincennes\"},\"image\":{\"@id\":\"https:\/\/covincennes.com\/#\/schema\/logo\/image\/\"}},{\"@type\":\"Person\",\"@id\":\"https:\/\/covincennes.com\/#\/schema\/person\/eb881824360af01aa016999e439303fe\",\"name\":\"Cole Hibry\",\"image\":{\"@type\":\"ImageObject\",\"inLanguage\":\"fr-FR\",\"@id\":\"https:\/\/covincennes.com\/#\/schema\/person\/image\/\",\"url\":\"https:\/\/secure.gravatar.com\/avatar\/fdd68f914853e79675161dab52794fbe213aaa71837a3f83ab5d0669e81bb866?s=96&d=mm&r=g\",\"contentUrl\":\"https:\/\/secure.gravatar.com\/avatar\/fdd68f914853e79675161dab52794fbe213aaa71837a3f83ab5d0669e81bb866?s=96&d=mm&r=g\",\"caption\":\"Cole Hibry\"},\"url\":\"https:\/\/covincennes.com\/index.php\/author\/chevit-frederic\/\"}]}<\/script>\n<!-- \/ Yoast SEO plugin. -->","yoast_head_json":{"title":"e-enfance, le partenaire de l'\u00c9cole de Foot - CO Vincennes","robots":{"index":"index","follow":"follow","max-snippet":"max-snippet:-1","max-image-preview":"max-image-preview:large","max-video-preview":"max-video-preview:-1"},"canonical":"https:\/\/covincennes.com\/index.php\/2023\/09\/22\/e-enfance-nouveau-partenaire-de-lecole-de-foot\/","og_locale":"fr_FR","og_type":"article","og_title":"e-enfance, le partenaire de l'\u00c9cole de Foot - CO Vincennes","og_description":"En 2015, le CO Vincennes a d\u00e9cid\u00e9 de renoncer \u00e0 la publicit\u00e9 payante sur la face avant des maillots de l\u2019\u00c9cole de Foot. A la place, apparaissent les logos d\u2019associations qui ont toute un point commun : venir en aide aux enfants. Il peut s&rsquo;agir d&rsquo;orphelins, d&rsquo;enfants abandonn\u00e9s, malades, d\u00e9munis ou en danger. C\u2019est une [&hellip;]","og_url":"https:\/\/covincennes.com\/index.php\/2023\/09\/22\/e-enfance-nouveau-partenaire-de-lecole-de-foot\/","og_site_name":"CO Vincennes","article_publisher":"https:\/\/www.facebook.com\/CO-VINCENNES-la-page-officielle-136021893155921\/","article_published_time":"2023-09-22T13:52:11+00:00","article_modified_time":"2024-09-15T22:57:08+00:00","og_image":[{"width":643,"height":480,"url":"https:\/\/covincennes.com\/wp-content\/uploads\/2023\/09\/Maillot-e-enfance-redimensionne.jpeg","type":"image\/jpeg"}],"author":"Cole Hibry","twitter_card":"summary_large_image","twitter_creator":"@covincennes","twitter_site":"@covincennes","twitter_misc":{"\u00c9crit par":"Cole Hibry","Dur\u00e9e de lecture estim\u00e9e":"1 minute"},"schema":{"@context":"https:\/\/schema.org","@graph":[{"@type":"Article","@id":"https:\/\/covincennes.com\/index.php\/2023\/09\/22\/e-enfance-nouveau-partenaire-de-lecole-de-foot\/#article","isPartOf":{"@id":"https:\/\/covincennes.com\/index.php\/2023\/09\/22\/e-enfance-nouveau-partenaire-de-lecole-de-foot\/"},"author":{"name":"Cole Hibry","@id":"https:\/\/covincennes.com\/#\/schema\/person\/eb881824360af01aa016999e439303fe"},"headline":"e-enfance, le partenaire de l&rsquo;\u00c9cole de Foot","datePublished":"2023-09-22T13:52:11+00:00","dateModified":"2024-09-15T22:57:08+00:00","mainEntityOfPage":{"@id":"https:\/\/covincennes.com\/index.php\/2023\/09\/22\/e-enfance-nouveau-partenaire-de-lecole-de-foot\/"},"wordCount":174,"commentCount":0,"publisher":{"@id":"https:\/\/covincennes.com\/#organization"},"articleSection":["\u00e0 la une"],"inLanguage":"fr-FR","potentialAction":[{"@type":"CommentAction","name":"Comment","target":["https:\/\/covincennes.com\/index.php\/2023\/09\/22\/e-enfance-nouveau-partenaire-de-lecole-de-foot\/#respond"]}]},{"@type":"WebPage","@id":"https:\/\/covincennes.com\/index.php\/2023\/09\/22\/e-enfance-nouveau-partenaire-de-lecole-de-foot\/","url":"https:\/\/covincennes.com\/index.php\/2023\/09\/22\/e-enfance-nouveau-partenaire-de-lecole-de-foot\/","name":"e-enfance, le partenaire de l'\u00c9cole de Foot - CO Vincennes","isPartOf":{"@id":"https:\/\/covincennes.com\/#website"},"datePublished":"2023-09-22T13:52:11+00:00","dateModified":"2024-09-15T22:57:08+00:00","breadcrumb":{"@id":"https:\/\/covincennes.com\/index.php\/2023\/09\/22\/e-enfance-nouveau-partenaire-de-lecole-de-foot\/#breadcrumb"},"inLanguage":"fr-FR","potentialAction":[{"@type":"ReadAction","target":["https:\/\/covincennes.com\/index.php\/2023\/09\/22\/e-enfance-nouveau-partenaire-de-lecole-de-foot\/"]}]},{"@type":"BreadcrumbList","@id":"https:\/\/covincennes.com\/index.php\/2023\/09\/22\/e-enfance-nouveau-partenaire-de-lecole-de-foot\/#breadcrumb","itemListElement":[{"@type":"ListItem","position":1,"name":"Accueil","item":"https:\/\/covincennes.com\/"},{"@type":"ListItem","position":2,"name":"e-enfance, le partenaire de l&rsquo;\u00c9cole de Foot"}]},{"@type":"WebSite","@id":"https:\/\/covincennes.com\/#website","url":"https:\/\/covincennes.com\/","name":"CO Vincennes","description":"Un site utilisant WordPress","publisher":{"@id":"https:\/\/covincennes.com\/#organization"},"potentialAction":[{"@type":"SearchAction","target":{"@type":"EntryPoint","urlTemplate":"https:\/\/covincennes.com\/?s={search_term_string}"},"query-input":"required name=search_term_string"}],"inLanguage":"fr-FR"},{"@type":"Organization","@id":"https:\/\/covincennes.com\/#organization","name":"CO Vincennes","url":"https:\/\/covincennes.com\/","sameAs":["https:\/\/www.facebook.com\/CO-VINCENNES-la-page-officielle-136021893155921\/","https:\/\/twitter.com\/covincennes"],"logo":{"@type":"ImageObject","inLanguage":"fr-FR","@id":"https:\/\/covincennes.com\/#\/schema\/logo\/image\/","url":"https:\/\/covincennes.com\/wp-content\/uploads\/2019\/11\/logo-cov-png.png","contentUrl":"https:\/\/covincennes.com\/wp-content\/uploads\/2019\/11\/logo-cov-png.png","width":495,"height":497,"caption":"CO Vincennes"},"image":{"@id":"https:\/\/covincennes.com\/#\/schema\/logo\/image\/"}},{"@type":"Person","@id":"https:\/\/covincennes.com\/#\/schema\/person\/eb881824360af01aa016999e439303fe","name":"Cole Hibry","image":{"@type":"ImageObject","inLanguage":"fr-FR","@id":"https:\/\/covincennes.com\/#\/schema\/person\/image\/","url":"https:\/\/secure.gravatar.com\/avatar\/fdd68f914853e79675161dab52794fbe213aaa71837a3f83ab5d0669e81bb866?s=96&d=mm&r=g","contentUrl":"https:\/\/secure.gravatar.com\/avatar\/fdd68f914853e79675161dab52794fbe213aaa71837a3f83ab5d0669e81bb866?s=96&d=mm&r=g","caption":"Cole Hibry"},"url":"https:\/\/covincennes.com\/index.php\/author\/chevit-frederic\/"}]}},"_links":{"self":[{"href":"https:\/\/covincennes.com\/index.php\/wp-json\/wp\/v2\/posts\/7027","targetHints":{"allow":["GET"]}}],"collection":[{"href":"https:\/\/covincennes.com\/index.php\/wp-json\/wp\/v2\/posts"}],"about":[{"href":"https:\/\/covincennes.com\/index.php\/wp-json\/wp\/v2\/types\/post"}],"author":[{"embeddable":true,"href":"https:\/\/covincennes.com\/index.php\/wp-json\/wp\/v2\/users\/2"}],"replies":[{"embeddable":true,"href":"https:\/\/covincennes.com\/index.php\/wp-json\/wp\/v2\/comments?post=7027"}],"version-history":[{"count":3,"href":"https:\/\/covincennes.com\/index.php\/wp-json\/wp\/v2\/posts\/7027\/revisions"}],"predecessor-version":[{"id":7369,"href":"https:\/\/covincennes.com\/index.php\/wp-json\/wp\/v2\/posts\/7027\/revisions\/7369"}],"wp:featuredmedia":[{"embeddable":true,"href":"https:\/\/covincennes.com\/index.php\/wp-json\/wp\/v2\/media\/7028"}],"wp:attachment":[{"href":"https:\/\/covincennes.com\/index.php\/wp-json\/wp\/v2\/media?parent=7027"}],"wp:term":[{"taxonomy":"category","embeddable":true,"href":"https:\/\/covincennes.com\/index.php\/wp-json\/wp\/v2\/categories?post=7027"},{"taxonomy":"post_tag","embeddable":true,"href":"https:\/\/covincennes.com\/index.php\/wp-json\/wp\/v2\/tags?post=7027"}],"curies":[{"name":"wp","href":"https:\/\/api.w.org\/{rel}","templated":true}]}}