{"id":7030,"date":"2023-09-22T18:00:46","date_gmt":"2023-09-22T16:00:46","guid":{"rendered":"https:\/\/covincennes.com\/?p=7030"},"modified":"2023-12-22T23:21:41","modified_gmt":"2023-12-22T22:21:41","slug":"coupe-de-france-chevilly-larue-pour-les-garcons-drancy-pour-les-filles","status":"publish","type":"post","link":"https:\/\/covincennes.com\/index.php\/2023\/09\/22\/coupe-de-france-chevilly-larue-pour-les-garcons-drancy-pour-les-filles\/","title":{"rendered":"Coupe : Chevilly Larue pour les gar\u00e7ons, Drancy pour les filles"},"content":{"rendered":"<p>Le tirage au sort des prochains tours de la Coupe de France n&rsquo;a pas r\u00e9serv\u00e9 des t\u00e2ches faciles pour nos \u00e9quipes.<\/p>\n<p>C&rsquo;est ainsi que nos f\u00e9minines recevront, pour le compte du deuxi\u00e8me tour, l&rsquo;\u00e9quipe de Drancy, qui \u00e9volue en R2, alors que pour son retour dans la cat\u00e9gorie s\u00e9niors, le COV est en D1, deux niveaux plus bas. De leur c\u00f4t\u00e9, nos gar\u00e7ons se rendront \u00e0 Chevilly Larue. Ne nous fions surtout pas aux deux niveaux d&rsquo;\u00e9cart &#8211; l\u00e0 aussi &#8211; entre les deux \u00e9quipes, car l&rsquo;\u00c9lan de Chevilly Larue, pensionnaire de D1, a abord\u00e9 cette saison avec beaucoup d&rsquo;ambition gr\u00e2ce \u00e0 d&rsquo;importants renforts. Le match pi\u00e8ge par excellence&#8230;<\/p>\n<p>Les rencontres sont programm\u00e9es le samedi 30 novembre pour la Coupe de France f\u00e9minine et le dimanche 1er octobre pour la Coupe de France masculine.<\/p>\n","protected":false},"excerpt":{"rendered":"<p>Le tirage au sort des prochains tours de la Coupe de France n&rsquo;a pas r\u00e9serv\u00e9 des t\u00e2ches faciles pour nos \u00e9quipes. C&rsquo;est ainsi que nos f\u00e9minines recevront, pour le compte du deuxi\u00e8me tour, l&rsquo;\u00e9quipe de Drancy, qui \u00e9volue en R2, alors que pour son retour dans la cat\u00e9gorie s\u00e9niors, le COV est en D1, deux [&hellip;]<\/p>\n","protected":false},"author":2,"featured_media":7031,"comment_status":"open","ping_status":"open","sticky":false,"template":"","format":"standard","meta":{"_monsterinsights_skip_tracking":false,"_monsterinsights_sitenote_active":false,"_monsterinsights_sitenote_note":"","_monsterinsights_sitenote_category":0,"footnotes":""},"categories":[48],"tags":[],"class_list":["post-7030","post","type-post","status-publish","format-standard","has-post-thumbnail","hentry","category-a-la-une","entry","has-media"],"yoast_head":"<!-- This site is optimized with the Yoast SEO plugin v19.6.1 - https:\/\/yoast.com\/wordpress\/plugins\/seo\/ -->\n<title>Coupe : Chevilly Larue pour les gar\u00e7ons, Drancy pour les filles - CO Vincennes<\/title>\n<meta name=\"robots\" content=\"index, follow, max-snippet:-1, max-image-preview:large, max-video-preview:-1\" \/>\n<link rel=\"canonical\" href=\"https:\/\/covincennes.com\/index.php\/2023\/09\/22\/coupe-de-france-chevilly-larue-pour-les-garcons-drancy-pour-les-filles\/\" \/>\n<meta property=\"og:locale\" content=\"fr_FR\" \/>\n<meta property=\"og:type\" content=\"article\" \/>\n<meta property=\"og:title\" content=\"Coupe : Chevilly Larue pour les gar\u00e7ons, Drancy pour les filles - CO Vincennes\" \/>\n<meta property=\"og:description\" content=\"Le tirage au sort des prochains tours de la Coupe de France n&rsquo;a pas r\u00e9serv\u00e9 des t\u00e2ches faciles pour nos \u00e9quipes. C&rsquo;est ainsi que nos f\u00e9minines recevront, pour le compte du deuxi\u00e8me tour, l&rsquo;\u00e9quipe de Drancy, qui \u00e9volue en R2, alors que pour son retour dans la cat\u00e9gorie s\u00e9niors, le COV est en D1, deux [&hellip;]\" \/>\n<meta property=\"og:url\" content=\"https:\/\/covincennes.com\/index.php\/2023\/09\/22\/coupe-de-france-chevilly-larue-pour-les-garcons-drancy-pour-les-filles\/\" \/>\n<meta property=\"og:site_name\" content=\"CO Vincennes\" \/>\n<meta property=\"article:publisher\" content=\"https:\/\/www.facebook.com\/CO-VINCENNES-la-page-officielle-136021893155921\/\" \/>\n<meta property=\"article:published_time\" content=\"2023-09-22T16:00:46+00:00\" \/>\n<meta property=\"article:modified_time\" content=\"2023-12-22T22:21:41+00:00\" \/>\n<meta property=\"og:image\" content=\"https:\/\/covincennes.com\/wp-content\/uploads\/2023\/09\/Coupe-de-France-redimensionnee.jpg\" \/>\n\t<meta property=\"og:image:width\" content=\"643\" \/>\n\t<meta property=\"og:image:height\" content=\"480\" \/>\n\t<meta property=\"og:image:type\" content=\"image\/jpeg\" \/>\n<meta name=\"author\" content=\"Cole Hibry\" \/>\n<meta name=\"twitter:card\" content=\"summary_large_image\" \/>\n<meta name=\"twitter:creator\" content=\"@covincennes\" \/>\n<meta name=\"twitter:site\" content=\"@covincennes\" \/>\n<meta name=\"twitter:label1\" content=\"\u00c9crit par\" \/>\n\t<meta name=\"twitter:data1\" content=\"Cole Hibry\" \/>\n\t<meta name=\"twitter:label2\" content=\"Dur\u00e9e de lecture estim\u00e9e\" \/>\n\t<meta name=\"twitter:data2\" content=\"1 minute\" \/>\n<script type=\"application\/ld+json\" class=\"yoast-schema-graph\">{\"@context\":\"https:\/\/schema.org\",\"@graph\":[{\"@type\":\"Article\",\"@id\":\"https:\/\/covincennes.com\/index.php\/2023\/09\/22\/coupe-de-france-chevilly-larue-pour-les-garcons-drancy-pour-les-filles\/#article\",\"isPartOf\":{\"@id\":\"https:\/\/covincennes.com\/index.php\/2023\/09\/22\/coupe-de-france-chevilly-larue-pour-les-garcons-drancy-pour-les-filles\/\"},\"author\":{\"name\":\"Cole Hibry\",\"@id\":\"https:\/\/covincennes.com\/#\/schema\/person\/eb881824360af01aa016999e439303fe\"},\"headline\":\"Coupe : Chevilly Larue pour les gar\u00e7ons, Drancy pour les filles\",\"datePublished\":\"2023-09-22T16:00:46+00:00\",\"dateModified\":\"2023-12-22T22:21:41+00:00\",\"mainEntityOfPage\":{\"@id\":\"https:\/\/covincennes.com\/index.php\/2023\/09\/22\/coupe-de-france-chevilly-larue-pour-les-garcons-drancy-pour-les-filles\/\"},\"wordCount\":157,\"commentCount\":0,\"publisher\":{\"@id\":\"https:\/\/covincennes.com\/#organization\"},\"articleSection\":[\"\u00e0 la une\"],\"inLanguage\":\"fr-FR\",\"potentialAction\":[{\"@type\":\"CommentAction\",\"name\":\"Comment\",\"target\":[\"https:\/\/covincennes.com\/index.php\/2023\/09\/22\/coupe-de-france-chevilly-larue-pour-les-garcons-drancy-pour-les-filles\/#respond\"]}]},{\"@type\":\"WebPage\",\"@id\":\"https:\/\/covincennes.com\/index.php\/2023\/09\/22\/coupe-de-france-chevilly-larue-pour-les-garcons-drancy-pour-les-filles\/\",\"url\":\"https:\/\/covincennes.com\/index.php\/2023\/09\/22\/coupe-de-france-chevilly-larue-pour-les-garcons-drancy-pour-les-filles\/\",\"name\":\"Coupe : Chevilly Larue pour les gar\u00e7ons, Drancy pour les filles - CO Vincennes\",\"isPartOf\":{\"@id\":\"https:\/\/covincennes.com\/#website\"},\"datePublished\":\"2023-09-22T16:00:46+00:00\",\"dateModified\":\"2023-12-22T22:21:41+00:00\",\"breadcrumb\":{\"@id\":\"https:\/\/covincennes.com\/index.php\/2023\/09\/22\/coupe-de-france-chevilly-larue-pour-les-garcons-drancy-pour-les-filles\/#breadcrumb\"},\"inLanguage\":\"fr-FR\",\"potentialAction\":[{\"@type\":\"ReadAction\",\"target\":[\"https:\/\/covincennes.com\/index.php\/2023\/09\/22\/coupe-de-france-chevilly-larue-pour-les-garcons-drancy-pour-les-filles\/\"]}]},{\"@type\":\"BreadcrumbList\",\"@id\":\"https:\/\/covincennes.com\/index.php\/2023\/09\/22\/coupe-de-france-chevilly-larue-pour-les-garcons-drancy-pour-les-filles\/#breadcrumb\",\"itemListElement\":[{\"@type\":\"ListItem\",\"position\":1,\"name\":\"Accueil\",\"item\":\"https:\/\/covincennes.com\/\"},{\"@type\":\"ListItem\",\"position\":2,\"name\":\"Coupe : Chevilly Larue pour les gar\u00e7ons, Drancy pour les filles\"}]},{\"@type\":\"WebSite\",\"@id\":\"https:\/\/covincennes.com\/#website\",\"url\":\"https:\/\/covincennes.com\/\",\"name\":\"CO Vincennes\",\"description\":\"Un site utilisant WordPress\",\"publisher\":{\"@id\":\"https:\/\/covincennes.com\/#organization\"},\"potentialAction\":[{\"@type\":\"SearchAction\",\"target\":{\"@type\":\"EntryPoint\",\"urlTemplate\":\"https:\/\/covincennes.com\/?s={search_term_string}\"},\"query-input\":\"required name=search_term_string\"}],\"inLanguage\":\"fr-FR\"},{\"@type\":\"Organization\",\"@id\":\"https:\/\/covincennes.com\/#organization\",\"name\":\"CO Vincennes\",\"url\":\"https:\/\/covincennes.com\/\",\"sameAs\":[\"https:\/\/www.facebook.com\/CO-VINCENNES-la-page-officielle-136021893155921\/\",\"https:\/\/twitter.com\/covincennes\"],\"logo\":{\"@type\":\"ImageObject\",\"inLanguage\":\"fr-FR\",\"@id\":\"https:\/\/covincennes.com\/#\/schema\/logo\/image\/\",\"url\":\"https:\/\/covincennes.com\/wp-content\/uploads\/2019\/11\/logo-cov-png.png\",\"contentUrl\":\"https:\/\/covincennes.com\/wp-content\/uploads\/2019\/11\/logo-cov-png.png\",\"width\":495,\"height\":497,\"caption\":\"CO Vincennes\"},\"image\":{\"@id\":\"https:\/\/covincennes.com\/#\/schema\/logo\/image\/\"}},{\"@type\":\"Person\",\"@id\":\"https:\/\/covincennes.com\/#\/schema\/person\/eb881824360af01aa016999e439303fe\",\"name\":\"Cole Hibry\",\"image\":{\"@type\":\"ImageObject\",\"inLanguage\":\"fr-FR\",\"@id\":\"https:\/\/covincennes.com\/#\/schema\/person\/image\/\",\"url\":\"https:\/\/secure.gravatar.com\/avatar\/fdd68f914853e79675161dab52794fbe213aaa71837a3f83ab5d0669e81bb866?s=96&d=mm&r=g\",\"contentUrl\":\"https:\/\/secure.gravatar.com\/avatar\/fdd68f914853e79675161dab52794fbe213aaa71837a3f83ab5d0669e81bb866?s=96&d=mm&r=g\",\"caption\":\"Cole Hibry\"},\"url\":\"https:\/\/covincennes.com\/index.php\/author\/chevit-frederic\/\"}]}<\/script>\n<!-- \/ Yoast SEO plugin. -->","yoast_head_json":{"title":"Coupe : Chevilly Larue pour les gar\u00e7ons, Drancy pour les filles - CO Vincennes","robots":{"index":"index","follow":"follow","max-snippet":"max-snippet:-1","max-image-preview":"max-image-preview:large","max-video-preview":"max-video-preview:-1"},"canonical":"https:\/\/covincennes.com\/index.php\/2023\/09\/22\/coupe-de-france-chevilly-larue-pour-les-garcons-drancy-pour-les-filles\/","og_locale":"fr_FR","og_type":"article","og_title":"Coupe : Chevilly Larue pour les gar\u00e7ons, Drancy pour les filles - CO Vincennes","og_description":"Le tirage au sort des prochains tours de la Coupe de France n&rsquo;a pas r\u00e9serv\u00e9 des t\u00e2ches faciles pour nos \u00e9quipes. C&rsquo;est ainsi que nos f\u00e9minines recevront, pour le compte du deuxi\u00e8me tour, l&rsquo;\u00e9quipe de Drancy, qui \u00e9volue en R2, alors que pour son retour dans la cat\u00e9gorie s\u00e9niors, le COV est en D1, deux [&hellip;]","og_url":"https:\/\/covincennes.com\/index.php\/2023\/09\/22\/coupe-de-france-chevilly-larue-pour-les-garcons-drancy-pour-les-filles\/","og_site_name":"CO Vincennes","article_publisher":"https:\/\/www.facebook.com\/CO-VINCENNES-la-page-officielle-136021893155921\/","article_published_time":"2023-09-22T16:00:46+00:00","article_modified_time":"2023-12-22T22:21:41+00:00","og_image":[{"width":643,"height":480,"url":"https:\/\/covincennes.com\/wp-content\/uploads\/2023\/09\/Coupe-de-France-redimensionnee.jpg","type":"image\/jpeg"}],"author":"Cole Hibry","twitter_card":"summary_large_image","twitter_creator":"@covincennes","twitter_site":"@covincennes","twitter_misc":{"\u00c9crit par":"Cole Hibry","Dur\u00e9e de lecture estim\u00e9e":"1 minute"},"schema":{"@context":"https:\/\/schema.org","@graph":[{"@type":"Article","@id":"https:\/\/covincennes.com\/index.php\/2023\/09\/22\/coupe-de-france-chevilly-larue-pour-les-garcons-drancy-pour-les-filles\/#article","isPartOf":{"@id":"https:\/\/covincennes.com\/index.php\/2023\/09\/22\/coupe-de-france-chevilly-larue-pour-les-garcons-drancy-pour-les-filles\/"},"author":{"name":"Cole Hibry","@id":"https:\/\/covincennes.com\/#\/schema\/person\/eb881824360af01aa016999e439303fe"},"headline":"Coupe : Chevilly Larue pour les gar\u00e7ons, Drancy pour les filles","datePublished":"2023-09-22T16:00:46+00:00","dateModified":"2023-12-22T22:21:41+00:00","mainEntityOfPage":{"@id":"https:\/\/covincennes.com\/index.php\/2023\/09\/22\/coupe-de-france-chevilly-larue-pour-les-garcons-drancy-pour-les-filles\/"},"wordCount":157,"commentCount":0,"publisher":{"@id":"https:\/\/covincennes.com\/#organization"},"articleSection":["\u00e0 la une"],"inLanguage":"fr-FR","potentialAction":[{"@type":"CommentAction","name":"Comment","target":["https:\/\/covincennes.com\/index.php\/2023\/09\/22\/coupe-de-france-chevilly-larue-pour-les-garcons-drancy-pour-les-filles\/#respond"]}]},{"@type":"WebPage","@id":"https:\/\/covincennes.com\/index.php\/2023\/09\/22\/coupe-de-france-chevilly-larue-pour-les-garcons-drancy-pour-les-filles\/","url":"https:\/\/covincennes.com\/index.php\/2023\/09\/22\/coupe-de-france-chevilly-larue-pour-les-garcons-drancy-pour-les-filles\/","name":"Coupe : Chevilly Larue pour les gar\u00e7ons, Drancy pour les filles - CO Vincennes","isPartOf":{"@id":"https:\/\/covincennes.com\/#website"},"datePublished":"2023-09-22T16:00:46+00:00","dateModified":"2023-12-22T22:21:41+00:00","breadcrumb":{"@id":"https:\/\/covincennes.com\/index.php\/2023\/09\/22\/coupe-de-france-chevilly-larue-pour-les-garcons-drancy-pour-les-filles\/#breadcrumb"},"inLanguage":"fr-FR","potentialAction":[{"@type":"ReadAction","target":["https:\/\/covincennes.com\/index.php\/2023\/09\/22\/coupe-de-france-chevilly-larue-pour-les-garcons-drancy-pour-les-filles\/"]}]},{"@type":"BreadcrumbList","@id":"https:\/\/covincennes.com\/index.php\/2023\/09\/22\/coupe-de-france-chevilly-larue-pour-les-garcons-drancy-pour-les-filles\/#breadcrumb","itemListElement":[{"@type":"ListItem","position":1,"name":"Accueil","item":"https:\/\/covincennes.com\/"},{"@type":"ListItem","position":2,"name":"Coupe : Chevilly Larue pour les gar\u00e7ons, Drancy pour les filles"}]},{"@type":"WebSite","@id":"https:\/\/covincennes.com\/#website","url":"https:\/\/covincennes.com\/","name":"CO Vincennes","description":"Un site utilisant WordPress","publisher":{"@id":"https:\/\/covincennes.com\/#organization"},"potentialAction":[{"@type":"SearchAction","target":{"@type":"EntryPoint","urlTemplate":"https:\/\/covincennes.com\/?s={search_term_string}"},"query-input":"required name=search_term_string"}],"inLanguage":"fr-FR"},{"@type":"Organization","@id":"https:\/\/covincennes.com\/#organization","name":"CO Vincennes","url":"https:\/\/covincennes.com\/","sameAs":["https:\/\/www.facebook.com\/CO-VINCENNES-la-page-officielle-136021893155921\/","https:\/\/twitter.com\/covincennes"],"logo":{"@type":"ImageObject","inLanguage":"fr-FR","@id":"https:\/\/covincennes.com\/#\/schema\/logo\/image\/","url":"https:\/\/covincennes.com\/wp-content\/uploads\/2019\/11\/logo-cov-png.png","contentUrl":"https:\/\/covincennes.com\/wp-content\/uploads\/2019\/11\/logo-cov-png.png","width":495,"height":497,"caption":"CO Vincennes"},"image":{"@id":"https:\/\/covincennes.com\/#\/schema\/logo\/image\/"}},{"@type":"Person","@id":"https:\/\/covincennes.com\/#\/schema\/person\/eb881824360af01aa016999e439303fe","name":"Cole Hibry","image":{"@type":"ImageObject","inLanguage":"fr-FR","@id":"https:\/\/covincennes.com\/#\/schema\/person\/image\/","url":"https:\/\/secure.gravatar.com\/avatar\/fdd68f914853e79675161dab52794fbe213aaa71837a3f83ab5d0669e81bb866?s=96&d=mm&r=g","contentUrl":"https:\/\/secure.gravatar.com\/avatar\/fdd68f914853e79675161dab52794fbe213aaa71837a3f83ab5d0669e81bb866?s=96&d=mm&r=g","caption":"Cole Hibry"},"url":"https:\/\/covincennes.com\/index.php\/author\/chevit-frederic\/"}]}},"_links":{"self":[{"href":"https:\/\/covincennes.com\/index.php\/wp-json\/wp\/v2\/posts\/7030","targetHints":{"allow":["GET"]}}],"collection":[{"href":"https:\/\/covincennes.com\/index.php\/wp-json\/wp\/v2\/posts"}],"about":[{"href":"https:\/\/covincennes.com\/index.php\/wp-json\/wp\/v2\/types\/post"}],"author":[{"embeddable":true,"href":"https:\/\/covincennes.com\/index.php\/wp-json\/wp\/v2\/users\/2"}],"replies":[{"embeddable":true,"href":"https:\/\/covincennes.com\/index.php\/wp-json\/wp\/v2\/comments?post=7030"}],"version-history":[{"count":4,"href":"https:\/\/covincennes.com\/index.php\/wp-json\/wp\/v2\/posts\/7030\/revisions"}],"predecessor-version":[{"id":7044,"href":"https:\/\/covincennes.com\/index.php\/wp-json\/wp\/v2\/posts\/7030\/revisions\/7044"}],"wp:featuredmedia":[{"embeddable":true,"href":"https:\/\/covincennes.com\/index.php\/wp-json\/wp\/v2\/media\/7031"}],"wp:attachment":[{"href":"https:\/\/covincennes.com\/index.php\/wp-json\/wp\/v2\/media?parent=7030"}],"wp:term":[{"taxonomy":"category","embeddable":true,"href":"https:\/\/covincennes.com\/index.php\/wp-json\/wp\/v2\/categories?post=7030"},{"taxonomy":"post_tag","embeddable":true,"href":"https:\/\/covincennes.com\/index.php\/wp-json\/wp\/v2\/tags?post=7030"}],"curies":[{"name":"wp","href":"https:\/\/api.w.org\/{rel}","templated":true}]}}