{"id":7060,"date":"2023-09-25T18:38:27","date_gmt":"2023-09-25T16:38:27","guid":{"rendered":"https:\/\/covincennes.com\/?p=7060"},"modified":"2023-10-20T16:21:03","modified_gmt":"2023-10-20T14:21:03","slug":"nos-seniors-a-confirment-nos-seniors-b-saffirment","status":"publish","type":"post","link":"https:\/\/covincennes.com\/index.php\/2023\/09\/25\/nos-seniors-a-confirment-nos-seniors-b-saffirment\/","title":{"rendered":"Nos s\u00e9niors A confirment, nos s\u00e9niors B s&rsquo;affirment"},"content":{"rendered":"<p>Carton plein pour nos s\u00e9niors ce dimanche, puisque nos deux \u00e9quipes l&rsquo;ont emport\u00e9. Et m\u00eame les trois si l&rsquo;on ajoute nos v\u00e9t\u00e9rans, vainqueurs de Braga (3-0) pour leur premier match de la saison.<\/p>\n<p>Nos s\u00e9niors A, qui avaient bien d\u00e9but\u00e9 le championnat il y a deux semaines en battant nettement Le Perreux (3-0), ont confirm\u00e9 face \u00e0 un adversaire coriace, la B de la JA Drancy (2-0). C&rsquo;est Kenderson qui a ouvert le score de la t\u00eate, avant qu&rsquo;Alexander ne marque un but venu d&rsquo;ailleurs en fin de rencontre, quand la pression dranc\u00e9enne se faisait le plus fort.<\/p>\n<p>De leur c\u00f4t\u00e9, nos s\u00e9niors B, qui avaient obtenu un honn\u00eate 0-0 il y a quinze jours, l&rsquo;ont emport\u00e9 1-0 sur le terrain de la B des Lilas, gr\u00e2ce \u00e0 un coup franc de Hugo d\u00e9vi\u00e9 par Logan. Les Vincennois ont eu les occasions pour creuser l&rsquo;\u00e9cart, mais le gardien adverse a multipli\u00e9 les prouesses. Pas \u00e9tonnant, Lo\u00efc Pennichon a jou\u00e9 plusieurs saisons \u00e0&#8230; Vincennes,\u00a0 o\u00f9 il a laiss\u00e9 un excellent souvenir.<\/p>\n<p>Voil\u00e0 donc nos A en t\u00eate du championnat de R2 et nos B dans le groupe des deuxi\u00e8mes de leur poule de R3.<\/p>\n<p class=\"responsive-video-wrap clr\"><iframe loading=\"lazy\" title=\"COV - DRANCY : le r\u00e9sum\u00e9\" width=\"1200\" height=\"675\" src=\"https:\/\/www.youtube.com\/embed\/HBzzeIduZik?feature=oembed\" frameborder=\"0\" allow=\"accelerometer; autoplay; clipboard-write; encrypted-media; gyroscope; picture-in-picture; web-share\" allowfullscreen><\/iframe><\/p>\n","protected":false},"excerpt":{"rendered":"<p>Carton plein pour nos s\u00e9niors ce dimanche, puisque nos deux \u00e9quipes l&rsquo;ont emport\u00e9. Et m\u00eame les trois si l&rsquo;on ajoute nos v\u00e9t\u00e9rans, vainqueurs de Braga (3-0) pour leur premier match de la saison. Nos s\u00e9niors A, qui avaient bien d\u00e9but\u00e9 le championnat il y a deux semaines en battant nettement Le Perreux (3-0), ont confirm\u00e9 [&hellip;]<\/p>\n","protected":false},"author":2,"featured_media":7061,"comment_status":"open","ping_status":"open","sticky":false,"template":"","format":"standard","meta":{"_monsterinsights_skip_tracking":false,"_monsterinsights_sitenote_active":false,"_monsterinsights_sitenote_note":"","_monsterinsights_sitenote_category":0,"footnotes":""},"categories":[48],"tags":[],"class_list":["post-7060","post","type-post","status-publish","format-standard","has-post-thumbnail","hentry","category-a-la-une","entry","has-media"],"yoast_head":"<!-- This site is optimized with the Yoast SEO plugin v19.6.1 - https:\/\/yoast.com\/wordpress\/plugins\/seo\/ -->\n<title>Nos s\u00e9niors A confirment, nos s\u00e9niors B s&#039;affirment - CO Vincennes<\/title>\n<meta name=\"robots\" content=\"index, follow, max-snippet:-1, max-image-preview:large, max-video-preview:-1\" \/>\n<link rel=\"canonical\" href=\"https:\/\/covincennes.com\/index.php\/2023\/09\/25\/nos-seniors-a-confirment-nos-seniors-b-saffirment\/\" \/>\n<meta property=\"og:locale\" content=\"fr_FR\" \/>\n<meta property=\"og:type\" content=\"article\" \/>\n<meta property=\"og:title\" content=\"Nos s\u00e9niors A confirment, nos s\u00e9niors B s&#039;affirment - CO Vincennes\" \/>\n<meta property=\"og:description\" content=\"Carton plein pour nos s\u00e9niors ce dimanche, puisque nos deux \u00e9quipes l&rsquo;ont emport\u00e9. Et m\u00eame les trois si l&rsquo;on ajoute nos v\u00e9t\u00e9rans, vainqueurs de Braga (3-0) pour leur premier match de la saison. Nos s\u00e9niors A, qui avaient bien d\u00e9but\u00e9 le championnat il y a deux semaines en battant nettement Le Perreux (3-0), ont confirm\u00e9 [&hellip;]\" \/>\n<meta property=\"og:url\" content=\"https:\/\/covincennes.com\/index.php\/2023\/09\/25\/nos-seniors-a-confirment-nos-seniors-b-saffirment\/\" \/>\n<meta property=\"og:site_name\" content=\"CO Vincennes\" \/>\n<meta property=\"article:publisher\" content=\"https:\/\/www.facebook.com\/CO-VINCENNES-la-page-officielle-136021893155921\/\" \/>\n<meta property=\"article:published_time\" content=\"2023-09-25T16:38:27+00:00\" \/>\n<meta property=\"article:modified_time\" content=\"2023-10-20T14:21:03+00:00\" \/>\n<meta property=\"og:image\" content=\"https:\/\/covincennes.com\/wp-content\/uploads\/2023\/09\/Photo-tableau-daffichage-redimensionnee.jpeg\" \/>\n\t<meta property=\"og:image:width\" content=\"643\" \/>\n\t<meta property=\"og:image:height\" content=\"480\" \/>\n\t<meta property=\"og:image:type\" content=\"image\/jpeg\" \/>\n<meta name=\"author\" content=\"Cole Hibry\" \/>\n<meta name=\"twitter:card\" content=\"summary_large_image\" \/>\n<meta name=\"twitter:creator\" content=\"@covincennes\" \/>\n<meta name=\"twitter:site\" content=\"@covincennes\" \/>\n<meta name=\"twitter:label1\" content=\"\u00c9crit par\" \/>\n\t<meta name=\"twitter:data1\" content=\"Cole Hibry\" \/>\n\t<meta name=\"twitter:label2\" content=\"Dur\u00e9e de lecture estim\u00e9e\" \/>\n\t<meta name=\"twitter:data2\" content=\"1 minute\" \/>\n<script type=\"application\/ld+json\" class=\"yoast-schema-graph\">{\"@context\":\"https:\/\/schema.org\",\"@graph\":[{\"@type\":\"Article\",\"@id\":\"https:\/\/covincennes.com\/index.php\/2023\/09\/25\/nos-seniors-a-confirment-nos-seniors-b-saffirment\/#article\",\"isPartOf\":{\"@id\":\"https:\/\/covincennes.com\/index.php\/2023\/09\/25\/nos-seniors-a-confirment-nos-seniors-b-saffirment\/\"},\"author\":{\"name\":\"Cole Hibry\",\"@id\":\"https:\/\/covincennes.com\/#\/schema\/person\/eb881824360af01aa016999e439303fe\"},\"headline\":\"Nos s\u00e9niors A confirment, nos s\u00e9niors B s&rsquo;affirment\",\"datePublished\":\"2023-09-25T16:38:27+00:00\",\"dateModified\":\"2023-10-20T14:21:03+00:00\",\"mainEntityOfPage\":{\"@id\":\"https:\/\/covincennes.com\/index.php\/2023\/09\/25\/nos-seniors-a-confirment-nos-seniors-b-saffirment\/\"},\"wordCount\":221,\"commentCount\":0,\"publisher\":{\"@id\":\"https:\/\/covincennes.com\/#organization\"},\"articleSection\":[\"\u00e0 la une\"],\"inLanguage\":\"fr-FR\",\"potentialAction\":[{\"@type\":\"CommentAction\",\"name\":\"Comment\",\"target\":[\"https:\/\/covincennes.com\/index.php\/2023\/09\/25\/nos-seniors-a-confirment-nos-seniors-b-saffirment\/#respond\"]}]},{\"@type\":\"WebPage\",\"@id\":\"https:\/\/covincennes.com\/index.php\/2023\/09\/25\/nos-seniors-a-confirment-nos-seniors-b-saffirment\/\",\"url\":\"https:\/\/covincennes.com\/index.php\/2023\/09\/25\/nos-seniors-a-confirment-nos-seniors-b-saffirment\/\",\"name\":\"Nos s\u00e9niors A confirment, nos s\u00e9niors B s'affirment - CO Vincennes\",\"isPartOf\":{\"@id\":\"https:\/\/covincennes.com\/#website\"},\"datePublished\":\"2023-09-25T16:38:27+00:00\",\"dateModified\":\"2023-10-20T14:21:03+00:00\",\"breadcrumb\":{\"@id\":\"https:\/\/covincennes.com\/index.php\/2023\/09\/25\/nos-seniors-a-confirment-nos-seniors-b-saffirment\/#breadcrumb\"},\"inLanguage\":\"fr-FR\",\"potentialAction\":[{\"@type\":\"ReadAction\",\"target\":[\"https:\/\/covincennes.com\/index.php\/2023\/09\/25\/nos-seniors-a-confirment-nos-seniors-b-saffirment\/\"]}]},{\"@type\":\"BreadcrumbList\",\"@id\":\"https:\/\/covincennes.com\/index.php\/2023\/09\/25\/nos-seniors-a-confirment-nos-seniors-b-saffirment\/#breadcrumb\",\"itemListElement\":[{\"@type\":\"ListItem\",\"position\":1,\"name\":\"Accueil\",\"item\":\"https:\/\/covincennes.com\/\"},{\"@type\":\"ListItem\",\"position\":2,\"name\":\"Nos s\u00e9niors A confirment, nos s\u00e9niors B s&rsquo;affirment\"}]},{\"@type\":\"WebSite\",\"@id\":\"https:\/\/covincennes.com\/#website\",\"url\":\"https:\/\/covincennes.com\/\",\"name\":\"CO Vincennes\",\"description\":\"Un site utilisant WordPress\",\"publisher\":{\"@id\":\"https:\/\/covincennes.com\/#organization\"},\"potentialAction\":[{\"@type\":\"SearchAction\",\"target\":{\"@type\":\"EntryPoint\",\"urlTemplate\":\"https:\/\/covincennes.com\/?s={search_term_string}\"},\"query-input\":\"required name=search_term_string\"}],\"inLanguage\":\"fr-FR\"},{\"@type\":\"Organization\",\"@id\":\"https:\/\/covincennes.com\/#organization\",\"name\":\"CO Vincennes\",\"url\":\"https:\/\/covincennes.com\/\",\"sameAs\":[\"https:\/\/www.facebook.com\/CO-VINCENNES-la-page-officielle-136021893155921\/\",\"https:\/\/twitter.com\/covincennes\"],\"logo\":{\"@type\":\"ImageObject\",\"inLanguage\":\"fr-FR\",\"@id\":\"https:\/\/covincennes.com\/#\/schema\/logo\/image\/\",\"url\":\"https:\/\/covincennes.com\/wp-content\/uploads\/2019\/11\/logo-cov-png.png\",\"contentUrl\":\"https:\/\/covincennes.com\/wp-content\/uploads\/2019\/11\/logo-cov-png.png\",\"width\":495,\"height\":497,\"caption\":\"CO Vincennes\"},\"image\":{\"@id\":\"https:\/\/covincennes.com\/#\/schema\/logo\/image\/\"}},{\"@type\":\"Person\",\"@id\":\"https:\/\/covincennes.com\/#\/schema\/person\/eb881824360af01aa016999e439303fe\",\"name\":\"Cole Hibry\",\"image\":{\"@type\":\"ImageObject\",\"inLanguage\":\"fr-FR\",\"@id\":\"https:\/\/covincennes.com\/#\/schema\/person\/image\/\",\"url\":\"https:\/\/secure.gravatar.com\/avatar\/fdd68f914853e79675161dab52794fbe213aaa71837a3f83ab5d0669e81bb866?s=96&d=mm&r=g\",\"contentUrl\":\"https:\/\/secure.gravatar.com\/avatar\/fdd68f914853e79675161dab52794fbe213aaa71837a3f83ab5d0669e81bb866?s=96&d=mm&r=g\",\"caption\":\"Cole Hibry\"},\"url\":\"https:\/\/covincennes.com\/index.php\/author\/chevit-frederic\/\"}]}<\/script>\n<!-- \/ Yoast SEO plugin. -->","yoast_head_json":{"title":"Nos s\u00e9niors A confirment, nos s\u00e9niors B s'affirment - CO Vincennes","robots":{"index":"index","follow":"follow","max-snippet":"max-snippet:-1","max-image-preview":"max-image-preview:large","max-video-preview":"max-video-preview:-1"},"canonical":"https:\/\/covincennes.com\/index.php\/2023\/09\/25\/nos-seniors-a-confirment-nos-seniors-b-saffirment\/","og_locale":"fr_FR","og_type":"article","og_title":"Nos s\u00e9niors A confirment, nos s\u00e9niors B s'affirment - CO Vincennes","og_description":"Carton plein pour nos s\u00e9niors ce dimanche, puisque nos deux \u00e9quipes l&rsquo;ont emport\u00e9. Et m\u00eame les trois si l&rsquo;on ajoute nos v\u00e9t\u00e9rans, vainqueurs de Braga (3-0) pour leur premier match de la saison. Nos s\u00e9niors A, qui avaient bien d\u00e9but\u00e9 le championnat il y a deux semaines en battant nettement Le Perreux (3-0), ont confirm\u00e9 [&hellip;]","og_url":"https:\/\/covincennes.com\/index.php\/2023\/09\/25\/nos-seniors-a-confirment-nos-seniors-b-saffirment\/","og_site_name":"CO Vincennes","article_publisher":"https:\/\/www.facebook.com\/CO-VINCENNES-la-page-officielle-136021893155921\/","article_published_time":"2023-09-25T16:38:27+00:00","article_modified_time":"2023-10-20T14:21:03+00:00","og_image":[{"width":643,"height":480,"url":"https:\/\/covincennes.com\/wp-content\/uploads\/2023\/09\/Photo-tableau-daffichage-redimensionnee.jpeg","type":"image\/jpeg"}],"author":"Cole Hibry","twitter_card":"summary_large_image","twitter_creator":"@covincennes","twitter_site":"@covincennes","twitter_misc":{"\u00c9crit par":"Cole Hibry","Dur\u00e9e de lecture estim\u00e9e":"1 minute"},"schema":{"@context":"https:\/\/schema.org","@graph":[{"@type":"Article","@id":"https:\/\/covincennes.com\/index.php\/2023\/09\/25\/nos-seniors-a-confirment-nos-seniors-b-saffirment\/#article","isPartOf":{"@id":"https:\/\/covincennes.com\/index.php\/2023\/09\/25\/nos-seniors-a-confirment-nos-seniors-b-saffirment\/"},"author":{"name":"Cole Hibry","@id":"https:\/\/covincennes.com\/#\/schema\/person\/eb881824360af01aa016999e439303fe"},"headline":"Nos s\u00e9niors A confirment, nos s\u00e9niors B s&rsquo;affirment","datePublished":"2023-09-25T16:38:27+00:00","dateModified":"2023-10-20T14:21:03+00:00","mainEntityOfPage":{"@id":"https:\/\/covincennes.com\/index.php\/2023\/09\/25\/nos-seniors-a-confirment-nos-seniors-b-saffirment\/"},"wordCount":221,"commentCount":0,"publisher":{"@id":"https:\/\/covincennes.com\/#organization"},"articleSection":["\u00e0 la une"],"inLanguage":"fr-FR","potentialAction":[{"@type":"CommentAction","name":"Comment","target":["https:\/\/covincennes.com\/index.php\/2023\/09\/25\/nos-seniors-a-confirment-nos-seniors-b-saffirment\/#respond"]}]},{"@type":"WebPage","@id":"https:\/\/covincennes.com\/index.php\/2023\/09\/25\/nos-seniors-a-confirment-nos-seniors-b-saffirment\/","url":"https:\/\/covincennes.com\/index.php\/2023\/09\/25\/nos-seniors-a-confirment-nos-seniors-b-saffirment\/","name":"Nos s\u00e9niors A confirment, nos s\u00e9niors B s'affirment - CO Vincennes","isPartOf":{"@id":"https:\/\/covincennes.com\/#website"},"datePublished":"2023-09-25T16:38:27+00:00","dateModified":"2023-10-20T14:21:03+00:00","breadcrumb":{"@id":"https:\/\/covincennes.com\/index.php\/2023\/09\/25\/nos-seniors-a-confirment-nos-seniors-b-saffirment\/#breadcrumb"},"inLanguage":"fr-FR","potentialAction":[{"@type":"ReadAction","target":["https:\/\/covincennes.com\/index.php\/2023\/09\/25\/nos-seniors-a-confirment-nos-seniors-b-saffirment\/"]}]},{"@type":"BreadcrumbList","@id":"https:\/\/covincennes.com\/index.php\/2023\/09\/25\/nos-seniors-a-confirment-nos-seniors-b-saffirment\/#breadcrumb","itemListElement":[{"@type":"ListItem","position":1,"name":"Accueil","item":"https:\/\/covincennes.com\/"},{"@type":"ListItem","position":2,"name":"Nos s\u00e9niors A confirment, nos s\u00e9niors B s&rsquo;affirment"}]},{"@type":"WebSite","@id":"https:\/\/covincennes.com\/#website","url":"https:\/\/covincennes.com\/","name":"CO Vincennes","description":"Un site utilisant WordPress","publisher":{"@id":"https:\/\/covincennes.com\/#organization"},"potentialAction":[{"@type":"SearchAction","target":{"@type":"EntryPoint","urlTemplate":"https:\/\/covincennes.com\/?s={search_term_string}"},"query-input":"required name=search_term_string"}],"inLanguage":"fr-FR"},{"@type":"Organization","@id":"https:\/\/covincennes.com\/#organization","name":"CO Vincennes","url":"https:\/\/covincennes.com\/","sameAs":["https:\/\/www.facebook.com\/CO-VINCENNES-la-page-officielle-136021893155921\/","https:\/\/twitter.com\/covincennes"],"logo":{"@type":"ImageObject","inLanguage":"fr-FR","@id":"https:\/\/covincennes.com\/#\/schema\/logo\/image\/","url":"https:\/\/covincennes.com\/wp-content\/uploads\/2019\/11\/logo-cov-png.png","contentUrl":"https:\/\/covincennes.com\/wp-content\/uploads\/2019\/11\/logo-cov-png.png","width":495,"height":497,"caption":"CO Vincennes"},"image":{"@id":"https:\/\/covincennes.com\/#\/schema\/logo\/image\/"}},{"@type":"Person","@id":"https:\/\/covincennes.com\/#\/schema\/person\/eb881824360af01aa016999e439303fe","name":"Cole Hibry","image":{"@type":"ImageObject","inLanguage":"fr-FR","@id":"https:\/\/covincennes.com\/#\/schema\/person\/image\/","url":"https:\/\/secure.gravatar.com\/avatar\/fdd68f914853e79675161dab52794fbe213aaa71837a3f83ab5d0669e81bb866?s=96&d=mm&r=g","contentUrl":"https:\/\/secure.gravatar.com\/avatar\/fdd68f914853e79675161dab52794fbe213aaa71837a3f83ab5d0669e81bb866?s=96&d=mm&r=g","caption":"Cole Hibry"},"url":"https:\/\/covincennes.com\/index.php\/author\/chevit-frederic\/"}]}},"_links":{"self":[{"href":"https:\/\/covincennes.com\/index.php\/wp-json\/wp\/v2\/posts\/7060","targetHints":{"allow":["GET"]}}],"collection":[{"href":"https:\/\/covincennes.com\/index.php\/wp-json\/wp\/v2\/posts"}],"about":[{"href":"https:\/\/covincennes.com\/index.php\/wp-json\/wp\/v2\/types\/post"}],"author":[{"embeddable":true,"href":"https:\/\/covincennes.com\/index.php\/wp-json\/wp\/v2\/users\/2"}],"replies":[{"embeddable":true,"href":"https:\/\/covincennes.com\/index.php\/wp-json\/wp\/v2\/comments?post=7060"}],"version-history":[{"count":4,"href":"https:\/\/covincennes.com\/index.php\/wp-json\/wp\/v2\/posts\/7060\/revisions"}],"predecessor-version":[{"id":7076,"href":"https:\/\/covincennes.com\/index.php\/wp-json\/wp\/v2\/posts\/7060\/revisions\/7076"}],"wp:featuredmedia":[{"embeddable":true,"href":"https:\/\/covincennes.com\/index.php\/wp-json\/wp\/v2\/media\/7061"}],"wp:attachment":[{"href":"https:\/\/covincennes.com\/index.php\/wp-json\/wp\/v2\/media?parent=7060"}],"wp:term":[{"taxonomy":"category","embeddable":true,"href":"https:\/\/covincennes.com\/index.php\/wp-json\/wp\/v2\/categories?post=7060"},{"taxonomy":"post_tag","embeddable":true,"href":"https:\/\/covincennes.com\/index.php\/wp-json\/wp\/v2\/tags?post=7060"}],"curies":[{"name":"wp","href":"https:\/\/api.w.org\/{rel}","templated":true}]}}