{"id":7185,"date":"2023-11-20T01:17:47","date_gmt":"2023-11-20T00:17:47","guid":{"rendered":"https:\/\/covincennes.com\/?p=7185"},"modified":"2023-11-26T23:44:19","modified_gmt":"2023-11-26T22:44:19","slug":"coupe-de-paris-nos-seniors-effacent-les-lilas","status":"publish","type":"post","link":"https:\/\/covincennes.com\/index.php\/2023\/11\/20\/coupe-de-paris-nos-seniors-effacent-les-lilas\/","title":{"rendered":"Coupe de Paris : nos s\u00e9niors effacent Les Lilas"},"content":{"rendered":"<p><img loading=\"lazy\" decoding=\"async\" class=\"wp-image-7187 aligncenter\" src=\"https:\/\/covincennes.com\/wp-content\/uploads\/2023\/11\/COV-Les-Lilas-redimensionnee-300x224.jpg\" alt=\"\" width=\"492\" height=\"367\" srcset=\"https:\/\/covincennes.com\/wp-content\/uploads\/2023\/11\/COV-Les-Lilas-redimensionnee-300x224.jpg 300w, https:\/\/covincennes.com\/wp-content\/uploads\/2023\/11\/COV-Les-Lilas-redimensionnee.jpg 643w\" sizes=\"auto, (max-width: 492px) 100vw, 492px\" \/><\/p>\n<p>C&rsquo;\u00e9tait un test, un challenge, puisque nos s\u00e9niors \u00e9taient oppos\u00e9s aux Lilas, une \u00e9quipe qui \u00e9volue en R1, soit le niveau au-dessus du n\u00f4tre. Mais c&rsquo;\u00e9tait d&rsquo;abord un match de Coupe de Paris et les hommes de Carl n&rsquo;ont pas d\u00e9\u00e7u : ils ont r\u00e9ussi le test, relev\u00e9 le challenge, et se sont qualifi\u00e9s pour le prochain tour en dominant leur adversaire bien plus nettement que ne l&rsquo;indique le score (2-1).<\/p>\n<p>C&rsquo;est Maxence, d\u00e9cid\u00e9ment en plein \u00e9panouissement, qui a ouvert le score \u00e0 la 11\u00e8me minute en chipant le ballon \u00e0 son adversaire direct avant de filer au but et de gagner son face-\u00e0-face avec le gardien.<\/p>\n<p>Les Vincennois se sont cr\u00e9\u00e9es ensuite moult occasions, en premi\u00e8re mi-temps surtout, mais sans parvenir \u00e0 \u00ab\u00a0tuer\u00a0\u00bb le match. Ils se sont mis ainsi en danger et apr\u00e8s une premi\u00e8re alerte, un tir sur le poteau, se sont fait \u00e9galiser \u00e0 trois minutes de la fin du temps r\u00e9glementaire.<\/p>\n<p>La tribune a pens\u00e9 alors qu&rsquo;elle allait assister \u00e0 une s\u00e9ance de tirs au but, mais dans la minutes suivante, sur un centre de Boubou, Hattabiou, lui aussi tr\u00e8s en forme, a redonn\u00e9 un avantage, d\u00e9finitif cette fois, au COV. Coaching gagnant pour Carl car le passeur comme le tireur avaient commenc\u00e9 le match sur le banc.<\/p>\n<p>Outre la qualification, deux grandes satisfactions : les deux buts ont \u00e9t\u00e9 marqu\u00e9s par des joueurs issus de la formation vincennoise et le coach avait profit\u00e9 de ce match de coupe pour donner du temps de jeu \u00e0 des gar\u00e7ons peu utilis\u00e9s jusqu&rsquo;alors en championnat, ce qui n&rsquo;a pas nui \u00e0 l&rsquo;efficacit\u00e9 de l&rsquo;\u00e9quipe.<\/p>\n<p>Dimanche prochain, retour au championnat avec la r\u00e9ception de Charenton. Un derby de nouveau, apr\u00e8s celui contre Montreuil,\u00a0car cette ville est, comme Vincennes, bord\u00e9e par le Bois.<\/p>\n<p class=\"responsive-video-wrap clr\"><iframe loading=\"lazy\" title=\"COV - LES LILAS : le r\u00e9sum\u00e9\" width=\"1200\" height=\"675\" src=\"https:\/\/www.youtube.com\/embed\/mpTjSTCslao?feature=oembed\" frameborder=\"0\" allow=\"accelerometer; autoplay; clipboard-write; encrypted-media; gyroscope; picture-in-picture; web-share\" allowfullscreen><\/iframe><\/p>\n<p class=\"responsive-video-wrap clr\"><iframe loading=\"lazy\" title=\"COV - Les Lilas : la joie du vestiaire\" width=\"1200\" height=\"675\" src=\"https:\/\/www.youtube.com\/embed\/wo3gUSPZv-4?feature=oembed\" frameborder=\"0\" allow=\"accelerometer; autoplay; clipboard-write; encrypted-media; gyroscope; picture-in-picture; web-share\" allowfullscreen><\/iframe><\/p>\n<p>&nbsp;<\/p>\n","protected":false},"excerpt":{"rendered":"<p>C&rsquo;\u00e9tait un test, un challenge, puisque nos s\u00e9niors \u00e9taient oppos\u00e9s aux Lilas, une \u00e9quipe qui \u00e9volue en R1, soit le niveau au-dessus du n\u00f4tre. Mais c&rsquo;\u00e9tait d&rsquo;abord un match de Coupe de Paris et les hommes de Carl n&rsquo;ont pas d\u00e9\u00e7u : ils ont r\u00e9ussi le test, relev\u00e9 le challenge, et se sont qualifi\u00e9s pour [&hellip;]<\/p>\n","protected":false},"author":2,"featured_media":7186,"comment_status":"open","ping_status":"open","sticky":false,"template":"","format":"standard","meta":{"_monsterinsights_skip_tracking":false,"_monsterinsights_sitenote_active":false,"_monsterinsights_sitenote_note":"","_monsterinsights_sitenote_category":0,"footnotes":""},"categories":[48],"tags":[],"class_list":["post-7185","post","type-post","status-publish","format-standard","has-post-thumbnail","hentry","category-a-la-une","entry","has-media"],"yoast_head":"<!-- This site is optimized with the Yoast SEO plugin v19.6.1 - https:\/\/yoast.com\/wordpress\/plugins\/seo\/ -->\n<title>Coupe de Paris : nos s\u00e9niors effacent Les Lilas - CO Vincennes<\/title>\n<meta name=\"robots\" content=\"index, follow, max-snippet:-1, max-image-preview:large, max-video-preview:-1\" \/>\n<link rel=\"canonical\" href=\"https:\/\/covincennes.com\/index.php\/2023\/11\/20\/coupe-de-paris-nos-seniors-effacent-les-lilas\/\" \/>\n<meta property=\"og:locale\" content=\"fr_FR\" \/>\n<meta property=\"og:type\" content=\"article\" \/>\n<meta property=\"og:title\" content=\"Coupe de Paris : nos s\u00e9niors effacent Les Lilas - CO Vincennes\" \/>\n<meta property=\"og:description\" content=\"C&rsquo;\u00e9tait un test, un challenge, puisque nos s\u00e9niors \u00e9taient oppos\u00e9s aux Lilas, une \u00e9quipe qui \u00e9volue en R1, soit le niveau au-dessus du n\u00f4tre. Mais c&rsquo;\u00e9tait d&rsquo;abord un match de Coupe de Paris et les hommes de Carl n&rsquo;ont pas d\u00e9\u00e7u : ils ont r\u00e9ussi le test, relev\u00e9 le challenge, et se sont qualifi\u00e9s pour [&hellip;]\" \/>\n<meta property=\"og:url\" content=\"https:\/\/covincennes.com\/index.php\/2023\/11\/20\/coupe-de-paris-nos-seniors-effacent-les-lilas\/\" \/>\n<meta property=\"og:site_name\" content=\"CO Vincennes\" \/>\n<meta property=\"article:publisher\" content=\"https:\/\/www.facebook.com\/CO-VINCENNES-la-page-officielle-136021893155921\/\" \/>\n<meta property=\"article:published_time\" content=\"2023-11-20T00:17:47+00:00\" \/>\n<meta property=\"article:modified_time\" content=\"2023-11-26T22:44:19+00:00\" \/>\n<meta property=\"og:image\" content=\"https:\/\/covincennes.com\/wp-content\/uploads\/2023\/11\/COV-Les-Lilas-Tableau-daffichage-redimesnionnee.jpg\" \/>\n\t<meta property=\"og:image:width\" content=\"643\" \/>\n\t<meta property=\"og:image:height\" content=\"480\" \/>\n\t<meta property=\"og:image:type\" content=\"image\/jpeg\" \/>\n<meta name=\"author\" content=\"Cole Hibry\" \/>\n<meta name=\"twitter:card\" content=\"summary_large_image\" \/>\n<meta name=\"twitter:creator\" content=\"@covincennes\" \/>\n<meta name=\"twitter:site\" content=\"@covincennes\" \/>\n<meta name=\"twitter:label1\" content=\"\u00c9crit par\" \/>\n\t<meta name=\"twitter:data1\" content=\"Cole Hibry\" \/>\n\t<meta name=\"twitter:label2\" content=\"Dur\u00e9e de lecture estim\u00e9e\" \/>\n\t<meta name=\"twitter:data2\" content=\"2 minutes\" \/>\n<script type=\"application\/ld+json\" class=\"yoast-schema-graph\">{\"@context\":\"https:\/\/schema.org\",\"@graph\":[{\"@type\":\"Article\",\"@id\":\"https:\/\/covincennes.com\/index.php\/2023\/11\/20\/coupe-de-paris-nos-seniors-effacent-les-lilas\/#article\",\"isPartOf\":{\"@id\":\"https:\/\/covincennes.com\/index.php\/2023\/11\/20\/coupe-de-paris-nos-seniors-effacent-les-lilas\/\"},\"author\":{\"name\":\"Cole Hibry\",\"@id\":\"https:\/\/covincennes.com\/#\/schema\/person\/eb881824360af01aa016999e439303fe\"},\"headline\":\"Coupe de Paris : nos s\u00e9niors effacent Les Lilas\",\"datePublished\":\"2023-11-20T00:17:47+00:00\",\"dateModified\":\"2023-11-26T22:44:19+00:00\",\"mainEntityOfPage\":{\"@id\":\"https:\/\/covincennes.com\/index.php\/2023\/11\/20\/coupe-de-paris-nos-seniors-effacent-les-lilas\/\"},\"wordCount\":331,\"commentCount\":0,\"publisher\":{\"@id\":\"https:\/\/covincennes.com\/#organization\"},\"articleSection\":[\"\u00e0 la une\"],\"inLanguage\":\"fr-FR\",\"potentialAction\":[{\"@type\":\"CommentAction\",\"name\":\"Comment\",\"target\":[\"https:\/\/covincennes.com\/index.php\/2023\/11\/20\/coupe-de-paris-nos-seniors-effacent-les-lilas\/#respond\"]}]},{\"@type\":\"WebPage\",\"@id\":\"https:\/\/covincennes.com\/index.php\/2023\/11\/20\/coupe-de-paris-nos-seniors-effacent-les-lilas\/\",\"url\":\"https:\/\/covincennes.com\/index.php\/2023\/11\/20\/coupe-de-paris-nos-seniors-effacent-les-lilas\/\",\"name\":\"Coupe de Paris : nos s\u00e9niors effacent Les Lilas - CO Vincennes\",\"isPartOf\":{\"@id\":\"https:\/\/covincennes.com\/#website\"},\"datePublished\":\"2023-11-20T00:17:47+00:00\",\"dateModified\":\"2023-11-26T22:44:19+00:00\",\"breadcrumb\":{\"@id\":\"https:\/\/covincennes.com\/index.php\/2023\/11\/20\/coupe-de-paris-nos-seniors-effacent-les-lilas\/#breadcrumb\"},\"inLanguage\":\"fr-FR\",\"potentialAction\":[{\"@type\":\"ReadAction\",\"target\":[\"https:\/\/covincennes.com\/index.php\/2023\/11\/20\/coupe-de-paris-nos-seniors-effacent-les-lilas\/\"]}]},{\"@type\":\"BreadcrumbList\",\"@id\":\"https:\/\/covincennes.com\/index.php\/2023\/11\/20\/coupe-de-paris-nos-seniors-effacent-les-lilas\/#breadcrumb\",\"itemListElement\":[{\"@type\":\"ListItem\",\"position\":1,\"name\":\"Accueil\",\"item\":\"https:\/\/covincennes.com\/\"},{\"@type\":\"ListItem\",\"position\":2,\"name\":\"Coupe de Paris : nos s\u00e9niors effacent Les Lilas\"}]},{\"@type\":\"WebSite\",\"@id\":\"https:\/\/covincennes.com\/#website\",\"url\":\"https:\/\/covincennes.com\/\",\"name\":\"CO Vincennes\",\"description\":\"Un site utilisant WordPress\",\"publisher\":{\"@id\":\"https:\/\/covincennes.com\/#organization\"},\"potentialAction\":[{\"@type\":\"SearchAction\",\"target\":{\"@type\":\"EntryPoint\",\"urlTemplate\":\"https:\/\/covincennes.com\/?s={search_term_string}\"},\"query-input\":\"required name=search_term_string\"}],\"inLanguage\":\"fr-FR\"},{\"@type\":\"Organization\",\"@id\":\"https:\/\/covincennes.com\/#organization\",\"name\":\"CO Vincennes\",\"url\":\"https:\/\/covincennes.com\/\",\"sameAs\":[\"https:\/\/www.facebook.com\/CO-VINCENNES-la-page-officielle-136021893155921\/\",\"https:\/\/twitter.com\/covincennes\"],\"logo\":{\"@type\":\"ImageObject\",\"inLanguage\":\"fr-FR\",\"@id\":\"https:\/\/covincennes.com\/#\/schema\/logo\/image\/\",\"url\":\"https:\/\/covincennes.com\/wp-content\/uploads\/2019\/11\/logo-cov-png.png\",\"contentUrl\":\"https:\/\/covincennes.com\/wp-content\/uploads\/2019\/11\/logo-cov-png.png\",\"width\":495,\"height\":497,\"caption\":\"CO Vincennes\"},\"image\":{\"@id\":\"https:\/\/covincennes.com\/#\/schema\/logo\/image\/\"}},{\"@type\":\"Person\",\"@id\":\"https:\/\/covincennes.com\/#\/schema\/person\/eb881824360af01aa016999e439303fe\",\"name\":\"Cole Hibry\",\"image\":{\"@type\":\"ImageObject\",\"inLanguage\":\"fr-FR\",\"@id\":\"https:\/\/covincennes.com\/#\/schema\/person\/image\/\",\"url\":\"https:\/\/secure.gravatar.com\/avatar\/fdd68f914853e79675161dab52794fbe213aaa71837a3f83ab5d0669e81bb866?s=96&d=mm&r=g\",\"contentUrl\":\"https:\/\/secure.gravatar.com\/avatar\/fdd68f914853e79675161dab52794fbe213aaa71837a3f83ab5d0669e81bb866?s=96&d=mm&r=g\",\"caption\":\"Cole Hibry\"},\"url\":\"https:\/\/covincennes.com\/index.php\/author\/chevit-frederic\/\"}]}<\/script>\n<!-- \/ Yoast SEO plugin. -->","yoast_head_json":{"title":"Coupe de Paris : nos s\u00e9niors effacent Les Lilas - CO Vincennes","robots":{"index":"index","follow":"follow","max-snippet":"max-snippet:-1","max-image-preview":"max-image-preview:large","max-video-preview":"max-video-preview:-1"},"canonical":"https:\/\/covincennes.com\/index.php\/2023\/11\/20\/coupe-de-paris-nos-seniors-effacent-les-lilas\/","og_locale":"fr_FR","og_type":"article","og_title":"Coupe de Paris : nos s\u00e9niors effacent Les Lilas - CO Vincennes","og_description":"C&rsquo;\u00e9tait un test, un challenge, puisque nos s\u00e9niors \u00e9taient oppos\u00e9s aux Lilas, une \u00e9quipe qui \u00e9volue en R1, soit le niveau au-dessus du n\u00f4tre. Mais c&rsquo;\u00e9tait d&rsquo;abord un match de Coupe de Paris et les hommes de Carl n&rsquo;ont pas d\u00e9\u00e7u : ils ont r\u00e9ussi le test, relev\u00e9 le challenge, et se sont qualifi\u00e9s pour [&hellip;]","og_url":"https:\/\/covincennes.com\/index.php\/2023\/11\/20\/coupe-de-paris-nos-seniors-effacent-les-lilas\/","og_site_name":"CO Vincennes","article_publisher":"https:\/\/www.facebook.com\/CO-VINCENNES-la-page-officielle-136021893155921\/","article_published_time":"2023-11-20T00:17:47+00:00","article_modified_time":"2023-11-26T22:44:19+00:00","og_image":[{"width":643,"height":480,"url":"https:\/\/covincennes.com\/wp-content\/uploads\/2023\/11\/COV-Les-Lilas-Tableau-daffichage-redimesnionnee.jpg","type":"image\/jpeg"}],"author":"Cole Hibry","twitter_card":"summary_large_image","twitter_creator":"@covincennes","twitter_site":"@covincennes","twitter_misc":{"\u00c9crit par":"Cole Hibry","Dur\u00e9e de lecture estim\u00e9e":"2 minutes"},"schema":{"@context":"https:\/\/schema.org","@graph":[{"@type":"Article","@id":"https:\/\/covincennes.com\/index.php\/2023\/11\/20\/coupe-de-paris-nos-seniors-effacent-les-lilas\/#article","isPartOf":{"@id":"https:\/\/covincennes.com\/index.php\/2023\/11\/20\/coupe-de-paris-nos-seniors-effacent-les-lilas\/"},"author":{"name":"Cole Hibry","@id":"https:\/\/covincennes.com\/#\/schema\/person\/eb881824360af01aa016999e439303fe"},"headline":"Coupe de Paris : nos s\u00e9niors effacent Les Lilas","datePublished":"2023-11-20T00:17:47+00:00","dateModified":"2023-11-26T22:44:19+00:00","mainEntityOfPage":{"@id":"https:\/\/covincennes.com\/index.php\/2023\/11\/20\/coupe-de-paris-nos-seniors-effacent-les-lilas\/"},"wordCount":331,"commentCount":0,"publisher":{"@id":"https:\/\/covincennes.com\/#organization"},"articleSection":["\u00e0 la une"],"inLanguage":"fr-FR","potentialAction":[{"@type":"CommentAction","name":"Comment","target":["https:\/\/covincennes.com\/index.php\/2023\/11\/20\/coupe-de-paris-nos-seniors-effacent-les-lilas\/#respond"]}]},{"@type":"WebPage","@id":"https:\/\/covincennes.com\/index.php\/2023\/11\/20\/coupe-de-paris-nos-seniors-effacent-les-lilas\/","url":"https:\/\/covincennes.com\/index.php\/2023\/11\/20\/coupe-de-paris-nos-seniors-effacent-les-lilas\/","name":"Coupe de Paris : nos s\u00e9niors effacent Les Lilas - CO Vincennes","isPartOf":{"@id":"https:\/\/covincennes.com\/#website"},"datePublished":"2023-11-20T00:17:47+00:00","dateModified":"2023-11-26T22:44:19+00:00","breadcrumb":{"@id":"https:\/\/covincennes.com\/index.php\/2023\/11\/20\/coupe-de-paris-nos-seniors-effacent-les-lilas\/#breadcrumb"},"inLanguage":"fr-FR","potentialAction":[{"@type":"ReadAction","target":["https:\/\/covincennes.com\/index.php\/2023\/11\/20\/coupe-de-paris-nos-seniors-effacent-les-lilas\/"]}]},{"@type":"BreadcrumbList","@id":"https:\/\/covincennes.com\/index.php\/2023\/11\/20\/coupe-de-paris-nos-seniors-effacent-les-lilas\/#breadcrumb","itemListElement":[{"@type":"ListItem","position":1,"name":"Accueil","item":"https:\/\/covincennes.com\/"},{"@type":"ListItem","position":2,"name":"Coupe de Paris : nos s\u00e9niors effacent Les Lilas"}]},{"@type":"WebSite","@id":"https:\/\/covincennes.com\/#website","url":"https:\/\/covincennes.com\/","name":"CO Vincennes","description":"Un site utilisant WordPress","publisher":{"@id":"https:\/\/covincennes.com\/#organization"},"potentialAction":[{"@type":"SearchAction","target":{"@type":"EntryPoint","urlTemplate":"https:\/\/covincennes.com\/?s={search_term_string}"},"query-input":"required name=search_term_string"}],"inLanguage":"fr-FR"},{"@type":"Organization","@id":"https:\/\/covincennes.com\/#organization","name":"CO Vincennes","url":"https:\/\/covincennes.com\/","sameAs":["https:\/\/www.facebook.com\/CO-VINCENNES-la-page-officielle-136021893155921\/","https:\/\/twitter.com\/covincennes"],"logo":{"@type":"ImageObject","inLanguage":"fr-FR","@id":"https:\/\/covincennes.com\/#\/schema\/logo\/image\/","url":"https:\/\/covincennes.com\/wp-content\/uploads\/2019\/11\/logo-cov-png.png","contentUrl":"https:\/\/covincennes.com\/wp-content\/uploads\/2019\/11\/logo-cov-png.png","width":495,"height":497,"caption":"CO Vincennes"},"image":{"@id":"https:\/\/covincennes.com\/#\/schema\/logo\/image\/"}},{"@type":"Person","@id":"https:\/\/covincennes.com\/#\/schema\/person\/eb881824360af01aa016999e439303fe","name":"Cole Hibry","image":{"@type":"ImageObject","inLanguage":"fr-FR","@id":"https:\/\/covincennes.com\/#\/schema\/person\/image\/","url":"https:\/\/secure.gravatar.com\/avatar\/fdd68f914853e79675161dab52794fbe213aaa71837a3f83ab5d0669e81bb866?s=96&d=mm&r=g","contentUrl":"https:\/\/secure.gravatar.com\/avatar\/fdd68f914853e79675161dab52794fbe213aaa71837a3f83ab5d0669e81bb866?s=96&d=mm&r=g","caption":"Cole Hibry"},"url":"https:\/\/covincennes.com\/index.php\/author\/chevit-frederic\/"}]}},"_links":{"self":[{"href":"https:\/\/covincennes.com\/index.php\/wp-json\/wp\/v2\/posts\/7185","targetHints":{"allow":["GET"]}}],"collection":[{"href":"https:\/\/covincennes.com\/index.php\/wp-json\/wp\/v2\/posts"}],"about":[{"href":"https:\/\/covincennes.com\/index.php\/wp-json\/wp\/v2\/types\/post"}],"author":[{"embeddable":true,"href":"https:\/\/covincennes.com\/index.php\/wp-json\/wp\/v2\/users\/2"}],"replies":[{"embeddable":true,"href":"https:\/\/covincennes.com\/index.php\/wp-json\/wp\/v2\/comments?post=7185"}],"version-history":[{"count":3,"href":"https:\/\/covincennes.com\/index.php\/wp-json\/wp\/v2\/posts\/7185\/revisions"}],"predecessor-version":[{"id":7220,"href":"https:\/\/covincennes.com\/index.php\/wp-json\/wp\/v2\/posts\/7185\/revisions\/7220"}],"wp:featuredmedia":[{"embeddable":true,"href":"https:\/\/covincennes.com\/index.php\/wp-json\/wp\/v2\/media\/7186"}],"wp:attachment":[{"href":"https:\/\/covincennes.com\/index.php\/wp-json\/wp\/v2\/media?parent=7185"}],"wp:term":[{"taxonomy":"category","embeddable":true,"href":"https:\/\/covincennes.com\/index.php\/wp-json\/wp\/v2\/categories?post=7185"},{"taxonomy":"post_tag","embeddable":true,"href":"https:\/\/covincennes.com\/index.php\/wp-json\/wp\/v2\/tags?post=7185"}],"curies":[{"name":"wp","href":"https:\/\/api.w.org\/{rel}","templated":true}]}}