{"id":7190,"date":"2023-11-20T01:34:22","date_gmt":"2023-11-20T00:34:22","guid":{"rendered":"https:\/\/covincennes.com\/?p=7190"},"modified":"2023-11-26T23:43:10","modified_gmt":"2023-11-26T22:43:10","slug":"nos-seniors-b-renouent-avec-la-victoire","status":"publish","type":"post","link":"https:\/\/covincennes.com\/index.php\/2023\/11\/20\/nos-seniors-b-renouent-avec-la-victoire\/","title":{"rendered":"Nos s\u00e9niors B renouent avec la victoire"},"content":{"rendered":"<p>Magnifique r\u00e9action de nos s\u00e9niors B, qui n&rsquo;avaient plus connu la victoire depuis la premi\u00e8re journ\u00e9e de championnat, contre la B des Lilas.<\/p>\n<p>Face \u00e0 Chelles, les hommes de Franck ont r\u00e9ussi une premi\u00e8re p\u00e9riode de qualit\u00e9, avec beaucoup de rythme et d&rsquo;efficacit\u00e9, concr\u00e9tis\u00e9e par quatre buts, inscrits par Ibrahima (2), Owen et Kalilou.<\/p>\n<p>Avec une large avance \u00e0 la pause (4-1), les Vincennois se sont montr\u00e9s plus attentistes en seconde p\u00e9riode, pendant laquelle rien ne sera marqu\u00e9. Les voil\u00e0 bien relanc\u00e9s, reste maintenant \u00e0 confirmer ce sursaut et \u00e0 se rapprocher du haut du classement. Apr\u00e8s tout, ils ne sont plus qu&rsquo;\u00e0 trois points de la deuxi\u00e8me place, synonyme elle aussi de mont\u00e9e.<\/p>\n<p><img loading=\"lazy\" decoding=\"async\" class=\"alignnone  wp-image-7191\" src=\"https:\/\/covincennes.com\/wp-content\/uploads\/2023\/11\/Chelles-Tableau-daffichage-redimensionnee-300x224.jpg\" alt=\"\" width=\"895\" height=\"668\" srcset=\"https:\/\/covincennes.com\/wp-content\/uploads\/2023\/11\/Chelles-Tableau-daffichage-redimensionnee-300x224.jpg 300w, https:\/\/covincennes.com\/wp-content\/uploads\/2023\/11\/Chelles-Tableau-daffichage-redimensionnee.jpg 643w\" sizes=\"auto, (max-width: 895px) 100vw, 895px\" \/><\/p>\n","protected":false},"excerpt":{"rendered":"<p>Magnifique r\u00e9action de nos s\u00e9niors B, qui n&rsquo;avaient plus connu la victoire depuis la premi\u00e8re journ\u00e9e de championnat, contre la B des Lilas. Face \u00e0 Chelles, les hommes de Franck ont r\u00e9ussi une premi\u00e8re p\u00e9riode de qualit\u00e9, avec beaucoup de rythme et d&rsquo;efficacit\u00e9, concr\u00e9tis\u00e9e par quatre buts, inscrits par Ibrahima (2), Owen et Kalilou. Avec [&hellip;]<\/p>\n","protected":false},"author":2,"featured_media":7192,"comment_status":"open","ping_status":"open","sticky":false,"template":"","format":"standard","meta":{"_monsterinsights_skip_tracking":false,"_monsterinsights_sitenote_active":false,"_monsterinsights_sitenote_note":"","_monsterinsights_sitenote_category":0,"footnotes":""},"categories":[48],"tags":[],"class_list":["post-7190","post","type-post","status-publish","format-standard","has-post-thumbnail","hentry","category-a-la-une","entry","has-media"],"yoast_head":"<!-- This site is optimized with the Yoast SEO plugin v19.6.1 - https:\/\/yoast.com\/wordpress\/plugins\/seo\/ -->\n<title>Nos s\u00e9niors B renouent avec la victoire - CO Vincennes<\/title>\n<meta name=\"robots\" content=\"index, follow, max-snippet:-1, max-image-preview:large, max-video-preview:-1\" \/>\n<link rel=\"canonical\" href=\"https:\/\/covincennes.com\/index.php\/2023\/11\/20\/nos-seniors-b-renouent-avec-la-victoire\/\" \/>\n<meta property=\"og:locale\" content=\"fr_FR\" \/>\n<meta property=\"og:type\" content=\"article\" \/>\n<meta property=\"og:title\" content=\"Nos s\u00e9niors B renouent avec la victoire - CO Vincennes\" \/>\n<meta property=\"og:description\" content=\"Magnifique r\u00e9action de nos s\u00e9niors B, qui n&rsquo;avaient plus connu la victoire depuis la premi\u00e8re journ\u00e9e de championnat, contre la B des Lilas. Face \u00e0 Chelles, les hommes de Franck ont r\u00e9ussi une premi\u00e8re p\u00e9riode de qualit\u00e9, avec beaucoup de rythme et d&rsquo;efficacit\u00e9, concr\u00e9tis\u00e9e par quatre buts, inscrits par Ibrahima (2), Owen et Kalilou. Avec [&hellip;]\" \/>\n<meta property=\"og:url\" content=\"https:\/\/covincennes.com\/index.php\/2023\/11\/20\/nos-seniors-b-renouent-avec-la-victoire\/\" \/>\n<meta property=\"og:site_name\" content=\"CO Vincennes\" \/>\n<meta property=\"article:publisher\" content=\"https:\/\/www.facebook.com\/CO-VINCENNES-la-page-officielle-136021893155921\/\" \/>\n<meta property=\"article:published_time\" content=\"2023-11-20T00:34:22+00:00\" \/>\n<meta property=\"article:modified_time\" content=\"2023-11-26T22:43:10+00:00\" \/>\n<meta property=\"og:image\" content=\"https:\/\/covincennes.com\/wp-content\/uploads\/2023\/11\/Vestiaire-Chelles-redimensionee.jpg\" \/>\n\t<meta property=\"og:image:width\" content=\"643\" \/>\n\t<meta property=\"og:image:height\" content=\"480\" \/>\n\t<meta property=\"og:image:type\" content=\"image\/jpeg\" \/>\n<meta name=\"author\" content=\"Cole Hibry\" \/>\n<meta name=\"twitter:card\" content=\"summary_large_image\" \/>\n<meta name=\"twitter:creator\" content=\"@covincennes\" \/>\n<meta name=\"twitter:site\" content=\"@covincennes\" \/>\n<meta name=\"twitter:label1\" content=\"\u00c9crit par\" \/>\n\t<meta name=\"twitter:data1\" content=\"Cole Hibry\" \/>\n\t<meta name=\"twitter:label2\" content=\"Dur\u00e9e de lecture estim\u00e9e\" \/>\n\t<meta name=\"twitter:data2\" content=\"1 minute\" \/>\n<script type=\"application\/ld+json\" class=\"yoast-schema-graph\">{\"@context\":\"https:\/\/schema.org\",\"@graph\":[{\"@type\":\"Article\",\"@id\":\"https:\/\/covincennes.com\/index.php\/2023\/11\/20\/nos-seniors-b-renouent-avec-la-victoire\/#article\",\"isPartOf\":{\"@id\":\"https:\/\/covincennes.com\/index.php\/2023\/11\/20\/nos-seniors-b-renouent-avec-la-victoire\/\"},\"author\":{\"name\":\"Cole Hibry\",\"@id\":\"https:\/\/covincennes.com\/#\/schema\/person\/eb881824360af01aa016999e439303fe\"},\"headline\":\"Nos s\u00e9niors B renouent avec la victoire\",\"datePublished\":\"2023-11-20T00:34:22+00:00\",\"dateModified\":\"2023-11-26T22:43:10+00:00\",\"mainEntityOfPage\":{\"@id\":\"https:\/\/covincennes.com\/index.php\/2023\/11\/20\/nos-seniors-b-renouent-avec-la-victoire\/\"},\"wordCount\":132,\"commentCount\":0,\"publisher\":{\"@id\":\"https:\/\/covincennes.com\/#organization\"},\"articleSection\":[\"\u00e0 la une\"],\"inLanguage\":\"fr-FR\",\"potentialAction\":[{\"@type\":\"CommentAction\",\"name\":\"Comment\",\"target\":[\"https:\/\/covincennes.com\/index.php\/2023\/11\/20\/nos-seniors-b-renouent-avec-la-victoire\/#respond\"]}]},{\"@type\":\"WebPage\",\"@id\":\"https:\/\/covincennes.com\/index.php\/2023\/11\/20\/nos-seniors-b-renouent-avec-la-victoire\/\",\"url\":\"https:\/\/covincennes.com\/index.php\/2023\/11\/20\/nos-seniors-b-renouent-avec-la-victoire\/\",\"name\":\"Nos s\u00e9niors B renouent avec la victoire - CO Vincennes\",\"isPartOf\":{\"@id\":\"https:\/\/covincennes.com\/#website\"},\"datePublished\":\"2023-11-20T00:34:22+00:00\",\"dateModified\":\"2023-11-26T22:43:10+00:00\",\"breadcrumb\":{\"@id\":\"https:\/\/covincennes.com\/index.php\/2023\/11\/20\/nos-seniors-b-renouent-avec-la-victoire\/#breadcrumb\"},\"inLanguage\":\"fr-FR\",\"potentialAction\":[{\"@type\":\"ReadAction\",\"target\":[\"https:\/\/covincennes.com\/index.php\/2023\/11\/20\/nos-seniors-b-renouent-avec-la-victoire\/\"]}]},{\"@type\":\"BreadcrumbList\",\"@id\":\"https:\/\/covincennes.com\/index.php\/2023\/11\/20\/nos-seniors-b-renouent-avec-la-victoire\/#breadcrumb\",\"itemListElement\":[{\"@type\":\"ListItem\",\"position\":1,\"name\":\"Accueil\",\"item\":\"https:\/\/covincennes.com\/\"},{\"@type\":\"ListItem\",\"position\":2,\"name\":\"Nos s\u00e9niors B renouent avec la victoire\"}]},{\"@type\":\"WebSite\",\"@id\":\"https:\/\/covincennes.com\/#website\",\"url\":\"https:\/\/covincennes.com\/\",\"name\":\"CO Vincennes\",\"description\":\"Un site utilisant WordPress\",\"publisher\":{\"@id\":\"https:\/\/covincennes.com\/#organization\"},\"potentialAction\":[{\"@type\":\"SearchAction\",\"target\":{\"@type\":\"EntryPoint\",\"urlTemplate\":\"https:\/\/covincennes.com\/?s={search_term_string}\"},\"query-input\":\"required name=search_term_string\"}],\"inLanguage\":\"fr-FR\"},{\"@type\":\"Organization\",\"@id\":\"https:\/\/covincennes.com\/#organization\",\"name\":\"CO Vincennes\",\"url\":\"https:\/\/covincennes.com\/\",\"sameAs\":[\"https:\/\/www.facebook.com\/CO-VINCENNES-la-page-officielle-136021893155921\/\",\"https:\/\/twitter.com\/covincennes\"],\"logo\":{\"@type\":\"ImageObject\",\"inLanguage\":\"fr-FR\",\"@id\":\"https:\/\/covincennes.com\/#\/schema\/logo\/image\/\",\"url\":\"https:\/\/covincennes.com\/wp-content\/uploads\/2019\/11\/logo-cov-png.png\",\"contentUrl\":\"https:\/\/covincennes.com\/wp-content\/uploads\/2019\/11\/logo-cov-png.png\",\"width\":495,\"height\":497,\"caption\":\"CO Vincennes\"},\"image\":{\"@id\":\"https:\/\/covincennes.com\/#\/schema\/logo\/image\/\"}},{\"@type\":\"Person\",\"@id\":\"https:\/\/covincennes.com\/#\/schema\/person\/eb881824360af01aa016999e439303fe\",\"name\":\"Cole Hibry\",\"image\":{\"@type\":\"ImageObject\",\"inLanguage\":\"fr-FR\",\"@id\":\"https:\/\/covincennes.com\/#\/schema\/person\/image\/\",\"url\":\"https:\/\/secure.gravatar.com\/avatar\/fdd68f914853e79675161dab52794fbe213aaa71837a3f83ab5d0669e81bb866?s=96&d=mm&r=g\",\"contentUrl\":\"https:\/\/secure.gravatar.com\/avatar\/fdd68f914853e79675161dab52794fbe213aaa71837a3f83ab5d0669e81bb866?s=96&d=mm&r=g\",\"caption\":\"Cole Hibry\"},\"url\":\"https:\/\/covincennes.com\/index.php\/author\/chevit-frederic\/\"}]}<\/script>\n<!-- \/ Yoast SEO plugin. -->","yoast_head_json":{"title":"Nos s\u00e9niors B renouent avec la victoire - CO Vincennes","robots":{"index":"index","follow":"follow","max-snippet":"max-snippet:-1","max-image-preview":"max-image-preview:large","max-video-preview":"max-video-preview:-1"},"canonical":"https:\/\/covincennes.com\/index.php\/2023\/11\/20\/nos-seniors-b-renouent-avec-la-victoire\/","og_locale":"fr_FR","og_type":"article","og_title":"Nos s\u00e9niors B renouent avec la victoire - CO Vincennes","og_description":"Magnifique r\u00e9action de nos s\u00e9niors B, qui n&rsquo;avaient plus connu la victoire depuis la premi\u00e8re journ\u00e9e de championnat, contre la B des Lilas. Face \u00e0 Chelles, les hommes de Franck ont r\u00e9ussi une premi\u00e8re p\u00e9riode de qualit\u00e9, avec beaucoup de rythme et d&rsquo;efficacit\u00e9, concr\u00e9tis\u00e9e par quatre buts, inscrits par Ibrahima (2), Owen et Kalilou. Avec [&hellip;]","og_url":"https:\/\/covincennes.com\/index.php\/2023\/11\/20\/nos-seniors-b-renouent-avec-la-victoire\/","og_site_name":"CO Vincennes","article_publisher":"https:\/\/www.facebook.com\/CO-VINCENNES-la-page-officielle-136021893155921\/","article_published_time":"2023-11-20T00:34:22+00:00","article_modified_time":"2023-11-26T22:43:10+00:00","og_image":[{"width":643,"height":480,"url":"https:\/\/covincennes.com\/wp-content\/uploads\/2023\/11\/Vestiaire-Chelles-redimensionee.jpg","type":"image\/jpeg"}],"author":"Cole Hibry","twitter_card":"summary_large_image","twitter_creator":"@covincennes","twitter_site":"@covincennes","twitter_misc":{"\u00c9crit par":"Cole Hibry","Dur\u00e9e de lecture estim\u00e9e":"1 minute"},"schema":{"@context":"https:\/\/schema.org","@graph":[{"@type":"Article","@id":"https:\/\/covincennes.com\/index.php\/2023\/11\/20\/nos-seniors-b-renouent-avec-la-victoire\/#article","isPartOf":{"@id":"https:\/\/covincennes.com\/index.php\/2023\/11\/20\/nos-seniors-b-renouent-avec-la-victoire\/"},"author":{"name":"Cole Hibry","@id":"https:\/\/covincennes.com\/#\/schema\/person\/eb881824360af01aa016999e439303fe"},"headline":"Nos s\u00e9niors B renouent avec la victoire","datePublished":"2023-11-20T00:34:22+00:00","dateModified":"2023-11-26T22:43:10+00:00","mainEntityOfPage":{"@id":"https:\/\/covincennes.com\/index.php\/2023\/11\/20\/nos-seniors-b-renouent-avec-la-victoire\/"},"wordCount":132,"commentCount":0,"publisher":{"@id":"https:\/\/covincennes.com\/#organization"},"articleSection":["\u00e0 la une"],"inLanguage":"fr-FR","potentialAction":[{"@type":"CommentAction","name":"Comment","target":["https:\/\/covincennes.com\/index.php\/2023\/11\/20\/nos-seniors-b-renouent-avec-la-victoire\/#respond"]}]},{"@type":"WebPage","@id":"https:\/\/covincennes.com\/index.php\/2023\/11\/20\/nos-seniors-b-renouent-avec-la-victoire\/","url":"https:\/\/covincennes.com\/index.php\/2023\/11\/20\/nos-seniors-b-renouent-avec-la-victoire\/","name":"Nos s\u00e9niors B renouent avec la victoire - CO Vincennes","isPartOf":{"@id":"https:\/\/covincennes.com\/#website"},"datePublished":"2023-11-20T00:34:22+00:00","dateModified":"2023-11-26T22:43:10+00:00","breadcrumb":{"@id":"https:\/\/covincennes.com\/index.php\/2023\/11\/20\/nos-seniors-b-renouent-avec-la-victoire\/#breadcrumb"},"inLanguage":"fr-FR","potentialAction":[{"@type":"ReadAction","target":["https:\/\/covincennes.com\/index.php\/2023\/11\/20\/nos-seniors-b-renouent-avec-la-victoire\/"]}]},{"@type":"BreadcrumbList","@id":"https:\/\/covincennes.com\/index.php\/2023\/11\/20\/nos-seniors-b-renouent-avec-la-victoire\/#breadcrumb","itemListElement":[{"@type":"ListItem","position":1,"name":"Accueil","item":"https:\/\/covincennes.com\/"},{"@type":"ListItem","position":2,"name":"Nos s\u00e9niors B renouent avec la victoire"}]},{"@type":"WebSite","@id":"https:\/\/covincennes.com\/#website","url":"https:\/\/covincennes.com\/","name":"CO Vincennes","description":"Un site utilisant WordPress","publisher":{"@id":"https:\/\/covincennes.com\/#organization"},"potentialAction":[{"@type":"SearchAction","target":{"@type":"EntryPoint","urlTemplate":"https:\/\/covincennes.com\/?s={search_term_string}"},"query-input":"required name=search_term_string"}],"inLanguage":"fr-FR"},{"@type":"Organization","@id":"https:\/\/covincennes.com\/#organization","name":"CO Vincennes","url":"https:\/\/covincennes.com\/","sameAs":["https:\/\/www.facebook.com\/CO-VINCENNES-la-page-officielle-136021893155921\/","https:\/\/twitter.com\/covincennes"],"logo":{"@type":"ImageObject","inLanguage":"fr-FR","@id":"https:\/\/covincennes.com\/#\/schema\/logo\/image\/","url":"https:\/\/covincennes.com\/wp-content\/uploads\/2019\/11\/logo-cov-png.png","contentUrl":"https:\/\/covincennes.com\/wp-content\/uploads\/2019\/11\/logo-cov-png.png","width":495,"height":497,"caption":"CO Vincennes"},"image":{"@id":"https:\/\/covincennes.com\/#\/schema\/logo\/image\/"}},{"@type":"Person","@id":"https:\/\/covincennes.com\/#\/schema\/person\/eb881824360af01aa016999e439303fe","name":"Cole Hibry","image":{"@type":"ImageObject","inLanguage":"fr-FR","@id":"https:\/\/covincennes.com\/#\/schema\/person\/image\/","url":"https:\/\/secure.gravatar.com\/avatar\/fdd68f914853e79675161dab52794fbe213aaa71837a3f83ab5d0669e81bb866?s=96&d=mm&r=g","contentUrl":"https:\/\/secure.gravatar.com\/avatar\/fdd68f914853e79675161dab52794fbe213aaa71837a3f83ab5d0669e81bb866?s=96&d=mm&r=g","caption":"Cole Hibry"},"url":"https:\/\/covincennes.com\/index.php\/author\/chevit-frederic\/"}]}},"_links":{"self":[{"href":"https:\/\/covincennes.com\/index.php\/wp-json\/wp\/v2\/posts\/7190","targetHints":{"allow":["GET"]}}],"collection":[{"href":"https:\/\/covincennes.com\/index.php\/wp-json\/wp\/v2\/posts"}],"about":[{"href":"https:\/\/covincennes.com\/index.php\/wp-json\/wp\/v2\/types\/post"}],"author":[{"embeddable":true,"href":"https:\/\/covincennes.com\/index.php\/wp-json\/wp\/v2\/users\/2"}],"replies":[{"embeddable":true,"href":"https:\/\/covincennes.com\/index.php\/wp-json\/wp\/v2\/comments?post=7190"}],"version-history":[{"count":1,"href":"https:\/\/covincennes.com\/index.php\/wp-json\/wp\/v2\/posts\/7190\/revisions"}],"predecessor-version":[{"id":7193,"href":"https:\/\/covincennes.com\/index.php\/wp-json\/wp\/v2\/posts\/7190\/revisions\/7193"}],"wp:featuredmedia":[{"embeddable":true,"href":"https:\/\/covincennes.com\/index.php\/wp-json\/wp\/v2\/media\/7192"}],"wp:attachment":[{"href":"https:\/\/covincennes.com\/index.php\/wp-json\/wp\/v2\/media?parent=7190"}],"wp:term":[{"taxonomy":"category","embeddable":true,"href":"https:\/\/covincennes.com\/index.php\/wp-json\/wp\/v2\/categories?post=7190"},{"taxonomy":"post_tag","embeddable":true,"href":"https:\/\/covincennes.com\/index.php\/wp-json\/wp\/v2\/tags?post=7190"}],"curies":[{"name":"wp","href":"https:\/\/api.w.org\/{rel}","templated":true}]}}