{"id":7201,"date":"2023-11-22T00:54:24","date_gmt":"2023-11-21T23:54:24","guid":{"rendered":"https:\/\/covincennes.com\/?p=7201"},"modified":"2023-12-11T22:20:45","modified_gmt":"2023-12-11T21:20:45","slug":"le-co-vincennes-aux-restos-du-coeur","status":"publish","type":"post","link":"https:\/\/covincennes.com\/index.php\/2023\/11\/22\/le-co-vincennes-aux-restos-du-coeur\/","title":{"rendered":"Le CO Vincennes aux Restos du C\u0153ur"},"content":{"rendered":"<p><img loading=\"lazy\" decoding=\"async\" class=\"alignnone  wp-image-7203\" src=\"https:\/\/covincennes.com\/wp-content\/uploads\/2023\/11\/Restos-2-redimensionnee-300x224.jpg\" alt=\"\" width=\"371\" height=\"277\" srcset=\"https:\/\/covincennes.com\/wp-content\/uploads\/2023\/11\/Restos-2-redimensionnee-300x224.jpg 300w, https:\/\/covincennes.com\/wp-content\/uploads\/2023\/11\/Restos-2-redimensionnee.jpg 643w\" sizes=\"auto, (max-width: 371px) 100vw, 371px\" \/><\/p>\n<p>Les nombreux membres du CO Vincennes et leurs parents qui ont fait preuve de solidarit\u00e9 et de g\u00e9n\u00e9rosit\u00e9 auraient \u00e9t\u00e9 heureux et fiers d&rsquo;assister \u00e0 la remise des produits de notre collecte au profit des Restos du C\u0153ur.<\/p>\n<p>Accueillie par Huguette, la responsable de la plateforme de Fontenay, par Nathalie et par leurs coll\u00e8gues, notre d\u00e9l\u00e9gation a \u00e9t\u00e9 surprise de&#8230; la surprise de ces b\u00e9n\u00e9voles devant tous ces sacs entass\u00e9s dans un minibus et d\u00e9charg\u00e9s chez eux. Ils ne s&rsquo;attendaient pas \u00e0 une telle quantit\u00e9 et nous ont fait partager leur joie. Car ces aliments et ces produits d&rsquo;hygi\u00e8ne vont aider \u00e0 soulager les \u00e9preuves que subissent trop de familles en difficult\u00e9.<\/p>\n<p>Alors que s&rsquo;ouvre la campagne d&rsquo;hiver des Restos du C\u0153ur, Huguette et ses amis nous ont confi\u00e9 leur grande pr\u00e9occupation : ils sont oblig\u00e9s de rationner tant il y a de n\u00e9cessiteux. Au COV et avec nos camarades du RCV, le rugby, nous savons que nous sommes capables de faire encore mieux. C&rsquo;est pourquoi nous allons lancer, dans les prochains jours, un nouvel appel, afin que les enfants des 600 familles soutenues par la plateforme de Fontenay aient le sourire \u00e0 No\u00ebl.<\/p>\n<p>Nous vous en dirons donc plus tr\u00e8s bient\u00f4t, surveillez votre bo\u00eete mail !<\/p>\n<p>D&rsquo;ici l\u00e0, un tr\u00e8s grand merci \u00e0 tous ceux qui ont contribu\u00e9 \u00e0 faire de cette collecte solidaire un succ\u00e8s. Nous en sommes fiers.<\/p>\n<p>Vive la Famille COV !<\/p>\n<p><img loading=\"lazy\" decoding=\"async\" class=\"alignnone  wp-image-7205 aligncenter\" src=\"https:\/\/covincennes.com\/wp-content\/uploads\/2023\/11\/Restos-3-redimensionnee-300x224.jpg\" alt=\"\" width=\"419\" height=\"313\" srcset=\"https:\/\/covincennes.com\/wp-content\/uploads\/2023\/11\/Restos-3-redimensionnee-300x224.jpg 300w, https:\/\/covincennes.com\/wp-content\/uploads\/2023\/11\/Restos-3-redimensionnee.jpg 643w\" sizes=\"auto, (max-width: 419px) 100vw, 419px\" \/><\/p>\n","protected":false},"excerpt":{"rendered":"<p>Les nombreux membres du CO Vincennes et leurs parents qui ont fait preuve de solidarit\u00e9 et de g\u00e9n\u00e9rosit\u00e9 auraient \u00e9t\u00e9 heureux et fiers d&rsquo;assister \u00e0 la remise des produits de notre collecte au profit des Restos du C\u0153ur. Accueillie par Huguette, la responsable de la plateforme de Fontenay, par Nathalie et par leurs coll\u00e8gues, notre [&hellip;]<\/p>\n","protected":false},"author":2,"featured_media":7202,"comment_status":"open","ping_status":"open","sticky":false,"template":"","format":"standard","meta":{"_monsterinsights_skip_tracking":false,"_monsterinsights_sitenote_active":false,"_monsterinsights_sitenote_note":"","_monsterinsights_sitenote_category":0,"footnotes":""},"categories":[48],"tags":[],"class_list":["post-7201","post","type-post","status-publish","format-standard","has-post-thumbnail","hentry","category-a-la-une","entry","has-media"],"yoast_head":"<!-- This site is optimized with the Yoast SEO plugin v19.6.1 - https:\/\/yoast.com\/wordpress\/plugins\/seo\/ -->\n<title>Le CO Vincennes aux Restos du C\u0153ur - CO Vincennes<\/title>\n<meta name=\"robots\" content=\"index, follow, max-snippet:-1, max-image-preview:large, max-video-preview:-1\" \/>\n<link rel=\"canonical\" href=\"https:\/\/covincennes.com\/index.php\/2023\/11\/22\/le-co-vincennes-aux-restos-du-coeur\/\" \/>\n<meta property=\"og:locale\" content=\"fr_FR\" \/>\n<meta property=\"og:type\" content=\"article\" \/>\n<meta property=\"og:title\" content=\"Le CO Vincennes aux Restos du C\u0153ur - CO Vincennes\" \/>\n<meta property=\"og:description\" content=\"Les nombreux membres du CO Vincennes et leurs parents qui ont fait preuve de solidarit\u00e9 et de g\u00e9n\u00e9rosit\u00e9 auraient \u00e9t\u00e9 heureux et fiers d&rsquo;assister \u00e0 la remise des produits de notre collecte au profit des Restos du C\u0153ur. Accueillie par Huguette, la responsable de la plateforme de Fontenay, par Nathalie et par leurs coll\u00e8gues, notre [&hellip;]\" \/>\n<meta property=\"og:url\" content=\"https:\/\/covincennes.com\/index.php\/2023\/11\/22\/le-co-vincennes-aux-restos-du-coeur\/\" \/>\n<meta property=\"og:site_name\" content=\"CO Vincennes\" \/>\n<meta property=\"article:publisher\" content=\"https:\/\/www.facebook.com\/CO-VINCENNES-la-page-officielle-136021893155921\/\" \/>\n<meta property=\"article:published_time\" content=\"2023-11-21T23:54:24+00:00\" \/>\n<meta property=\"article:modified_time\" content=\"2023-12-11T21:20:45+00:00\" \/>\n<meta property=\"og:image\" content=\"https:\/\/covincennes.com\/wp-content\/uploads\/2023\/11\/Restos-1-redimensionnee.jpg\" \/>\n\t<meta property=\"og:image:width\" content=\"643\" \/>\n\t<meta property=\"og:image:height\" content=\"480\" \/>\n\t<meta property=\"og:image:type\" content=\"image\/jpeg\" \/>\n<meta name=\"author\" content=\"Cole Hibry\" \/>\n<meta name=\"twitter:card\" content=\"summary_large_image\" \/>\n<meta name=\"twitter:creator\" content=\"@covincennes\" \/>\n<meta name=\"twitter:site\" content=\"@covincennes\" \/>\n<meta name=\"twitter:label1\" content=\"\u00c9crit par\" \/>\n\t<meta name=\"twitter:data1\" content=\"Cole Hibry\" \/>\n\t<meta name=\"twitter:label2\" content=\"Dur\u00e9e de lecture estim\u00e9e\" \/>\n\t<meta name=\"twitter:data2\" content=\"1 minute\" \/>\n<script type=\"application\/ld+json\" class=\"yoast-schema-graph\">{\"@context\":\"https:\/\/schema.org\",\"@graph\":[{\"@type\":\"Article\",\"@id\":\"https:\/\/covincennes.com\/index.php\/2023\/11\/22\/le-co-vincennes-aux-restos-du-coeur\/#article\",\"isPartOf\":{\"@id\":\"https:\/\/covincennes.com\/index.php\/2023\/11\/22\/le-co-vincennes-aux-restos-du-coeur\/\"},\"author\":{\"name\":\"Cole Hibry\",\"@id\":\"https:\/\/covincennes.com\/#\/schema\/person\/eb881824360af01aa016999e439303fe\"},\"headline\":\"Le CO Vincennes aux Restos du C\u0153ur\",\"datePublished\":\"2023-11-21T23:54:24+00:00\",\"dateModified\":\"2023-12-11T21:20:45+00:00\",\"mainEntityOfPage\":{\"@id\":\"https:\/\/covincennes.com\/index.php\/2023\/11\/22\/le-co-vincennes-aux-restos-du-coeur\/\"},\"wordCount\":256,\"commentCount\":0,\"publisher\":{\"@id\":\"https:\/\/covincennes.com\/#organization\"},\"articleSection\":[\"\u00e0 la une\"],\"inLanguage\":\"fr-FR\",\"potentialAction\":[{\"@type\":\"CommentAction\",\"name\":\"Comment\",\"target\":[\"https:\/\/covincennes.com\/index.php\/2023\/11\/22\/le-co-vincennes-aux-restos-du-coeur\/#respond\"]}]},{\"@type\":\"WebPage\",\"@id\":\"https:\/\/covincennes.com\/index.php\/2023\/11\/22\/le-co-vincennes-aux-restos-du-coeur\/\",\"url\":\"https:\/\/covincennes.com\/index.php\/2023\/11\/22\/le-co-vincennes-aux-restos-du-coeur\/\",\"name\":\"Le CO Vincennes aux Restos du C\u0153ur - CO Vincennes\",\"isPartOf\":{\"@id\":\"https:\/\/covincennes.com\/#website\"},\"datePublished\":\"2023-11-21T23:54:24+00:00\",\"dateModified\":\"2023-12-11T21:20:45+00:00\",\"breadcrumb\":{\"@id\":\"https:\/\/covincennes.com\/index.php\/2023\/11\/22\/le-co-vincennes-aux-restos-du-coeur\/#breadcrumb\"},\"inLanguage\":\"fr-FR\",\"potentialAction\":[{\"@type\":\"ReadAction\",\"target\":[\"https:\/\/covincennes.com\/index.php\/2023\/11\/22\/le-co-vincennes-aux-restos-du-coeur\/\"]}]},{\"@type\":\"BreadcrumbList\",\"@id\":\"https:\/\/covincennes.com\/index.php\/2023\/11\/22\/le-co-vincennes-aux-restos-du-coeur\/#breadcrumb\",\"itemListElement\":[{\"@type\":\"ListItem\",\"position\":1,\"name\":\"Accueil\",\"item\":\"https:\/\/covincennes.com\/\"},{\"@type\":\"ListItem\",\"position\":2,\"name\":\"Le CO Vincennes aux Restos du C\u0153ur\"}]},{\"@type\":\"WebSite\",\"@id\":\"https:\/\/covincennes.com\/#website\",\"url\":\"https:\/\/covincennes.com\/\",\"name\":\"CO Vincennes\",\"description\":\"Un site utilisant WordPress\",\"publisher\":{\"@id\":\"https:\/\/covincennes.com\/#organization\"},\"potentialAction\":[{\"@type\":\"SearchAction\",\"target\":{\"@type\":\"EntryPoint\",\"urlTemplate\":\"https:\/\/covincennes.com\/?s={search_term_string}\"},\"query-input\":\"required name=search_term_string\"}],\"inLanguage\":\"fr-FR\"},{\"@type\":\"Organization\",\"@id\":\"https:\/\/covincennes.com\/#organization\",\"name\":\"CO Vincennes\",\"url\":\"https:\/\/covincennes.com\/\",\"sameAs\":[\"https:\/\/www.facebook.com\/CO-VINCENNES-la-page-officielle-136021893155921\/\",\"https:\/\/twitter.com\/covincennes\"],\"logo\":{\"@type\":\"ImageObject\",\"inLanguage\":\"fr-FR\",\"@id\":\"https:\/\/covincennes.com\/#\/schema\/logo\/image\/\",\"url\":\"https:\/\/covincennes.com\/wp-content\/uploads\/2019\/11\/logo-cov-png.png\",\"contentUrl\":\"https:\/\/covincennes.com\/wp-content\/uploads\/2019\/11\/logo-cov-png.png\",\"width\":495,\"height\":497,\"caption\":\"CO Vincennes\"},\"image\":{\"@id\":\"https:\/\/covincennes.com\/#\/schema\/logo\/image\/\"}},{\"@type\":\"Person\",\"@id\":\"https:\/\/covincennes.com\/#\/schema\/person\/eb881824360af01aa016999e439303fe\",\"name\":\"Cole Hibry\",\"image\":{\"@type\":\"ImageObject\",\"inLanguage\":\"fr-FR\",\"@id\":\"https:\/\/covincennes.com\/#\/schema\/person\/image\/\",\"url\":\"https:\/\/secure.gravatar.com\/avatar\/fdd68f914853e79675161dab52794fbe213aaa71837a3f83ab5d0669e81bb866?s=96&d=mm&r=g\",\"contentUrl\":\"https:\/\/secure.gravatar.com\/avatar\/fdd68f914853e79675161dab52794fbe213aaa71837a3f83ab5d0669e81bb866?s=96&d=mm&r=g\",\"caption\":\"Cole Hibry\"},\"url\":\"https:\/\/covincennes.com\/index.php\/author\/chevit-frederic\/\"}]}<\/script>\n<!-- \/ Yoast SEO plugin. -->","yoast_head_json":{"title":"Le CO Vincennes aux Restos du C\u0153ur - CO Vincennes","robots":{"index":"index","follow":"follow","max-snippet":"max-snippet:-1","max-image-preview":"max-image-preview:large","max-video-preview":"max-video-preview:-1"},"canonical":"https:\/\/covincennes.com\/index.php\/2023\/11\/22\/le-co-vincennes-aux-restos-du-coeur\/","og_locale":"fr_FR","og_type":"article","og_title":"Le CO Vincennes aux Restos du C\u0153ur - CO Vincennes","og_description":"Les nombreux membres du CO Vincennes et leurs parents qui ont fait preuve de solidarit\u00e9 et de g\u00e9n\u00e9rosit\u00e9 auraient \u00e9t\u00e9 heureux et fiers d&rsquo;assister \u00e0 la remise des produits de notre collecte au profit des Restos du C\u0153ur. Accueillie par Huguette, la responsable de la plateforme de Fontenay, par Nathalie et par leurs coll\u00e8gues, notre [&hellip;]","og_url":"https:\/\/covincennes.com\/index.php\/2023\/11\/22\/le-co-vincennes-aux-restos-du-coeur\/","og_site_name":"CO Vincennes","article_publisher":"https:\/\/www.facebook.com\/CO-VINCENNES-la-page-officielle-136021893155921\/","article_published_time":"2023-11-21T23:54:24+00:00","article_modified_time":"2023-12-11T21:20:45+00:00","og_image":[{"width":643,"height":480,"url":"https:\/\/covincennes.com\/wp-content\/uploads\/2023\/11\/Restos-1-redimensionnee.jpg","type":"image\/jpeg"}],"author":"Cole Hibry","twitter_card":"summary_large_image","twitter_creator":"@covincennes","twitter_site":"@covincennes","twitter_misc":{"\u00c9crit par":"Cole Hibry","Dur\u00e9e de lecture estim\u00e9e":"1 minute"},"schema":{"@context":"https:\/\/schema.org","@graph":[{"@type":"Article","@id":"https:\/\/covincennes.com\/index.php\/2023\/11\/22\/le-co-vincennes-aux-restos-du-coeur\/#article","isPartOf":{"@id":"https:\/\/covincennes.com\/index.php\/2023\/11\/22\/le-co-vincennes-aux-restos-du-coeur\/"},"author":{"name":"Cole Hibry","@id":"https:\/\/covincennes.com\/#\/schema\/person\/eb881824360af01aa016999e439303fe"},"headline":"Le CO Vincennes aux Restos du C\u0153ur","datePublished":"2023-11-21T23:54:24+00:00","dateModified":"2023-12-11T21:20:45+00:00","mainEntityOfPage":{"@id":"https:\/\/covincennes.com\/index.php\/2023\/11\/22\/le-co-vincennes-aux-restos-du-coeur\/"},"wordCount":256,"commentCount":0,"publisher":{"@id":"https:\/\/covincennes.com\/#organization"},"articleSection":["\u00e0 la une"],"inLanguage":"fr-FR","potentialAction":[{"@type":"CommentAction","name":"Comment","target":["https:\/\/covincennes.com\/index.php\/2023\/11\/22\/le-co-vincennes-aux-restos-du-coeur\/#respond"]}]},{"@type":"WebPage","@id":"https:\/\/covincennes.com\/index.php\/2023\/11\/22\/le-co-vincennes-aux-restos-du-coeur\/","url":"https:\/\/covincennes.com\/index.php\/2023\/11\/22\/le-co-vincennes-aux-restos-du-coeur\/","name":"Le CO Vincennes aux Restos du C\u0153ur - CO Vincennes","isPartOf":{"@id":"https:\/\/covincennes.com\/#website"},"datePublished":"2023-11-21T23:54:24+00:00","dateModified":"2023-12-11T21:20:45+00:00","breadcrumb":{"@id":"https:\/\/covincennes.com\/index.php\/2023\/11\/22\/le-co-vincennes-aux-restos-du-coeur\/#breadcrumb"},"inLanguage":"fr-FR","potentialAction":[{"@type":"ReadAction","target":["https:\/\/covincennes.com\/index.php\/2023\/11\/22\/le-co-vincennes-aux-restos-du-coeur\/"]}]},{"@type":"BreadcrumbList","@id":"https:\/\/covincennes.com\/index.php\/2023\/11\/22\/le-co-vincennes-aux-restos-du-coeur\/#breadcrumb","itemListElement":[{"@type":"ListItem","position":1,"name":"Accueil","item":"https:\/\/covincennes.com\/"},{"@type":"ListItem","position":2,"name":"Le CO Vincennes aux Restos du C\u0153ur"}]},{"@type":"WebSite","@id":"https:\/\/covincennes.com\/#website","url":"https:\/\/covincennes.com\/","name":"CO Vincennes","description":"Un site utilisant WordPress","publisher":{"@id":"https:\/\/covincennes.com\/#organization"},"potentialAction":[{"@type":"SearchAction","target":{"@type":"EntryPoint","urlTemplate":"https:\/\/covincennes.com\/?s={search_term_string}"},"query-input":"required name=search_term_string"}],"inLanguage":"fr-FR"},{"@type":"Organization","@id":"https:\/\/covincennes.com\/#organization","name":"CO Vincennes","url":"https:\/\/covincennes.com\/","sameAs":["https:\/\/www.facebook.com\/CO-VINCENNES-la-page-officielle-136021893155921\/","https:\/\/twitter.com\/covincennes"],"logo":{"@type":"ImageObject","inLanguage":"fr-FR","@id":"https:\/\/covincennes.com\/#\/schema\/logo\/image\/","url":"https:\/\/covincennes.com\/wp-content\/uploads\/2019\/11\/logo-cov-png.png","contentUrl":"https:\/\/covincennes.com\/wp-content\/uploads\/2019\/11\/logo-cov-png.png","width":495,"height":497,"caption":"CO Vincennes"},"image":{"@id":"https:\/\/covincennes.com\/#\/schema\/logo\/image\/"}},{"@type":"Person","@id":"https:\/\/covincennes.com\/#\/schema\/person\/eb881824360af01aa016999e439303fe","name":"Cole Hibry","image":{"@type":"ImageObject","inLanguage":"fr-FR","@id":"https:\/\/covincennes.com\/#\/schema\/person\/image\/","url":"https:\/\/secure.gravatar.com\/avatar\/fdd68f914853e79675161dab52794fbe213aaa71837a3f83ab5d0669e81bb866?s=96&d=mm&r=g","contentUrl":"https:\/\/secure.gravatar.com\/avatar\/fdd68f914853e79675161dab52794fbe213aaa71837a3f83ab5d0669e81bb866?s=96&d=mm&r=g","caption":"Cole Hibry"},"url":"https:\/\/covincennes.com\/index.php\/author\/chevit-frederic\/"}]}},"_links":{"self":[{"href":"https:\/\/covincennes.com\/index.php\/wp-json\/wp\/v2\/posts\/7201","targetHints":{"allow":["GET"]}}],"collection":[{"href":"https:\/\/covincennes.com\/index.php\/wp-json\/wp\/v2\/posts"}],"about":[{"href":"https:\/\/covincennes.com\/index.php\/wp-json\/wp\/v2\/types\/post"}],"author":[{"embeddable":true,"href":"https:\/\/covincennes.com\/index.php\/wp-json\/wp\/v2\/users\/2"}],"replies":[{"embeddable":true,"href":"https:\/\/covincennes.com\/index.php\/wp-json\/wp\/v2\/comments?post=7201"}],"version-history":[{"count":1,"href":"https:\/\/covincennes.com\/index.php\/wp-json\/wp\/v2\/posts\/7201\/revisions"}],"predecessor-version":[{"id":7206,"href":"https:\/\/covincennes.com\/index.php\/wp-json\/wp\/v2\/posts\/7201\/revisions\/7206"}],"wp:featuredmedia":[{"embeddable":true,"href":"https:\/\/covincennes.com\/index.php\/wp-json\/wp\/v2\/media\/7202"}],"wp:attachment":[{"href":"https:\/\/covincennes.com\/index.php\/wp-json\/wp\/v2\/media?parent=7201"}],"wp:term":[{"taxonomy":"category","embeddable":true,"href":"https:\/\/covincennes.com\/index.php\/wp-json\/wp\/v2\/categories?post=7201"},{"taxonomy":"post_tag","embeddable":true,"href":"https:\/\/covincennes.com\/index.php\/wp-json\/wp\/v2\/tags?post=7201"}],"curies":[{"name":"wp","href":"https:\/\/api.w.org\/{rel}","templated":true}]}}