{"id":7227,"date":"2023-11-27T00:26:28","date_gmt":"2023-11-26T23:26:28","guid":{"rendered":"https:\/\/covincennes.com\/?p=7227"},"modified":"2023-12-22T23:15:33","modified_gmt":"2023-12-22T22:15:33","slug":"nos-seniors-a-sur-leur-lancee","status":"publish","type":"post","link":"https:\/\/covincennes.com\/index.php\/2023\/11\/27\/nos-seniors-a-sur-leur-lancee\/","title":{"rendered":"Nos s\u00e9niors A sur leur lanc\u00e9e"},"content":{"rendered":"<p>Invaincus en championnat depuis le 22 octobre, nos s\u00e9niors A ont continu\u00e9 sur leur lanc\u00e9e ce dimanche en dominant le CAP Charenton sur un score large (5-1), qui refl\u00e8te mal la belle r\u00e9sistance de nos voisins du Bois de Vincennes.<\/p>\n<p>Si les n\u00f4tres ont nettement domin\u00e9 la premi\u00e8re demi-heure, ponctu\u00e9e par trois buts (Maxence sur un service en or d&rsquo;Hattabiou, Boubou sur corner et Jonas sur un coup franc direct des 18 m\u00e8tres), les Charentonnais se sont bien repris et ont r\u00e9duit logiquement le score un peu avant la mi-temps par une vieille connaissance, Hakim. Celui-ci, avec une retenue qui l&rsquo;honore, n&rsquo;a pas c\u00e9l\u00e9br\u00e9 ce but, ayant probablement \u00e0 l&rsquo;esprit les quatorze saisons pass\u00e9es chez nous.<\/p>\n<p>Hakim et ses co\u00e9quipiers se sont ensuite montr\u00e9s dangereux en seconde p\u00e9riode, et si nous avions eu en premi\u00e8re des opportunit\u00e9s de \u00ab\u00a0tuer le match\u00a0\u00bb, notamment avec ce boulet de canon de Tom sur la barre, ce sont eux qui ont \u00e9t\u00e9 les plus mena\u00e7ants apr\u00e8s la pause. Hakim, encore lui, a \u00e9t\u00e9 tr\u00e8s pr\u00e8s de r\u00e9ussir un doubl\u00e9 et il a fallu un arr\u00eat d\u00e9terminant de notre gardien Jonas pour l&rsquo;en emp\u00eacher.<\/p>\n<p>Au contraire, c&rsquo;est Maxence, en fin de rencontre, qui s&rsquo;est offert un doubl\u00e9 avec un but qu&rsquo;il est all\u00e9 chercher avec une belle d\u00e9termination avant que Boubou ne l&rsquo;imite, \u00e0 l&rsquo;ultime seconde, sur penalty. Un Biubou qui n&rsquo;avait pas encore ouvert son compteur buts cette saison et qui a magnifiquement relev\u00e9 le d\u00e9fi que lui avait lanc\u00e9 son coach.<\/p>\n<p>Voil\u00e0 les hommes de Carl revenus en t\u00eate du classement, seulement devanc\u00e9s \u00e0 la diff\u00e9rence particuli\u00e8re par Villemomble, qui a conc\u00e9d\u00e9 le nul au Perreux (1-1). Prochaine \u00e9ch\u00e9ance pour notre \u00e9quipe premi\u00e8re s\u00e9nior : dimanche \u00e0 Grigny.<\/p>\n<p class=\"responsive-video-wrap clr\"><iframe loading=\"lazy\" title=\"COV - CHARENTON : le r\u00e9sum\u00e9 V2\" width=\"1200\" height=\"675\" src=\"https:\/\/www.youtube.com\/embed\/BME-1VgCxXA?feature=oembed\" frameborder=\"0\" allow=\"accelerometer; autoplay; clipboard-write; encrypted-media; gyroscope; picture-in-picture; web-share\" allowfullscreen><\/iframe><\/p>\n<p class=\"responsive-video-wrap clr\"><iframe loading=\"lazy\" title=\"La joie dans le vestiaire\" width=\"1200\" height=\"675\" src=\"https:\/\/www.youtube.com\/embed\/qqA-6iuFSgg?feature=oembed\" frameborder=\"0\" allow=\"accelerometer; autoplay; clipboard-write; encrypted-media; gyroscope; picture-in-picture; web-share\" allowfullscreen><\/iframe><\/p>\n","protected":false},"excerpt":{"rendered":"<p>Invaincus en championnat depuis le 22 octobre, nos s\u00e9niors A ont continu\u00e9 sur leur lanc\u00e9e ce dimanche en dominant le CAP Charenton sur un score large (5-1), qui refl\u00e8te mal la belle r\u00e9sistance de nos voisins du Bois de Vincennes. Si les n\u00f4tres ont nettement domin\u00e9 la premi\u00e8re demi-heure, ponctu\u00e9e par trois buts (Maxence sur [&hellip;]<\/p>\n","protected":false},"author":2,"featured_media":7228,"comment_status":"open","ping_status":"open","sticky":false,"template":"","format":"standard","meta":{"_monsterinsights_skip_tracking":false,"_monsterinsights_sitenote_active":false,"_monsterinsights_sitenote_note":"","_monsterinsights_sitenote_category":0,"footnotes":""},"categories":[48],"tags":[],"class_list":["post-7227","post","type-post","status-publish","format-standard","has-post-thumbnail","hentry","category-a-la-une","entry","has-media"],"yoast_head":"<!-- This site is optimized with the Yoast SEO plugin v19.6.1 - https:\/\/yoast.com\/wordpress\/plugins\/seo\/ -->\n<title>Nos s\u00e9niors A sur leur lanc\u00e9e - CO Vincennes<\/title>\n<meta name=\"robots\" content=\"index, follow, max-snippet:-1, max-image-preview:large, max-video-preview:-1\" \/>\n<link rel=\"canonical\" href=\"https:\/\/covincennes.com\/index.php\/2023\/11\/27\/nos-seniors-a-sur-leur-lancee\/\" \/>\n<meta property=\"og:locale\" content=\"fr_FR\" \/>\n<meta property=\"og:type\" content=\"article\" \/>\n<meta property=\"og:title\" content=\"Nos s\u00e9niors A sur leur lanc\u00e9e - CO Vincennes\" \/>\n<meta property=\"og:description\" content=\"Invaincus en championnat depuis le 22 octobre, nos s\u00e9niors A ont continu\u00e9 sur leur lanc\u00e9e ce dimanche en dominant le CAP Charenton sur un score large (5-1), qui refl\u00e8te mal la belle r\u00e9sistance de nos voisins du Bois de Vincennes. Si les n\u00f4tres ont nettement domin\u00e9 la premi\u00e8re demi-heure, ponctu\u00e9e par trois buts (Maxence sur [&hellip;]\" \/>\n<meta property=\"og:url\" content=\"https:\/\/covincennes.com\/index.php\/2023\/11\/27\/nos-seniors-a-sur-leur-lancee\/\" \/>\n<meta property=\"og:site_name\" content=\"CO Vincennes\" \/>\n<meta property=\"article:publisher\" content=\"https:\/\/www.facebook.com\/CO-VINCENNES-la-page-officielle-136021893155921\/\" \/>\n<meta property=\"article:published_time\" content=\"2023-11-26T23:26:28+00:00\" \/>\n<meta property=\"article:modified_time\" content=\"2023-12-22T22:15:33+00:00\" \/>\n<meta property=\"og:image\" content=\"https:\/\/covincennes.com\/wp-content\/uploads\/2023\/11\/Tableau-daffichage-redimensionnee.jpg\" \/>\n\t<meta property=\"og:image:width\" content=\"643\" \/>\n\t<meta property=\"og:image:height\" content=\"480\" \/>\n\t<meta property=\"og:image:type\" content=\"image\/jpeg\" \/>\n<meta name=\"author\" content=\"Cole Hibry\" \/>\n<meta name=\"twitter:card\" content=\"summary_large_image\" \/>\n<meta name=\"twitter:creator\" content=\"@covincennes\" \/>\n<meta name=\"twitter:site\" content=\"@covincennes\" \/>\n<meta name=\"twitter:label1\" content=\"\u00c9crit par\" \/>\n\t<meta name=\"twitter:data1\" content=\"Cole Hibry\" \/>\n\t<meta name=\"twitter:label2\" content=\"Dur\u00e9e de lecture estim\u00e9e\" \/>\n\t<meta name=\"twitter:data2\" content=\"2 minutes\" \/>\n<script type=\"application\/ld+json\" class=\"yoast-schema-graph\">{\"@context\":\"https:\/\/schema.org\",\"@graph\":[{\"@type\":\"Article\",\"@id\":\"https:\/\/covincennes.com\/index.php\/2023\/11\/27\/nos-seniors-a-sur-leur-lancee\/#article\",\"isPartOf\":{\"@id\":\"https:\/\/covincennes.com\/index.php\/2023\/11\/27\/nos-seniors-a-sur-leur-lancee\/\"},\"author\":{\"name\":\"Cole Hibry\",\"@id\":\"https:\/\/covincennes.com\/#\/schema\/person\/eb881824360af01aa016999e439303fe\"},\"headline\":\"Nos s\u00e9niors A sur leur lanc\u00e9e\",\"datePublished\":\"2023-11-26T23:26:28+00:00\",\"dateModified\":\"2023-12-22T22:15:33+00:00\",\"mainEntityOfPage\":{\"@id\":\"https:\/\/covincennes.com\/index.php\/2023\/11\/27\/nos-seniors-a-sur-leur-lancee\/\"},\"wordCount\":331,\"commentCount\":0,\"publisher\":{\"@id\":\"https:\/\/covincennes.com\/#organization\"},\"articleSection\":[\"\u00e0 la une\"],\"inLanguage\":\"fr-FR\",\"potentialAction\":[{\"@type\":\"CommentAction\",\"name\":\"Comment\",\"target\":[\"https:\/\/covincennes.com\/index.php\/2023\/11\/27\/nos-seniors-a-sur-leur-lancee\/#respond\"]}]},{\"@type\":\"WebPage\",\"@id\":\"https:\/\/covincennes.com\/index.php\/2023\/11\/27\/nos-seniors-a-sur-leur-lancee\/\",\"url\":\"https:\/\/covincennes.com\/index.php\/2023\/11\/27\/nos-seniors-a-sur-leur-lancee\/\",\"name\":\"Nos s\u00e9niors A sur leur lanc\u00e9e - CO Vincennes\",\"isPartOf\":{\"@id\":\"https:\/\/covincennes.com\/#website\"},\"datePublished\":\"2023-11-26T23:26:28+00:00\",\"dateModified\":\"2023-12-22T22:15:33+00:00\",\"breadcrumb\":{\"@id\":\"https:\/\/covincennes.com\/index.php\/2023\/11\/27\/nos-seniors-a-sur-leur-lancee\/#breadcrumb\"},\"inLanguage\":\"fr-FR\",\"potentialAction\":[{\"@type\":\"ReadAction\",\"target\":[\"https:\/\/covincennes.com\/index.php\/2023\/11\/27\/nos-seniors-a-sur-leur-lancee\/\"]}]},{\"@type\":\"BreadcrumbList\",\"@id\":\"https:\/\/covincennes.com\/index.php\/2023\/11\/27\/nos-seniors-a-sur-leur-lancee\/#breadcrumb\",\"itemListElement\":[{\"@type\":\"ListItem\",\"position\":1,\"name\":\"Accueil\",\"item\":\"https:\/\/covincennes.com\/\"},{\"@type\":\"ListItem\",\"position\":2,\"name\":\"Nos s\u00e9niors A sur leur lanc\u00e9e\"}]},{\"@type\":\"WebSite\",\"@id\":\"https:\/\/covincennes.com\/#website\",\"url\":\"https:\/\/covincennes.com\/\",\"name\":\"CO Vincennes\",\"description\":\"Un site utilisant WordPress\",\"publisher\":{\"@id\":\"https:\/\/covincennes.com\/#organization\"},\"potentialAction\":[{\"@type\":\"SearchAction\",\"target\":{\"@type\":\"EntryPoint\",\"urlTemplate\":\"https:\/\/covincennes.com\/?s={search_term_string}\"},\"query-input\":\"required name=search_term_string\"}],\"inLanguage\":\"fr-FR\"},{\"@type\":\"Organization\",\"@id\":\"https:\/\/covincennes.com\/#organization\",\"name\":\"CO Vincennes\",\"url\":\"https:\/\/covincennes.com\/\",\"sameAs\":[\"https:\/\/www.facebook.com\/CO-VINCENNES-la-page-officielle-136021893155921\/\",\"https:\/\/twitter.com\/covincennes\"],\"logo\":{\"@type\":\"ImageObject\",\"inLanguage\":\"fr-FR\",\"@id\":\"https:\/\/covincennes.com\/#\/schema\/logo\/image\/\",\"url\":\"https:\/\/covincennes.com\/wp-content\/uploads\/2019\/11\/logo-cov-png.png\",\"contentUrl\":\"https:\/\/covincennes.com\/wp-content\/uploads\/2019\/11\/logo-cov-png.png\",\"width\":495,\"height\":497,\"caption\":\"CO Vincennes\"},\"image\":{\"@id\":\"https:\/\/covincennes.com\/#\/schema\/logo\/image\/\"}},{\"@type\":\"Person\",\"@id\":\"https:\/\/covincennes.com\/#\/schema\/person\/eb881824360af01aa016999e439303fe\",\"name\":\"Cole Hibry\",\"image\":{\"@type\":\"ImageObject\",\"inLanguage\":\"fr-FR\",\"@id\":\"https:\/\/covincennes.com\/#\/schema\/person\/image\/\",\"url\":\"https:\/\/secure.gravatar.com\/avatar\/fdd68f914853e79675161dab52794fbe213aaa71837a3f83ab5d0669e81bb866?s=96&d=mm&r=g\",\"contentUrl\":\"https:\/\/secure.gravatar.com\/avatar\/fdd68f914853e79675161dab52794fbe213aaa71837a3f83ab5d0669e81bb866?s=96&d=mm&r=g\",\"caption\":\"Cole Hibry\"},\"url\":\"https:\/\/covincennes.com\/index.php\/author\/chevit-frederic\/\"}]}<\/script>\n<!-- \/ Yoast SEO plugin. -->","yoast_head_json":{"title":"Nos s\u00e9niors A sur leur lanc\u00e9e - CO Vincennes","robots":{"index":"index","follow":"follow","max-snippet":"max-snippet:-1","max-image-preview":"max-image-preview:large","max-video-preview":"max-video-preview:-1"},"canonical":"https:\/\/covincennes.com\/index.php\/2023\/11\/27\/nos-seniors-a-sur-leur-lancee\/","og_locale":"fr_FR","og_type":"article","og_title":"Nos s\u00e9niors A sur leur lanc\u00e9e - CO Vincennes","og_description":"Invaincus en championnat depuis le 22 octobre, nos s\u00e9niors A ont continu\u00e9 sur leur lanc\u00e9e ce dimanche en dominant le CAP Charenton sur un score large (5-1), qui refl\u00e8te mal la belle r\u00e9sistance de nos voisins du Bois de Vincennes. Si les n\u00f4tres ont nettement domin\u00e9 la premi\u00e8re demi-heure, ponctu\u00e9e par trois buts (Maxence sur [&hellip;]","og_url":"https:\/\/covincennes.com\/index.php\/2023\/11\/27\/nos-seniors-a-sur-leur-lancee\/","og_site_name":"CO Vincennes","article_publisher":"https:\/\/www.facebook.com\/CO-VINCENNES-la-page-officielle-136021893155921\/","article_published_time":"2023-11-26T23:26:28+00:00","article_modified_time":"2023-12-22T22:15:33+00:00","og_image":[{"width":643,"height":480,"url":"https:\/\/covincennes.com\/wp-content\/uploads\/2023\/11\/Tableau-daffichage-redimensionnee.jpg","type":"image\/jpeg"}],"author":"Cole Hibry","twitter_card":"summary_large_image","twitter_creator":"@covincennes","twitter_site":"@covincennes","twitter_misc":{"\u00c9crit par":"Cole Hibry","Dur\u00e9e de lecture estim\u00e9e":"2 minutes"},"schema":{"@context":"https:\/\/schema.org","@graph":[{"@type":"Article","@id":"https:\/\/covincennes.com\/index.php\/2023\/11\/27\/nos-seniors-a-sur-leur-lancee\/#article","isPartOf":{"@id":"https:\/\/covincennes.com\/index.php\/2023\/11\/27\/nos-seniors-a-sur-leur-lancee\/"},"author":{"name":"Cole Hibry","@id":"https:\/\/covincennes.com\/#\/schema\/person\/eb881824360af01aa016999e439303fe"},"headline":"Nos s\u00e9niors A sur leur lanc\u00e9e","datePublished":"2023-11-26T23:26:28+00:00","dateModified":"2023-12-22T22:15:33+00:00","mainEntityOfPage":{"@id":"https:\/\/covincennes.com\/index.php\/2023\/11\/27\/nos-seniors-a-sur-leur-lancee\/"},"wordCount":331,"commentCount":0,"publisher":{"@id":"https:\/\/covincennes.com\/#organization"},"articleSection":["\u00e0 la une"],"inLanguage":"fr-FR","potentialAction":[{"@type":"CommentAction","name":"Comment","target":["https:\/\/covincennes.com\/index.php\/2023\/11\/27\/nos-seniors-a-sur-leur-lancee\/#respond"]}]},{"@type":"WebPage","@id":"https:\/\/covincennes.com\/index.php\/2023\/11\/27\/nos-seniors-a-sur-leur-lancee\/","url":"https:\/\/covincennes.com\/index.php\/2023\/11\/27\/nos-seniors-a-sur-leur-lancee\/","name":"Nos s\u00e9niors A sur leur lanc\u00e9e - CO Vincennes","isPartOf":{"@id":"https:\/\/covincennes.com\/#website"},"datePublished":"2023-11-26T23:26:28+00:00","dateModified":"2023-12-22T22:15:33+00:00","breadcrumb":{"@id":"https:\/\/covincennes.com\/index.php\/2023\/11\/27\/nos-seniors-a-sur-leur-lancee\/#breadcrumb"},"inLanguage":"fr-FR","potentialAction":[{"@type":"ReadAction","target":["https:\/\/covincennes.com\/index.php\/2023\/11\/27\/nos-seniors-a-sur-leur-lancee\/"]}]},{"@type":"BreadcrumbList","@id":"https:\/\/covincennes.com\/index.php\/2023\/11\/27\/nos-seniors-a-sur-leur-lancee\/#breadcrumb","itemListElement":[{"@type":"ListItem","position":1,"name":"Accueil","item":"https:\/\/covincennes.com\/"},{"@type":"ListItem","position":2,"name":"Nos s\u00e9niors A sur leur lanc\u00e9e"}]},{"@type":"WebSite","@id":"https:\/\/covincennes.com\/#website","url":"https:\/\/covincennes.com\/","name":"CO Vincennes","description":"Un site utilisant WordPress","publisher":{"@id":"https:\/\/covincennes.com\/#organization"},"potentialAction":[{"@type":"SearchAction","target":{"@type":"EntryPoint","urlTemplate":"https:\/\/covincennes.com\/?s={search_term_string}"},"query-input":"required name=search_term_string"}],"inLanguage":"fr-FR"},{"@type":"Organization","@id":"https:\/\/covincennes.com\/#organization","name":"CO Vincennes","url":"https:\/\/covincennes.com\/","sameAs":["https:\/\/www.facebook.com\/CO-VINCENNES-la-page-officielle-136021893155921\/","https:\/\/twitter.com\/covincennes"],"logo":{"@type":"ImageObject","inLanguage":"fr-FR","@id":"https:\/\/covincennes.com\/#\/schema\/logo\/image\/","url":"https:\/\/covincennes.com\/wp-content\/uploads\/2019\/11\/logo-cov-png.png","contentUrl":"https:\/\/covincennes.com\/wp-content\/uploads\/2019\/11\/logo-cov-png.png","width":495,"height":497,"caption":"CO Vincennes"},"image":{"@id":"https:\/\/covincennes.com\/#\/schema\/logo\/image\/"}},{"@type":"Person","@id":"https:\/\/covincennes.com\/#\/schema\/person\/eb881824360af01aa016999e439303fe","name":"Cole Hibry","image":{"@type":"ImageObject","inLanguage":"fr-FR","@id":"https:\/\/covincennes.com\/#\/schema\/person\/image\/","url":"https:\/\/secure.gravatar.com\/avatar\/fdd68f914853e79675161dab52794fbe213aaa71837a3f83ab5d0669e81bb866?s=96&d=mm&r=g","contentUrl":"https:\/\/secure.gravatar.com\/avatar\/fdd68f914853e79675161dab52794fbe213aaa71837a3f83ab5d0669e81bb866?s=96&d=mm&r=g","caption":"Cole Hibry"},"url":"https:\/\/covincennes.com\/index.php\/author\/chevit-frederic\/"}]}},"_links":{"self":[{"href":"https:\/\/covincennes.com\/index.php\/wp-json\/wp\/v2\/posts\/7227","targetHints":{"allow":["GET"]}}],"collection":[{"href":"https:\/\/covincennes.com\/index.php\/wp-json\/wp\/v2\/posts"}],"about":[{"href":"https:\/\/covincennes.com\/index.php\/wp-json\/wp\/v2\/types\/post"}],"author":[{"embeddable":true,"href":"https:\/\/covincennes.com\/index.php\/wp-json\/wp\/v2\/users\/2"}],"replies":[{"embeddable":true,"href":"https:\/\/covincennes.com\/index.php\/wp-json\/wp\/v2\/comments?post=7227"}],"version-history":[{"count":3,"href":"https:\/\/covincennes.com\/index.php\/wp-json\/wp\/v2\/posts\/7227\/revisions"}],"predecessor-version":[{"id":7244,"href":"https:\/\/covincennes.com\/index.php\/wp-json\/wp\/v2\/posts\/7227\/revisions\/7244"}],"wp:featuredmedia":[{"embeddable":true,"href":"https:\/\/covincennes.com\/index.php\/wp-json\/wp\/v2\/media\/7228"}],"wp:attachment":[{"href":"https:\/\/covincennes.com\/index.php\/wp-json\/wp\/v2\/media?parent=7227"}],"wp:term":[{"taxonomy":"category","embeddable":true,"href":"https:\/\/covincennes.com\/index.php\/wp-json\/wp\/v2\/categories?post=7227"},{"taxonomy":"post_tag","embeddable":true,"href":"https:\/\/covincennes.com\/index.php\/wp-json\/wp\/v2\/tags?post=7227"}],"curies":[{"name":"wp","href":"https:\/\/api.w.org\/{rel}","templated":true}]}}