{"id":7394,"date":"2024-01-09T15:45:27","date_gmt":"2024-01-09T14:45:27","guid":{"rendered":"https:\/\/covincennes.com\/?p=7394"},"modified":"2024-01-22T15:28:23","modified_gmt":"2024-01-22T14:28:23","slug":"fermeture-du-stade-ce-mardi-et-demain-mercredi","status":"publish","type":"post","link":"https:\/\/covincennes.com\/index.php\/2024\/01\/09\/fermeture-du-stade-ce-mardi-et-demain-mercredi\/","title":{"rendered":"Fermeture du stade du jeudi 18 au 21 janvier 2024"},"content":{"rendered":"<p>A cause des intemp\u00e9ries et du gel qui menace l&rsquo;int\u00e9grit\u00e9 des terrains synth\u00e9tiques, la Ville a d\u00e9cid\u00e9 de fermer le stade L\u00e9o-Lagrange du jeudi 18 janvier au dimanche 21 janvier 2024 inclus.<\/p>\n","protected":false},"excerpt":{"rendered":"<p>A cause des intemp\u00e9ries et du gel qui menace l&rsquo;int\u00e9grit\u00e9 des terrains synth\u00e9tiques, la Ville a d\u00e9cid\u00e9 de fermer le stade L\u00e9o-Lagrange du jeudi 18 janvier au dimanche 21 janvier 2024 inclus.<\/p>\n","protected":false},"author":2,"featured_media":7395,"comment_status":"open","ping_status":"open","sticky":false,"template":"","format":"standard","meta":{"_monsterinsights_skip_tracking":false,"_monsterinsights_sitenote_active":false,"_monsterinsights_sitenote_note":"","_monsterinsights_sitenote_category":0,"footnotes":""},"categories":[48],"tags":[],"class_list":["post-7394","post","type-post","status-publish","format-standard","has-post-thumbnail","hentry","category-a-la-une","entry","has-media"],"yoast_head":"<!-- This site is optimized with the Yoast SEO plugin v19.6.1 - https:\/\/yoast.com\/wordpress\/plugins\/seo\/ -->\n<title>Fermeture du stade du jeudi 18 au 21 janvier 2024 - CO Vincennes<\/title>\n<meta name=\"robots\" content=\"index, follow, max-snippet:-1, max-image-preview:large, max-video-preview:-1\" \/>\n<link rel=\"canonical\" href=\"https:\/\/covincennes.com\/index.php\/2024\/01\/09\/fermeture-du-stade-ce-mardi-et-demain-mercredi\/\" \/>\n<meta property=\"og:locale\" content=\"fr_FR\" \/>\n<meta property=\"og:type\" content=\"article\" \/>\n<meta property=\"og:title\" content=\"Fermeture du stade du jeudi 18 au 21 janvier 2024 - CO Vincennes\" \/>\n<meta property=\"og:description\" content=\"A cause des intemp\u00e9ries et du gel qui menace l&rsquo;int\u00e9grit\u00e9 des terrains synth\u00e9tiques, la Ville a d\u00e9cid\u00e9 de fermer le stade L\u00e9o-Lagrange du jeudi 18 janvier au dimanche 21 janvier 2024 inclus.\" \/>\n<meta property=\"og:url\" content=\"https:\/\/covincennes.com\/index.php\/2024\/01\/09\/fermeture-du-stade-ce-mardi-et-demain-mercredi\/\" \/>\n<meta property=\"og:site_name\" content=\"CO Vincennes\" \/>\n<meta property=\"article:publisher\" content=\"https:\/\/www.facebook.com\/CO-VINCENNES-la-page-officielle-136021893155921\/\" \/>\n<meta property=\"article:published_time\" content=\"2024-01-09T14:45:27+00:00\" \/>\n<meta property=\"article:modified_time\" content=\"2024-01-22T14:28:23+00:00\" \/>\n<meta property=\"og:image\" content=\"https:\/\/covincennes.com\/wp-content\/uploads\/2024\/01\/Terrains-enneiges-redimensionnee.jpg\" \/>\n\t<meta property=\"og:image:width\" content=\"643\" \/>\n\t<meta property=\"og:image:height\" content=\"480\" \/>\n\t<meta property=\"og:image:type\" content=\"image\/jpeg\" \/>\n<meta name=\"author\" content=\"Cole Hibry\" \/>\n<meta name=\"twitter:card\" content=\"summary_large_image\" \/>\n<meta name=\"twitter:creator\" content=\"@covincennes\" \/>\n<meta name=\"twitter:site\" content=\"@covincennes\" \/>\n<meta name=\"twitter:label1\" content=\"\u00c9crit par\" \/>\n\t<meta name=\"twitter:data1\" content=\"Cole Hibry\" \/>\n<script type=\"application\/ld+json\" class=\"yoast-schema-graph\">{\"@context\":\"https:\/\/schema.org\",\"@graph\":[{\"@type\":\"Article\",\"@id\":\"https:\/\/covincennes.com\/index.php\/2024\/01\/09\/fermeture-du-stade-ce-mardi-et-demain-mercredi\/#article\",\"isPartOf\":{\"@id\":\"https:\/\/covincennes.com\/index.php\/2024\/01\/09\/fermeture-du-stade-ce-mardi-et-demain-mercredi\/\"},\"author\":{\"name\":\"Cole Hibry\",\"@id\":\"https:\/\/covincennes.com\/#\/schema\/person\/eb881824360af01aa016999e439303fe\"},\"headline\":\"Fermeture du stade du jeudi 18 au 21 janvier 2024\",\"datePublished\":\"2024-01-09T14:45:27+00:00\",\"dateModified\":\"2024-01-22T14:28:23+00:00\",\"mainEntityOfPage\":{\"@id\":\"https:\/\/covincennes.com\/index.php\/2024\/01\/09\/fermeture-du-stade-ce-mardi-et-demain-mercredi\/\"},\"wordCount\":41,\"commentCount\":0,\"publisher\":{\"@id\":\"https:\/\/covincennes.com\/#organization\"},\"articleSection\":[\"\u00e0 la une\"],\"inLanguage\":\"fr-FR\",\"potentialAction\":[{\"@type\":\"CommentAction\",\"name\":\"Comment\",\"target\":[\"https:\/\/covincennes.com\/index.php\/2024\/01\/09\/fermeture-du-stade-ce-mardi-et-demain-mercredi\/#respond\"]}]},{\"@type\":\"WebPage\",\"@id\":\"https:\/\/covincennes.com\/index.php\/2024\/01\/09\/fermeture-du-stade-ce-mardi-et-demain-mercredi\/\",\"url\":\"https:\/\/covincennes.com\/index.php\/2024\/01\/09\/fermeture-du-stade-ce-mardi-et-demain-mercredi\/\",\"name\":\"Fermeture du stade du jeudi 18 au 21 janvier 2024 - CO Vincennes\",\"isPartOf\":{\"@id\":\"https:\/\/covincennes.com\/#website\"},\"datePublished\":\"2024-01-09T14:45:27+00:00\",\"dateModified\":\"2024-01-22T14:28:23+00:00\",\"breadcrumb\":{\"@id\":\"https:\/\/covincennes.com\/index.php\/2024\/01\/09\/fermeture-du-stade-ce-mardi-et-demain-mercredi\/#breadcrumb\"},\"inLanguage\":\"fr-FR\",\"potentialAction\":[{\"@type\":\"ReadAction\",\"target\":[\"https:\/\/covincennes.com\/index.php\/2024\/01\/09\/fermeture-du-stade-ce-mardi-et-demain-mercredi\/\"]}]},{\"@type\":\"BreadcrumbList\",\"@id\":\"https:\/\/covincennes.com\/index.php\/2024\/01\/09\/fermeture-du-stade-ce-mardi-et-demain-mercredi\/#breadcrumb\",\"itemListElement\":[{\"@type\":\"ListItem\",\"position\":1,\"name\":\"Accueil\",\"item\":\"https:\/\/covincennes.com\/\"},{\"@type\":\"ListItem\",\"position\":2,\"name\":\"Fermeture du stade du jeudi 18 au 21 janvier 2024\"}]},{\"@type\":\"WebSite\",\"@id\":\"https:\/\/covincennes.com\/#website\",\"url\":\"https:\/\/covincennes.com\/\",\"name\":\"CO Vincennes\",\"description\":\"Un site utilisant WordPress\",\"publisher\":{\"@id\":\"https:\/\/covincennes.com\/#organization\"},\"potentialAction\":[{\"@type\":\"SearchAction\",\"target\":{\"@type\":\"EntryPoint\",\"urlTemplate\":\"https:\/\/covincennes.com\/?s={search_term_string}\"},\"query-input\":\"required name=search_term_string\"}],\"inLanguage\":\"fr-FR\"},{\"@type\":\"Organization\",\"@id\":\"https:\/\/covincennes.com\/#organization\",\"name\":\"CO Vincennes\",\"url\":\"https:\/\/covincennes.com\/\",\"sameAs\":[\"https:\/\/www.facebook.com\/CO-VINCENNES-la-page-officielle-136021893155921\/\",\"https:\/\/twitter.com\/covincennes\"],\"logo\":{\"@type\":\"ImageObject\",\"inLanguage\":\"fr-FR\",\"@id\":\"https:\/\/covincennes.com\/#\/schema\/logo\/image\/\",\"url\":\"https:\/\/covincennes.com\/wp-content\/uploads\/2019\/11\/logo-cov-png.png\",\"contentUrl\":\"https:\/\/covincennes.com\/wp-content\/uploads\/2019\/11\/logo-cov-png.png\",\"width\":495,\"height\":497,\"caption\":\"CO Vincennes\"},\"image\":{\"@id\":\"https:\/\/covincennes.com\/#\/schema\/logo\/image\/\"}},{\"@type\":\"Person\",\"@id\":\"https:\/\/covincennes.com\/#\/schema\/person\/eb881824360af01aa016999e439303fe\",\"name\":\"Cole Hibry\",\"image\":{\"@type\":\"ImageObject\",\"inLanguage\":\"fr-FR\",\"@id\":\"https:\/\/covincennes.com\/#\/schema\/person\/image\/\",\"url\":\"https:\/\/secure.gravatar.com\/avatar\/fdd68f914853e79675161dab52794fbe213aaa71837a3f83ab5d0669e81bb866?s=96&d=mm&r=g\",\"contentUrl\":\"https:\/\/secure.gravatar.com\/avatar\/fdd68f914853e79675161dab52794fbe213aaa71837a3f83ab5d0669e81bb866?s=96&d=mm&r=g\",\"caption\":\"Cole Hibry\"},\"url\":\"https:\/\/covincennes.com\/index.php\/author\/chevit-frederic\/\"}]}<\/script>\n<!-- \/ Yoast SEO plugin. -->","yoast_head_json":{"title":"Fermeture du stade du jeudi 18 au 21 janvier 2024 - CO Vincennes","robots":{"index":"index","follow":"follow","max-snippet":"max-snippet:-1","max-image-preview":"max-image-preview:large","max-video-preview":"max-video-preview:-1"},"canonical":"https:\/\/covincennes.com\/index.php\/2024\/01\/09\/fermeture-du-stade-ce-mardi-et-demain-mercredi\/","og_locale":"fr_FR","og_type":"article","og_title":"Fermeture du stade du jeudi 18 au 21 janvier 2024 - CO Vincennes","og_description":"A cause des intemp\u00e9ries et du gel qui menace l&rsquo;int\u00e9grit\u00e9 des terrains synth\u00e9tiques, la Ville a d\u00e9cid\u00e9 de fermer le stade L\u00e9o-Lagrange du jeudi 18 janvier au dimanche 21 janvier 2024 inclus.","og_url":"https:\/\/covincennes.com\/index.php\/2024\/01\/09\/fermeture-du-stade-ce-mardi-et-demain-mercredi\/","og_site_name":"CO Vincennes","article_publisher":"https:\/\/www.facebook.com\/CO-VINCENNES-la-page-officielle-136021893155921\/","article_published_time":"2024-01-09T14:45:27+00:00","article_modified_time":"2024-01-22T14:28:23+00:00","og_image":[{"width":643,"height":480,"url":"https:\/\/covincennes.com\/wp-content\/uploads\/2024\/01\/Terrains-enneiges-redimensionnee.jpg","type":"image\/jpeg"}],"author":"Cole Hibry","twitter_card":"summary_large_image","twitter_creator":"@covincennes","twitter_site":"@covincennes","twitter_misc":{"\u00c9crit par":"Cole Hibry"},"schema":{"@context":"https:\/\/schema.org","@graph":[{"@type":"Article","@id":"https:\/\/covincennes.com\/index.php\/2024\/01\/09\/fermeture-du-stade-ce-mardi-et-demain-mercredi\/#article","isPartOf":{"@id":"https:\/\/covincennes.com\/index.php\/2024\/01\/09\/fermeture-du-stade-ce-mardi-et-demain-mercredi\/"},"author":{"name":"Cole Hibry","@id":"https:\/\/covincennes.com\/#\/schema\/person\/eb881824360af01aa016999e439303fe"},"headline":"Fermeture du stade du jeudi 18 au 21 janvier 2024","datePublished":"2024-01-09T14:45:27+00:00","dateModified":"2024-01-22T14:28:23+00:00","mainEntityOfPage":{"@id":"https:\/\/covincennes.com\/index.php\/2024\/01\/09\/fermeture-du-stade-ce-mardi-et-demain-mercredi\/"},"wordCount":41,"commentCount":0,"publisher":{"@id":"https:\/\/covincennes.com\/#organization"},"articleSection":["\u00e0 la une"],"inLanguage":"fr-FR","potentialAction":[{"@type":"CommentAction","name":"Comment","target":["https:\/\/covincennes.com\/index.php\/2024\/01\/09\/fermeture-du-stade-ce-mardi-et-demain-mercredi\/#respond"]}]},{"@type":"WebPage","@id":"https:\/\/covincennes.com\/index.php\/2024\/01\/09\/fermeture-du-stade-ce-mardi-et-demain-mercredi\/","url":"https:\/\/covincennes.com\/index.php\/2024\/01\/09\/fermeture-du-stade-ce-mardi-et-demain-mercredi\/","name":"Fermeture du stade du jeudi 18 au 21 janvier 2024 - CO Vincennes","isPartOf":{"@id":"https:\/\/covincennes.com\/#website"},"datePublished":"2024-01-09T14:45:27+00:00","dateModified":"2024-01-22T14:28:23+00:00","breadcrumb":{"@id":"https:\/\/covincennes.com\/index.php\/2024\/01\/09\/fermeture-du-stade-ce-mardi-et-demain-mercredi\/#breadcrumb"},"inLanguage":"fr-FR","potentialAction":[{"@type":"ReadAction","target":["https:\/\/covincennes.com\/index.php\/2024\/01\/09\/fermeture-du-stade-ce-mardi-et-demain-mercredi\/"]}]},{"@type":"BreadcrumbList","@id":"https:\/\/covincennes.com\/index.php\/2024\/01\/09\/fermeture-du-stade-ce-mardi-et-demain-mercredi\/#breadcrumb","itemListElement":[{"@type":"ListItem","position":1,"name":"Accueil","item":"https:\/\/covincennes.com\/"},{"@type":"ListItem","position":2,"name":"Fermeture du stade du jeudi 18 au 21 janvier 2024"}]},{"@type":"WebSite","@id":"https:\/\/covincennes.com\/#website","url":"https:\/\/covincennes.com\/","name":"CO Vincennes","description":"Un site utilisant WordPress","publisher":{"@id":"https:\/\/covincennes.com\/#organization"},"potentialAction":[{"@type":"SearchAction","target":{"@type":"EntryPoint","urlTemplate":"https:\/\/covincennes.com\/?s={search_term_string}"},"query-input":"required name=search_term_string"}],"inLanguage":"fr-FR"},{"@type":"Organization","@id":"https:\/\/covincennes.com\/#organization","name":"CO Vincennes","url":"https:\/\/covincennes.com\/","sameAs":["https:\/\/www.facebook.com\/CO-VINCENNES-la-page-officielle-136021893155921\/","https:\/\/twitter.com\/covincennes"],"logo":{"@type":"ImageObject","inLanguage":"fr-FR","@id":"https:\/\/covincennes.com\/#\/schema\/logo\/image\/","url":"https:\/\/covincennes.com\/wp-content\/uploads\/2019\/11\/logo-cov-png.png","contentUrl":"https:\/\/covincennes.com\/wp-content\/uploads\/2019\/11\/logo-cov-png.png","width":495,"height":497,"caption":"CO Vincennes"},"image":{"@id":"https:\/\/covincennes.com\/#\/schema\/logo\/image\/"}},{"@type":"Person","@id":"https:\/\/covincennes.com\/#\/schema\/person\/eb881824360af01aa016999e439303fe","name":"Cole Hibry","image":{"@type":"ImageObject","inLanguage":"fr-FR","@id":"https:\/\/covincennes.com\/#\/schema\/person\/image\/","url":"https:\/\/secure.gravatar.com\/avatar\/fdd68f914853e79675161dab52794fbe213aaa71837a3f83ab5d0669e81bb866?s=96&d=mm&r=g","contentUrl":"https:\/\/secure.gravatar.com\/avatar\/fdd68f914853e79675161dab52794fbe213aaa71837a3f83ab5d0669e81bb866?s=96&d=mm&r=g","caption":"Cole Hibry"},"url":"https:\/\/covincennes.com\/index.php\/author\/chevit-frederic\/"}]}},"_links":{"self":[{"href":"https:\/\/covincennes.com\/index.php\/wp-json\/wp\/v2\/posts\/7394","targetHints":{"allow":["GET"]}}],"collection":[{"href":"https:\/\/covincennes.com\/index.php\/wp-json\/wp\/v2\/posts"}],"about":[{"href":"https:\/\/covincennes.com\/index.php\/wp-json\/wp\/v2\/types\/post"}],"author":[{"embeddable":true,"href":"https:\/\/covincennes.com\/index.php\/wp-json\/wp\/v2\/users\/2"}],"replies":[{"embeddable":true,"href":"https:\/\/covincennes.com\/index.php\/wp-json\/wp\/v2\/comments?post=7394"}],"version-history":[{"count":3,"href":"https:\/\/covincennes.com\/index.php\/wp-json\/wp\/v2\/posts\/7394\/revisions"}],"predecessor-version":[{"id":7432,"href":"https:\/\/covincennes.com\/index.php\/wp-json\/wp\/v2\/posts\/7394\/revisions\/7432"}],"wp:featuredmedia":[{"embeddable":true,"href":"https:\/\/covincennes.com\/index.php\/wp-json\/wp\/v2\/media\/7395"}],"wp:attachment":[{"href":"https:\/\/covincennes.com\/index.php\/wp-json\/wp\/v2\/media?parent=7394"}],"wp:term":[{"taxonomy":"category","embeddable":true,"href":"https:\/\/covincennes.com\/index.php\/wp-json\/wp\/v2\/categories?post=7394"},{"taxonomy":"post_tag","embeddable":true,"href":"https:\/\/covincennes.com\/index.php\/wp-json\/wp\/v2\/tags?post=7394"}],"curies":[{"name":"wp","href":"https:\/\/api.w.org\/{rel}","templated":true}]}}