{"id":7585,"date":"2024-04-01T13:25:56","date_gmt":"2024-04-01T11:25:56","guid":{"rendered":"https:\/\/covincennes.com\/?p=7585"},"modified":"2024-05-07T11:52:58","modified_gmt":"2024-05-07T09:52:58","slug":"fermeture-des-synthetiques-pour-la-tonte-annuelle","status":"publish","type":"post","link":"https:\/\/covincennes.com\/index.php\/2024\/04\/01\/fermeture-des-synthetiques-pour-la-tonte-annuelle\/","title":{"rendered":"Fermeture des synth\u00e9tiques pour la tonte annuelle"},"content":{"rendered":"<p>C&rsquo;\u00e9tait \u00e9videmment &#8211; et heureusement ! &#8211; un poisson d&rsquo;avril, les moutons Saperlipopette et Sapristi <em>(notre photo) <\/em>peuvent continuer de brouter tranquillement l&rsquo;herbe du Ch\u00e2teau de Vincennes, la Ville ne fera pas appel \u00e0 eux pour tondre les gazons des terrains Brahimi et Matuidi du le stade L\u00e9o-Lagrange.<\/p>\n<p>Si ceux-ci n\u00e9cessitent de l&rsquo;entretien, les brins des synth\u00e9tiques ne poussent pas.\u00a0En revanche, il faut r\u00e9guli\u00e8rement remplacer les petites billes noires que l&rsquo;on emporte, bien malgr\u00e9 nous, dans nos chaussures !<\/p>\n<p>Qui a \u00e9t\u00e9 pi\u00e9g\u00e9 par ce poisson d&rsquo;avril ? Allez&#8230; levez la main, il n&rsquo;y a pas de tonte&#8230; heu&#8230; de honte !!<\/p>\n<p><img loading=\"lazy\" decoding=\"async\" class=\"wp-image-7587 aligncenter\" src=\"https:\/\/covincennes.com\/wp-content\/uploads\/2024\/04\/Moutons-redimensionnee-300x224.jpg\" alt=\"\" width=\"641\" height=\"479\" srcset=\"https:\/\/covincennes.com\/wp-content\/uploads\/2024\/04\/Moutons-redimensionnee-300x224.jpg 300w, https:\/\/covincennes.com\/wp-content\/uploads\/2024\/04\/Moutons-redimensionnee.jpg 643w\" sizes=\"auto, (max-width: 641px) 100vw, 641px\" \/><\/p>\n<p><em>Photo GCSML<\/em><\/p>\n","protected":false},"excerpt":{"rendered":"<p>C&rsquo;\u00e9tait \u00e9videmment &#8211; et heureusement ! &#8211; un poisson d&rsquo;avril, les moutons Saperlipopette et Sapristi (notre photo) peuvent continuer de brouter tranquillement l&rsquo;herbe du Ch\u00e2teau de Vincennes, la Ville ne fera pas appel \u00e0 eux pour tondre les gazons des terrains Brahimi et Matuidi du le stade L\u00e9o-Lagrange. Si ceux-ci n\u00e9cessitent de l&rsquo;entretien, les brins [&hellip;]<\/p>\n","protected":false},"author":2,"featured_media":7602,"comment_status":"open","ping_status":"open","sticky":false,"template":"","format":"standard","meta":{"_monsterinsights_skip_tracking":false,"_monsterinsights_sitenote_active":false,"_monsterinsights_sitenote_note":"","_monsterinsights_sitenote_category":0,"footnotes":""},"categories":[48],"tags":[],"class_list":["post-7585","post","type-post","status-publish","format-standard","has-post-thumbnail","hentry","category-a-la-une","entry","has-media"],"yoast_head":"<!-- This site is optimized with the Yoast SEO plugin v19.6.1 - https:\/\/yoast.com\/wordpress\/plugins\/seo\/ -->\n<title>Fermeture des synth\u00e9tiques pour la tonte annuelle - CO Vincennes<\/title>\n<meta name=\"robots\" content=\"index, follow, max-snippet:-1, max-image-preview:large, max-video-preview:-1\" \/>\n<link rel=\"canonical\" href=\"https:\/\/covincennes.com\/index.php\/2024\/04\/01\/fermeture-des-synthetiques-pour-la-tonte-annuelle\/\" \/>\n<meta property=\"og:locale\" content=\"fr_FR\" \/>\n<meta property=\"og:type\" content=\"article\" \/>\n<meta property=\"og:title\" content=\"Fermeture des synth\u00e9tiques pour la tonte annuelle - CO Vincennes\" \/>\n<meta property=\"og:description\" content=\"C&rsquo;\u00e9tait \u00e9videmment &#8211; et heureusement ! &#8211; un poisson d&rsquo;avril, les moutons Saperlipopette et Sapristi (notre photo) peuvent continuer de brouter tranquillement l&rsquo;herbe du Ch\u00e2teau de Vincennes, la Ville ne fera pas appel \u00e0 eux pour tondre les gazons des terrains Brahimi et Matuidi du le stade L\u00e9o-Lagrange. Si ceux-ci n\u00e9cessitent de l&rsquo;entretien, les brins [&hellip;]\" \/>\n<meta property=\"og:url\" content=\"https:\/\/covincennes.com\/index.php\/2024\/04\/01\/fermeture-des-synthetiques-pour-la-tonte-annuelle\/\" \/>\n<meta property=\"og:site_name\" content=\"CO Vincennes\" \/>\n<meta property=\"article:publisher\" content=\"https:\/\/www.facebook.com\/CO-VINCENNES-la-page-officielle-136021893155921\/\" \/>\n<meta property=\"article:published_time\" content=\"2024-04-01T11:25:56+00:00\" \/>\n<meta property=\"article:modified_time\" content=\"2024-05-07T09:52:58+00:00\" \/>\n<meta property=\"og:image\" content=\"https:\/\/covincennes.com\/wp-content\/uploads\/2024\/04\/Poisson-davril-redimensionnee.jpg\" \/>\n\t<meta property=\"og:image:width\" content=\"643\" \/>\n\t<meta property=\"og:image:height\" content=\"480\" \/>\n\t<meta property=\"og:image:type\" content=\"image\/jpeg\" \/>\n<meta name=\"author\" content=\"Cole Hibry\" \/>\n<meta name=\"twitter:card\" content=\"summary_large_image\" \/>\n<meta name=\"twitter:creator\" content=\"@covincennes\" \/>\n<meta name=\"twitter:site\" content=\"@covincennes\" \/>\n<meta name=\"twitter:label1\" content=\"\u00c9crit par\" \/>\n\t<meta name=\"twitter:data1\" content=\"Cole Hibry\" \/>\n\t<meta name=\"twitter:label2\" content=\"Dur\u00e9e de lecture estim\u00e9e\" \/>\n\t<meta name=\"twitter:data2\" content=\"1 minute\" \/>\n<script type=\"application\/ld+json\" class=\"yoast-schema-graph\">{\"@context\":\"https:\/\/schema.org\",\"@graph\":[{\"@type\":\"Article\",\"@id\":\"https:\/\/covincennes.com\/index.php\/2024\/04\/01\/fermeture-des-synthetiques-pour-la-tonte-annuelle\/#article\",\"isPartOf\":{\"@id\":\"https:\/\/covincennes.com\/index.php\/2024\/04\/01\/fermeture-des-synthetiques-pour-la-tonte-annuelle\/\"},\"author\":{\"name\":\"Cole Hibry\",\"@id\":\"https:\/\/covincennes.com\/#\/schema\/person\/eb881824360af01aa016999e439303fe\"},\"headline\":\"Fermeture des synth\u00e9tiques pour la tonte annuelle\",\"datePublished\":\"2024-04-01T11:25:56+00:00\",\"dateModified\":\"2024-05-07T09:52:58+00:00\",\"mainEntityOfPage\":{\"@id\":\"https:\/\/covincennes.com\/index.php\/2024\/04\/01\/fermeture-des-synthetiques-pour-la-tonte-annuelle\/\"},\"wordCount\":116,\"commentCount\":0,\"publisher\":{\"@id\":\"https:\/\/covincennes.com\/#organization\"},\"articleSection\":[\"\u00e0 la une\"],\"inLanguage\":\"fr-FR\",\"potentialAction\":[{\"@type\":\"CommentAction\",\"name\":\"Comment\",\"target\":[\"https:\/\/covincennes.com\/index.php\/2024\/04\/01\/fermeture-des-synthetiques-pour-la-tonte-annuelle\/#respond\"]}]},{\"@type\":\"WebPage\",\"@id\":\"https:\/\/covincennes.com\/index.php\/2024\/04\/01\/fermeture-des-synthetiques-pour-la-tonte-annuelle\/\",\"url\":\"https:\/\/covincennes.com\/index.php\/2024\/04\/01\/fermeture-des-synthetiques-pour-la-tonte-annuelle\/\",\"name\":\"Fermeture des synth\u00e9tiques pour la tonte annuelle - CO Vincennes\",\"isPartOf\":{\"@id\":\"https:\/\/covincennes.com\/#website\"},\"datePublished\":\"2024-04-01T11:25:56+00:00\",\"dateModified\":\"2024-05-07T09:52:58+00:00\",\"breadcrumb\":{\"@id\":\"https:\/\/covincennes.com\/index.php\/2024\/04\/01\/fermeture-des-synthetiques-pour-la-tonte-annuelle\/#breadcrumb\"},\"inLanguage\":\"fr-FR\",\"potentialAction\":[{\"@type\":\"ReadAction\",\"target\":[\"https:\/\/covincennes.com\/index.php\/2024\/04\/01\/fermeture-des-synthetiques-pour-la-tonte-annuelle\/\"]}]},{\"@type\":\"BreadcrumbList\",\"@id\":\"https:\/\/covincennes.com\/index.php\/2024\/04\/01\/fermeture-des-synthetiques-pour-la-tonte-annuelle\/#breadcrumb\",\"itemListElement\":[{\"@type\":\"ListItem\",\"position\":1,\"name\":\"Accueil\",\"item\":\"https:\/\/covincennes.com\/\"},{\"@type\":\"ListItem\",\"position\":2,\"name\":\"Fermeture des synth\u00e9tiques pour la tonte annuelle\"}]},{\"@type\":\"WebSite\",\"@id\":\"https:\/\/covincennes.com\/#website\",\"url\":\"https:\/\/covincennes.com\/\",\"name\":\"CO Vincennes\",\"description\":\"Un site utilisant WordPress\",\"publisher\":{\"@id\":\"https:\/\/covincennes.com\/#organization\"},\"potentialAction\":[{\"@type\":\"SearchAction\",\"target\":{\"@type\":\"EntryPoint\",\"urlTemplate\":\"https:\/\/covincennes.com\/?s={search_term_string}\"},\"query-input\":\"required name=search_term_string\"}],\"inLanguage\":\"fr-FR\"},{\"@type\":\"Organization\",\"@id\":\"https:\/\/covincennes.com\/#organization\",\"name\":\"CO Vincennes\",\"url\":\"https:\/\/covincennes.com\/\",\"sameAs\":[\"https:\/\/www.facebook.com\/CO-VINCENNES-la-page-officielle-136021893155921\/\",\"https:\/\/twitter.com\/covincennes\"],\"logo\":{\"@type\":\"ImageObject\",\"inLanguage\":\"fr-FR\",\"@id\":\"https:\/\/covincennes.com\/#\/schema\/logo\/image\/\",\"url\":\"https:\/\/covincennes.com\/wp-content\/uploads\/2019\/11\/logo-cov-png.png\",\"contentUrl\":\"https:\/\/covincennes.com\/wp-content\/uploads\/2019\/11\/logo-cov-png.png\",\"width\":495,\"height\":497,\"caption\":\"CO Vincennes\"},\"image\":{\"@id\":\"https:\/\/covincennes.com\/#\/schema\/logo\/image\/\"}},{\"@type\":\"Person\",\"@id\":\"https:\/\/covincennes.com\/#\/schema\/person\/eb881824360af01aa016999e439303fe\",\"name\":\"Cole Hibry\",\"image\":{\"@type\":\"ImageObject\",\"inLanguage\":\"fr-FR\",\"@id\":\"https:\/\/covincennes.com\/#\/schema\/person\/image\/\",\"url\":\"https:\/\/secure.gravatar.com\/avatar\/fdd68f914853e79675161dab52794fbe213aaa71837a3f83ab5d0669e81bb866?s=96&d=mm&r=g\",\"contentUrl\":\"https:\/\/secure.gravatar.com\/avatar\/fdd68f914853e79675161dab52794fbe213aaa71837a3f83ab5d0669e81bb866?s=96&d=mm&r=g\",\"caption\":\"Cole Hibry\"},\"url\":\"https:\/\/covincennes.com\/index.php\/author\/chevit-frederic\/\"}]}<\/script>\n<!-- \/ Yoast SEO plugin. -->","yoast_head_json":{"title":"Fermeture des synth\u00e9tiques pour la tonte annuelle - CO Vincennes","robots":{"index":"index","follow":"follow","max-snippet":"max-snippet:-1","max-image-preview":"max-image-preview:large","max-video-preview":"max-video-preview:-1"},"canonical":"https:\/\/covincennes.com\/index.php\/2024\/04\/01\/fermeture-des-synthetiques-pour-la-tonte-annuelle\/","og_locale":"fr_FR","og_type":"article","og_title":"Fermeture des synth\u00e9tiques pour la tonte annuelle - CO Vincennes","og_description":"C&rsquo;\u00e9tait \u00e9videmment &#8211; et heureusement ! &#8211; un poisson d&rsquo;avril, les moutons Saperlipopette et Sapristi (notre photo) peuvent continuer de brouter tranquillement l&rsquo;herbe du Ch\u00e2teau de Vincennes, la Ville ne fera pas appel \u00e0 eux pour tondre les gazons des terrains Brahimi et Matuidi du le stade L\u00e9o-Lagrange. Si ceux-ci n\u00e9cessitent de l&rsquo;entretien, les brins [&hellip;]","og_url":"https:\/\/covincennes.com\/index.php\/2024\/04\/01\/fermeture-des-synthetiques-pour-la-tonte-annuelle\/","og_site_name":"CO Vincennes","article_publisher":"https:\/\/www.facebook.com\/CO-VINCENNES-la-page-officielle-136021893155921\/","article_published_time":"2024-04-01T11:25:56+00:00","article_modified_time":"2024-05-07T09:52:58+00:00","og_image":[{"width":643,"height":480,"url":"https:\/\/covincennes.com\/wp-content\/uploads\/2024\/04\/Poisson-davril-redimensionnee.jpg","type":"image\/jpeg"}],"author":"Cole Hibry","twitter_card":"summary_large_image","twitter_creator":"@covincennes","twitter_site":"@covincennes","twitter_misc":{"\u00c9crit par":"Cole Hibry","Dur\u00e9e de lecture estim\u00e9e":"1 minute"},"schema":{"@context":"https:\/\/schema.org","@graph":[{"@type":"Article","@id":"https:\/\/covincennes.com\/index.php\/2024\/04\/01\/fermeture-des-synthetiques-pour-la-tonte-annuelle\/#article","isPartOf":{"@id":"https:\/\/covincennes.com\/index.php\/2024\/04\/01\/fermeture-des-synthetiques-pour-la-tonte-annuelle\/"},"author":{"name":"Cole Hibry","@id":"https:\/\/covincennes.com\/#\/schema\/person\/eb881824360af01aa016999e439303fe"},"headline":"Fermeture des synth\u00e9tiques pour la tonte annuelle","datePublished":"2024-04-01T11:25:56+00:00","dateModified":"2024-05-07T09:52:58+00:00","mainEntityOfPage":{"@id":"https:\/\/covincennes.com\/index.php\/2024\/04\/01\/fermeture-des-synthetiques-pour-la-tonte-annuelle\/"},"wordCount":116,"commentCount":0,"publisher":{"@id":"https:\/\/covincennes.com\/#organization"},"articleSection":["\u00e0 la une"],"inLanguage":"fr-FR","potentialAction":[{"@type":"CommentAction","name":"Comment","target":["https:\/\/covincennes.com\/index.php\/2024\/04\/01\/fermeture-des-synthetiques-pour-la-tonte-annuelle\/#respond"]}]},{"@type":"WebPage","@id":"https:\/\/covincennes.com\/index.php\/2024\/04\/01\/fermeture-des-synthetiques-pour-la-tonte-annuelle\/","url":"https:\/\/covincennes.com\/index.php\/2024\/04\/01\/fermeture-des-synthetiques-pour-la-tonte-annuelle\/","name":"Fermeture des synth\u00e9tiques pour la tonte annuelle - CO Vincennes","isPartOf":{"@id":"https:\/\/covincennes.com\/#website"},"datePublished":"2024-04-01T11:25:56+00:00","dateModified":"2024-05-07T09:52:58+00:00","breadcrumb":{"@id":"https:\/\/covincennes.com\/index.php\/2024\/04\/01\/fermeture-des-synthetiques-pour-la-tonte-annuelle\/#breadcrumb"},"inLanguage":"fr-FR","potentialAction":[{"@type":"ReadAction","target":["https:\/\/covincennes.com\/index.php\/2024\/04\/01\/fermeture-des-synthetiques-pour-la-tonte-annuelle\/"]}]},{"@type":"BreadcrumbList","@id":"https:\/\/covincennes.com\/index.php\/2024\/04\/01\/fermeture-des-synthetiques-pour-la-tonte-annuelle\/#breadcrumb","itemListElement":[{"@type":"ListItem","position":1,"name":"Accueil","item":"https:\/\/covincennes.com\/"},{"@type":"ListItem","position":2,"name":"Fermeture des synth\u00e9tiques pour la tonte annuelle"}]},{"@type":"WebSite","@id":"https:\/\/covincennes.com\/#website","url":"https:\/\/covincennes.com\/","name":"CO Vincennes","description":"Un site utilisant WordPress","publisher":{"@id":"https:\/\/covincennes.com\/#organization"},"potentialAction":[{"@type":"SearchAction","target":{"@type":"EntryPoint","urlTemplate":"https:\/\/covincennes.com\/?s={search_term_string}"},"query-input":"required name=search_term_string"}],"inLanguage":"fr-FR"},{"@type":"Organization","@id":"https:\/\/covincennes.com\/#organization","name":"CO Vincennes","url":"https:\/\/covincennes.com\/","sameAs":["https:\/\/www.facebook.com\/CO-VINCENNES-la-page-officielle-136021893155921\/","https:\/\/twitter.com\/covincennes"],"logo":{"@type":"ImageObject","inLanguage":"fr-FR","@id":"https:\/\/covincennes.com\/#\/schema\/logo\/image\/","url":"https:\/\/covincennes.com\/wp-content\/uploads\/2019\/11\/logo-cov-png.png","contentUrl":"https:\/\/covincennes.com\/wp-content\/uploads\/2019\/11\/logo-cov-png.png","width":495,"height":497,"caption":"CO Vincennes"},"image":{"@id":"https:\/\/covincennes.com\/#\/schema\/logo\/image\/"}},{"@type":"Person","@id":"https:\/\/covincennes.com\/#\/schema\/person\/eb881824360af01aa016999e439303fe","name":"Cole Hibry","image":{"@type":"ImageObject","inLanguage":"fr-FR","@id":"https:\/\/covincennes.com\/#\/schema\/person\/image\/","url":"https:\/\/secure.gravatar.com\/avatar\/fdd68f914853e79675161dab52794fbe213aaa71837a3f83ab5d0669e81bb866?s=96&d=mm&r=g","contentUrl":"https:\/\/secure.gravatar.com\/avatar\/fdd68f914853e79675161dab52794fbe213aaa71837a3f83ab5d0669e81bb866?s=96&d=mm&r=g","caption":"Cole Hibry"},"url":"https:\/\/covincennes.com\/index.php\/author\/chevit-frederic\/"}]}},"_links":{"self":[{"href":"https:\/\/covincennes.com\/index.php\/wp-json\/wp\/v2\/posts\/7585","targetHints":{"allow":["GET"]}}],"collection":[{"href":"https:\/\/covincennes.com\/index.php\/wp-json\/wp\/v2\/posts"}],"about":[{"href":"https:\/\/covincennes.com\/index.php\/wp-json\/wp\/v2\/types\/post"}],"author":[{"embeddable":true,"href":"https:\/\/covincennes.com\/index.php\/wp-json\/wp\/v2\/users\/2"}],"replies":[{"embeddable":true,"href":"https:\/\/covincennes.com\/index.php\/wp-json\/wp\/v2\/comments?post=7585"}],"version-history":[{"count":3,"href":"https:\/\/covincennes.com\/index.php\/wp-json\/wp\/v2\/posts\/7585\/revisions"}],"predecessor-version":[{"id":7604,"href":"https:\/\/covincennes.com\/index.php\/wp-json\/wp\/v2\/posts\/7585\/revisions\/7604"}],"wp:featuredmedia":[{"embeddable":true,"href":"https:\/\/covincennes.com\/index.php\/wp-json\/wp\/v2\/media\/7602"}],"wp:attachment":[{"href":"https:\/\/covincennes.com\/index.php\/wp-json\/wp\/v2\/media?parent=7585"}],"wp:term":[{"taxonomy":"category","embeddable":true,"href":"https:\/\/covincennes.com\/index.php\/wp-json\/wp\/v2\/categories?post=7585"},{"taxonomy":"post_tag","embeddable":true,"href":"https:\/\/covincennes.com\/index.php\/wp-json\/wp\/v2\/tags?post=7585"}],"curies":[{"name":"wp","href":"https:\/\/api.w.org\/{rel}","templated":true}]}}