{"id":8004,"date":"2024-09-24T00:31:00","date_gmt":"2024-09-23T22:31:00","guid":{"rendered":"https:\/\/covincennes.com\/?p=8004"},"modified":"2024-10-07T00:40:37","modified_gmt":"2024-10-06T22:40:37","slug":"nos-seniors-a-confirment-a-igny","status":"publish","type":"post","link":"https:\/\/covincennes.com\/index.php\/2024\/09\/24\/nos-seniors-a-confirment-a-igny\/","title":{"rendered":"Nos s\u00e9niors A confirment \u00e0 Igny"},"content":{"rendered":"<p>Vainqueurs de Grigny et coleaders \u00e0 l&rsquo;issue de la premi\u00e8re journ\u00e9e de championnat, nos s\u00e9niors A se voyaient proposer un adversaire redoutable pour la deuxi\u00e8me : Igny, invaincu \u00e0 domicile depuis deux ans.<\/p>\n<p>Apr\u00e8s une premi\u00e8re p\u00e9riode \u00e9quilibr\u00e9e et de subtiles retouches \u00e0 la mi-temps effectu\u00e9es par coach Carl, \u00e0 l&rsquo;\u00e9vidence bien comprises par ses joueurs, le COV a r\u00e9alis\u00e9 une grosse, une tr\u00e8s grosse seconde p\u00e9riode. Une sup\u00e9riorit\u00e9 concr\u00e9tis\u00e9e par Hippolyte (merci pour ce \u00ab\u00a0moment\u00a0\u00bb&#8230;) d&rsquo;un tir d\u00e9tourn\u00e9, puis par Hattabiou, d&rsquo;une frappe stratosph\u00e9rique. Vous pouvez l&rsquo;admirer sur la vid\u00e9o ci-dessous. Elle ne remportera pas d&rsquo;Oscar &#8211; on voit que ce n&rsquo;est pas Thelma qui l&rsquo;a r\u00e9alis\u00e9e ! &#8211; mais avec de bons yeux ou de bonnes lunettes, on peut quand m\u00eame savourer.<\/p>\n<p>Avant de poursuivre le championnat le 6 octobre, \u00e0 domicile, contre Drancy, Jonas et ses \u00e9quipiers vont accueillir ce dimanche en Coupe de France un gros morceau : Villeneuve Garenne, \u00e9galement pensionnaire de R2, mais dans un autre groupe que le COV, et qui a aussi remport\u00e9 ses deux premiers matches de championnat.<\/p>\n<p>Autant dire que nos Vincennois auront besoin d&rsquo;une tribune comble et tr\u00e8s engag\u00e9e !<\/p>\n<p>&nbsp;<\/p>\n<p class=\"responsive-video-wrap clr\"><iframe loading=\"lazy\" title=\"Le but stratosph\u00e9rique de Hattabiou\" width=\"1200\" height=\"675\" src=\"https:\/\/www.youtube.com\/embed\/gDu9MXgU5hk?feature=oembed\" frameborder=\"0\" allow=\"accelerometer; autoplay; clipboard-write; encrypted-media; gyroscope; picture-in-picture; web-share\" referrerpolicy=\"strict-origin-when-cross-origin\" allowfullscreen><\/iframe><\/p>\n","protected":false},"excerpt":{"rendered":"<p>Vainqueurs de Grigny et coleaders \u00e0 l&rsquo;issue de la premi\u00e8re journ\u00e9e de championnat, nos s\u00e9niors A se voyaient proposer un adversaire redoutable pour la deuxi\u00e8me : Igny, invaincu \u00e0 domicile depuis deux ans. Apr\u00e8s une premi\u00e8re p\u00e9riode \u00e9quilibr\u00e9e et de subtiles retouches \u00e0 la mi-temps effectu\u00e9es par coach Carl, \u00e0 l&rsquo;\u00e9vidence bien comprises par ses [&hellip;]<\/p>\n","protected":false},"author":2,"featured_media":8005,"comment_status":"open","ping_status":"open","sticky":false,"template":"","format":"standard","meta":{"_monsterinsights_skip_tracking":false,"_monsterinsights_sitenote_active":false,"_monsterinsights_sitenote_note":"","_monsterinsights_sitenote_category":0,"footnotes":""},"categories":[48],"tags":[],"class_list":["post-8004","post","type-post","status-publish","format-standard","has-post-thumbnail","hentry","category-a-la-une","entry","has-media"],"yoast_head":"<!-- This site is optimized with the Yoast SEO plugin v19.6.1 - https:\/\/yoast.com\/wordpress\/plugins\/seo\/ -->\n<title>Nos s\u00e9niors A confirment \u00e0 Igny - CO Vincennes<\/title>\n<meta name=\"robots\" content=\"index, follow, max-snippet:-1, max-image-preview:large, max-video-preview:-1\" \/>\n<link rel=\"canonical\" href=\"https:\/\/covincennes.com\/index.php\/2024\/09\/24\/nos-seniors-a-confirment-a-igny\/\" \/>\n<meta property=\"og:locale\" content=\"fr_FR\" \/>\n<meta property=\"og:type\" content=\"article\" \/>\n<meta property=\"og:title\" content=\"Nos s\u00e9niors A confirment \u00e0 Igny - CO Vincennes\" \/>\n<meta property=\"og:description\" content=\"Vainqueurs de Grigny et coleaders \u00e0 l&rsquo;issue de la premi\u00e8re journ\u00e9e de championnat, nos s\u00e9niors A se voyaient proposer un adversaire redoutable pour la deuxi\u00e8me : Igny, invaincu \u00e0 domicile depuis deux ans. Apr\u00e8s une premi\u00e8re p\u00e9riode \u00e9quilibr\u00e9e et de subtiles retouches \u00e0 la mi-temps effectu\u00e9es par coach Carl, \u00e0 l&rsquo;\u00e9vidence bien comprises par ses [&hellip;]\" \/>\n<meta property=\"og:url\" content=\"https:\/\/covincennes.com\/index.php\/2024\/09\/24\/nos-seniors-a-confirment-a-igny\/\" \/>\n<meta property=\"og:site_name\" content=\"CO Vincennes\" \/>\n<meta property=\"article:publisher\" content=\"https:\/\/www.facebook.com\/CO-VINCENNES-la-page-officielle-136021893155921\/\" \/>\n<meta property=\"article:published_time\" content=\"2024-09-23T22:31:00+00:00\" \/>\n<meta property=\"article:modified_time\" content=\"2024-10-06T22:40:37+00:00\" \/>\n<meta property=\"og:image\" content=\"https:\/\/covincennes.com\/wp-content\/uploads\/2024\/09\/Photo-COV-Grigny-redimensionnee-1.jpg\" \/>\n\t<meta property=\"og:image:width\" content=\"643\" \/>\n\t<meta property=\"og:image:height\" content=\"480\" \/>\n\t<meta property=\"og:image:type\" content=\"image\/jpeg\" \/>\n<meta name=\"author\" content=\"Cole Hibry\" \/>\n<meta name=\"twitter:card\" content=\"summary_large_image\" \/>\n<meta name=\"twitter:creator\" content=\"@covincennes\" \/>\n<meta name=\"twitter:site\" content=\"@covincennes\" \/>\n<meta name=\"twitter:label1\" content=\"\u00c9crit par\" \/>\n\t<meta name=\"twitter:data1\" content=\"Cole Hibry\" \/>\n\t<meta name=\"twitter:label2\" content=\"Dur\u00e9e de lecture estim\u00e9e\" \/>\n\t<meta name=\"twitter:data2\" content=\"1 minute\" \/>\n<script type=\"application\/ld+json\" class=\"yoast-schema-graph\">{\"@context\":\"https:\/\/schema.org\",\"@graph\":[{\"@type\":\"Article\",\"@id\":\"https:\/\/covincennes.com\/index.php\/2024\/09\/24\/nos-seniors-a-confirment-a-igny\/#article\",\"isPartOf\":{\"@id\":\"https:\/\/covincennes.com\/index.php\/2024\/09\/24\/nos-seniors-a-confirment-a-igny\/\"},\"author\":{\"name\":\"Cole Hibry\",\"@id\":\"https:\/\/covincennes.com\/#\/schema\/person\/eb881824360af01aa016999e439303fe\"},\"headline\":\"Nos s\u00e9niors A confirment \u00e0 Igny\",\"datePublished\":\"2024-09-23T22:31:00+00:00\",\"dateModified\":\"2024-10-06T22:40:37+00:00\",\"mainEntityOfPage\":{\"@id\":\"https:\/\/covincennes.com\/index.php\/2024\/09\/24\/nos-seniors-a-confirment-a-igny\/\"},\"wordCount\":219,\"commentCount\":0,\"publisher\":{\"@id\":\"https:\/\/covincennes.com\/#organization\"},\"articleSection\":[\"\u00e0 la une\"],\"inLanguage\":\"fr-FR\",\"potentialAction\":[{\"@type\":\"CommentAction\",\"name\":\"Comment\",\"target\":[\"https:\/\/covincennes.com\/index.php\/2024\/09\/24\/nos-seniors-a-confirment-a-igny\/#respond\"]}]},{\"@type\":\"WebPage\",\"@id\":\"https:\/\/covincennes.com\/index.php\/2024\/09\/24\/nos-seniors-a-confirment-a-igny\/\",\"url\":\"https:\/\/covincennes.com\/index.php\/2024\/09\/24\/nos-seniors-a-confirment-a-igny\/\",\"name\":\"Nos s\u00e9niors A confirment \u00e0 Igny - CO Vincennes\",\"isPartOf\":{\"@id\":\"https:\/\/covincennes.com\/#website\"},\"datePublished\":\"2024-09-23T22:31:00+00:00\",\"dateModified\":\"2024-10-06T22:40:37+00:00\",\"breadcrumb\":{\"@id\":\"https:\/\/covincennes.com\/index.php\/2024\/09\/24\/nos-seniors-a-confirment-a-igny\/#breadcrumb\"},\"inLanguage\":\"fr-FR\",\"potentialAction\":[{\"@type\":\"ReadAction\",\"target\":[\"https:\/\/covincennes.com\/index.php\/2024\/09\/24\/nos-seniors-a-confirment-a-igny\/\"]}]},{\"@type\":\"BreadcrumbList\",\"@id\":\"https:\/\/covincennes.com\/index.php\/2024\/09\/24\/nos-seniors-a-confirment-a-igny\/#breadcrumb\",\"itemListElement\":[{\"@type\":\"ListItem\",\"position\":1,\"name\":\"Accueil\",\"item\":\"https:\/\/covincennes.com\/\"},{\"@type\":\"ListItem\",\"position\":2,\"name\":\"Nos s\u00e9niors A confirment \u00e0 Igny\"}]},{\"@type\":\"WebSite\",\"@id\":\"https:\/\/covincennes.com\/#website\",\"url\":\"https:\/\/covincennes.com\/\",\"name\":\"CO Vincennes\",\"description\":\"Un site utilisant WordPress\",\"publisher\":{\"@id\":\"https:\/\/covincennes.com\/#organization\"},\"potentialAction\":[{\"@type\":\"SearchAction\",\"target\":{\"@type\":\"EntryPoint\",\"urlTemplate\":\"https:\/\/covincennes.com\/?s={search_term_string}\"},\"query-input\":\"required name=search_term_string\"}],\"inLanguage\":\"fr-FR\"},{\"@type\":\"Organization\",\"@id\":\"https:\/\/covincennes.com\/#organization\",\"name\":\"CO Vincennes\",\"url\":\"https:\/\/covincennes.com\/\",\"sameAs\":[\"https:\/\/www.facebook.com\/CO-VINCENNES-la-page-officielle-136021893155921\/\",\"https:\/\/twitter.com\/covincennes\"],\"logo\":{\"@type\":\"ImageObject\",\"inLanguage\":\"fr-FR\",\"@id\":\"https:\/\/covincennes.com\/#\/schema\/logo\/image\/\",\"url\":\"https:\/\/covincennes.com\/wp-content\/uploads\/2019\/11\/logo-cov-png.png\",\"contentUrl\":\"https:\/\/covincennes.com\/wp-content\/uploads\/2019\/11\/logo-cov-png.png\",\"width\":495,\"height\":497,\"caption\":\"CO Vincennes\"},\"image\":{\"@id\":\"https:\/\/covincennes.com\/#\/schema\/logo\/image\/\"}},{\"@type\":\"Person\",\"@id\":\"https:\/\/covincennes.com\/#\/schema\/person\/eb881824360af01aa016999e439303fe\",\"name\":\"Cole Hibry\",\"image\":{\"@type\":\"ImageObject\",\"inLanguage\":\"fr-FR\",\"@id\":\"https:\/\/covincennes.com\/#\/schema\/person\/image\/\",\"url\":\"https:\/\/secure.gravatar.com\/avatar\/fdd68f914853e79675161dab52794fbe213aaa71837a3f83ab5d0669e81bb866?s=96&d=mm&r=g\",\"contentUrl\":\"https:\/\/secure.gravatar.com\/avatar\/fdd68f914853e79675161dab52794fbe213aaa71837a3f83ab5d0669e81bb866?s=96&d=mm&r=g\",\"caption\":\"Cole Hibry\"},\"url\":\"https:\/\/covincennes.com\/index.php\/author\/chevit-frederic\/\"}]}<\/script>\n<!-- \/ Yoast SEO plugin. -->","yoast_head_json":{"title":"Nos s\u00e9niors A confirment \u00e0 Igny - CO Vincennes","robots":{"index":"index","follow":"follow","max-snippet":"max-snippet:-1","max-image-preview":"max-image-preview:large","max-video-preview":"max-video-preview:-1"},"canonical":"https:\/\/covincennes.com\/index.php\/2024\/09\/24\/nos-seniors-a-confirment-a-igny\/","og_locale":"fr_FR","og_type":"article","og_title":"Nos s\u00e9niors A confirment \u00e0 Igny - CO Vincennes","og_description":"Vainqueurs de Grigny et coleaders \u00e0 l&rsquo;issue de la premi\u00e8re journ\u00e9e de championnat, nos s\u00e9niors A se voyaient proposer un adversaire redoutable pour la deuxi\u00e8me : Igny, invaincu \u00e0 domicile depuis deux ans. Apr\u00e8s une premi\u00e8re p\u00e9riode \u00e9quilibr\u00e9e et de subtiles retouches \u00e0 la mi-temps effectu\u00e9es par coach Carl, \u00e0 l&rsquo;\u00e9vidence bien comprises par ses [&hellip;]","og_url":"https:\/\/covincennes.com\/index.php\/2024\/09\/24\/nos-seniors-a-confirment-a-igny\/","og_site_name":"CO Vincennes","article_publisher":"https:\/\/www.facebook.com\/CO-VINCENNES-la-page-officielle-136021893155921\/","article_published_time":"2024-09-23T22:31:00+00:00","article_modified_time":"2024-10-06T22:40:37+00:00","og_image":[{"width":643,"height":480,"url":"https:\/\/covincennes.com\/wp-content\/uploads\/2024\/09\/Photo-COV-Grigny-redimensionnee-1.jpg","type":"image\/jpeg"}],"author":"Cole Hibry","twitter_card":"summary_large_image","twitter_creator":"@covincennes","twitter_site":"@covincennes","twitter_misc":{"\u00c9crit par":"Cole Hibry","Dur\u00e9e de lecture estim\u00e9e":"1 minute"},"schema":{"@context":"https:\/\/schema.org","@graph":[{"@type":"Article","@id":"https:\/\/covincennes.com\/index.php\/2024\/09\/24\/nos-seniors-a-confirment-a-igny\/#article","isPartOf":{"@id":"https:\/\/covincennes.com\/index.php\/2024\/09\/24\/nos-seniors-a-confirment-a-igny\/"},"author":{"name":"Cole Hibry","@id":"https:\/\/covincennes.com\/#\/schema\/person\/eb881824360af01aa016999e439303fe"},"headline":"Nos s\u00e9niors A confirment \u00e0 Igny","datePublished":"2024-09-23T22:31:00+00:00","dateModified":"2024-10-06T22:40:37+00:00","mainEntityOfPage":{"@id":"https:\/\/covincennes.com\/index.php\/2024\/09\/24\/nos-seniors-a-confirment-a-igny\/"},"wordCount":219,"commentCount":0,"publisher":{"@id":"https:\/\/covincennes.com\/#organization"},"articleSection":["\u00e0 la une"],"inLanguage":"fr-FR","potentialAction":[{"@type":"CommentAction","name":"Comment","target":["https:\/\/covincennes.com\/index.php\/2024\/09\/24\/nos-seniors-a-confirment-a-igny\/#respond"]}]},{"@type":"WebPage","@id":"https:\/\/covincennes.com\/index.php\/2024\/09\/24\/nos-seniors-a-confirment-a-igny\/","url":"https:\/\/covincennes.com\/index.php\/2024\/09\/24\/nos-seniors-a-confirment-a-igny\/","name":"Nos s\u00e9niors A confirment \u00e0 Igny - CO Vincennes","isPartOf":{"@id":"https:\/\/covincennes.com\/#website"},"datePublished":"2024-09-23T22:31:00+00:00","dateModified":"2024-10-06T22:40:37+00:00","breadcrumb":{"@id":"https:\/\/covincennes.com\/index.php\/2024\/09\/24\/nos-seniors-a-confirment-a-igny\/#breadcrumb"},"inLanguage":"fr-FR","potentialAction":[{"@type":"ReadAction","target":["https:\/\/covincennes.com\/index.php\/2024\/09\/24\/nos-seniors-a-confirment-a-igny\/"]}]},{"@type":"BreadcrumbList","@id":"https:\/\/covincennes.com\/index.php\/2024\/09\/24\/nos-seniors-a-confirment-a-igny\/#breadcrumb","itemListElement":[{"@type":"ListItem","position":1,"name":"Accueil","item":"https:\/\/covincennes.com\/"},{"@type":"ListItem","position":2,"name":"Nos s\u00e9niors A confirment \u00e0 Igny"}]},{"@type":"WebSite","@id":"https:\/\/covincennes.com\/#website","url":"https:\/\/covincennes.com\/","name":"CO Vincennes","description":"Un site utilisant WordPress","publisher":{"@id":"https:\/\/covincennes.com\/#organization"},"potentialAction":[{"@type":"SearchAction","target":{"@type":"EntryPoint","urlTemplate":"https:\/\/covincennes.com\/?s={search_term_string}"},"query-input":"required name=search_term_string"}],"inLanguage":"fr-FR"},{"@type":"Organization","@id":"https:\/\/covincennes.com\/#organization","name":"CO Vincennes","url":"https:\/\/covincennes.com\/","sameAs":["https:\/\/www.facebook.com\/CO-VINCENNES-la-page-officielle-136021893155921\/","https:\/\/twitter.com\/covincennes"],"logo":{"@type":"ImageObject","inLanguage":"fr-FR","@id":"https:\/\/covincennes.com\/#\/schema\/logo\/image\/","url":"https:\/\/covincennes.com\/wp-content\/uploads\/2019\/11\/logo-cov-png.png","contentUrl":"https:\/\/covincennes.com\/wp-content\/uploads\/2019\/11\/logo-cov-png.png","width":495,"height":497,"caption":"CO Vincennes"},"image":{"@id":"https:\/\/covincennes.com\/#\/schema\/logo\/image\/"}},{"@type":"Person","@id":"https:\/\/covincennes.com\/#\/schema\/person\/eb881824360af01aa016999e439303fe","name":"Cole Hibry","image":{"@type":"ImageObject","inLanguage":"fr-FR","@id":"https:\/\/covincennes.com\/#\/schema\/person\/image\/","url":"https:\/\/secure.gravatar.com\/avatar\/fdd68f914853e79675161dab52794fbe213aaa71837a3f83ab5d0669e81bb866?s=96&d=mm&r=g","contentUrl":"https:\/\/secure.gravatar.com\/avatar\/fdd68f914853e79675161dab52794fbe213aaa71837a3f83ab5d0669e81bb866?s=96&d=mm&r=g","caption":"Cole Hibry"},"url":"https:\/\/covincennes.com\/index.php\/author\/chevit-frederic\/"}]}},"_links":{"self":[{"href":"https:\/\/covincennes.com\/index.php\/wp-json\/wp\/v2\/posts\/8004","targetHints":{"allow":["GET"]}}],"collection":[{"href":"https:\/\/covincennes.com\/index.php\/wp-json\/wp\/v2\/posts"}],"about":[{"href":"https:\/\/covincennes.com\/index.php\/wp-json\/wp\/v2\/types\/post"}],"author":[{"embeddable":true,"href":"https:\/\/covincennes.com\/index.php\/wp-json\/wp\/v2\/users\/2"}],"replies":[{"embeddable":true,"href":"https:\/\/covincennes.com\/index.php\/wp-json\/wp\/v2\/comments?post=8004"}],"version-history":[{"count":1,"href":"https:\/\/covincennes.com\/index.php\/wp-json\/wp\/v2\/posts\/8004\/revisions"}],"predecessor-version":[{"id":8006,"href":"https:\/\/covincennes.com\/index.php\/wp-json\/wp\/v2\/posts\/8004\/revisions\/8006"}],"wp:featuredmedia":[{"embeddable":true,"href":"https:\/\/covincennes.com\/index.php\/wp-json\/wp\/v2\/media\/8005"}],"wp:attachment":[{"href":"https:\/\/covincennes.com\/index.php\/wp-json\/wp\/v2\/media?parent=8004"}],"wp:term":[{"taxonomy":"category","embeddable":true,"href":"https:\/\/covincennes.com\/index.php\/wp-json\/wp\/v2\/categories?post=8004"},{"taxonomy":"post_tag","embeddable":true,"href":"https:\/\/covincennes.com\/index.php\/wp-json\/wp\/v2\/tags?post=8004"}],"curies":[{"name":"wp","href":"https:\/\/api.w.org\/{rel}","templated":true}]}}