{"id":8049,"date":"2024-09-30T01:13:24","date_gmt":"2024-09-29T23:13:24","guid":{"rendered":"https:\/\/covincennes.com\/?p=8049"},"modified":"2024-10-13T22:36:51","modified_gmt":"2024-10-13T20:36:51","slug":"coupe-de-france-le-cov-file-au-5eme-tour","status":"publish","type":"post","link":"https:\/\/covincennes.com\/index.php\/2024\/09\/30\/coupe-de-france-le-cov-file-au-5eme-tour\/","title":{"rendered":"Coupe de France : le COV d\u00e9fiera Montrouge au 5\u00e8me tour"},"content":{"rendered":"<p>Apr\u00e8s Chaville, c&rsquo;est un adversaire d&rsquo;une autre dimension qui nous \u00e9tait propos\u00e9 \u00e0 l&rsquo;occasion du 4\u00e8me tour de la Coupe de France. Car tout comme le COV, l&rsquo;\u00e9quipe de Villeneuve-la-Garenne est invaincue en championnat &#8211; deux victoires en deux matches &#8211; et au m\u00eame niveau : la R2.<\/p>\n<p>D&rsquo;ailleurs, la premi\u00e8re p\u00e9riode a plut\u00f4t \u00e9t\u00e9 \u00e0 l&rsquo;avantage des visiteurs, sup\u00e9rieurs dans le jeu et qui se sont procur\u00e9s plusieurs situations de but. Arriver \u00e0 la pause \u00e0 0-0, c&rsquo;\u00e9tait bien pay\u00e9 pour les hommes de Carl.<\/p>\n<p>Mais tout comme la semaine derni\u00e8re \u00e0 Igny, c&rsquo;est un visage bien diff\u00e9rent qu&rsquo;ils ont montr\u00e9 en seconde p\u00e9riode apr\u00e8s quelques ajustements de leur coach. Et c&rsquo;est assez logiquement que Amadou ouvrait le score. Beau pied de nez pour lui, chambr\u00e9 par le kop des visiteurs depuis le d\u00e9but de d\u00e9but du match. Amadou n&rsquo;a pas manqu\u00e9 de leur montr\u00e9 son num\u00e9ro apr\u00e8s son but. De bonne guerre&#8230;<\/p>\n<p>Puis \u00e7&rsquo;a \u00e9t\u00e9 \u00e0 Maxence de faire preuve d&rsquo;efficacit\u00e9 en inscrivant un doubl\u00e9, de quoi lui donner la confiance qui lui fait parfois d\u00e9faut. A 3-0, le COV pouvait g\u00e9rer tranquillement. Mais un penalty \u00e9vitable permettait \u00e0 Villeneuve de revenir \u00e0 3-1. La fin de match aurait pu \u00eatre tendue. C&rsquo;\u00e9tait compter sans Hattabiou, entr\u00e9 en jeu peu avant de clore la marque et de confirmer la qualification des Vincennois pour le 5\u00e8me tour. Le tirage au sort, effectu\u00e9 mardi, nous a d\u00e9sign\u00e9 Montrouge comme adversaire. Un pensionnaire de R1 qui vient de descendre de N3.<\/p>\n<p>En attendant ce 5\u00e8me tour, programm\u00e9 le 13 octobre \u00e0 Montrouge, retour au championnat dimanche avec la venue de la r\u00e9serve de Drancy et un objectif tout simple : une troisi\u00e8me victoire en trois matches !<\/p>\n<p class=\"responsive-video-wrap clr\"><iframe loading=\"lazy\" title=\"COV-VILLENEUVE : le re\u0301sume\u0301\" width=\"1200\" height=\"675\" src=\"https:\/\/www.youtube.com\/embed\/PKBtYdggKOo?feature=oembed\" frameborder=\"0\" allow=\"accelerometer; autoplay; clipboard-write; encrypted-media; gyroscope; picture-in-picture; web-share\" referrerpolicy=\"strict-origin-when-cross-origin\" allowfullscreen><\/iframe><\/p>\n<p class=\"responsive-video-wrap clr\"><iframe loading=\"lazy\" title=\"Le cri de victoire apre\u0300s COV   Villeneuve la Garenne\" width=\"1200\" height=\"675\" src=\"https:\/\/www.youtube.com\/embed\/m_9ZQohK0m8?feature=oembed\" frameborder=\"0\" allow=\"accelerometer; autoplay; clipboard-write; encrypted-media; gyroscope; picture-in-picture; web-share\" referrerpolicy=\"strict-origin-when-cross-origin\" allowfullscreen><\/iframe><\/p>\n","protected":false},"excerpt":{"rendered":"<p>Apr\u00e8s Chaville, c&rsquo;est un adversaire d&rsquo;une autre dimension qui nous \u00e9tait propos\u00e9 \u00e0 l&rsquo;occasion du 4\u00e8me tour de la Coupe de France. Car tout comme le COV, l&rsquo;\u00e9quipe de Villeneuve-la-Garenne est invaincue en championnat &#8211; deux victoires en deux matches &#8211; et au m\u00eame niveau : la R2. D&rsquo;ailleurs, la premi\u00e8re p\u00e9riode a plut\u00f4t \u00e9t\u00e9 [&hellip;]<\/p>\n","protected":false},"author":2,"featured_media":8050,"comment_status":"open","ping_status":"open","sticky":false,"template":"","format":"standard","meta":{"_monsterinsights_skip_tracking":false,"_monsterinsights_sitenote_active":false,"_monsterinsights_sitenote_note":"","_monsterinsights_sitenote_category":0,"footnotes":""},"categories":[48],"tags":[],"class_list":["post-8049","post","type-post","status-publish","format-standard","has-post-thumbnail","hentry","category-a-la-une","entry","has-media"],"yoast_head":"<!-- This site is optimized with the Yoast SEO plugin v19.6.1 - https:\/\/yoast.com\/wordpress\/plugins\/seo\/ -->\n<title>Coupe de France : le COV d\u00e9fiera Montrouge au 5\u00e8me tour - CO Vincennes<\/title>\n<meta name=\"robots\" content=\"index, follow, max-snippet:-1, max-image-preview:large, max-video-preview:-1\" \/>\n<link rel=\"canonical\" href=\"https:\/\/covincennes.com\/index.php\/2024\/09\/30\/coupe-de-france-le-cov-file-au-5eme-tour\/\" \/>\n<meta property=\"og:locale\" content=\"fr_FR\" \/>\n<meta property=\"og:type\" content=\"article\" \/>\n<meta property=\"og:title\" content=\"Coupe de France : le COV d\u00e9fiera Montrouge au 5\u00e8me tour - CO Vincennes\" \/>\n<meta property=\"og:description\" content=\"Apr\u00e8s Chaville, c&rsquo;est un adversaire d&rsquo;une autre dimension qui nous \u00e9tait propos\u00e9 \u00e0 l&rsquo;occasion du 4\u00e8me tour de la Coupe de France. Car tout comme le COV, l&rsquo;\u00e9quipe de Villeneuve-la-Garenne est invaincue en championnat &#8211; deux victoires en deux matches &#8211; et au m\u00eame niveau : la R2. D&rsquo;ailleurs, la premi\u00e8re p\u00e9riode a plut\u00f4t \u00e9t\u00e9 [&hellip;]\" \/>\n<meta property=\"og:url\" content=\"https:\/\/covincennes.com\/index.php\/2024\/09\/30\/coupe-de-france-le-cov-file-au-5eme-tour\/\" \/>\n<meta property=\"og:site_name\" content=\"CO Vincennes\" \/>\n<meta property=\"article:publisher\" content=\"https:\/\/www.facebook.com\/CO-VINCENNES-la-page-officielle-136021893155921\/\" \/>\n<meta property=\"article:published_time\" content=\"2024-09-29T23:13:24+00:00\" \/>\n<meta property=\"article:modified_time\" content=\"2024-10-13T20:36:51+00:00\" \/>\n<meta property=\"og:image\" content=\"https:\/\/covincennes.com\/wp-content\/uploads\/2024\/09\/Photo-COV-Villeneuve-la-Garenne-redimensionnee.jpg\" \/>\n\t<meta property=\"og:image:width\" content=\"643\" \/>\n\t<meta property=\"og:image:height\" content=\"480\" \/>\n\t<meta property=\"og:image:type\" content=\"image\/jpeg\" \/>\n<meta name=\"author\" content=\"Cole Hibry\" \/>\n<meta name=\"twitter:card\" content=\"summary_large_image\" \/>\n<meta name=\"twitter:creator\" content=\"@covincennes\" \/>\n<meta name=\"twitter:site\" content=\"@covincennes\" \/>\n<meta name=\"twitter:label1\" content=\"\u00c9crit par\" \/>\n\t<meta name=\"twitter:data1\" content=\"Cole Hibry\" \/>\n\t<meta name=\"twitter:label2\" content=\"Dur\u00e9e de lecture estim\u00e9e\" \/>\n\t<meta name=\"twitter:data2\" content=\"2 minutes\" \/>\n<script type=\"application\/ld+json\" class=\"yoast-schema-graph\">{\"@context\":\"https:\/\/schema.org\",\"@graph\":[{\"@type\":\"Article\",\"@id\":\"https:\/\/covincennes.com\/index.php\/2024\/09\/30\/coupe-de-france-le-cov-file-au-5eme-tour\/#article\",\"isPartOf\":{\"@id\":\"https:\/\/covincennes.com\/index.php\/2024\/09\/30\/coupe-de-france-le-cov-file-au-5eme-tour\/\"},\"author\":{\"name\":\"Cole Hibry\",\"@id\":\"https:\/\/covincennes.com\/#\/schema\/person\/eb881824360af01aa016999e439303fe\"},\"headline\":\"Coupe de France : le COV d\u00e9fiera Montrouge au 5\u00e8me tour\",\"datePublished\":\"2024-09-29T23:13:24+00:00\",\"dateModified\":\"2024-10-13T20:36:51+00:00\",\"mainEntityOfPage\":{\"@id\":\"https:\/\/covincennes.com\/index.php\/2024\/09\/30\/coupe-de-france-le-cov-file-au-5eme-tour\/\"},\"wordCount\":317,\"commentCount\":0,\"publisher\":{\"@id\":\"https:\/\/covincennes.com\/#organization\"},\"articleSection\":[\"\u00e0 la une\"],\"inLanguage\":\"fr-FR\",\"potentialAction\":[{\"@type\":\"CommentAction\",\"name\":\"Comment\",\"target\":[\"https:\/\/covincennes.com\/index.php\/2024\/09\/30\/coupe-de-france-le-cov-file-au-5eme-tour\/#respond\"]}]},{\"@type\":\"WebPage\",\"@id\":\"https:\/\/covincennes.com\/index.php\/2024\/09\/30\/coupe-de-france-le-cov-file-au-5eme-tour\/\",\"url\":\"https:\/\/covincennes.com\/index.php\/2024\/09\/30\/coupe-de-france-le-cov-file-au-5eme-tour\/\",\"name\":\"Coupe de France : le COV d\u00e9fiera Montrouge au 5\u00e8me tour - CO Vincennes\",\"isPartOf\":{\"@id\":\"https:\/\/covincennes.com\/#website\"},\"datePublished\":\"2024-09-29T23:13:24+00:00\",\"dateModified\":\"2024-10-13T20:36:51+00:00\",\"breadcrumb\":{\"@id\":\"https:\/\/covincennes.com\/index.php\/2024\/09\/30\/coupe-de-france-le-cov-file-au-5eme-tour\/#breadcrumb\"},\"inLanguage\":\"fr-FR\",\"potentialAction\":[{\"@type\":\"ReadAction\",\"target\":[\"https:\/\/covincennes.com\/index.php\/2024\/09\/30\/coupe-de-france-le-cov-file-au-5eme-tour\/\"]}]},{\"@type\":\"BreadcrumbList\",\"@id\":\"https:\/\/covincennes.com\/index.php\/2024\/09\/30\/coupe-de-france-le-cov-file-au-5eme-tour\/#breadcrumb\",\"itemListElement\":[{\"@type\":\"ListItem\",\"position\":1,\"name\":\"Accueil\",\"item\":\"https:\/\/covincennes.com\/\"},{\"@type\":\"ListItem\",\"position\":2,\"name\":\"Coupe de France : le COV d\u00e9fiera Montrouge au 5\u00e8me tour\"}]},{\"@type\":\"WebSite\",\"@id\":\"https:\/\/covincennes.com\/#website\",\"url\":\"https:\/\/covincennes.com\/\",\"name\":\"CO Vincennes\",\"description\":\"Un site utilisant WordPress\",\"publisher\":{\"@id\":\"https:\/\/covincennes.com\/#organization\"},\"potentialAction\":[{\"@type\":\"SearchAction\",\"target\":{\"@type\":\"EntryPoint\",\"urlTemplate\":\"https:\/\/covincennes.com\/?s={search_term_string}\"},\"query-input\":\"required name=search_term_string\"}],\"inLanguage\":\"fr-FR\"},{\"@type\":\"Organization\",\"@id\":\"https:\/\/covincennes.com\/#organization\",\"name\":\"CO Vincennes\",\"url\":\"https:\/\/covincennes.com\/\",\"sameAs\":[\"https:\/\/www.facebook.com\/CO-VINCENNES-la-page-officielle-136021893155921\/\",\"https:\/\/twitter.com\/covincennes\"],\"logo\":{\"@type\":\"ImageObject\",\"inLanguage\":\"fr-FR\",\"@id\":\"https:\/\/covincennes.com\/#\/schema\/logo\/image\/\",\"url\":\"https:\/\/covincennes.com\/wp-content\/uploads\/2019\/11\/logo-cov-png.png\",\"contentUrl\":\"https:\/\/covincennes.com\/wp-content\/uploads\/2019\/11\/logo-cov-png.png\",\"width\":495,\"height\":497,\"caption\":\"CO Vincennes\"},\"image\":{\"@id\":\"https:\/\/covincennes.com\/#\/schema\/logo\/image\/\"}},{\"@type\":\"Person\",\"@id\":\"https:\/\/covincennes.com\/#\/schema\/person\/eb881824360af01aa016999e439303fe\",\"name\":\"Cole Hibry\",\"image\":{\"@type\":\"ImageObject\",\"inLanguage\":\"fr-FR\",\"@id\":\"https:\/\/covincennes.com\/#\/schema\/person\/image\/\",\"url\":\"https:\/\/secure.gravatar.com\/avatar\/fdd68f914853e79675161dab52794fbe213aaa71837a3f83ab5d0669e81bb866?s=96&d=mm&r=g\",\"contentUrl\":\"https:\/\/secure.gravatar.com\/avatar\/fdd68f914853e79675161dab52794fbe213aaa71837a3f83ab5d0669e81bb866?s=96&d=mm&r=g\",\"caption\":\"Cole Hibry\"},\"url\":\"https:\/\/covincennes.com\/index.php\/author\/chevit-frederic\/\"}]}<\/script>\n<!-- \/ Yoast SEO plugin. -->","yoast_head_json":{"title":"Coupe de France : le COV d\u00e9fiera Montrouge au 5\u00e8me tour - CO Vincennes","robots":{"index":"index","follow":"follow","max-snippet":"max-snippet:-1","max-image-preview":"max-image-preview:large","max-video-preview":"max-video-preview:-1"},"canonical":"https:\/\/covincennes.com\/index.php\/2024\/09\/30\/coupe-de-france-le-cov-file-au-5eme-tour\/","og_locale":"fr_FR","og_type":"article","og_title":"Coupe de France : le COV d\u00e9fiera Montrouge au 5\u00e8me tour - CO Vincennes","og_description":"Apr\u00e8s Chaville, c&rsquo;est un adversaire d&rsquo;une autre dimension qui nous \u00e9tait propos\u00e9 \u00e0 l&rsquo;occasion du 4\u00e8me tour de la Coupe de France. Car tout comme le COV, l&rsquo;\u00e9quipe de Villeneuve-la-Garenne est invaincue en championnat &#8211; deux victoires en deux matches &#8211; et au m\u00eame niveau : la R2. D&rsquo;ailleurs, la premi\u00e8re p\u00e9riode a plut\u00f4t \u00e9t\u00e9 [&hellip;]","og_url":"https:\/\/covincennes.com\/index.php\/2024\/09\/30\/coupe-de-france-le-cov-file-au-5eme-tour\/","og_site_name":"CO Vincennes","article_publisher":"https:\/\/www.facebook.com\/CO-VINCENNES-la-page-officielle-136021893155921\/","article_published_time":"2024-09-29T23:13:24+00:00","article_modified_time":"2024-10-13T20:36:51+00:00","og_image":[{"width":643,"height":480,"url":"https:\/\/covincennes.com\/wp-content\/uploads\/2024\/09\/Photo-COV-Villeneuve-la-Garenne-redimensionnee.jpg","type":"image\/jpeg"}],"author":"Cole Hibry","twitter_card":"summary_large_image","twitter_creator":"@covincennes","twitter_site":"@covincennes","twitter_misc":{"\u00c9crit par":"Cole Hibry","Dur\u00e9e de lecture estim\u00e9e":"2 minutes"},"schema":{"@context":"https:\/\/schema.org","@graph":[{"@type":"Article","@id":"https:\/\/covincennes.com\/index.php\/2024\/09\/30\/coupe-de-france-le-cov-file-au-5eme-tour\/#article","isPartOf":{"@id":"https:\/\/covincennes.com\/index.php\/2024\/09\/30\/coupe-de-france-le-cov-file-au-5eme-tour\/"},"author":{"name":"Cole Hibry","@id":"https:\/\/covincennes.com\/#\/schema\/person\/eb881824360af01aa016999e439303fe"},"headline":"Coupe de France : le COV d\u00e9fiera Montrouge au 5\u00e8me tour","datePublished":"2024-09-29T23:13:24+00:00","dateModified":"2024-10-13T20:36:51+00:00","mainEntityOfPage":{"@id":"https:\/\/covincennes.com\/index.php\/2024\/09\/30\/coupe-de-france-le-cov-file-au-5eme-tour\/"},"wordCount":317,"commentCount":0,"publisher":{"@id":"https:\/\/covincennes.com\/#organization"},"articleSection":["\u00e0 la une"],"inLanguage":"fr-FR","potentialAction":[{"@type":"CommentAction","name":"Comment","target":["https:\/\/covincennes.com\/index.php\/2024\/09\/30\/coupe-de-france-le-cov-file-au-5eme-tour\/#respond"]}]},{"@type":"WebPage","@id":"https:\/\/covincennes.com\/index.php\/2024\/09\/30\/coupe-de-france-le-cov-file-au-5eme-tour\/","url":"https:\/\/covincennes.com\/index.php\/2024\/09\/30\/coupe-de-france-le-cov-file-au-5eme-tour\/","name":"Coupe de France : le COV d\u00e9fiera Montrouge au 5\u00e8me tour - CO Vincennes","isPartOf":{"@id":"https:\/\/covincennes.com\/#website"},"datePublished":"2024-09-29T23:13:24+00:00","dateModified":"2024-10-13T20:36:51+00:00","breadcrumb":{"@id":"https:\/\/covincennes.com\/index.php\/2024\/09\/30\/coupe-de-france-le-cov-file-au-5eme-tour\/#breadcrumb"},"inLanguage":"fr-FR","potentialAction":[{"@type":"ReadAction","target":["https:\/\/covincennes.com\/index.php\/2024\/09\/30\/coupe-de-france-le-cov-file-au-5eme-tour\/"]}]},{"@type":"BreadcrumbList","@id":"https:\/\/covincennes.com\/index.php\/2024\/09\/30\/coupe-de-france-le-cov-file-au-5eme-tour\/#breadcrumb","itemListElement":[{"@type":"ListItem","position":1,"name":"Accueil","item":"https:\/\/covincennes.com\/"},{"@type":"ListItem","position":2,"name":"Coupe de France : le COV d\u00e9fiera Montrouge au 5\u00e8me tour"}]},{"@type":"WebSite","@id":"https:\/\/covincennes.com\/#website","url":"https:\/\/covincennes.com\/","name":"CO Vincennes","description":"Un site utilisant WordPress","publisher":{"@id":"https:\/\/covincennes.com\/#organization"},"potentialAction":[{"@type":"SearchAction","target":{"@type":"EntryPoint","urlTemplate":"https:\/\/covincennes.com\/?s={search_term_string}"},"query-input":"required name=search_term_string"}],"inLanguage":"fr-FR"},{"@type":"Organization","@id":"https:\/\/covincennes.com\/#organization","name":"CO Vincennes","url":"https:\/\/covincennes.com\/","sameAs":["https:\/\/www.facebook.com\/CO-VINCENNES-la-page-officielle-136021893155921\/","https:\/\/twitter.com\/covincennes"],"logo":{"@type":"ImageObject","inLanguage":"fr-FR","@id":"https:\/\/covincennes.com\/#\/schema\/logo\/image\/","url":"https:\/\/covincennes.com\/wp-content\/uploads\/2019\/11\/logo-cov-png.png","contentUrl":"https:\/\/covincennes.com\/wp-content\/uploads\/2019\/11\/logo-cov-png.png","width":495,"height":497,"caption":"CO Vincennes"},"image":{"@id":"https:\/\/covincennes.com\/#\/schema\/logo\/image\/"}},{"@type":"Person","@id":"https:\/\/covincennes.com\/#\/schema\/person\/eb881824360af01aa016999e439303fe","name":"Cole Hibry","image":{"@type":"ImageObject","inLanguage":"fr-FR","@id":"https:\/\/covincennes.com\/#\/schema\/person\/image\/","url":"https:\/\/secure.gravatar.com\/avatar\/fdd68f914853e79675161dab52794fbe213aaa71837a3f83ab5d0669e81bb866?s=96&d=mm&r=g","contentUrl":"https:\/\/secure.gravatar.com\/avatar\/fdd68f914853e79675161dab52794fbe213aaa71837a3f83ab5d0669e81bb866?s=96&d=mm&r=g","caption":"Cole Hibry"},"url":"https:\/\/covincennes.com\/index.php\/author\/chevit-frederic\/"}]}},"_links":{"self":[{"href":"https:\/\/covincennes.com\/index.php\/wp-json\/wp\/v2\/posts\/8049","targetHints":{"allow":["GET"]}}],"collection":[{"href":"https:\/\/covincennes.com\/index.php\/wp-json\/wp\/v2\/posts"}],"about":[{"href":"https:\/\/covincennes.com\/index.php\/wp-json\/wp\/v2\/types\/post"}],"author":[{"embeddable":true,"href":"https:\/\/covincennes.com\/index.php\/wp-json\/wp\/v2\/users\/2"}],"replies":[{"embeddable":true,"href":"https:\/\/covincennes.com\/index.php\/wp-json\/wp\/v2\/comments?post=8049"}],"version-history":[{"count":5,"href":"https:\/\/covincennes.com\/index.php\/wp-json\/wp\/v2\/posts\/8049\/revisions"}],"predecessor-version":[{"id":8061,"href":"https:\/\/covincennes.com\/index.php\/wp-json\/wp\/v2\/posts\/8049\/revisions\/8061"}],"wp:featuredmedia":[{"embeddable":true,"href":"https:\/\/covincennes.com\/index.php\/wp-json\/wp\/v2\/media\/8050"}],"wp:attachment":[{"href":"https:\/\/covincennes.com\/index.php\/wp-json\/wp\/v2\/media?parent=8049"}],"wp:term":[{"taxonomy":"category","embeddable":true,"href":"https:\/\/covincennes.com\/index.php\/wp-json\/wp\/v2\/categories?post=8049"},{"taxonomy":"post_tag","embeddable":true,"href":"https:\/\/covincennes.com\/index.php\/wp-json\/wp\/v2\/tags?post=8049"}],"curies":[{"name":"wp","href":"https:\/\/api.w.org\/{rel}","templated":true}]}}