{"id":8082,"date":"2024-10-13T22:36:05","date_gmt":"2024-10-13T20:36:05","guid":{"rendered":"https:\/\/covincennes.com\/?p=8082"},"modified":"2024-11-08T22:04:56","modified_gmt":"2024-11-08T21:04:56","slug":"fin-de-laventure-de-la-coupe-de-france","status":"publish","type":"post","link":"https:\/\/covincennes.com\/index.php\/2024\/10\/13\/fin-de-laventure-de-la-coupe-de-france\/","title":{"rendered":"Fin de l&rsquo;aventure de la Coupe de France"},"content":{"rendered":"<p>D\u00e9cid\u00e9ment, le 5\u00e8me tour de la Coupe de France est un plafond de verre pour le COV, \u00e9limin\u00e9 une nouvelle fois \u00e0 ce stade de l&rsquo;\u00e9preuve. M\u00eame si le score de 3-0 sur le terrain de Montrouge, face \u00e0 une \u00e9quipe de R1, peut para\u00eetre s\u00e9v\u00e8re au vu du d\u00e9roulement du match, cette d\u00e9faite montre peut-\u00eatre les limites actuelles de nos s\u00e9niors.<\/p>\n<p>\u00ab\u00a0Si en d\u00e9but de match votre t\u00eate sur corner \u00e9tait entr\u00e9e au lieu de frapper un poteau, \u00e7a aurait pu tout changer\u00a0\u00bb, tentait de nous rassurer St\u00e9phane Bourdil, le coach de Montrouge, un ancien du COV. Peut-\u00eatre&#8230;<\/p>\n<p>Comme il est de coutume de le dire dans ces circonstances, place d\u00e9sormais au championnat avec un d\u00e9placement samedi \u00e0 la Garenne-Colombes. O\u00f9 une r\u00e9action des hommes de Carl est attendue apr\u00e8s deux d\u00e9faites de rang par trois buts d&rsquo;\u00e9cart.<\/p>\n<p class=\"responsive-video-wrap clr\"><iframe loading=\"lazy\" title=\"Montrouge - COV : le r\u00e9sum\u00e9\" width=\"1200\" height=\"675\" src=\"https:\/\/www.youtube.com\/embed\/DRACPI4i3qs?feature=oembed\" frameborder=\"0\" allow=\"accelerometer; autoplay; clipboard-write; encrypted-media; gyroscope; picture-in-picture; web-share\" referrerpolicy=\"strict-origin-when-cross-origin\" allowfullscreen><\/iframe><\/p>\n","protected":false},"excerpt":{"rendered":"<p>D\u00e9cid\u00e9ment, le 5\u00e8me tour de la Coupe de France est un plafond de verre pour le COV, \u00e9limin\u00e9 une nouvelle fois \u00e0 ce stade de l&rsquo;\u00e9preuve. M\u00eame si le score de 3-0 sur le terrain de Montrouge, face \u00e0 une \u00e9quipe de R1, peut para\u00eetre s\u00e9v\u00e8re au vu du d\u00e9roulement du match, cette d\u00e9faite montre [&hellip;]<\/p>\n","protected":false},"author":2,"featured_media":8083,"comment_status":"open","ping_status":"open","sticky":false,"template":"","format":"standard","meta":{"_monsterinsights_skip_tracking":false,"_monsterinsights_sitenote_active":false,"_monsterinsights_sitenote_note":"","_monsterinsights_sitenote_category":0,"footnotes":""},"categories":[48],"tags":[],"class_list":["post-8082","post","type-post","status-publish","format-standard","has-post-thumbnail","hentry","category-a-la-une","entry","has-media"],"yoast_head":"<!-- This site is optimized with the Yoast SEO plugin v19.6.1 - https:\/\/yoast.com\/wordpress\/plugins\/seo\/ -->\n<title>Fin de l&#039;aventure de la Coupe de France - CO Vincennes<\/title>\n<meta name=\"robots\" content=\"index, follow, max-snippet:-1, max-image-preview:large, max-video-preview:-1\" \/>\n<link rel=\"canonical\" href=\"https:\/\/covincennes.com\/index.php\/2024\/10\/13\/fin-de-laventure-de-la-coupe-de-france\/\" \/>\n<meta property=\"og:locale\" content=\"fr_FR\" \/>\n<meta property=\"og:type\" content=\"article\" \/>\n<meta property=\"og:title\" content=\"Fin de l&#039;aventure de la Coupe de France - CO Vincennes\" \/>\n<meta property=\"og:description\" content=\"D\u00e9cid\u00e9ment, le 5\u00e8me tour de la Coupe de France est un plafond de verre pour le COV, \u00e9limin\u00e9 une nouvelle fois \u00e0 ce stade de l&rsquo;\u00e9preuve. M\u00eame si le score de 3-0 sur le terrain de Montrouge, face \u00e0 une \u00e9quipe de R1, peut para\u00eetre s\u00e9v\u00e8re au vu du d\u00e9roulement du match, cette d\u00e9faite montre [&hellip;]\" \/>\n<meta property=\"og:url\" content=\"https:\/\/covincennes.com\/index.php\/2024\/10\/13\/fin-de-laventure-de-la-coupe-de-france\/\" \/>\n<meta property=\"og:site_name\" content=\"CO Vincennes\" \/>\n<meta property=\"article:publisher\" content=\"https:\/\/www.facebook.com\/CO-VINCENNES-la-page-officielle-136021893155921\/\" \/>\n<meta property=\"article:published_time\" content=\"2024-10-13T20:36:05+00:00\" \/>\n<meta property=\"article:modified_time\" content=\"2024-11-08T21:04:56+00:00\" \/>\n<meta property=\"og:image\" content=\"https:\/\/covincennes.com\/wp-content\/uploads\/2024\/10\/Photo-Montrouge-COV-redimensionnee.jpg\" \/>\n\t<meta property=\"og:image:width\" content=\"643\" \/>\n\t<meta property=\"og:image:height\" content=\"480\" \/>\n\t<meta property=\"og:image:type\" content=\"image\/jpeg\" \/>\n<meta name=\"author\" content=\"Cole Hibry\" \/>\n<meta name=\"twitter:card\" content=\"summary_large_image\" \/>\n<meta name=\"twitter:creator\" content=\"@covincennes\" \/>\n<meta name=\"twitter:site\" content=\"@covincennes\" \/>\n<meta name=\"twitter:label1\" content=\"\u00c9crit par\" \/>\n\t<meta name=\"twitter:data1\" content=\"Cole Hibry\" \/>\n\t<meta name=\"twitter:label2\" content=\"Dur\u00e9e de lecture estim\u00e9e\" \/>\n\t<meta name=\"twitter:data2\" content=\"1 minute\" \/>\n<script type=\"application\/ld+json\" class=\"yoast-schema-graph\">{\"@context\":\"https:\/\/schema.org\",\"@graph\":[{\"@type\":\"Article\",\"@id\":\"https:\/\/covincennes.com\/index.php\/2024\/10\/13\/fin-de-laventure-de-la-coupe-de-france\/#article\",\"isPartOf\":{\"@id\":\"https:\/\/covincennes.com\/index.php\/2024\/10\/13\/fin-de-laventure-de-la-coupe-de-france\/\"},\"author\":{\"name\":\"Cole Hibry\",\"@id\":\"https:\/\/covincennes.com\/#\/schema\/person\/eb881824360af01aa016999e439303fe\"},\"headline\":\"Fin de l&rsquo;aventure de la Coupe de France\",\"datePublished\":\"2024-10-13T20:36:05+00:00\",\"dateModified\":\"2024-11-08T21:04:56+00:00\",\"mainEntityOfPage\":{\"@id\":\"https:\/\/covincennes.com\/index.php\/2024\/10\/13\/fin-de-laventure-de-la-coupe-de-france\/\"},\"wordCount\":172,\"commentCount\":0,\"publisher\":{\"@id\":\"https:\/\/covincennes.com\/#organization\"},\"articleSection\":[\"\u00e0 la une\"],\"inLanguage\":\"fr-FR\",\"potentialAction\":[{\"@type\":\"CommentAction\",\"name\":\"Comment\",\"target\":[\"https:\/\/covincennes.com\/index.php\/2024\/10\/13\/fin-de-laventure-de-la-coupe-de-france\/#respond\"]}]},{\"@type\":\"WebPage\",\"@id\":\"https:\/\/covincennes.com\/index.php\/2024\/10\/13\/fin-de-laventure-de-la-coupe-de-france\/\",\"url\":\"https:\/\/covincennes.com\/index.php\/2024\/10\/13\/fin-de-laventure-de-la-coupe-de-france\/\",\"name\":\"Fin de l'aventure de la Coupe de France - CO Vincennes\",\"isPartOf\":{\"@id\":\"https:\/\/covincennes.com\/#website\"},\"datePublished\":\"2024-10-13T20:36:05+00:00\",\"dateModified\":\"2024-11-08T21:04:56+00:00\",\"breadcrumb\":{\"@id\":\"https:\/\/covincennes.com\/index.php\/2024\/10\/13\/fin-de-laventure-de-la-coupe-de-france\/#breadcrumb\"},\"inLanguage\":\"fr-FR\",\"potentialAction\":[{\"@type\":\"ReadAction\",\"target\":[\"https:\/\/covincennes.com\/index.php\/2024\/10\/13\/fin-de-laventure-de-la-coupe-de-france\/\"]}]},{\"@type\":\"BreadcrumbList\",\"@id\":\"https:\/\/covincennes.com\/index.php\/2024\/10\/13\/fin-de-laventure-de-la-coupe-de-france\/#breadcrumb\",\"itemListElement\":[{\"@type\":\"ListItem\",\"position\":1,\"name\":\"Accueil\",\"item\":\"https:\/\/covincennes.com\/\"},{\"@type\":\"ListItem\",\"position\":2,\"name\":\"Fin de l&rsquo;aventure de la Coupe de France\"}]},{\"@type\":\"WebSite\",\"@id\":\"https:\/\/covincennes.com\/#website\",\"url\":\"https:\/\/covincennes.com\/\",\"name\":\"CO Vincennes\",\"description\":\"Un site utilisant WordPress\",\"publisher\":{\"@id\":\"https:\/\/covincennes.com\/#organization\"},\"potentialAction\":[{\"@type\":\"SearchAction\",\"target\":{\"@type\":\"EntryPoint\",\"urlTemplate\":\"https:\/\/covincennes.com\/?s={search_term_string}\"},\"query-input\":\"required name=search_term_string\"}],\"inLanguage\":\"fr-FR\"},{\"@type\":\"Organization\",\"@id\":\"https:\/\/covincennes.com\/#organization\",\"name\":\"CO Vincennes\",\"url\":\"https:\/\/covincennes.com\/\",\"sameAs\":[\"https:\/\/www.facebook.com\/CO-VINCENNES-la-page-officielle-136021893155921\/\",\"https:\/\/twitter.com\/covincennes\"],\"logo\":{\"@type\":\"ImageObject\",\"inLanguage\":\"fr-FR\",\"@id\":\"https:\/\/covincennes.com\/#\/schema\/logo\/image\/\",\"url\":\"https:\/\/covincennes.com\/wp-content\/uploads\/2019\/11\/logo-cov-png.png\",\"contentUrl\":\"https:\/\/covincennes.com\/wp-content\/uploads\/2019\/11\/logo-cov-png.png\",\"width\":495,\"height\":497,\"caption\":\"CO Vincennes\"},\"image\":{\"@id\":\"https:\/\/covincennes.com\/#\/schema\/logo\/image\/\"}},{\"@type\":\"Person\",\"@id\":\"https:\/\/covincennes.com\/#\/schema\/person\/eb881824360af01aa016999e439303fe\",\"name\":\"Cole Hibry\",\"image\":{\"@type\":\"ImageObject\",\"inLanguage\":\"fr-FR\",\"@id\":\"https:\/\/covincennes.com\/#\/schema\/person\/image\/\",\"url\":\"https:\/\/secure.gravatar.com\/avatar\/fdd68f914853e79675161dab52794fbe213aaa71837a3f83ab5d0669e81bb866?s=96&d=mm&r=g\",\"contentUrl\":\"https:\/\/secure.gravatar.com\/avatar\/fdd68f914853e79675161dab52794fbe213aaa71837a3f83ab5d0669e81bb866?s=96&d=mm&r=g\",\"caption\":\"Cole Hibry\"},\"url\":\"https:\/\/covincennes.com\/index.php\/author\/chevit-frederic\/\"}]}<\/script>\n<!-- \/ Yoast SEO plugin. -->","yoast_head_json":{"title":"Fin de l'aventure de la Coupe de France - CO Vincennes","robots":{"index":"index","follow":"follow","max-snippet":"max-snippet:-1","max-image-preview":"max-image-preview:large","max-video-preview":"max-video-preview:-1"},"canonical":"https:\/\/covincennes.com\/index.php\/2024\/10\/13\/fin-de-laventure-de-la-coupe-de-france\/","og_locale":"fr_FR","og_type":"article","og_title":"Fin de l'aventure de la Coupe de France - CO Vincennes","og_description":"D\u00e9cid\u00e9ment, le 5\u00e8me tour de la Coupe de France est un plafond de verre pour le COV, \u00e9limin\u00e9 une nouvelle fois \u00e0 ce stade de l&rsquo;\u00e9preuve. M\u00eame si le score de 3-0 sur le terrain de Montrouge, face \u00e0 une \u00e9quipe de R1, peut para\u00eetre s\u00e9v\u00e8re au vu du d\u00e9roulement du match, cette d\u00e9faite montre [&hellip;]","og_url":"https:\/\/covincennes.com\/index.php\/2024\/10\/13\/fin-de-laventure-de-la-coupe-de-france\/","og_site_name":"CO Vincennes","article_publisher":"https:\/\/www.facebook.com\/CO-VINCENNES-la-page-officielle-136021893155921\/","article_published_time":"2024-10-13T20:36:05+00:00","article_modified_time":"2024-11-08T21:04:56+00:00","og_image":[{"width":643,"height":480,"url":"https:\/\/covincennes.com\/wp-content\/uploads\/2024\/10\/Photo-Montrouge-COV-redimensionnee.jpg","type":"image\/jpeg"}],"author":"Cole Hibry","twitter_card":"summary_large_image","twitter_creator":"@covincennes","twitter_site":"@covincennes","twitter_misc":{"\u00c9crit par":"Cole Hibry","Dur\u00e9e de lecture estim\u00e9e":"1 minute"},"schema":{"@context":"https:\/\/schema.org","@graph":[{"@type":"Article","@id":"https:\/\/covincennes.com\/index.php\/2024\/10\/13\/fin-de-laventure-de-la-coupe-de-france\/#article","isPartOf":{"@id":"https:\/\/covincennes.com\/index.php\/2024\/10\/13\/fin-de-laventure-de-la-coupe-de-france\/"},"author":{"name":"Cole Hibry","@id":"https:\/\/covincennes.com\/#\/schema\/person\/eb881824360af01aa016999e439303fe"},"headline":"Fin de l&rsquo;aventure de la Coupe de France","datePublished":"2024-10-13T20:36:05+00:00","dateModified":"2024-11-08T21:04:56+00:00","mainEntityOfPage":{"@id":"https:\/\/covincennes.com\/index.php\/2024\/10\/13\/fin-de-laventure-de-la-coupe-de-france\/"},"wordCount":172,"commentCount":0,"publisher":{"@id":"https:\/\/covincennes.com\/#organization"},"articleSection":["\u00e0 la une"],"inLanguage":"fr-FR","potentialAction":[{"@type":"CommentAction","name":"Comment","target":["https:\/\/covincennes.com\/index.php\/2024\/10\/13\/fin-de-laventure-de-la-coupe-de-france\/#respond"]}]},{"@type":"WebPage","@id":"https:\/\/covincennes.com\/index.php\/2024\/10\/13\/fin-de-laventure-de-la-coupe-de-france\/","url":"https:\/\/covincennes.com\/index.php\/2024\/10\/13\/fin-de-laventure-de-la-coupe-de-france\/","name":"Fin de l'aventure de la Coupe de France - CO Vincennes","isPartOf":{"@id":"https:\/\/covincennes.com\/#website"},"datePublished":"2024-10-13T20:36:05+00:00","dateModified":"2024-11-08T21:04:56+00:00","breadcrumb":{"@id":"https:\/\/covincennes.com\/index.php\/2024\/10\/13\/fin-de-laventure-de-la-coupe-de-france\/#breadcrumb"},"inLanguage":"fr-FR","potentialAction":[{"@type":"ReadAction","target":["https:\/\/covincennes.com\/index.php\/2024\/10\/13\/fin-de-laventure-de-la-coupe-de-france\/"]}]},{"@type":"BreadcrumbList","@id":"https:\/\/covincennes.com\/index.php\/2024\/10\/13\/fin-de-laventure-de-la-coupe-de-france\/#breadcrumb","itemListElement":[{"@type":"ListItem","position":1,"name":"Accueil","item":"https:\/\/covincennes.com\/"},{"@type":"ListItem","position":2,"name":"Fin de l&rsquo;aventure de la Coupe de France"}]},{"@type":"WebSite","@id":"https:\/\/covincennes.com\/#website","url":"https:\/\/covincennes.com\/","name":"CO Vincennes","description":"Un site utilisant WordPress","publisher":{"@id":"https:\/\/covincennes.com\/#organization"},"potentialAction":[{"@type":"SearchAction","target":{"@type":"EntryPoint","urlTemplate":"https:\/\/covincennes.com\/?s={search_term_string}"},"query-input":"required name=search_term_string"}],"inLanguage":"fr-FR"},{"@type":"Organization","@id":"https:\/\/covincennes.com\/#organization","name":"CO Vincennes","url":"https:\/\/covincennes.com\/","sameAs":["https:\/\/www.facebook.com\/CO-VINCENNES-la-page-officielle-136021893155921\/","https:\/\/twitter.com\/covincennes"],"logo":{"@type":"ImageObject","inLanguage":"fr-FR","@id":"https:\/\/covincennes.com\/#\/schema\/logo\/image\/","url":"https:\/\/covincennes.com\/wp-content\/uploads\/2019\/11\/logo-cov-png.png","contentUrl":"https:\/\/covincennes.com\/wp-content\/uploads\/2019\/11\/logo-cov-png.png","width":495,"height":497,"caption":"CO Vincennes"},"image":{"@id":"https:\/\/covincennes.com\/#\/schema\/logo\/image\/"}},{"@type":"Person","@id":"https:\/\/covincennes.com\/#\/schema\/person\/eb881824360af01aa016999e439303fe","name":"Cole Hibry","image":{"@type":"ImageObject","inLanguage":"fr-FR","@id":"https:\/\/covincennes.com\/#\/schema\/person\/image\/","url":"https:\/\/secure.gravatar.com\/avatar\/fdd68f914853e79675161dab52794fbe213aaa71837a3f83ab5d0669e81bb866?s=96&d=mm&r=g","contentUrl":"https:\/\/secure.gravatar.com\/avatar\/fdd68f914853e79675161dab52794fbe213aaa71837a3f83ab5d0669e81bb866?s=96&d=mm&r=g","caption":"Cole Hibry"},"url":"https:\/\/covincennes.com\/index.php\/author\/chevit-frederic\/"}]}},"_links":{"self":[{"href":"https:\/\/covincennes.com\/index.php\/wp-json\/wp\/v2\/posts\/8082","targetHints":{"allow":["GET"]}}],"collection":[{"href":"https:\/\/covincennes.com\/index.php\/wp-json\/wp\/v2\/posts"}],"about":[{"href":"https:\/\/covincennes.com\/index.php\/wp-json\/wp\/v2\/types\/post"}],"author":[{"embeddable":true,"href":"https:\/\/covincennes.com\/index.php\/wp-json\/wp\/v2\/users\/2"}],"replies":[{"embeddable":true,"href":"https:\/\/covincennes.com\/index.php\/wp-json\/wp\/v2\/comments?post=8082"}],"version-history":[{"count":2,"href":"https:\/\/covincennes.com\/index.php\/wp-json\/wp\/v2\/posts\/8082\/revisions"}],"predecessor-version":[{"id":8128,"href":"https:\/\/covincennes.com\/index.php\/wp-json\/wp\/v2\/posts\/8082\/revisions\/8128"}],"wp:featuredmedia":[{"embeddable":true,"href":"https:\/\/covincennes.com\/index.php\/wp-json\/wp\/v2\/media\/8083"}],"wp:attachment":[{"href":"https:\/\/covincennes.com\/index.php\/wp-json\/wp\/v2\/media?parent=8082"}],"wp:term":[{"taxonomy":"category","embeddable":true,"href":"https:\/\/covincennes.com\/index.php\/wp-json\/wp\/v2\/categories?post=8082"},{"taxonomy":"post_tag","embeddable":true,"href":"https:\/\/covincennes.com\/index.php\/wp-json\/wp\/v2\/tags?post=8082"}],"curies":[{"name":"wp","href":"https:\/\/api.w.org\/{rel}","templated":true}]}}