{"id":8095,"date":"2024-10-24T23:02:23","date_gmt":"2024-10-24T21:02:23","guid":{"rendered":"https:\/\/covincennes.com\/?p=8095"},"modified":"2024-11-08T22:05:29","modified_gmt":"2024-11-08T21:05:29","slug":"psg-cov-laffiche-de-la-saison","status":"publish","type":"post","link":"https:\/\/covincennes.com\/index.php\/2024\/10\/24\/psg-cov-laffiche-de-la-saison\/","title":{"rendered":"PSG &#8211; COV : l&rsquo;affiche de la saison !"},"content":{"rendered":"<p>Bien s\u00fbr, ce PSG-l\u00e0 n&rsquo;est pas celui qui tente de remporter la Champions League. Evidemment, ce n&rsquo;est pas le 32\u00e8me de finale de Coupe de France dont r\u00eavent tous les clubs amateurs. C&rsquo;est un match de Coupe de Paris contre l&rsquo;\u00e9quipe B du PSG. N&#8217;emp\u00eache c&rsquo;est une affiche, probablement L&rsquo;AFFICHE de la saison. Une sorte de classico, un match de prestige.<\/p>\n<p>Alors dimanche, au Campus de Poissy, \u00e0 partir de 14 h 30, le CO Vincennes aura besoin de tous ses supporters pour renouer avec la victoire et poursuivre sa route dans cette Coupe r\u00e9gionale.<\/p>\n<p>Mais attention, le match se d\u00e9roulant sur un site priv\u00e9, pour y p\u00e9n\u00e9trer il faudra pr\u00e9senter un ticket d&rsquo;entr\u00e9e que l&rsquo;on peut t\u00e9l\u00e9charger gratuitement via ce lien ci-dessous :<\/p>\n<p><span style=\"color: #3366ff;\"><a style=\"color: #3366ff;\" href=\"https:\/\/billetterie.psg.fr\/fr\/acheter\/campus-billet-a-l-unite-grand-public-paris-vs-vincennes-2024-4iekug8tl8rq\/list\">Ma place pour assister \u00e0 PSG-COV<\/a><\/span><\/p>\n<p>ou en scannant ce QR code :<\/p>\n<p><img loading=\"lazy\" decoding=\"async\" class=\"alignnone wp-image-8109\" src=\"https:\/\/covincennes.com\/wp-content\/uploads\/2024\/10\/QR-2.jpg\" alt=\"\" width=\"147\" height=\"150\" \/><\/p>\n<p>N&rsquo;oubliez pas de vous munir aussi d&rsquo;une pi\u00e8ce d&rsquo;identit\u00e9.<\/p>\n<p>Tous ensemble, montrons au PSG que m\u00eame \u00e0 Poissy, ICI C&rsquo;EST VINCENNES !<\/p>\n","protected":false},"excerpt":{"rendered":"<p>Bien s\u00fbr, ce PSG-l\u00e0 n&rsquo;est pas celui qui tente de remporter la Champions League. Evidemment, ce n&rsquo;est pas le 32\u00e8me de finale de Coupe de France dont r\u00eavent tous les clubs amateurs. C&rsquo;est un match de Coupe de Paris contre l&rsquo;\u00e9quipe B du PSG. N&#8217;emp\u00eache c&rsquo;est une affiche, probablement L&rsquo;AFFICHE de la saison. Une sorte [&hellip;]<\/p>\n","protected":false},"author":2,"featured_media":8107,"comment_status":"open","ping_status":"open","sticky":false,"template":"","format":"standard","meta":{"_monsterinsights_skip_tracking":false,"_monsterinsights_sitenote_active":false,"_monsterinsights_sitenote_note":"","_monsterinsights_sitenote_category":0,"footnotes":""},"categories":[48],"tags":[],"class_list":["post-8095","post","type-post","status-publish","format-standard","has-post-thumbnail","hentry","category-a-la-une","entry","has-media"],"yoast_head":"<!-- This site is optimized with the Yoast SEO plugin v19.6.1 - https:\/\/yoast.com\/wordpress\/plugins\/seo\/ -->\n<title>PSG - COV : l&#039;affiche de la saison ! - CO Vincennes<\/title>\n<meta name=\"robots\" content=\"index, follow, max-snippet:-1, max-image-preview:large, max-video-preview:-1\" \/>\n<link rel=\"canonical\" href=\"https:\/\/covincennes.com\/index.php\/2024\/10\/24\/psg-cov-laffiche-de-la-saison\/\" \/>\n<meta property=\"og:locale\" content=\"fr_FR\" \/>\n<meta property=\"og:type\" content=\"article\" \/>\n<meta property=\"og:title\" content=\"PSG - COV : l&#039;affiche de la saison ! - CO Vincennes\" \/>\n<meta property=\"og:description\" content=\"Bien s\u00fbr, ce PSG-l\u00e0 n&rsquo;est pas celui qui tente de remporter la Champions League. Evidemment, ce n&rsquo;est pas le 32\u00e8me de finale de Coupe de France dont r\u00eavent tous les clubs amateurs. C&rsquo;est un match de Coupe de Paris contre l&rsquo;\u00e9quipe B du PSG. N&#8217;emp\u00eache c&rsquo;est une affiche, probablement L&rsquo;AFFICHE de la saison. Une sorte [&hellip;]\" \/>\n<meta property=\"og:url\" content=\"https:\/\/covincennes.com\/index.php\/2024\/10\/24\/psg-cov-laffiche-de-la-saison\/\" \/>\n<meta property=\"og:site_name\" content=\"CO Vincennes\" \/>\n<meta property=\"article:publisher\" content=\"https:\/\/www.facebook.com\/CO-VINCENNES-la-page-officielle-136021893155921\/\" \/>\n<meta property=\"article:published_time\" content=\"2024-10-24T21:02:23+00:00\" \/>\n<meta property=\"article:modified_time\" content=\"2024-11-08T21:05:29+00:00\" \/>\n<meta property=\"og:image\" content=\"https:\/\/covincennes.com\/wp-content\/uploads\/2024\/10\/PSG-COV-10-redimensionnee.jpg\" \/>\n\t<meta property=\"og:image:width\" content=\"643\" \/>\n\t<meta property=\"og:image:height\" content=\"480\" \/>\n\t<meta property=\"og:image:type\" content=\"image\/jpeg\" \/>\n<meta name=\"author\" content=\"Cole Hibry\" \/>\n<meta name=\"twitter:card\" content=\"summary_large_image\" \/>\n<meta name=\"twitter:creator\" content=\"@covincennes\" \/>\n<meta name=\"twitter:site\" content=\"@covincennes\" \/>\n<meta name=\"twitter:label1\" content=\"\u00c9crit par\" \/>\n\t<meta name=\"twitter:data1\" content=\"Cole Hibry\" \/>\n\t<meta name=\"twitter:label2\" content=\"Dur\u00e9e de lecture estim\u00e9e\" \/>\n\t<meta name=\"twitter:data2\" content=\"1 minute\" \/>\n<script type=\"application\/ld+json\" class=\"yoast-schema-graph\">{\"@context\":\"https:\/\/schema.org\",\"@graph\":[{\"@type\":\"Article\",\"@id\":\"https:\/\/covincennes.com\/index.php\/2024\/10\/24\/psg-cov-laffiche-de-la-saison\/#article\",\"isPartOf\":{\"@id\":\"https:\/\/covincennes.com\/index.php\/2024\/10\/24\/psg-cov-laffiche-de-la-saison\/\"},\"author\":{\"name\":\"Cole Hibry\",\"@id\":\"https:\/\/covincennes.com\/#\/schema\/person\/eb881824360af01aa016999e439303fe\"},\"headline\":\"PSG &#8211; COV : l&rsquo;affiche de la saison !\",\"datePublished\":\"2024-10-24T21:02:23+00:00\",\"dateModified\":\"2024-11-08T21:05:29+00:00\",\"mainEntityOfPage\":{\"@id\":\"https:\/\/covincennes.com\/index.php\/2024\/10\/24\/psg-cov-laffiche-de-la-saison\/\"},\"wordCount\":172,\"commentCount\":0,\"publisher\":{\"@id\":\"https:\/\/covincennes.com\/#organization\"},\"articleSection\":[\"\u00e0 la une\"],\"inLanguage\":\"fr-FR\",\"potentialAction\":[{\"@type\":\"CommentAction\",\"name\":\"Comment\",\"target\":[\"https:\/\/covincennes.com\/index.php\/2024\/10\/24\/psg-cov-laffiche-de-la-saison\/#respond\"]}]},{\"@type\":\"WebPage\",\"@id\":\"https:\/\/covincennes.com\/index.php\/2024\/10\/24\/psg-cov-laffiche-de-la-saison\/\",\"url\":\"https:\/\/covincennes.com\/index.php\/2024\/10\/24\/psg-cov-laffiche-de-la-saison\/\",\"name\":\"PSG - COV : l'affiche de la saison ! - CO Vincennes\",\"isPartOf\":{\"@id\":\"https:\/\/covincennes.com\/#website\"},\"datePublished\":\"2024-10-24T21:02:23+00:00\",\"dateModified\":\"2024-11-08T21:05:29+00:00\",\"breadcrumb\":{\"@id\":\"https:\/\/covincennes.com\/index.php\/2024\/10\/24\/psg-cov-laffiche-de-la-saison\/#breadcrumb\"},\"inLanguage\":\"fr-FR\",\"potentialAction\":[{\"@type\":\"ReadAction\",\"target\":[\"https:\/\/covincennes.com\/index.php\/2024\/10\/24\/psg-cov-laffiche-de-la-saison\/\"]}]},{\"@type\":\"BreadcrumbList\",\"@id\":\"https:\/\/covincennes.com\/index.php\/2024\/10\/24\/psg-cov-laffiche-de-la-saison\/#breadcrumb\",\"itemListElement\":[{\"@type\":\"ListItem\",\"position\":1,\"name\":\"Accueil\",\"item\":\"https:\/\/covincennes.com\/\"},{\"@type\":\"ListItem\",\"position\":2,\"name\":\"PSG &#8211; COV : l&rsquo;affiche de la saison !\"}]},{\"@type\":\"WebSite\",\"@id\":\"https:\/\/covincennes.com\/#website\",\"url\":\"https:\/\/covincennes.com\/\",\"name\":\"CO Vincennes\",\"description\":\"Un site utilisant WordPress\",\"publisher\":{\"@id\":\"https:\/\/covincennes.com\/#organization\"},\"potentialAction\":[{\"@type\":\"SearchAction\",\"target\":{\"@type\":\"EntryPoint\",\"urlTemplate\":\"https:\/\/covincennes.com\/?s={search_term_string}\"},\"query-input\":\"required name=search_term_string\"}],\"inLanguage\":\"fr-FR\"},{\"@type\":\"Organization\",\"@id\":\"https:\/\/covincennes.com\/#organization\",\"name\":\"CO Vincennes\",\"url\":\"https:\/\/covincennes.com\/\",\"sameAs\":[\"https:\/\/www.facebook.com\/CO-VINCENNES-la-page-officielle-136021893155921\/\",\"https:\/\/twitter.com\/covincennes\"],\"logo\":{\"@type\":\"ImageObject\",\"inLanguage\":\"fr-FR\",\"@id\":\"https:\/\/covincennes.com\/#\/schema\/logo\/image\/\",\"url\":\"https:\/\/covincennes.com\/wp-content\/uploads\/2019\/11\/logo-cov-png.png\",\"contentUrl\":\"https:\/\/covincennes.com\/wp-content\/uploads\/2019\/11\/logo-cov-png.png\",\"width\":495,\"height\":497,\"caption\":\"CO Vincennes\"},\"image\":{\"@id\":\"https:\/\/covincennes.com\/#\/schema\/logo\/image\/\"}},{\"@type\":\"Person\",\"@id\":\"https:\/\/covincennes.com\/#\/schema\/person\/eb881824360af01aa016999e439303fe\",\"name\":\"Cole Hibry\",\"image\":{\"@type\":\"ImageObject\",\"inLanguage\":\"fr-FR\",\"@id\":\"https:\/\/covincennes.com\/#\/schema\/person\/image\/\",\"url\":\"https:\/\/secure.gravatar.com\/avatar\/fdd68f914853e79675161dab52794fbe213aaa71837a3f83ab5d0669e81bb866?s=96&d=mm&r=g\",\"contentUrl\":\"https:\/\/secure.gravatar.com\/avatar\/fdd68f914853e79675161dab52794fbe213aaa71837a3f83ab5d0669e81bb866?s=96&d=mm&r=g\",\"caption\":\"Cole Hibry\"},\"url\":\"https:\/\/covincennes.com\/index.php\/author\/chevit-frederic\/\"}]}<\/script>\n<!-- \/ Yoast SEO plugin. -->","yoast_head_json":{"title":"PSG - COV : l'affiche de la saison ! - CO Vincennes","robots":{"index":"index","follow":"follow","max-snippet":"max-snippet:-1","max-image-preview":"max-image-preview:large","max-video-preview":"max-video-preview:-1"},"canonical":"https:\/\/covincennes.com\/index.php\/2024\/10\/24\/psg-cov-laffiche-de-la-saison\/","og_locale":"fr_FR","og_type":"article","og_title":"PSG - COV : l'affiche de la saison ! - CO Vincennes","og_description":"Bien s\u00fbr, ce PSG-l\u00e0 n&rsquo;est pas celui qui tente de remporter la Champions League. Evidemment, ce n&rsquo;est pas le 32\u00e8me de finale de Coupe de France dont r\u00eavent tous les clubs amateurs. C&rsquo;est un match de Coupe de Paris contre l&rsquo;\u00e9quipe B du PSG. N&#8217;emp\u00eache c&rsquo;est une affiche, probablement L&rsquo;AFFICHE de la saison. Une sorte [&hellip;]","og_url":"https:\/\/covincennes.com\/index.php\/2024\/10\/24\/psg-cov-laffiche-de-la-saison\/","og_site_name":"CO Vincennes","article_publisher":"https:\/\/www.facebook.com\/CO-VINCENNES-la-page-officielle-136021893155921\/","article_published_time":"2024-10-24T21:02:23+00:00","article_modified_time":"2024-11-08T21:05:29+00:00","og_image":[{"width":643,"height":480,"url":"https:\/\/covincennes.com\/wp-content\/uploads\/2024\/10\/PSG-COV-10-redimensionnee.jpg","type":"image\/jpeg"}],"author":"Cole Hibry","twitter_card":"summary_large_image","twitter_creator":"@covincennes","twitter_site":"@covincennes","twitter_misc":{"\u00c9crit par":"Cole Hibry","Dur\u00e9e de lecture estim\u00e9e":"1 minute"},"schema":{"@context":"https:\/\/schema.org","@graph":[{"@type":"Article","@id":"https:\/\/covincennes.com\/index.php\/2024\/10\/24\/psg-cov-laffiche-de-la-saison\/#article","isPartOf":{"@id":"https:\/\/covincennes.com\/index.php\/2024\/10\/24\/psg-cov-laffiche-de-la-saison\/"},"author":{"name":"Cole Hibry","@id":"https:\/\/covincennes.com\/#\/schema\/person\/eb881824360af01aa016999e439303fe"},"headline":"PSG &#8211; COV : l&rsquo;affiche de la saison !","datePublished":"2024-10-24T21:02:23+00:00","dateModified":"2024-11-08T21:05:29+00:00","mainEntityOfPage":{"@id":"https:\/\/covincennes.com\/index.php\/2024\/10\/24\/psg-cov-laffiche-de-la-saison\/"},"wordCount":172,"commentCount":0,"publisher":{"@id":"https:\/\/covincennes.com\/#organization"},"articleSection":["\u00e0 la une"],"inLanguage":"fr-FR","potentialAction":[{"@type":"CommentAction","name":"Comment","target":["https:\/\/covincennes.com\/index.php\/2024\/10\/24\/psg-cov-laffiche-de-la-saison\/#respond"]}]},{"@type":"WebPage","@id":"https:\/\/covincennes.com\/index.php\/2024\/10\/24\/psg-cov-laffiche-de-la-saison\/","url":"https:\/\/covincennes.com\/index.php\/2024\/10\/24\/psg-cov-laffiche-de-la-saison\/","name":"PSG - COV : l'affiche de la saison ! - CO Vincennes","isPartOf":{"@id":"https:\/\/covincennes.com\/#website"},"datePublished":"2024-10-24T21:02:23+00:00","dateModified":"2024-11-08T21:05:29+00:00","breadcrumb":{"@id":"https:\/\/covincennes.com\/index.php\/2024\/10\/24\/psg-cov-laffiche-de-la-saison\/#breadcrumb"},"inLanguage":"fr-FR","potentialAction":[{"@type":"ReadAction","target":["https:\/\/covincennes.com\/index.php\/2024\/10\/24\/psg-cov-laffiche-de-la-saison\/"]}]},{"@type":"BreadcrumbList","@id":"https:\/\/covincennes.com\/index.php\/2024\/10\/24\/psg-cov-laffiche-de-la-saison\/#breadcrumb","itemListElement":[{"@type":"ListItem","position":1,"name":"Accueil","item":"https:\/\/covincennes.com\/"},{"@type":"ListItem","position":2,"name":"PSG &#8211; COV : l&rsquo;affiche de la saison !"}]},{"@type":"WebSite","@id":"https:\/\/covincennes.com\/#website","url":"https:\/\/covincennes.com\/","name":"CO Vincennes","description":"Un site utilisant WordPress","publisher":{"@id":"https:\/\/covincennes.com\/#organization"},"potentialAction":[{"@type":"SearchAction","target":{"@type":"EntryPoint","urlTemplate":"https:\/\/covincennes.com\/?s={search_term_string}"},"query-input":"required name=search_term_string"}],"inLanguage":"fr-FR"},{"@type":"Organization","@id":"https:\/\/covincennes.com\/#organization","name":"CO Vincennes","url":"https:\/\/covincennes.com\/","sameAs":["https:\/\/www.facebook.com\/CO-VINCENNES-la-page-officielle-136021893155921\/","https:\/\/twitter.com\/covincennes"],"logo":{"@type":"ImageObject","inLanguage":"fr-FR","@id":"https:\/\/covincennes.com\/#\/schema\/logo\/image\/","url":"https:\/\/covincennes.com\/wp-content\/uploads\/2019\/11\/logo-cov-png.png","contentUrl":"https:\/\/covincennes.com\/wp-content\/uploads\/2019\/11\/logo-cov-png.png","width":495,"height":497,"caption":"CO Vincennes"},"image":{"@id":"https:\/\/covincennes.com\/#\/schema\/logo\/image\/"}},{"@type":"Person","@id":"https:\/\/covincennes.com\/#\/schema\/person\/eb881824360af01aa016999e439303fe","name":"Cole Hibry","image":{"@type":"ImageObject","inLanguage":"fr-FR","@id":"https:\/\/covincennes.com\/#\/schema\/person\/image\/","url":"https:\/\/secure.gravatar.com\/avatar\/fdd68f914853e79675161dab52794fbe213aaa71837a3f83ab5d0669e81bb866?s=96&d=mm&r=g","contentUrl":"https:\/\/secure.gravatar.com\/avatar\/fdd68f914853e79675161dab52794fbe213aaa71837a3f83ab5d0669e81bb866?s=96&d=mm&r=g","caption":"Cole Hibry"},"url":"https:\/\/covincennes.com\/index.php\/author\/chevit-frederic\/"}]}},"_links":{"self":[{"href":"https:\/\/covincennes.com\/index.php\/wp-json\/wp\/v2\/posts\/8095","targetHints":{"allow":["GET"]}}],"collection":[{"href":"https:\/\/covincennes.com\/index.php\/wp-json\/wp\/v2\/posts"}],"about":[{"href":"https:\/\/covincennes.com\/index.php\/wp-json\/wp\/v2\/types\/post"}],"author":[{"embeddable":true,"href":"https:\/\/covincennes.com\/index.php\/wp-json\/wp\/v2\/users\/2"}],"replies":[{"embeddable":true,"href":"https:\/\/covincennes.com\/index.php\/wp-json\/wp\/v2\/comments?post=8095"}],"version-history":[{"count":5,"href":"https:\/\/covincennes.com\/index.php\/wp-json\/wp\/v2\/posts\/8095\/revisions"}],"predecessor-version":[{"id":8111,"href":"https:\/\/covincennes.com\/index.php\/wp-json\/wp\/v2\/posts\/8095\/revisions\/8111"}],"wp:featuredmedia":[{"embeddable":true,"href":"https:\/\/covincennes.com\/index.php\/wp-json\/wp\/v2\/media\/8107"}],"wp:attachment":[{"href":"https:\/\/covincennes.com\/index.php\/wp-json\/wp\/v2\/media?parent=8095"}],"wp:term":[{"taxonomy":"category","embeddable":true,"href":"https:\/\/covincennes.com\/index.php\/wp-json\/wp\/v2\/categories?post=8095"},{"taxonomy":"post_tag","embeddable":true,"href":"https:\/\/covincennes.com\/index.php\/wp-json\/wp\/v2\/tags?post=8095"}],"curies":[{"name":"wp","href":"https:\/\/api.w.org\/{rel}","templated":true}]}}