{"id":8205,"date":"2024-12-04T22:34:24","date_gmt":"2024-12-04T21:34:24","guid":{"rendered":"https:\/\/covincennes.com\/?p=8205"},"modified":"2024-12-24T12:07:57","modified_gmt":"2024-12-24T11:07:57","slug":"assemblee-generale-du-cov-le-19-decembre","status":"publish","type":"post","link":"https:\/\/covincennes.com\/index.php\/2024\/12\/04\/assemblee-generale-du-cov-le-19-decembre\/","title":{"rendered":"Assembl\u00e9e G\u00e9n\u00e9rale du COV le 19 d\u00e9cembre"},"content":{"rendered":"<p>Tous les licenci\u00e9s du CO Vincennes sont invit\u00e9s \u00e0 participer \u00e0 l&rsquo;assembl\u00e9e g\u00e9n\u00e9rale annuelle de l&rsquo;association, qui se tiendra le jeudi 19 d\u00e9cembre 2024. Les mineurs de moins de 16 ans peuvent naturellement \u00eatre repr\u00e9sent\u00e9s par un de leurs responsables l\u00e9gaux.<\/p>\n<p>Nous vous attendons nombreux \u00e0 cette assembl\u00e9e g\u00e9n\u00e9rale, moment important de la vie d\u00e9mocratique du club. Vous trouverez ci-dessous la convocation r\u00e9glementaire, avec le lieu, l&rsquo;horaire et l&rsquo;ordre du jour ; il suffit de cliquer sur le lien.<\/p>\n<p><span style=\"color: #0000ff;\"><a style=\"color: #0000ff;\" href=\"https:\/\/covincennes.com\/wp-content\/uploads\/2024\/12\/Convocation.pdf\">Convocation<\/a><\/span><\/p>\n","protected":false},"excerpt":{"rendered":"<p>Tous les licenci\u00e9s du CO Vincennes sont invit\u00e9s \u00e0 participer \u00e0 l&rsquo;assembl\u00e9e g\u00e9n\u00e9rale annuelle de l&rsquo;association, qui se tiendra le jeudi 19 d\u00e9cembre 2024. Les mineurs de moins de 16 ans peuvent naturellement \u00eatre repr\u00e9sent\u00e9s par un de leurs responsables l\u00e9gaux. Nous vous attendons nombreux \u00e0 cette assembl\u00e9e g\u00e9n\u00e9rale, moment important de la vie d\u00e9mocratique [&hellip;]<\/p>\n","protected":false},"author":2,"featured_media":8206,"comment_status":"open","ping_status":"open","sticky":false,"template":"","format":"standard","meta":{"_monsterinsights_skip_tracking":false,"_monsterinsights_sitenote_active":false,"_monsterinsights_sitenote_note":"","_monsterinsights_sitenote_category":0,"footnotes":""},"categories":[48],"tags":[],"class_list":["post-8205","post","type-post","status-publish","format-standard","has-post-thumbnail","hentry","category-a-la-une","entry","has-media"],"yoast_head":"<!-- This site is optimized with the Yoast SEO plugin v19.6.1 - https:\/\/yoast.com\/wordpress\/plugins\/seo\/ -->\n<title>Assembl\u00e9e G\u00e9n\u00e9rale du COV le 19 d\u00e9cembre - CO Vincennes<\/title>\n<meta name=\"robots\" content=\"index, follow, max-snippet:-1, max-image-preview:large, max-video-preview:-1\" \/>\n<link rel=\"canonical\" href=\"https:\/\/covincennes.com\/index.php\/2024\/12\/04\/assemblee-generale-du-cov-le-19-decembre\/\" \/>\n<meta property=\"og:locale\" content=\"fr_FR\" \/>\n<meta property=\"og:type\" content=\"article\" \/>\n<meta property=\"og:title\" content=\"Assembl\u00e9e G\u00e9n\u00e9rale du COV le 19 d\u00e9cembre - CO Vincennes\" \/>\n<meta property=\"og:description\" content=\"Tous les licenci\u00e9s du CO Vincennes sont invit\u00e9s \u00e0 participer \u00e0 l&rsquo;assembl\u00e9e g\u00e9n\u00e9rale annuelle de l&rsquo;association, qui se tiendra le jeudi 19 d\u00e9cembre 2024. Les mineurs de moins de 16 ans peuvent naturellement \u00eatre repr\u00e9sent\u00e9s par un de leurs responsables l\u00e9gaux. Nous vous attendons nombreux \u00e0 cette assembl\u00e9e g\u00e9n\u00e9rale, moment important de la vie d\u00e9mocratique [&hellip;]\" \/>\n<meta property=\"og:url\" content=\"https:\/\/covincennes.com\/index.php\/2024\/12\/04\/assemblee-generale-du-cov-le-19-decembre\/\" \/>\n<meta property=\"og:site_name\" content=\"CO Vincennes\" \/>\n<meta property=\"article:publisher\" content=\"https:\/\/www.facebook.com\/CO-VINCENNES-la-page-officielle-136021893155921\/\" \/>\n<meta property=\"article:published_time\" content=\"2024-12-04T21:34:24+00:00\" \/>\n<meta property=\"article:modified_time\" content=\"2024-12-24T11:07:57+00:00\" \/>\n<meta property=\"og:image\" content=\"https:\/\/covincennes.com\/wp-content\/uploads\/2024\/12\/Logo-COV.jpg\" \/>\n\t<meta property=\"og:image:width\" content=\"639\" \/>\n\t<meta property=\"og:image:height\" content=\"480\" \/>\n\t<meta property=\"og:image:type\" content=\"image\/jpeg\" \/>\n<meta name=\"author\" content=\"Cole Hibry\" \/>\n<meta name=\"twitter:card\" content=\"summary_large_image\" \/>\n<meta name=\"twitter:creator\" content=\"@covincennes\" \/>\n<meta name=\"twitter:site\" content=\"@covincennes\" \/>\n<meta name=\"twitter:label1\" content=\"\u00c9crit par\" \/>\n\t<meta name=\"twitter:data1\" content=\"Cole Hibry\" \/>\n\t<meta name=\"twitter:label2\" content=\"Dur\u00e9e de lecture estim\u00e9e\" \/>\n\t<meta name=\"twitter:data2\" content=\"1 minute\" \/>\n<script type=\"application\/ld+json\" class=\"yoast-schema-graph\">{\"@context\":\"https:\/\/schema.org\",\"@graph\":[{\"@type\":\"Article\",\"@id\":\"https:\/\/covincennes.com\/index.php\/2024\/12\/04\/assemblee-generale-du-cov-le-19-decembre\/#article\",\"isPartOf\":{\"@id\":\"https:\/\/covincennes.com\/index.php\/2024\/12\/04\/assemblee-generale-du-cov-le-19-decembre\/\"},\"author\":{\"name\":\"Cole Hibry\",\"@id\":\"https:\/\/covincennes.com\/#\/schema\/person\/eb881824360af01aa016999e439303fe\"},\"headline\":\"Assembl\u00e9e G\u00e9n\u00e9rale du COV le 19 d\u00e9cembre\",\"datePublished\":\"2024-12-04T21:34:24+00:00\",\"dateModified\":\"2024-12-24T11:07:57+00:00\",\"mainEntityOfPage\":{\"@id\":\"https:\/\/covincennes.com\/index.php\/2024\/12\/04\/assemblee-generale-du-cov-le-19-decembre\/\"},\"wordCount\":97,\"commentCount\":0,\"publisher\":{\"@id\":\"https:\/\/covincennes.com\/#organization\"},\"articleSection\":[\"\u00e0 la une\"],\"inLanguage\":\"fr-FR\",\"potentialAction\":[{\"@type\":\"CommentAction\",\"name\":\"Comment\",\"target\":[\"https:\/\/covincennes.com\/index.php\/2024\/12\/04\/assemblee-generale-du-cov-le-19-decembre\/#respond\"]}]},{\"@type\":\"WebPage\",\"@id\":\"https:\/\/covincennes.com\/index.php\/2024\/12\/04\/assemblee-generale-du-cov-le-19-decembre\/\",\"url\":\"https:\/\/covincennes.com\/index.php\/2024\/12\/04\/assemblee-generale-du-cov-le-19-decembre\/\",\"name\":\"Assembl\u00e9e G\u00e9n\u00e9rale du COV le 19 d\u00e9cembre - CO Vincennes\",\"isPartOf\":{\"@id\":\"https:\/\/covincennes.com\/#website\"},\"datePublished\":\"2024-12-04T21:34:24+00:00\",\"dateModified\":\"2024-12-24T11:07:57+00:00\",\"breadcrumb\":{\"@id\":\"https:\/\/covincennes.com\/index.php\/2024\/12\/04\/assemblee-generale-du-cov-le-19-decembre\/#breadcrumb\"},\"inLanguage\":\"fr-FR\",\"potentialAction\":[{\"@type\":\"ReadAction\",\"target\":[\"https:\/\/covincennes.com\/index.php\/2024\/12\/04\/assemblee-generale-du-cov-le-19-decembre\/\"]}]},{\"@type\":\"BreadcrumbList\",\"@id\":\"https:\/\/covincennes.com\/index.php\/2024\/12\/04\/assemblee-generale-du-cov-le-19-decembre\/#breadcrumb\",\"itemListElement\":[{\"@type\":\"ListItem\",\"position\":1,\"name\":\"Accueil\",\"item\":\"https:\/\/covincennes.com\/\"},{\"@type\":\"ListItem\",\"position\":2,\"name\":\"Assembl\u00e9e G\u00e9n\u00e9rale du COV le 19 d\u00e9cembre\"}]},{\"@type\":\"WebSite\",\"@id\":\"https:\/\/covincennes.com\/#website\",\"url\":\"https:\/\/covincennes.com\/\",\"name\":\"CO Vincennes\",\"description\":\"Un site utilisant WordPress\",\"publisher\":{\"@id\":\"https:\/\/covincennes.com\/#organization\"},\"potentialAction\":[{\"@type\":\"SearchAction\",\"target\":{\"@type\":\"EntryPoint\",\"urlTemplate\":\"https:\/\/covincennes.com\/?s={search_term_string}\"},\"query-input\":\"required name=search_term_string\"}],\"inLanguage\":\"fr-FR\"},{\"@type\":\"Organization\",\"@id\":\"https:\/\/covincennes.com\/#organization\",\"name\":\"CO Vincennes\",\"url\":\"https:\/\/covincennes.com\/\",\"sameAs\":[\"https:\/\/www.facebook.com\/CO-VINCENNES-la-page-officielle-136021893155921\/\",\"https:\/\/twitter.com\/covincennes\"],\"logo\":{\"@type\":\"ImageObject\",\"inLanguage\":\"fr-FR\",\"@id\":\"https:\/\/covincennes.com\/#\/schema\/logo\/image\/\",\"url\":\"https:\/\/covincennes.com\/wp-content\/uploads\/2019\/11\/logo-cov-png.png\",\"contentUrl\":\"https:\/\/covincennes.com\/wp-content\/uploads\/2019\/11\/logo-cov-png.png\",\"width\":495,\"height\":497,\"caption\":\"CO Vincennes\"},\"image\":{\"@id\":\"https:\/\/covincennes.com\/#\/schema\/logo\/image\/\"}},{\"@type\":\"Person\",\"@id\":\"https:\/\/covincennes.com\/#\/schema\/person\/eb881824360af01aa016999e439303fe\",\"name\":\"Cole Hibry\",\"image\":{\"@type\":\"ImageObject\",\"inLanguage\":\"fr-FR\",\"@id\":\"https:\/\/covincennes.com\/#\/schema\/person\/image\/\",\"url\":\"https:\/\/secure.gravatar.com\/avatar\/fdd68f914853e79675161dab52794fbe213aaa71837a3f83ab5d0669e81bb866?s=96&d=mm&r=g\",\"contentUrl\":\"https:\/\/secure.gravatar.com\/avatar\/fdd68f914853e79675161dab52794fbe213aaa71837a3f83ab5d0669e81bb866?s=96&d=mm&r=g\",\"caption\":\"Cole Hibry\"},\"url\":\"https:\/\/covincennes.com\/index.php\/author\/chevit-frederic\/\"}]}<\/script>\n<!-- \/ Yoast SEO plugin. -->","yoast_head_json":{"title":"Assembl\u00e9e G\u00e9n\u00e9rale du COV le 19 d\u00e9cembre - CO Vincennes","robots":{"index":"index","follow":"follow","max-snippet":"max-snippet:-1","max-image-preview":"max-image-preview:large","max-video-preview":"max-video-preview:-1"},"canonical":"https:\/\/covincennes.com\/index.php\/2024\/12\/04\/assemblee-generale-du-cov-le-19-decembre\/","og_locale":"fr_FR","og_type":"article","og_title":"Assembl\u00e9e G\u00e9n\u00e9rale du COV le 19 d\u00e9cembre - CO Vincennes","og_description":"Tous les licenci\u00e9s du CO Vincennes sont invit\u00e9s \u00e0 participer \u00e0 l&rsquo;assembl\u00e9e g\u00e9n\u00e9rale annuelle de l&rsquo;association, qui se tiendra le jeudi 19 d\u00e9cembre 2024. Les mineurs de moins de 16 ans peuvent naturellement \u00eatre repr\u00e9sent\u00e9s par un de leurs responsables l\u00e9gaux. Nous vous attendons nombreux \u00e0 cette assembl\u00e9e g\u00e9n\u00e9rale, moment important de la vie d\u00e9mocratique [&hellip;]","og_url":"https:\/\/covincennes.com\/index.php\/2024\/12\/04\/assemblee-generale-du-cov-le-19-decembre\/","og_site_name":"CO Vincennes","article_publisher":"https:\/\/www.facebook.com\/CO-VINCENNES-la-page-officielle-136021893155921\/","article_published_time":"2024-12-04T21:34:24+00:00","article_modified_time":"2024-12-24T11:07:57+00:00","og_image":[{"width":639,"height":480,"url":"https:\/\/covincennes.com\/wp-content\/uploads\/2024\/12\/Logo-COV.jpg","type":"image\/jpeg"}],"author":"Cole Hibry","twitter_card":"summary_large_image","twitter_creator":"@covincennes","twitter_site":"@covincennes","twitter_misc":{"\u00c9crit par":"Cole Hibry","Dur\u00e9e de lecture estim\u00e9e":"1 minute"},"schema":{"@context":"https:\/\/schema.org","@graph":[{"@type":"Article","@id":"https:\/\/covincennes.com\/index.php\/2024\/12\/04\/assemblee-generale-du-cov-le-19-decembre\/#article","isPartOf":{"@id":"https:\/\/covincennes.com\/index.php\/2024\/12\/04\/assemblee-generale-du-cov-le-19-decembre\/"},"author":{"name":"Cole Hibry","@id":"https:\/\/covincennes.com\/#\/schema\/person\/eb881824360af01aa016999e439303fe"},"headline":"Assembl\u00e9e G\u00e9n\u00e9rale du COV le 19 d\u00e9cembre","datePublished":"2024-12-04T21:34:24+00:00","dateModified":"2024-12-24T11:07:57+00:00","mainEntityOfPage":{"@id":"https:\/\/covincennes.com\/index.php\/2024\/12\/04\/assemblee-generale-du-cov-le-19-decembre\/"},"wordCount":97,"commentCount":0,"publisher":{"@id":"https:\/\/covincennes.com\/#organization"},"articleSection":["\u00e0 la une"],"inLanguage":"fr-FR","potentialAction":[{"@type":"CommentAction","name":"Comment","target":["https:\/\/covincennes.com\/index.php\/2024\/12\/04\/assemblee-generale-du-cov-le-19-decembre\/#respond"]}]},{"@type":"WebPage","@id":"https:\/\/covincennes.com\/index.php\/2024\/12\/04\/assemblee-generale-du-cov-le-19-decembre\/","url":"https:\/\/covincennes.com\/index.php\/2024\/12\/04\/assemblee-generale-du-cov-le-19-decembre\/","name":"Assembl\u00e9e G\u00e9n\u00e9rale du COV le 19 d\u00e9cembre - CO Vincennes","isPartOf":{"@id":"https:\/\/covincennes.com\/#website"},"datePublished":"2024-12-04T21:34:24+00:00","dateModified":"2024-12-24T11:07:57+00:00","breadcrumb":{"@id":"https:\/\/covincennes.com\/index.php\/2024\/12\/04\/assemblee-generale-du-cov-le-19-decembre\/#breadcrumb"},"inLanguage":"fr-FR","potentialAction":[{"@type":"ReadAction","target":["https:\/\/covincennes.com\/index.php\/2024\/12\/04\/assemblee-generale-du-cov-le-19-decembre\/"]}]},{"@type":"BreadcrumbList","@id":"https:\/\/covincennes.com\/index.php\/2024\/12\/04\/assemblee-generale-du-cov-le-19-decembre\/#breadcrumb","itemListElement":[{"@type":"ListItem","position":1,"name":"Accueil","item":"https:\/\/covincennes.com\/"},{"@type":"ListItem","position":2,"name":"Assembl\u00e9e G\u00e9n\u00e9rale du COV le 19 d\u00e9cembre"}]},{"@type":"WebSite","@id":"https:\/\/covincennes.com\/#website","url":"https:\/\/covincennes.com\/","name":"CO Vincennes","description":"Un site utilisant WordPress","publisher":{"@id":"https:\/\/covincennes.com\/#organization"},"potentialAction":[{"@type":"SearchAction","target":{"@type":"EntryPoint","urlTemplate":"https:\/\/covincennes.com\/?s={search_term_string}"},"query-input":"required name=search_term_string"}],"inLanguage":"fr-FR"},{"@type":"Organization","@id":"https:\/\/covincennes.com\/#organization","name":"CO Vincennes","url":"https:\/\/covincennes.com\/","sameAs":["https:\/\/www.facebook.com\/CO-VINCENNES-la-page-officielle-136021893155921\/","https:\/\/twitter.com\/covincennes"],"logo":{"@type":"ImageObject","inLanguage":"fr-FR","@id":"https:\/\/covincennes.com\/#\/schema\/logo\/image\/","url":"https:\/\/covincennes.com\/wp-content\/uploads\/2019\/11\/logo-cov-png.png","contentUrl":"https:\/\/covincennes.com\/wp-content\/uploads\/2019\/11\/logo-cov-png.png","width":495,"height":497,"caption":"CO Vincennes"},"image":{"@id":"https:\/\/covincennes.com\/#\/schema\/logo\/image\/"}},{"@type":"Person","@id":"https:\/\/covincennes.com\/#\/schema\/person\/eb881824360af01aa016999e439303fe","name":"Cole Hibry","image":{"@type":"ImageObject","inLanguage":"fr-FR","@id":"https:\/\/covincennes.com\/#\/schema\/person\/image\/","url":"https:\/\/secure.gravatar.com\/avatar\/fdd68f914853e79675161dab52794fbe213aaa71837a3f83ab5d0669e81bb866?s=96&d=mm&r=g","contentUrl":"https:\/\/secure.gravatar.com\/avatar\/fdd68f914853e79675161dab52794fbe213aaa71837a3f83ab5d0669e81bb866?s=96&d=mm&r=g","caption":"Cole Hibry"},"url":"https:\/\/covincennes.com\/index.php\/author\/chevit-frederic\/"}]}},"_links":{"self":[{"href":"https:\/\/covincennes.com\/index.php\/wp-json\/wp\/v2\/posts\/8205","targetHints":{"allow":["GET"]}}],"collection":[{"href":"https:\/\/covincennes.com\/index.php\/wp-json\/wp\/v2\/posts"}],"about":[{"href":"https:\/\/covincennes.com\/index.php\/wp-json\/wp\/v2\/types\/post"}],"author":[{"embeddable":true,"href":"https:\/\/covincennes.com\/index.php\/wp-json\/wp\/v2\/users\/2"}],"replies":[{"embeddable":true,"href":"https:\/\/covincennes.com\/index.php\/wp-json\/wp\/v2\/comments?post=8205"}],"version-history":[{"count":1,"href":"https:\/\/covincennes.com\/index.php\/wp-json\/wp\/v2\/posts\/8205\/revisions"}],"predecessor-version":[{"id":8208,"href":"https:\/\/covincennes.com\/index.php\/wp-json\/wp\/v2\/posts\/8205\/revisions\/8208"}],"wp:featuredmedia":[{"embeddable":true,"href":"https:\/\/covincennes.com\/index.php\/wp-json\/wp\/v2\/media\/8206"}],"wp:attachment":[{"href":"https:\/\/covincennes.com\/index.php\/wp-json\/wp\/v2\/media?parent=8205"}],"wp:term":[{"taxonomy":"category","embeddable":true,"href":"https:\/\/covincennes.com\/index.php\/wp-json\/wp\/v2\/categories?post=8205"},{"taxonomy":"post_tag","embeddable":true,"href":"https:\/\/covincennes.com\/index.php\/wp-json\/wp\/v2\/tags?post=8205"}],"curies":[{"name":"wp","href":"https:\/\/api.w.org\/{rel}","templated":true}]}}