{"id":8232,"date":"2024-12-16T00:41:32","date_gmt":"2024-12-15T23:41:32","guid":{"rendered":"https:\/\/covincennes.com\/?p=8232"},"modified":"2024-12-24T12:07:46","modified_gmt":"2024-12-24T11:07:46","slug":"coup-darret-pour-nos-seniors-a-2","status":"publish","type":"post","link":"https:\/\/covincennes.com\/index.php\/2024\/12\/16\/coup-darret-pour-nos-seniors-a-2\/","title":{"rendered":"Coup d&rsquo;arr\u00eat pour nos s\u00e9niors A"},"content":{"rendered":"<p>C&rsquo;\u00e9tait le premier choc de la saison pour nos s\u00e9niors A : la r\u00e9ception des Lilas, le leader qui ne nous devan\u00e7ait que d&rsquo;un point.<\/p>\n<p>Autant dire que l&rsquo;occasion \u00e9tait belle de prendre la t\u00eate du championnat. Mais malgr\u00e9 une tribune copieusement garnie avec beaucoup d&rsquo;enfants de l&rsquo;Ecole de Foot tr\u00e8s impliqu\u00e9s, nos Vincennois ont subi un coup d&rsquo;arr\u00eat.<\/p>\n<p>Apr\u00e8s avoir conc\u00e9d\u00e9 l&rsquo;ouverture du score d\u00e8s la 2\u00e8me minute, ils ont fait jeu \u00e9gal avec leur adversaire en termes d&rsquo;occasions, par Obrad d&rsquo;abord, Hattabiou ensuite. Mais le joli piqu\u00e9 du premier est pass\u00e9 juste au-dessus de la barre et le tir envelopp\u00e9 du second, qui prenait le chemin du petit filet, a \u00e9t\u00e9 sauv\u00e9 sur sa ligne par le genou d&rsquo;un d\u00e9fenseur accouru au secours de son gardien.<\/p>\n<p>Les hommes de Carl encaissaient un deuxi\u00e8me but en seconde p\u00e9riode, sur un coup franc que personne ne touchait, puis un troisi\u00e8me dans le temps additionnel, sur un penalty indiscutable.<\/p>\n<p>Jonas et ses \u00e9quipiers, distanc\u00e9s de quatre points par le leader, auront dimanche l&rsquo;opportunit\u00e9 de revenir \u00e0 un point s&rsquo;ils battent Melun, \u00e0 domicile, en match en retard. Mais ce ne sera pas une partie de plaisir face \u00e0 un autre candidat \u00e0 la mont\u00e9e cr\u00e9dible.<\/p>\n<p class=\"responsive-video-wrap clr\"><iframe loading=\"lazy\" title=\"Le re\u0301sume\u0301\" width=\"1200\" height=\"675\" src=\"https:\/\/www.youtube.com\/embed\/coWeqGEiX1I?feature=oembed\" frameborder=\"0\" allow=\"accelerometer; autoplay; clipboard-write; encrypted-media; gyroscope; picture-in-picture; web-share\" referrerpolicy=\"strict-origin-when-cross-origin\" allowfullscreen><\/iframe><\/p>\n","protected":false},"excerpt":{"rendered":"<p>C&rsquo;\u00e9tait le premier choc de la saison pour nos s\u00e9niors A : la r\u00e9ception des Lilas, le leader qui ne nous devan\u00e7ait que d&rsquo;un point. Autant dire que l&rsquo;occasion \u00e9tait belle de prendre la t\u00eate du championnat. Mais malgr\u00e9 une tribune copieusement garnie avec beaucoup d&rsquo;enfants de l&rsquo;Ecole de Foot tr\u00e8s impliqu\u00e9s, nos Vincennois ont [&hellip;]<\/p>\n","protected":false},"author":2,"featured_media":8233,"comment_status":"open","ping_status":"open","sticky":false,"template":"","format":"standard","meta":{"_monsterinsights_skip_tracking":false,"_monsterinsights_sitenote_active":false,"_monsterinsights_sitenote_note":"","_monsterinsights_sitenote_category":0,"footnotes":""},"categories":[48],"tags":[],"class_list":["post-8232","post","type-post","status-publish","format-standard","has-post-thumbnail","hentry","category-a-la-une","entry","has-media"],"yoast_head":"<!-- This site is optimized with the Yoast SEO plugin v19.6.1 - https:\/\/yoast.com\/wordpress\/plugins\/seo\/ -->\n<title>Coup d&#039;arr\u00eat pour nos s\u00e9niors A - CO Vincennes<\/title>\n<meta name=\"robots\" content=\"index, follow, max-snippet:-1, max-image-preview:large, max-video-preview:-1\" \/>\n<link rel=\"canonical\" href=\"https:\/\/covincennes.com\/index.php\/2024\/12\/16\/coup-darret-pour-nos-seniors-a-2\/\" \/>\n<meta property=\"og:locale\" content=\"fr_FR\" \/>\n<meta property=\"og:type\" content=\"article\" \/>\n<meta property=\"og:title\" content=\"Coup d&#039;arr\u00eat pour nos s\u00e9niors A - CO Vincennes\" \/>\n<meta property=\"og:description\" content=\"C&rsquo;\u00e9tait le premier choc de la saison pour nos s\u00e9niors A : la r\u00e9ception des Lilas, le leader qui ne nous devan\u00e7ait que d&rsquo;un point. Autant dire que l&rsquo;occasion \u00e9tait belle de prendre la t\u00eate du championnat. Mais malgr\u00e9 une tribune copieusement garnie avec beaucoup d&rsquo;enfants de l&rsquo;Ecole de Foot tr\u00e8s impliqu\u00e9s, nos Vincennois ont [&hellip;]\" \/>\n<meta property=\"og:url\" content=\"https:\/\/covincennes.com\/index.php\/2024\/12\/16\/coup-darret-pour-nos-seniors-a-2\/\" \/>\n<meta property=\"og:site_name\" content=\"CO Vincennes\" \/>\n<meta property=\"article:publisher\" content=\"https:\/\/www.facebook.com\/CO-VINCENNES-la-page-officielle-136021893155921\/\" \/>\n<meta property=\"article:published_time\" content=\"2024-12-15T23:41:32+00:00\" \/>\n<meta property=\"article:modified_time\" content=\"2024-12-24T11:07:46+00:00\" \/>\n<meta property=\"og:image\" content=\"https:\/\/covincennes.com\/wp-content\/uploads\/2024\/12\/Photo-COV-contre-les-Lilas-redimensionnee.jpg\" \/>\n\t<meta property=\"og:image:width\" content=\"643\" \/>\n\t<meta property=\"og:image:height\" content=\"480\" \/>\n\t<meta property=\"og:image:type\" content=\"image\/jpeg\" \/>\n<meta name=\"author\" content=\"Cole Hibry\" \/>\n<meta name=\"twitter:card\" content=\"summary_large_image\" \/>\n<meta name=\"twitter:creator\" content=\"@covincennes\" \/>\n<meta name=\"twitter:site\" content=\"@covincennes\" \/>\n<meta name=\"twitter:label1\" content=\"\u00c9crit par\" \/>\n\t<meta name=\"twitter:data1\" content=\"Cole Hibry\" \/>\n\t<meta name=\"twitter:label2\" content=\"Dur\u00e9e de lecture estim\u00e9e\" \/>\n\t<meta name=\"twitter:data2\" content=\"2 minutes\" \/>\n<script type=\"application\/ld+json\" class=\"yoast-schema-graph\">{\"@context\":\"https:\/\/schema.org\",\"@graph\":[{\"@type\":\"Article\",\"@id\":\"https:\/\/covincennes.com\/index.php\/2024\/12\/16\/coup-darret-pour-nos-seniors-a-2\/#article\",\"isPartOf\":{\"@id\":\"https:\/\/covincennes.com\/index.php\/2024\/12\/16\/coup-darret-pour-nos-seniors-a-2\/\"},\"author\":{\"name\":\"Cole Hibry\",\"@id\":\"https:\/\/covincennes.com\/#\/schema\/person\/eb881824360af01aa016999e439303fe\"},\"headline\":\"Coup d&rsquo;arr\u00eat pour nos s\u00e9niors A\",\"datePublished\":\"2024-12-15T23:41:32+00:00\",\"dateModified\":\"2024-12-24T11:07:46+00:00\",\"mainEntityOfPage\":{\"@id\":\"https:\/\/covincennes.com\/index.php\/2024\/12\/16\/coup-darret-pour-nos-seniors-a-2\/\"},\"wordCount\":230,\"commentCount\":0,\"publisher\":{\"@id\":\"https:\/\/covincennes.com\/#organization\"},\"articleSection\":[\"\u00e0 la une\"],\"inLanguage\":\"fr-FR\",\"potentialAction\":[{\"@type\":\"CommentAction\",\"name\":\"Comment\",\"target\":[\"https:\/\/covincennes.com\/index.php\/2024\/12\/16\/coup-darret-pour-nos-seniors-a-2\/#respond\"]}]},{\"@type\":\"WebPage\",\"@id\":\"https:\/\/covincennes.com\/index.php\/2024\/12\/16\/coup-darret-pour-nos-seniors-a-2\/\",\"url\":\"https:\/\/covincennes.com\/index.php\/2024\/12\/16\/coup-darret-pour-nos-seniors-a-2\/\",\"name\":\"Coup d'arr\u00eat pour nos s\u00e9niors A - CO Vincennes\",\"isPartOf\":{\"@id\":\"https:\/\/covincennes.com\/#website\"},\"datePublished\":\"2024-12-15T23:41:32+00:00\",\"dateModified\":\"2024-12-24T11:07:46+00:00\",\"breadcrumb\":{\"@id\":\"https:\/\/covincennes.com\/index.php\/2024\/12\/16\/coup-darret-pour-nos-seniors-a-2\/#breadcrumb\"},\"inLanguage\":\"fr-FR\",\"potentialAction\":[{\"@type\":\"ReadAction\",\"target\":[\"https:\/\/covincennes.com\/index.php\/2024\/12\/16\/coup-darret-pour-nos-seniors-a-2\/\"]}]},{\"@type\":\"BreadcrumbList\",\"@id\":\"https:\/\/covincennes.com\/index.php\/2024\/12\/16\/coup-darret-pour-nos-seniors-a-2\/#breadcrumb\",\"itemListElement\":[{\"@type\":\"ListItem\",\"position\":1,\"name\":\"Accueil\",\"item\":\"https:\/\/covincennes.com\/\"},{\"@type\":\"ListItem\",\"position\":2,\"name\":\"Coup d&rsquo;arr\u00eat pour nos s\u00e9niors A\"}]},{\"@type\":\"WebSite\",\"@id\":\"https:\/\/covincennes.com\/#website\",\"url\":\"https:\/\/covincennes.com\/\",\"name\":\"CO Vincennes\",\"description\":\"Un site utilisant WordPress\",\"publisher\":{\"@id\":\"https:\/\/covincennes.com\/#organization\"},\"potentialAction\":[{\"@type\":\"SearchAction\",\"target\":{\"@type\":\"EntryPoint\",\"urlTemplate\":\"https:\/\/covincennes.com\/?s={search_term_string}\"},\"query-input\":\"required name=search_term_string\"}],\"inLanguage\":\"fr-FR\"},{\"@type\":\"Organization\",\"@id\":\"https:\/\/covincennes.com\/#organization\",\"name\":\"CO Vincennes\",\"url\":\"https:\/\/covincennes.com\/\",\"sameAs\":[\"https:\/\/www.facebook.com\/CO-VINCENNES-la-page-officielle-136021893155921\/\",\"https:\/\/twitter.com\/covincennes\"],\"logo\":{\"@type\":\"ImageObject\",\"inLanguage\":\"fr-FR\",\"@id\":\"https:\/\/covincennes.com\/#\/schema\/logo\/image\/\",\"url\":\"https:\/\/covincennes.com\/wp-content\/uploads\/2019\/11\/logo-cov-png.png\",\"contentUrl\":\"https:\/\/covincennes.com\/wp-content\/uploads\/2019\/11\/logo-cov-png.png\",\"width\":495,\"height\":497,\"caption\":\"CO Vincennes\"},\"image\":{\"@id\":\"https:\/\/covincennes.com\/#\/schema\/logo\/image\/\"}},{\"@type\":\"Person\",\"@id\":\"https:\/\/covincennes.com\/#\/schema\/person\/eb881824360af01aa016999e439303fe\",\"name\":\"Cole Hibry\",\"image\":{\"@type\":\"ImageObject\",\"inLanguage\":\"fr-FR\",\"@id\":\"https:\/\/covincennes.com\/#\/schema\/person\/image\/\",\"url\":\"https:\/\/secure.gravatar.com\/avatar\/fdd68f914853e79675161dab52794fbe213aaa71837a3f83ab5d0669e81bb866?s=96&d=mm&r=g\",\"contentUrl\":\"https:\/\/secure.gravatar.com\/avatar\/fdd68f914853e79675161dab52794fbe213aaa71837a3f83ab5d0669e81bb866?s=96&d=mm&r=g\",\"caption\":\"Cole Hibry\"},\"url\":\"https:\/\/covincennes.com\/index.php\/author\/chevit-frederic\/\"}]}<\/script>\n<!-- \/ Yoast SEO plugin. -->","yoast_head_json":{"title":"Coup d'arr\u00eat pour nos s\u00e9niors A - CO Vincennes","robots":{"index":"index","follow":"follow","max-snippet":"max-snippet:-1","max-image-preview":"max-image-preview:large","max-video-preview":"max-video-preview:-1"},"canonical":"https:\/\/covincennes.com\/index.php\/2024\/12\/16\/coup-darret-pour-nos-seniors-a-2\/","og_locale":"fr_FR","og_type":"article","og_title":"Coup d'arr\u00eat pour nos s\u00e9niors A - CO Vincennes","og_description":"C&rsquo;\u00e9tait le premier choc de la saison pour nos s\u00e9niors A : la r\u00e9ception des Lilas, le leader qui ne nous devan\u00e7ait que d&rsquo;un point. Autant dire que l&rsquo;occasion \u00e9tait belle de prendre la t\u00eate du championnat. Mais malgr\u00e9 une tribune copieusement garnie avec beaucoup d&rsquo;enfants de l&rsquo;Ecole de Foot tr\u00e8s impliqu\u00e9s, nos Vincennois ont [&hellip;]","og_url":"https:\/\/covincennes.com\/index.php\/2024\/12\/16\/coup-darret-pour-nos-seniors-a-2\/","og_site_name":"CO Vincennes","article_publisher":"https:\/\/www.facebook.com\/CO-VINCENNES-la-page-officielle-136021893155921\/","article_published_time":"2024-12-15T23:41:32+00:00","article_modified_time":"2024-12-24T11:07:46+00:00","og_image":[{"width":643,"height":480,"url":"https:\/\/covincennes.com\/wp-content\/uploads\/2024\/12\/Photo-COV-contre-les-Lilas-redimensionnee.jpg","type":"image\/jpeg"}],"author":"Cole Hibry","twitter_card":"summary_large_image","twitter_creator":"@covincennes","twitter_site":"@covincennes","twitter_misc":{"\u00c9crit par":"Cole Hibry","Dur\u00e9e de lecture estim\u00e9e":"2 minutes"},"schema":{"@context":"https:\/\/schema.org","@graph":[{"@type":"Article","@id":"https:\/\/covincennes.com\/index.php\/2024\/12\/16\/coup-darret-pour-nos-seniors-a-2\/#article","isPartOf":{"@id":"https:\/\/covincennes.com\/index.php\/2024\/12\/16\/coup-darret-pour-nos-seniors-a-2\/"},"author":{"name":"Cole Hibry","@id":"https:\/\/covincennes.com\/#\/schema\/person\/eb881824360af01aa016999e439303fe"},"headline":"Coup d&rsquo;arr\u00eat pour nos s\u00e9niors A","datePublished":"2024-12-15T23:41:32+00:00","dateModified":"2024-12-24T11:07:46+00:00","mainEntityOfPage":{"@id":"https:\/\/covincennes.com\/index.php\/2024\/12\/16\/coup-darret-pour-nos-seniors-a-2\/"},"wordCount":230,"commentCount":0,"publisher":{"@id":"https:\/\/covincennes.com\/#organization"},"articleSection":["\u00e0 la une"],"inLanguage":"fr-FR","potentialAction":[{"@type":"CommentAction","name":"Comment","target":["https:\/\/covincennes.com\/index.php\/2024\/12\/16\/coup-darret-pour-nos-seniors-a-2\/#respond"]}]},{"@type":"WebPage","@id":"https:\/\/covincennes.com\/index.php\/2024\/12\/16\/coup-darret-pour-nos-seniors-a-2\/","url":"https:\/\/covincennes.com\/index.php\/2024\/12\/16\/coup-darret-pour-nos-seniors-a-2\/","name":"Coup d'arr\u00eat pour nos s\u00e9niors A - CO Vincennes","isPartOf":{"@id":"https:\/\/covincennes.com\/#website"},"datePublished":"2024-12-15T23:41:32+00:00","dateModified":"2024-12-24T11:07:46+00:00","breadcrumb":{"@id":"https:\/\/covincennes.com\/index.php\/2024\/12\/16\/coup-darret-pour-nos-seniors-a-2\/#breadcrumb"},"inLanguage":"fr-FR","potentialAction":[{"@type":"ReadAction","target":["https:\/\/covincennes.com\/index.php\/2024\/12\/16\/coup-darret-pour-nos-seniors-a-2\/"]}]},{"@type":"BreadcrumbList","@id":"https:\/\/covincennes.com\/index.php\/2024\/12\/16\/coup-darret-pour-nos-seniors-a-2\/#breadcrumb","itemListElement":[{"@type":"ListItem","position":1,"name":"Accueil","item":"https:\/\/covincennes.com\/"},{"@type":"ListItem","position":2,"name":"Coup d&rsquo;arr\u00eat pour nos s\u00e9niors A"}]},{"@type":"WebSite","@id":"https:\/\/covincennes.com\/#website","url":"https:\/\/covincennes.com\/","name":"CO Vincennes","description":"Un site utilisant WordPress","publisher":{"@id":"https:\/\/covincennes.com\/#organization"},"potentialAction":[{"@type":"SearchAction","target":{"@type":"EntryPoint","urlTemplate":"https:\/\/covincennes.com\/?s={search_term_string}"},"query-input":"required name=search_term_string"}],"inLanguage":"fr-FR"},{"@type":"Organization","@id":"https:\/\/covincennes.com\/#organization","name":"CO Vincennes","url":"https:\/\/covincennes.com\/","sameAs":["https:\/\/www.facebook.com\/CO-VINCENNES-la-page-officielle-136021893155921\/","https:\/\/twitter.com\/covincennes"],"logo":{"@type":"ImageObject","inLanguage":"fr-FR","@id":"https:\/\/covincennes.com\/#\/schema\/logo\/image\/","url":"https:\/\/covincennes.com\/wp-content\/uploads\/2019\/11\/logo-cov-png.png","contentUrl":"https:\/\/covincennes.com\/wp-content\/uploads\/2019\/11\/logo-cov-png.png","width":495,"height":497,"caption":"CO Vincennes"},"image":{"@id":"https:\/\/covincennes.com\/#\/schema\/logo\/image\/"}},{"@type":"Person","@id":"https:\/\/covincennes.com\/#\/schema\/person\/eb881824360af01aa016999e439303fe","name":"Cole Hibry","image":{"@type":"ImageObject","inLanguage":"fr-FR","@id":"https:\/\/covincennes.com\/#\/schema\/person\/image\/","url":"https:\/\/secure.gravatar.com\/avatar\/fdd68f914853e79675161dab52794fbe213aaa71837a3f83ab5d0669e81bb866?s=96&d=mm&r=g","contentUrl":"https:\/\/secure.gravatar.com\/avatar\/fdd68f914853e79675161dab52794fbe213aaa71837a3f83ab5d0669e81bb866?s=96&d=mm&r=g","caption":"Cole Hibry"},"url":"https:\/\/covincennes.com\/index.php\/author\/chevit-frederic\/"}]}},"_links":{"self":[{"href":"https:\/\/covincennes.com\/index.php\/wp-json\/wp\/v2\/posts\/8232","targetHints":{"allow":["GET"]}}],"collection":[{"href":"https:\/\/covincennes.com\/index.php\/wp-json\/wp\/v2\/posts"}],"about":[{"href":"https:\/\/covincennes.com\/index.php\/wp-json\/wp\/v2\/types\/post"}],"author":[{"embeddable":true,"href":"https:\/\/covincennes.com\/index.php\/wp-json\/wp\/v2\/users\/2"}],"replies":[{"embeddable":true,"href":"https:\/\/covincennes.com\/index.php\/wp-json\/wp\/v2\/comments?post=8232"}],"version-history":[{"count":4,"href":"https:\/\/covincennes.com\/index.php\/wp-json\/wp\/v2\/posts\/8232\/revisions"}],"predecessor-version":[{"id":8259,"href":"https:\/\/covincennes.com\/index.php\/wp-json\/wp\/v2\/posts\/8232\/revisions\/8259"}],"wp:featuredmedia":[{"embeddable":true,"href":"https:\/\/covincennes.com\/index.php\/wp-json\/wp\/v2\/media\/8233"}],"wp:attachment":[{"href":"https:\/\/covincennes.com\/index.php\/wp-json\/wp\/v2\/media?parent=8232"}],"wp:term":[{"taxonomy":"category","embeddable":true,"href":"https:\/\/covincennes.com\/index.php\/wp-json\/wp\/v2\/categories?post=8232"},{"taxonomy":"post_tag","embeddable":true,"href":"https:\/\/covincennes.com\/index.php\/wp-json\/wp\/v2\/tags?post=8232"}],"curies":[{"name":"wp","href":"https:\/\/api.w.org\/{rel}","templated":true}]}}